{"id":9782,"date":"2024-02-28T06:32:34","date_gmt":"2024-02-28T06:32:34","guid":{"rendered":"https:\/\/sindromecharge.es\/index.php\/2024\/02\/28\/joel-arnau-pascal-tres-musicos-con-discapacidad\/"},"modified":"2024-02-28T06:32:34","modified_gmt":"2024-02-28T06:32:34","slug":"joel-arnau-pascal-tres-musicos-con-discapacidad","status":"publish","type":"post","link":"https:\/\/sindromecharge.es\/index.php\/2024\/02\/28\/joel-arnau-pascal-tres-musicos-con-discapacidad\/","title":{"rendered":"Joel, Arnau y Pascal, tres m\u00fasicos a los que su discapacidad no ha puesto l\u00edmites: \u00abPodemos tocar igual que los dem\u00e1s\u00bb"},"content":{"rendered":"<p>Leemos en Discapacidad la siguiente noticia que os reproducimos de forma \u00edntegra: <\/p>\n<div>\n<p>El pasado mi\u00e9rcoles 21 tuvo lugar en Madrid<b> SuperArte,<\/b> una gala inclusiva en la que decenas de artistas demostraron que el talento no est\u00e1 ni mucho menos re\u00f1ido con la <a href=\"https:\/\/www.20minutos.es\/minuteca\/discapacidad\/\" title=\"Discapacidad\" target=\"_blank\" rel=\"noopener\">discapacidad<\/a>, que el arte no entiende ni de limitaciones ni de estereotipos.<\/p>\n<p>La gala reuni\u00f3 a distintos artistas procedentes de la m\u00fasica, de la danza y de otras disciplinas, con y sin discapacidad, muchos de ellos becados de la <b>fundaci\u00f3n Sifu<\/b>, organizadora de la gala, que cada a\u00f1o ofrece ayudas para potenciar y poner en valor el talento de las personas con discapacidad.<\/p>\n<p>Galas como esta, no solo favorecen la <a href=\"https:\/\/www.20minutos.es\/minuteca\/inclusion\/\" title=\"Inclusi\u00f3n\" target=\"_blank\" rel=\"noopener\">inclusi\u00f3n<\/a> de las personas con discapacidad en las disciplinas art\u00edsticas, sino que ayudan a visibilizar y a comprender que, con las adaptaciones necesarias, casi todo es posible. Por ejemplo, es posible que <b>Arnau<\/b>, que naci\u00f3 sordo, pueda tocar el saxo; que <b>Paskal<\/b>, que no tiene brazos, pueda pinchar y producir m\u00fasica electr\u00f3nica; y que <b>Joel<\/b>, que tiene <a href=\"https:\/\/www.20minutos.es\/minuteca\/paralisis-cerebral\/\" title=\"Par\u00e1lisis cerebral\" target=\"_blank\" rel=\"noopener\">par\u00e1lisis cerebral <\/a>y graves problemas de movilidad, pueda tocar un instrumento con los ojos.<\/p>\n<h2>Talento sin l\u00edmites<\/h2>\n<p><b>Arnau Pozas<\/b>, que ahora tiene 17 a\u00f1os, se enamor\u00f3 de la m\u00fasica incluso antes de escucharla. Naci\u00f3 sordo, pero, aunque no pod\u00eda o\u00edrla, le encantaba sentir las vibraciones cuando se acercaba a un altavoz. Con siete a\u00f1os, le pusieron un <b>implante coclear <\/b>y por fin pudo escucharla, \u00abme encant\u00f3\u00bb, recuerda. Desde entonces, escuchaba m\u00fasica sin parar hasta que un d\u00eda decidi\u00f3 que tambi\u00e9n quer\u00eda crearla, \u00abse lo dije a mis padres y les pareci\u00f3 un poco raro que una persona sorda quisiera dedicarse a la m\u00fasica, pero me apoyaron\u00bb. <\/p>\n<p>Desde entonces, acude al conservatorio de Gerona tres d\u00edas a la semana, toca el saxo, el<b> Travel Sax <\/b>y est\u00e1 aprendiendo a tocar el piano, \u00abestas galas, en las que podemos ver a gente o sin discapacidad, demuestran que las personas con discapacidad tenemos el mismo talento incluso m\u00e1s que las personas sin discapacidad, y que, con instrumentos adaptados, podemos tocar igual que los dem\u00e1s\u00bb, asegura.<\/p>\n<p>Adem\u00e1s, est\u00e1 en una orquesta de <b>personas sordas <\/b>que tocan instrumentos, con la que ha tocado en Varsovia y hasta en el parlamento europeo.<\/p>\n<p><b>Joel Bueno <\/b>tiene 16 a\u00f1os, y, al ver que sus hermanos tocaban instrumentos, les dijo a sus padres que \u00e9l tambi\u00e9n quer\u00eda hacerlo. Sus padres no pararon hasta que dieron con el <b>EyeHarp<\/b>, un instrumento que, mediante la tecnolog\u00eda eye tracking, permite tocar s\u00f3lo con la mirada. Es decir, que ni siquiera necesita ayuda para hacer m\u00fasica, solo sus ojos. Desde entonces, Joel puede disfrutar de la m\u00fasica que hace \u00e9l mismo y piensa en ella como una salida profesional, \u00abes mi futuro\u00bb, nos contaba horas antes de subirse al escenario, \u00abgalas como esta nos dan la posibilidad de participar junto con diferentes m\u00fasicos con y sin discapacidad y dar a conocer todos estos <b>instrumentos adaptados<\/b>\u00ab. <\/p>\n<p>Para Paskal Kleiman, un <b>DJ y productor musical<\/b> franc\u00e9s especializado en m\u00fasica electr\u00f3nica,<b> no tener brazos tampoco ha sido un impedimento<\/b>, \u00abnac\u00ed sin brazos, as\u00ed que uso los pies para todo, tambi\u00e9n para pinchar, no ten\u00eda otra opci\u00f3n\u00bb, asegura.<\/p>\n<p>Para este m\u00fasico de 55 a\u00f1os, la m\u00fasica es su vida, as\u00ed que no dud\u00f3 en dedicarse a ella, a pesar de las miradas de extra\u00f1eza que recib\u00eda, \u00abal principio, cuando dices que eres DJ, te miran con cara rara, pero ahora ya no tanto, porque se ve de todo\u00bb, cuenta.<\/p>\n<p>Lo importante, para \u00e9l, m\u00e1s all\u00e1 de esas miradas, es que la m\u00fasica le hace feliz, \u00abpara ser feliz, a veces solo basta con hacer las cosas que te gustan, y <b>a m\u00ed la m\u00fasica me hace feliz<\/b>\u00ab. <\/p>\n<p>Adem\u00e1s de en la gala SuperArte, \u00e9l hace galas, tanto en Francia, su pa\u00eds natal y donde vive gran parte del tiempo, como en Espa\u00f1a, \u00abact\u00fao habitualmente en varias ciudades, como Madrid, Barcelona, Valencia\u2026 en distintos clubes, festivales\u2026\u00bb. <\/p>\n<h2>Dar a conocer los instrumentos adaptados<\/h2>\n<p>Otro de los objetivos de la gala SuperArte es dar a conocer los instrumentos adaptados, instrumentos musicales que, con algunas adaptaciones, <b>permiten tocarlos a personas con alguna discapacidad<\/b>. El <b>EyeHarp<\/b> de Joel, que adem\u00e1s fue la primera persona en el mundo en tocar, es la mayor muestra de adaptabilidad, pues, al necesitar solo los ojos, permite tocar un instrumentos a personas que, como \u00e9l, tienen graves problemas de movilidad, \u00absin EyeHarp yo no podr\u00eda estar aqu\u00ed\u00bb, dije tajante Joel.<\/p>\n<p>DJ Paskal Kleiman, por su parte, pincha con los pies gracias al <b>Oxi One<\/b>, un secuenciador musical con herramientas intuitivas para la composici\u00f3n y con <b>botones accesibles<\/b>. Esto permite a Paskal tocar sin adaptaciones, \u00absolo necesito estar sentado a una altura conveniente para poder trabajar\u00bb. <\/p>\n<p>Aunque en cuanto a adaptabilidad, el<b> Travel Sax <\/b>es el rey, pues adem\u00e1s de ser el <b>saxof\u00f3n electr\u00f3nico <\/b>m\u00e1s peque\u00f1o y ligero del mundo, se puede tocar con una sola mano, sin hacer mucha presi\u00f3n sobre las teclas o teniendo una baja capacidad pulmonar, \u00abse puede adaptar a muchas personas con discapacidad, pues tiene una opci\u00f3n de pedal por si tienes problemas en alg\u00fan brazo o incluso si te falta alg\u00fan dedo\u00bb, nos contaba Arnau.<\/p>\n<p>Todos estos instrumentos <b>permiten que aflore un talento<\/b> que, de otra manera, quiz\u00e1s no ser\u00eda posible, porque el talento existe en todas partes, s\u00f3lo hay que darle la oportunidad de salir, algo que tiene muy claro Arnau, \u00aben  un futuro, me gustar\u00eda poder viajar, hacer giras\u2026 pero ya no solo para disfrutar de la m\u00fasica, sino para demostrar que soy una persona con discapacidad que tiene mucho talento, porque las personas con discapacidad tambi\u00e9n tenemos talento y podemos ser m\u00fasicos\u00bb. <\/p>\n<\/div>\n<p>Fuente: Discapacidad https:\/\/www.20minutos.es\/noticia\/5222393\/0\/joel-arnau-pascal-tres-musicos-con-discapacidad\/<\/p>\n","protected":false},"excerpt":{"rendered":"<p>El pasado mi\u00e9rcoles 21 tuvo lugar en Madrid SuperArte, una gala inclusiva en la que decenas de artistas demostraron que el talento<\/p>\n","protected":false},"author":1,"featured_media":0,"comment_status":"closed","ping_status":"closed","sticky":false,"template":"","format":"standard","meta":{"footnotes":"","_members_access_role":[],"_members_access_error":""},"categories":[8],"tags":[],"class_list":["post-9782","post","type-post","status-publish","format-standard","hentry","category-noticias"],"yoast_head":"<!-- This site is optimized with the Yoast SEO plugin v28.2 - https:\/\/yoast.com\/product\/yoast-seo-wordpress\/ -->\n<title>Joel, Arnau y Pascal, tres m\u00fasicos a los que su discapacidad no ha puesto l\u00edmites: &quot;Podemos tocar igual que los dem\u00e1s&quot; - Asociaci\u00f3n Espa\u00f1ola S\u00edndrome de Charge<\/title>\n<meta name=\"robots\" content=\"index, follow, max-snippet:-1, max-image-preview:large, max-video-preview:-1\" \/>\n<link rel=\"canonical\" href=\"https:\/\/sindromecharge.es\/index.php\/2024\/02\/28\/joel-arnau-pascal-tres-musicos-con-discapacidad\/\" \/>\n<meta property=\"og:locale\" content=\"es_ES\" \/>\n<meta property=\"og:type\" content=\"article\" \/>\n<meta property=\"og:title\" content=\"Joel, Arnau y Pascal, tres m\u00fasicos a los que su discapacidad no ha puesto l\u00edmites: &quot;Podemos tocar igual que los dem\u00e1s&quot; - Asociaci\u00f3n Espa\u00f1ola S\u00edndrome de Charge\" \/>\n<meta property=\"og:description\" content=\"El pasado mi\u00e9rcoles 21 tuvo lugar en Madrid SuperArte, una gala inclusiva en la que decenas de artistas demostraron que el talento\" \/>\n<meta property=\"og:url\" content=\"https:\/\/sindromecharge.es\/index.php\/2024\/02\/28\/joel-arnau-pascal-tres-musicos-con-discapacidad\/\" \/>\n<meta property=\"og:site_name\" content=\"Asociaci\u00f3n Espa\u00f1ola S\u00edndrome de Charge\" \/>\n<meta property=\"article:publisher\" content=\"https:\/\/www.facebook.com\/asociacionsindromecharge\" \/>\n<meta property=\"article:published_time\" content=\"2024-02-28T06:32:34+00:00\" \/>\n<meta property=\"og:image\" content=\"https:\/\/sindromecharge.es\/wp-content\/uploads\/2013\/09\/logodecharge300x98.png\" \/>\n\t<meta property=\"og:image:width\" content=\"300\" \/>\n\t<meta property=\"og:image:height\" content=\"98\" \/>\n\t<meta property=\"og:image:type\" content=\"image\/png\" \/>\n<meta name=\"author\" content=\"Charge\" \/>\n<meta name=\"twitter:card\" content=\"summary_large_image\" \/>\n<meta name=\"twitter:creator\" content=\"@sindromecharge\" \/>\n<meta name=\"twitter:site\" content=\"@sindromecharge\" \/>\n<meta name=\"twitter:label1\" content=\"Escrito por\" \/>\n\t<meta name=\"twitter:data1\" content=\"Charge\" \/>\n\t<meta name=\"twitter:label2\" content=\"Tiempo de lectura\" \/>\n\t<meta name=\"twitter:data2\" content=\"5 minutos\" \/>\n<script type=\"application\/ld+json\" class=\"yoast-schema-graph\">{\"@context\":\"https:\\\/\\\/schema.org\",\"@graph\":[{\"@type\":\"Article\",\"@id\":\"https:\\\/\\\/sindromecharge.es\\\/index.php\\\/2024\\\/02\\\/28\\\/joel-arnau-pascal-tres-musicos-con-discapacidad\\\/#article\",\"isPartOf\":{\"@id\":\"https:\\\/\\\/sindromecharge.es\\\/index.php\\\/2024\\\/02\\\/28\\\/joel-arnau-pascal-tres-musicos-con-discapacidad\\\/\"},\"author\":{\"name\":\"Charge\",\"@id\":\"https:\\\/\\\/sindromecharge.es\\\/#\\\/schema\\\/person\\\/39a60ebe0a2b4d5a11179701e336b039\"},\"headline\":\"Joel, Arnau y Pascal, tres m\u00fasicos a los que su discapacidad no ha puesto l\u00edmites: \u00abPodemos tocar igual que los dem\u00e1s\u00bb\",\"datePublished\":\"2024-02-28T06:32:34+00:00\",\"mainEntityOfPage\":{\"@id\":\"https:\\\/\\\/sindromecharge.es\\\/index.php\\\/2024\\\/02\\\/28\\\/joel-arnau-pascal-tres-musicos-con-discapacidad\\\/\"},\"wordCount\":1030,\"articleSection\":[\"noticias\"],\"inLanguage\":\"es\"},{\"@type\":\"WebPage\",\"@id\":\"https:\\\/\\\/sindromecharge.es\\\/index.php\\\/2024\\\/02\\\/28\\\/joel-arnau-pascal-tres-musicos-con-discapacidad\\\/\",\"url\":\"https:\\\/\\\/sindromecharge.es\\\/index.php\\\/2024\\\/02\\\/28\\\/joel-arnau-pascal-tres-musicos-con-discapacidad\\\/\",\"name\":\"Joel, Arnau y Pascal, tres m\u00fasicos a los que su discapacidad no ha puesto l\u00edmites: \\\"Podemos tocar igual que los dem\u00e1s\\\" - Asociaci\u00f3n Espa\u00f1ola S\u00edndrome de Charge\",\"isPartOf\":{\"@id\":\"https:\\\/\\\/sindromecharge.es\\\/#website\"},\"datePublished\":\"2024-02-28T06:32:34+00:00\",\"author\":{\"@id\":\"https:\\\/\\\/sindromecharge.es\\\/#\\\/schema\\\/person\\\/39a60ebe0a2b4d5a11179701e336b039\"},\"breadcrumb\":{\"@id\":\"https:\\\/\\\/sindromecharge.es\\\/index.php\\\/2024\\\/02\\\/28\\\/joel-arnau-pascal-tres-musicos-con-discapacidad\\\/#breadcrumb\"},\"inLanguage\":\"es\",\"potentialAction\":[{\"@type\":\"ReadAction\",\"target\":[\"https:\\\/\\\/sindromecharge.es\\\/index.php\\\/2024\\\/02\\\/28\\\/joel-arnau-pascal-tres-musicos-con-discapacidad\\\/\"]}]},{\"@type\":\"BreadcrumbList\",\"@id\":\"https:\\\/\\\/sindromecharge.es\\\/index.php\\\/2024\\\/02\\\/28\\\/joel-arnau-pascal-tres-musicos-con-discapacidad\\\/#breadcrumb\",\"itemListElement\":[{\"@type\":\"ListItem\",\"position\":1,\"name\":\"Portada\",\"item\":\"https:\\\/\\\/sindromecharge.es\\\/\"},{\"@type\":\"ListItem\",\"position\":2,\"name\":\"Joel, Arnau y Pascal, tres m\u00fasicos a los que su discapacidad no ha puesto l\u00edmites: &#8220;Podemos tocar igual que los dem\u00e1s&#8221;\"}]},{\"@type\":\"WebSite\",\"@id\":\"https:\\\/\\\/sindromecharge.es\\\/#website\",\"url\":\"https:\\\/\\\/sindromecharge.es\\\/\",\"name\":\"Asociaci\u00f3n Espa\u00f1ola S\u00edndrome de Charge\",\"description\":\"\",\"potentialAction\":[{\"@type\":\"SearchAction\",\"target\":{\"@type\":\"EntryPoint\",\"urlTemplate\":\"https:\\\/\\\/sindromecharge.es\\\/?s={search_term_string}\"},\"query-input\":{\"@type\":\"PropertyValueSpecification\",\"valueRequired\":true,\"valueName\":\"search_term_string\"}}],\"inLanguage\":\"es\"},{\"@type\":\"Person\",\"@id\":\"https:\\\/\\\/sindromecharge.es\\\/#\\\/schema\\\/person\\\/39a60ebe0a2b4d5a11179701e336b039\",\"name\":\"Charge\",\"image\":{\"@type\":\"ImageObject\",\"inLanguage\":\"es\",\"@id\":\"https:\\\/\\\/secure.gravatar.com\\\/avatar\\\/c3b46e32a0fc3b093a0873fb767bf3293de856293065e84ef06b7ec7a8acfb98?s=96&d=identicon&r=x\",\"url\":\"https:\\\/\\\/secure.gravatar.com\\\/avatar\\\/c3b46e32a0fc3b093a0873fb767bf3293de856293065e84ef06b7ec7a8acfb98?s=96&d=identicon&r=x\",\"contentUrl\":\"https:\\\/\\\/secure.gravatar.com\\\/avatar\\\/c3b46e32a0fc3b093a0873fb767bf3293de856293065e84ef06b7ec7a8acfb98?s=96&d=identicon&r=x\",\"caption\":\"Charge\"},\"url\":\"https:\\\/\\\/sindromecharge.es\\\/index.php\\\/author\\\/admin\\\/\"}]}<\/script>\n<!-- \/ Yoast SEO plugin. -->","yoast_head_json":{"title":"Joel, Arnau y Pascal, tres m\u00fasicos a los que su discapacidad no ha puesto l\u00edmites: \"Podemos tocar igual que los dem\u00e1s\" - Asociaci\u00f3n Espa\u00f1ola S\u00edndrome de Charge","robots":{"index":"index","follow":"follow","max-snippet":"max-snippet:-1","max-image-preview":"max-image-preview:large","max-video-preview":"max-video-preview:-1"},"canonical":"https:\/\/sindromecharge.es\/index.php\/2024\/02\/28\/joel-arnau-pascal-tres-musicos-con-discapacidad\/","og_locale":"es_ES","og_type":"article","og_title":"Joel, Arnau y Pascal, tres m\u00fasicos a los que su discapacidad no ha puesto l\u00edmites: \"Podemos tocar igual que los dem\u00e1s\" - Asociaci\u00f3n Espa\u00f1ola S\u00edndrome de Charge","og_description":"El pasado mi\u00e9rcoles 21 tuvo lugar en Madrid SuperArte, una gala inclusiva en la que decenas de artistas demostraron que el talento","og_url":"https:\/\/sindromecharge.es\/index.php\/2024\/02\/28\/joel-arnau-pascal-tres-musicos-con-discapacidad\/","og_site_name":"Asociaci\u00f3n Espa\u00f1ola S\u00edndrome de Charge","article_publisher":"https:\/\/www.facebook.com\/asociacionsindromecharge","article_published_time":"2024-02-28T06:32:34+00:00","og_image":[{"width":300,"height":98,"url":"https:\/\/sindromecharge.es\/wp-content\/uploads\/2013\/09\/logodecharge300x98.png","type":"image\/png"}],"author":"Charge","twitter_card":"summary_large_image","twitter_creator":"@sindromecharge","twitter_site":"@sindromecharge","twitter_misc":{"Escrito por":"Charge","Tiempo de lectura":"5 minutos"},"schema":{"@context":"https:\/\/schema.org","@graph":[{"@type":"Article","@id":"https:\/\/sindromecharge.es\/index.php\/2024\/02\/28\/joel-arnau-pascal-tres-musicos-con-discapacidad\/#article","isPartOf":{"@id":"https:\/\/sindromecharge.es\/index.php\/2024\/02\/28\/joel-arnau-pascal-tres-musicos-con-discapacidad\/"},"author":{"name":"Charge","@id":"https:\/\/sindromecharge.es\/#\/schema\/person\/39a60ebe0a2b4d5a11179701e336b039"},"headline":"Joel, Arnau y Pascal, tres m\u00fasicos a los que su discapacidad no ha puesto l\u00edmites: \u00abPodemos tocar igual que los dem\u00e1s\u00bb","datePublished":"2024-02-28T06:32:34+00:00","mainEntityOfPage":{"@id":"https:\/\/sindromecharge.es\/index.php\/2024\/02\/28\/joel-arnau-pascal-tres-musicos-con-discapacidad\/"},"wordCount":1030,"articleSection":["noticias"],"inLanguage":"es"},{"@type":"WebPage","@id":"https:\/\/sindromecharge.es\/index.php\/2024\/02\/28\/joel-arnau-pascal-tres-musicos-con-discapacidad\/","url":"https:\/\/sindromecharge.es\/index.php\/2024\/02\/28\/joel-arnau-pascal-tres-musicos-con-discapacidad\/","name":"Joel, Arnau y Pascal, tres m\u00fasicos a los que su discapacidad no ha puesto l\u00edmites: \"Podemos tocar igual que los dem\u00e1s\" - Asociaci\u00f3n Espa\u00f1ola S\u00edndrome de Charge","isPartOf":{"@id":"https:\/\/sindromecharge.es\/#website"},"datePublished":"2024-02-28T06:32:34+00:00","author":{"@id":"https:\/\/sindromecharge.es\/#\/schema\/person\/39a60ebe0a2b4d5a11179701e336b039"},"breadcrumb":{"@id":"https:\/\/sindromecharge.es\/index.php\/2024\/02\/28\/joel-arnau-pascal-tres-musicos-con-discapacidad\/#breadcrumb"},"inLanguage":"es","potentialAction":[{"@type":"ReadAction","target":["https:\/\/sindromecharge.es\/index.php\/2024\/02\/28\/joel-arnau-pascal-tres-musicos-con-discapacidad\/"]}]},{"@type":"BreadcrumbList","@id":"https:\/\/sindromecharge.es\/index.php\/2024\/02\/28\/joel-arnau-pascal-tres-musicos-con-discapacidad\/#breadcrumb","itemListElement":[{"@type":"ListItem","position":1,"name":"Portada","item":"https:\/\/sindromecharge.es\/"},{"@type":"ListItem","position":2,"name":"Joel, Arnau y Pascal, tres m\u00fasicos a los que su discapacidad no ha puesto l\u00edmites: &#8220;Podemos tocar igual que los dem\u00e1s&#8221;"}]},{"@type":"WebSite","@id":"https:\/\/sindromecharge.es\/#website","url":"https:\/\/sindromecharge.es\/","name":"Asociaci\u00f3n Espa\u00f1ola S\u00edndrome de Charge","description":"","potentialAction":[{"@type":"SearchAction","target":{"@type":"EntryPoint","urlTemplate":"https:\/\/sindromecharge.es\/?s={search_term_string}"},"query-input":{"@type":"PropertyValueSpecification","valueRequired":true,"valueName":"search_term_string"}}],"inLanguage":"es"},{"@type":"Person","@id":"https:\/\/sindromecharge.es\/#\/schema\/person\/39a60ebe0a2b4d5a11179701e336b039","name":"Charge","image":{"@type":"ImageObject","inLanguage":"es","@id":"https:\/\/secure.gravatar.com\/avatar\/c3b46e32a0fc3b093a0873fb767bf3293de856293065e84ef06b7ec7a8acfb98?s=96&d=identicon&r=x","url":"https:\/\/secure.gravatar.com\/avatar\/c3b46e32a0fc3b093a0873fb767bf3293de856293065e84ef06b7ec7a8acfb98?s=96&d=identicon&r=x","contentUrl":"https:\/\/secure.gravatar.com\/avatar\/c3b46e32a0fc3b093a0873fb767bf3293de856293065e84ef06b7ec7a8acfb98?s=96&d=identicon&r=x","caption":"Charge"},"url":"https:\/\/sindromecharge.es\/index.php\/author\/admin\/"}]}},"_links":{"self":[{"href":"https:\/\/sindromecharge.es\/index.php\/wp-json\/wp\/v2\/posts\/9782","targetHints":{"allow":["GET"]}}],"collection":[{"href":"https:\/\/sindromecharge.es\/index.php\/wp-json\/wp\/v2\/posts"}],"about":[{"href":"https:\/\/sindromecharge.es\/index.php\/wp-json\/wp\/v2\/types\/post"}],"author":[{"embeddable":true,"href":"https:\/\/sindromecharge.es\/index.php\/wp-json\/wp\/v2\/users\/1"}],"replies":[{"embeddable":true,"href":"https:\/\/sindromecharge.es\/index.php\/wp-json\/wp\/v2\/comments?post=9782"}],"version-history":[{"count":0,"href":"https:\/\/sindromecharge.es\/index.php\/wp-json\/wp\/v2\/posts\/9782\/revisions"}],"wp:attachment":[{"href":"https:\/\/sindromecharge.es\/index.php\/wp-json\/wp\/v2\/media?parent=9782"}],"wp:term":[{"taxonomy":"category","embeddable":true,"href":"https:\/\/sindromecharge.es\/index.php\/wp-json\/wp\/v2\/categories?post=9782"},{"taxonomy":"post_tag","embeddable":true,"href":"https:\/\/sindromecharge.es\/index.php\/wp-json\/wp\/v2\/tags?post=9782"}],"curies":[{"name":"wp","href":"https:\/\/api.w.org\/{rel}","templated":true}]}}