{"id":9490,"date":"2023-11-05T07:56:09","date_gmt":"2023-11-05T07:56:09","guid":{"rendered":"https:\/\/sindromecharge.es\/index.php\/2023\/11\/05\/miguel-pablo-con-discapacidad-demuestran-que-ellos-tambien-pueden-cuidar\/"},"modified":"2023-11-05T07:56:09","modified_gmt":"2023-11-05T07:56:09","slug":"miguel-pablo-con-discapacidad-demuestran-que-ellos-tambien-pueden-cuidar","status":"publish","type":"post","link":"https:\/\/sindromecharge.es\/index.php\/2023\/11\/05\/miguel-pablo-con-discapacidad-demuestran-que-ellos-tambien-pueden-cuidar\/","title":{"rendered":"Miguel y Pablo, con discapacidad intelectual, demuestran que ellos tambi\u00e9n pueden cuidar: \u00abMi padre y yo cuidamos el uno del otro\u00bb"},"content":{"rendered":"<p>Leemos en Discapacidad la siguiente noticia que os reproducimos de forma \u00edntegra: <\/p>\n<div>\n<p>El 5 de noviembre se celebra el <b>d\u00eda mundial de las personas cuidadoras<\/b>, un d\u00eda pensado para reconocer la labor de aquellos que dedican su vida a cuidar a los que lo necesitan, a menudo, sin ning\u00fan tipo de remuneraci\u00f3n y sin esperar nada a cambio.<\/p>\n<p>Las<b> personas con <a href=\"https:\/\/www.20minutos.es\/minuteca\/discapacidad\/\" title=\"Discapacidad\" target=\"_blank\" rel=\"noopener\">discapacidad<\/a><\/b>, especialmente las que tienen grandes necesidades de apoyo, suelen estar en el otro lado de la balanza, es decir, que necesitan de alguien que los cuide. Sin embargo, aunque los identifiquemos con la idea ser los receptores de cuidados, muchos de ellos tambi\u00e9n son capaces de cuidar.<\/p>\n<p>As\u00ed lo demuestran personas como <b>Miguel y Alberto<\/b>, dos excepciones de una regla solo imaginaria que nos hace pensar que no pueden ser cuidadores. Ambos tienen <a href=\"https:\/\/www.20minutos.es\/minuteca\/discapacidad-intelectual\/\" title=\"Discapacidad intelectual\" target=\"_blank\" rel=\"noopener\">discapacidad intelectual <\/a>y, ya sea porque es su trabajo o porque tienen un familiar que lo necesita, son perfectamente capaces de cuidar de otros. <\/p>\n<h2>Miguel Iglesias, empleado en una residencia: \u00abHay gente que no acepta bien en los trabajos a las personas con discapacidad, tampoco en los cuidados\u00bb<\/h2>\n<p><b>Miguel Iglesias tiene 45 a\u00f1os<\/b>, vive en Madrid y desde hace a\u00f1o y medio trabaja en una residencia de ancianos de la Comunidad de Madrid. En ella se dedica a atender algunas de las necesidades de personas mayores con demencias.<b> Les arregla y les limpia la habitaci\u00f3n, les sirve la comida y el desayuno<\/b>. Empez\u00f3 a trabajar ah\u00ed tras aprobar una oposici\u00f3n, aunque hasta entonces hab\u00eda hecho sobre todo trabajo en la hosteler\u00eda, \u00abestudi\u00e9 un ciclo medio de cocina y he trabajado tambi\u00e9n de camarero\u00bb, nos cuenta.<\/p>\n<p>Miguel asegura que con los ancianos se lleva muy bien, aunque tambi\u00e9n tiene d\u00edas duros, \u00abhay d\u00edas en los que no est\u00e1n muy bien, no te reconocen, que se les olvidan mucho las cosas, se ponen muy nerviosos\u2026 y eso lo llevo peor, pero yo siempre <b>intento ayudar para que est\u00e9n mejor<\/b>, m\u00e1s relajados\u2026 y los d\u00edas que est\u00e1n mejor, aprovecho para hablar con ellos, sobre todo durante las comidas\u00bb, cuenta.<\/p>\n<p>Miguel, que reconoce que, despu\u00e9s de tantos a\u00f1os trabajando, se sigue encontrando con alg\u00fan que otro <b>prejuicio sobre sus capacidades<\/b>, a pesar de que no necesita ning\u00fan tipo de apoyo para llevar a cabo su labor en la residencia, \u00ablos primeros d\u00edas me tuvieron que explicar c\u00f3mo funcionaba todo en la residencia, pero, desde entonces, lo hago todo sin ayuda, <b>me desenvuelvo bien<\/b>\u00ab, cuenta.<\/p>\n<h1>Lo hago todo sin ayuda, me desenvuelvo bien<\/h1>\n<p>Y en cuanto a los cuidados, le ocurre lo mismo, <b>sigue habiendo gente que duda que pueda llevar a cabo este trabajo<\/b>, \u201cla mayor\u00eda de mis compa\u00f1eros me ayudan y me explican si hace falta, y me tratan como un compa\u00f1ero m\u00e1s, pero siempre hay una minor\u00eda, porque es cierto que son los menos, que no acepta muy bien en los trabajos a las personas con discapacidad, tambi\u00e9n en el tema de los cuidados\u201d, reconoce.<\/p>\n<p>Miguel, que es adem\u00e1s miembro de la Plataforma Estatal de Representantes de Personas con Discapacidad Intelectual y del Desarrollo de<b> Plena Inclusi\u00f3n<\/b>, se queja de que todav\u00eda hay mucha gente que, por el mero hecho de tener discapacidad, le trata de manera distinta o son m\u00e1s secos, \u00ab<b>a\u00fan quedan muchas barreras que derribar<\/b>, y si eres mujer y con discapacidad todav\u00eda m\u00e1s. Sin embargo, en cada trabajo que hacemos, tambi\u00e9n en los cuidados, damos el m\u00e1ximo cada d\u00eda\u00bb.<\/p>\n<p>Y as\u00ed seguir\u00e1 haci\u00e9ndolo, aunque tenga que cruzarse, como hace ahora, Madrid de norte a sur para acudir a su puesto de trabajo, \u00abyo vivo en Chamart\u00edn, y tengo que ir cada d\u00eda hasta el Sur, me paso casi hora y media en el transporte p\u00fablico\u00bb, cuenta.<\/p>\n<p>Asentado en su trabajo en la residencia, <b>su pr\u00f3ximo proyecto es independizarse, irse por fin a vivir con unos amigos<\/b>, pues ahora vive con su familia. Es perfectamente capaz, el \u00fanico impedimento, es el precio de los pisos, \u00abestamos mirando con lupa, porque est\u00e1 todo car\u00edsimo\u00bb, se queja.<\/p>\n<h2>Pablo Buhigas: \u00abMi padre y yo nos cuidamos el uno al otro\u00bb<\/h2>\n<p><b>Pablo Buhigas tiene 37 a\u00f1os y vive con su padre<\/b>, con quien siempre se ha llevado fenomenal. Hasta hace poco, su padre, Pao, era el que cuidaba de \u00e9l, pero, desde que cay\u00f3 enfermo, las tornas han cambiado un poco y tienen, como reconoce Pablo, que cuidarse el uno al otro.<\/p>\n<p>\u00ab\u00c9l siempre ha cuidado de m\u00ed, y aunque sigue siendo as\u00ed en muchas cosas, porque, por ejemplo, me sigue haciendo la comida, ahora tambi\u00e9n cuido yo de \u00e9l. Nos cuidamos el uno al otro\u00bb, cuenta.<\/p>\n<p>Su padre, aunque m\u00e1s o menos est\u00e1 bien, tiene <a href=\"https:\/\/www.20minutos.es\/minuteca\/cancer-de-prostata\/\" title=\"C\u00e1ncer de pr\u00f3stata\" target=\"_blank\" rel=\"noopener\">c\u00e1ncer de pr\u00f3stata<\/a>. Mantiene al \u2018bicho\u2019, como lo llama Pablo, controlado gracias a una medicaci\u00f3n hormonal, pero le ha afectado. \u00abLo operaron de la pr\u00f3stata y, aunque lo lleva bien, <b>ha pasado una \u00e9poca desanimadillo, a veces el tratamiento lo deja cansado<\/b>\u2026 as\u00ed que una de mis misiones es animarlo, salir juntos\u2026 tenemos una relaci\u00f3n de hijo y padre muy bonita\u00bb, dice sonriendo.<\/p>\n<h1>Una de mis misiones es animarlo, salir juntos\u2026 tenemos una relaci\u00f3n de hijo y padre muy bonita<\/h1>\n<p><b>Pablo y Pao viven solos <\/b>y, de momento, se apa\u00f1an bastante bien, pero siempre cuentan con la ayuda y el apoyo de sus dos hermanos, una chica que vive con su marido tambi\u00e9n en Las Palmas de Gran Canaria, y otro hermano que est\u00e1 en Madrid, pero que se escapa siempre que puede a la isla. Adem\u00e1s, Pablo sigue trabajando con normalidad, \u00abmi profesi\u00f3n consiste en validar los textos que se adaptan a <a href=\"https:\/\/www.20minutos.es\/minuteca\/lectura-facil\/\" title=\"Lectura f\u00e1cil\" target=\"_blank\" rel=\"noopener\">lectura f\u00e1cil<\/a>\u00ab, nos cuenta. Adem\u00e1s, tiene tiempo para hacer de<b> voluntario en la <a href=\"https:\/\/www.20minutos.es\/minuteca\/cruz-roja\/\" title=\"Cruz Roja\" target=\"_blank\" rel=\"noopener\">Cruz Roja<\/a> y en otras asociaciones <\/b>e incluso hace teatro.<\/p>\n<p>Pablo, que<b> se responsabiliza de tareas en casa y le acompa\u00f1a al m\u00e9dico<\/b>, cree que lo m\u00e1s le aporta a su padre, m\u00e1s que cualquier cuidado, \u00abes alegr\u00eda, pero la misma que me aporta \u00e9l a m\u00ed. A m\u00ed mi padre me ha ca\u00eddo del cielo\u00bb, dice emocionado.  <\/p>\n<\/div>\n<p>Fuente: Discapacidad https:\/\/www.20minutos.es\/noticia\/5187004\/0\/miguel-pablo-con-discapacidad-demuestran-que-ellos-tambien-pueden-cuidar\/<\/p>\n","protected":false},"excerpt":{"rendered":"<p>Miguel Iglesias, empleado en una residencia: \u201cTodav\u00eda hay gente que no acepta muy bien en los trabajos a las personas con discapacidad, tambi\u00e9n en el tema&#8230;<\/p>\n","protected":false},"author":1,"featured_media":0,"comment_status":"closed","ping_status":"closed","sticky":false,"template":"","format":"standard","meta":{"footnotes":"","_members_access_role":[],"_members_access_error":""},"categories":[8],"tags":[],"class_list":["post-9490","post","type-post","status-publish","format-standard","hentry","category-noticias"],"yoast_head":"<!-- This site is optimized with the Yoast SEO plugin v28.2 - https:\/\/yoast.com\/product\/yoast-seo-wordpress\/ -->\n<title>Miguel y Pablo, con discapacidad intelectual, demuestran que ellos tambi\u00e9n pueden cuidar: &quot;Mi padre y yo cuidamos el uno del otro&quot; - Asociaci\u00f3n Espa\u00f1ola S\u00edndrome de Charge<\/title>\n<meta name=\"robots\" content=\"index, follow, max-snippet:-1, max-image-preview:large, max-video-preview:-1\" \/>\n<link rel=\"canonical\" href=\"https:\/\/sindromecharge.es\/index.php\/2023\/11\/05\/miguel-pablo-con-discapacidad-demuestran-que-ellos-tambien-pueden-cuidar\/\" \/>\n<meta property=\"og:locale\" content=\"es_ES\" \/>\n<meta property=\"og:type\" content=\"article\" \/>\n<meta property=\"og:title\" content=\"Miguel y Pablo, con discapacidad intelectual, demuestran que ellos tambi\u00e9n pueden cuidar: &quot;Mi padre y yo cuidamos el uno del otro&quot; - Asociaci\u00f3n Espa\u00f1ola S\u00edndrome de Charge\" \/>\n<meta property=\"og:description\" content=\"Miguel Iglesias, empleado en una residencia: \u201cTodav\u00eda hay gente que no acepta muy bien en los trabajos a las personas con discapacidad, tambi\u00e9n en el tema&#8230;\" \/>\n<meta property=\"og:url\" content=\"https:\/\/sindromecharge.es\/index.php\/2023\/11\/05\/miguel-pablo-con-discapacidad-demuestran-que-ellos-tambien-pueden-cuidar\/\" \/>\n<meta property=\"og:site_name\" content=\"Asociaci\u00f3n Espa\u00f1ola S\u00edndrome de Charge\" \/>\n<meta property=\"article:publisher\" content=\"https:\/\/www.facebook.com\/asociacionsindromecharge\" \/>\n<meta property=\"article:published_time\" content=\"2023-11-05T07:56:09+00:00\" \/>\n<meta property=\"og:image\" content=\"https:\/\/sindromecharge.es\/wp-content\/uploads\/2013\/09\/logodecharge300x98.png\" \/>\n\t<meta property=\"og:image:width\" content=\"300\" \/>\n\t<meta property=\"og:image:height\" content=\"98\" \/>\n\t<meta property=\"og:image:type\" content=\"image\/png\" \/>\n<meta name=\"author\" content=\"Charge\" \/>\n<meta name=\"twitter:card\" content=\"summary_large_image\" \/>\n<meta name=\"twitter:creator\" content=\"@sindromecharge\" \/>\n<meta name=\"twitter:site\" content=\"@sindromecharge\" \/>\n<meta name=\"twitter:label1\" content=\"Escrito por\" \/>\n\t<meta name=\"twitter:data1\" content=\"Charge\" \/>\n\t<meta name=\"twitter:label2\" content=\"Tiempo de lectura\" \/>\n\t<meta name=\"twitter:data2\" content=\"5 minutos\" \/>\n<script type=\"application\/ld+json\" class=\"yoast-schema-graph\">{\"@context\":\"https:\\\/\\\/schema.org\",\"@graph\":[{\"@type\":\"Article\",\"@id\":\"https:\\\/\\\/sindromecharge.es\\\/index.php\\\/2023\\\/11\\\/05\\\/miguel-pablo-con-discapacidad-demuestran-que-ellos-tambien-pueden-cuidar\\\/#article\",\"isPartOf\":{\"@id\":\"https:\\\/\\\/sindromecharge.es\\\/index.php\\\/2023\\\/11\\\/05\\\/miguel-pablo-con-discapacidad-demuestran-que-ellos-tambien-pueden-cuidar\\\/\"},\"author\":{\"name\":\"Charge\",\"@id\":\"https:\\\/\\\/sindromecharge.es\\\/#\\\/schema\\\/person\\\/39a60ebe0a2b4d5a11179701e336b039\"},\"headline\":\"Miguel y Pablo, con discapacidad intelectual, demuestran que ellos tambi\u00e9n pueden cuidar: \u00abMi padre y yo cuidamos el uno del otro\u00bb\",\"datePublished\":\"2023-11-05T07:56:09+00:00\",\"mainEntityOfPage\":{\"@id\":\"https:\\\/\\\/sindromecharge.es\\\/index.php\\\/2023\\\/11\\\/05\\\/miguel-pablo-con-discapacidad-demuestran-que-ellos-tambien-pueden-cuidar\\\/\"},\"wordCount\":1088,\"articleSection\":[\"noticias\"],\"inLanguage\":\"es\"},{\"@type\":\"WebPage\",\"@id\":\"https:\\\/\\\/sindromecharge.es\\\/index.php\\\/2023\\\/11\\\/05\\\/miguel-pablo-con-discapacidad-demuestran-que-ellos-tambien-pueden-cuidar\\\/\",\"url\":\"https:\\\/\\\/sindromecharge.es\\\/index.php\\\/2023\\\/11\\\/05\\\/miguel-pablo-con-discapacidad-demuestran-que-ellos-tambien-pueden-cuidar\\\/\",\"name\":\"Miguel y Pablo, con discapacidad intelectual, demuestran que ellos tambi\u00e9n pueden cuidar: \\\"Mi padre y yo cuidamos el uno del otro\\\" - Asociaci\u00f3n Espa\u00f1ola S\u00edndrome de Charge\",\"isPartOf\":{\"@id\":\"https:\\\/\\\/sindromecharge.es\\\/#website\"},\"datePublished\":\"2023-11-05T07:56:09+00:00\",\"author\":{\"@id\":\"https:\\\/\\\/sindromecharge.es\\\/#\\\/schema\\\/person\\\/39a60ebe0a2b4d5a11179701e336b039\"},\"breadcrumb\":{\"@id\":\"https:\\\/\\\/sindromecharge.es\\\/index.php\\\/2023\\\/11\\\/05\\\/miguel-pablo-con-discapacidad-demuestran-que-ellos-tambien-pueden-cuidar\\\/#breadcrumb\"},\"inLanguage\":\"es\",\"potentialAction\":[{\"@type\":\"ReadAction\",\"target\":[\"https:\\\/\\\/sindromecharge.es\\\/index.php\\\/2023\\\/11\\\/05\\\/miguel-pablo-con-discapacidad-demuestran-que-ellos-tambien-pueden-cuidar\\\/\"]}]},{\"@type\":\"BreadcrumbList\",\"@id\":\"https:\\\/\\\/sindromecharge.es\\\/index.php\\\/2023\\\/11\\\/05\\\/miguel-pablo-con-discapacidad-demuestran-que-ellos-tambien-pueden-cuidar\\\/#breadcrumb\",\"itemListElement\":[{\"@type\":\"ListItem\",\"position\":1,\"name\":\"Portada\",\"item\":\"https:\\\/\\\/sindromecharge.es\\\/\"},{\"@type\":\"ListItem\",\"position\":2,\"name\":\"Miguel y Pablo, con discapacidad intelectual, demuestran que ellos tambi\u00e9n pueden cuidar: &#8220;Mi padre y yo cuidamos el uno del otro&#8221;\"}]},{\"@type\":\"WebSite\",\"@id\":\"https:\\\/\\\/sindromecharge.es\\\/#website\",\"url\":\"https:\\\/\\\/sindromecharge.es\\\/\",\"name\":\"Asociaci\u00f3n Espa\u00f1ola S\u00edndrome de Charge\",\"description\":\"\",\"potentialAction\":[{\"@type\":\"SearchAction\",\"target\":{\"@type\":\"EntryPoint\",\"urlTemplate\":\"https:\\\/\\\/sindromecharge.es\\\/?s={search_term_string}\"},\"query-input\":{\"@type\":\"PropertyValueSpecification\",\"valueRequired\":true,\"valueName\":\"search_term_string\"}}],\"inLanguage\":\"es\"},{\"@type\":\"Person\",\"@id\":\"https:\\\/\\\/sindromecharge.es\\\/#\\\/schema\\\/person\\\/39a60ebe0a2b4d5a11179701e336b039\",\"name\":\"Charge\",\"image\":{\"@type\":\"ImageObject\",\"inLanguage\":\"es\",\"@id\":\"https:\\\/\\\/secure.gravatar.com\\\/avatar\\\/c3b46e32a0fc3b093a0873fb767bf3293de856293065e84ef06b7ec7a8acfb98?s=96&d=identicon&r=x\",\"url\":\"https:\\\/\\\/secure.gravatar.com\\\/avatar\\\/c3b46e32a0fc3b093a0873fb767bf3293de856293065e84ef06b7ec7a8acfb98?s=96&d=identicon&r=x\",\"contentUrl\":\"https:\\\/\\\/secure.gravatar.com\\\/avatar\\\/c3b46e32a0fc3b093a0873fb767bf3293de856293065e84ef06b7ec7a8acfb98?s=96&d=identicon&r=x\",\"caption\":\"Charge\"},\"url\":\"https:\\\/\\\/sindromecharge.es\\\/index.php\\\/author\\\/admin\\\/\"}]}<\/script>\n<!-- \/ Yoast SEO plugin. -->","yoast_head_json":{"title":"Miguel y Pablo, con discapacidad intelectual, demuestran que ellos tambi\u00e9n pueden cuidar: \"Mi padre y yo cuidamos el uno del otro\" - Asociaci\u00f3n Espa\u00f1ola S\u00edndrome de Charge","robots":{"index":"index","follow":"follow","max-snippet":"max-snippet:-1","max-image-preview":"max-image-preview:large","max-video-preview":"max-video-preview:-1"},"canonical":"https:\/\/sindromecharge.es\/index.php\/2023\/11\/05\/miguel-pablo-con-discapacidad-demuestran-que-ellos-tambien-pueden-cuidar\/","og_locale":"es_ES","og_type":"article","og_title":"Miguel y Pablo, con discapacidad intelectual, demuestran que ellos tambi\u00e9n pueden cuidar: \"Mi padre y yo cuidamos el uno del otro\" - Asociaci\u00f3n Espa\u00f1ola S\u00edndrome de Charge","og_description":"Miguel Iglesias, empleado en una residencia: \u201cTodav\u00eda hay gente que no acepta muy bien en los trabajos a las personas con discapacidad, tambi\u00e9n en el tema&#8230;","og_url":"https:\/\/sindromecharge.es\/index.php\/2023\/11\/05\/miguel-pablo-con-discapacidad-demuestran-que-ellos-tambien-pueden-cuidar\/","og_site_name":"Asociaci\u00f3n Espa\u00f1ola S\u00edndrome de Charge","article_publisher":"https:\/\/www.facebook.com\/asociacionsindromecharge","article_published_time":"2023-11-05T07:56:09+00:00","og_image":[{"width":300,"height":98,"url":"https:\/\/sindromecharge.es\/wp-content\/uploads\/2013\/09\/logodecharge300x98.png","type":"image\/png"}],"author":"Charge","twitter_card":"summary_large_image","twitter_creator":"@sindromecharge","twitter_site":"@sindromecharge","twitter_misc":{"Escrito por":"Charge","Tiempo de lectura":"5 minutos"},"schema":{"@context":"https:\/\/schema.org","@graph":[{"@type":"Article","@id":"https:\/\/sindromecharge.es\/index.php\/2023\/11\/05\/miguel-pablo-con-discapacidad-demuestran-que-ellos-tambien-pueden-cuidar\/#article","isPartOf":{"@id":"https:\/\/sindromecharge.es\/index.php\/2023\/11\/05\/miguel-pablo-con-discapacidad-demuestran-que-ellos-tambien-pueden-cuidar\/"},"author":{"name":"Charge","@id":"https:\/\/sindromecharge.es\/#\/schema\/person\/39a60ebe0a2b4d5a11179701e336b039"},"headline":"Miguel y Pablo, con discapacidad intelectual, demuestran que ellos tambi\u00e9n pueden cuidar: \u00abMi padre y yo cuidamos el uno del otro\u00bb","datePublished":"2023-11-05T07:56:09+00:00","mainEntityOfPage":{"@id":"https:\/\/sindromecharge.es\/index.php\/2023\/11\/05\/miguel-pablo-con-discapacidad-demuestran-que-ellos-tambien-pueden-cuidar\/"},"wordCount":1088,"articleSection":["noticias"],"inLanguage":"es"},{"@type":"WebPage","@id":"https:\/\/sindromecharge.es\/index.php\/2023\/11\/05\/miguel-pablo-con-discapacidad-demuestran-que-ellos-tambien-pueden-cuidar\/","url":"https:\/\/sindromecharge.es\/index.php\/2023\/11\/05\/miguel-pablo-con-discapacidad-demuestran-que-ellos-tambien-pueden-cuidar\/","name":"Miguel y Pablo, con discapacidad intelectual, demuestran que ellos tambi\u00e9n pueden cuidar: \"Mi padre y yo cuidamos el uno del otro\" - Asociaci\u00f3n Espa\u00f1ola S\u00edndrome de Charge","isPartOf":{"@id":"https:\/\/sindromecharge.es\/#website"},"datePublished":"2023-11-05T07:56:09+00:00","author":{"@id":"https:\/\/sindromecharge.es\/#\/schema\/person\/39a60ebe0a2b4d5a11179701e336b039"},"breadcrumb":{"@id":"https:\/\/sindromecharge.es\/index.php\/2023\/11\/05\/miguel-pablo-con-discapacidad-demuestran-que-ellos-tambien-pueden-cuidar\/#breadcrumb"},"inLanguage":"es","potentialAction":[{"@type":"ReadAction","target":["https:\/\/sindromecharge.es\/index.php\/2023\/11\/05\/miguel-pablo-con-discapacidad-demuestran-que-ellos-tambien-pueden-cuidar\/"]}]},{"@type":"BreadcrumbList","@id":"https:\/\/sindromecharge.es\/index.php\/2023\/11\/05\/miguel-pablo-con-discapacidad-demuestran-que-ellos-tambien-pueden-cuidar\/#breadcrumb","itemListElement":[{"@type":"ListItem","position":1,"name":"Portada","item":"https:\/\/sindromecharge.es\/"},{"@type":"ListItem","position":2,"name":"Miguel y Pablo, con discapacidad intelectual, demuestran que ellos tambi\u00e9n pueden cuidar: &#8220;Mi padre y yo cuidamos el uno del otro&#8221;"}]},{"@type":"WebSite","@id":"https:\/\/sindromecharge.es\/#website","url":"https:\/\/sindromecharge.es\/","name":"Asociaci\u00f3n Espa\u00f1ola S\u00edndrome de Charge","description":"","potentialAction":[{"@type":"SearchAction","target":{"@type":"EntryPoint","urlTemplate":"https:\/\/sindromecharge.es\/?s={search_term_string}"},"query-input":{"@type":"PropertyValueSpecification","valueRequired":true,"valueName":"search_term_string"}}],"inLanguage":"es"},{"@type":"Person","@id":"https:\/\/sindromecharge.es\/#\/schema\/person\/39a60ebe0a2b4d5a11179701e336b039","name":"Charge","image":{"@type":"ImageObject","inLanguage":"es","@id":"https:\/\/secure.gravatar.com\/avatar\/c3b46e32a0fc3b093a0873fb767bf3293de856293065e84ef06b7ec7a8acfb98?s=96&d=identicon&r=x","url":"https:\/\/secure.gravatar.com\/avatar\/c3b46e32a0fc3b093a0873fb767bf3293de856293065e84ef06b7ec7a8acfb98?s=96&d=identicon&r=x","contentUrl":"https:\/\/secure.gravatar.com\/avatar\/c3b46e32a0fc3b093a0873fb767bf3293de856293065e84ef06b7ec7a8acfb98?s=96&d=identicon&r=x","caption":"Charge"},"url":"https:\/\/sindromecharge.es\/index.php\/author\/admin\/"}]}},"_links":{"self":[{"href":"https:\/\/sindromecharge.es\/index.php\/wp-json\/wp\/v2\/posts\/9490","targetHints":{"allow":["GET"]}}],"collection":[{"href":"https:\/\/sindromecharge.es\/index.php\/wp-json\/wp\/v2\/posts"}],"about":[{"href":"https:\/\/sindromecharge.es\/index.php\/wp-json\/wp\/v2\/types\/post"}],"author":[{"embeddable":true,"href":"https:\/\/sindromecharge.es\/index.php\/wp-json\/wp\/v2\/users\/1"}],"replies":[{"embeddable":true,"href":"https:\/\/sindromecharge.es\/index.php\/wp-json\/wp\/v2\/comments?post=9490"}],"version-history":[{"count":0,"href":"https:\/\/sindromecharge.es\/index.php\/wp-json\/wp\/v2\/posts\/9490\/revisions"}],"wp:attachment":[{"href":"https:\/\/sindromecharge.es\/index.php\/wp-json\/wp\/v2\/media?parent=9490"}],"wp:term":[{"taxonomy":"category","embeddable":true,"href":"https:\/\/sindromecharge.es\/index.php\/wp-json\/wp\/v2\/categories?post=9490"},{"taxonomy":"post_tag","embeddable":true,"href":"https:\/\/sindromecharge.es\/index.php\/wp-json\/wp\/v2\/tags?post=9490"}],"curies":[{"name":"wp","href":"https:\/\/api.w.org\/{rel}","templated":true}]}}