{"id":7277,"date":"2021-06-11T08:30:42","date_gmt":"2021-06-11T08:30:42","guid":{"rendered":"https:\/\/sindromecharge.es\/index.php\/2021\/06\/11\/un-fin-de-semana-de-concienciacion-y-esperanza\/"},"modified":"2021-06-11T08:30:42","modified_gmt":"2021-06-11T08:30:42","slug":"un-fin-de-semana-de-concienciacion-y-esperanza","status":"publish","type":"post","link":"https:\/\/sindromecharge.es\/index.php\/2021\/06\/11\/un-fin-de-semana-de-concienciacion-y-esperanza\/","title":{"rendered":"Un fin de semana de concienciaci\u00f3n y esperanza"},"content":{"rendered":"<p>Leemos en FEDER la siguiente noticia que os reproducimos de forma \u00edntegra: <\/p>\n<p>&nbsp;<\/p>\n<p>La Federaci\u00f3n Espa\u00f1ola de Enfermedades Raras (FEDER) se solidariza con las personas con S\u00edndrome KBG, S\u00edndrome DDX3X y Albinismo con motivo de la celebraci\u00f3n de sus d\u00edas mundiales durante este fin de semana. El objetivo de la realizaci\u00f3n de estas jornadas es potenciar la transformaci\u00f3n social a trav\u00e9s de la visibilidad de estas patolog\u00edas poco frecuentes.<\/p>\n<p>\u201cDesde FEDER queremos sumarnos a cada uno de estos d\u00edas para potenciar la visibilidad de estas patolog\u00edas y contribuir a la mejora de la calidad de vida de pacientes y familiares. Adem\u00e1s, enmarcado en estas jornadas, aplaudimos la labor del tejido asociativo quieres trabajan para garantizar el bienestar del colectivo\u201d explica Juan Carri\u00f3n, presidente de FEDER y su Fundaci\u00f3n.<\/p>\n<p><span style=\"font-size: 14pt\">D\u00eda Mundial del S\u00edndrome KBG<\/span><\/p>\n<p>Hoy se celebra esta jornada para visibilizar esta patolog\u00eda poco frecuente causada por mutaciones en el gen ANKRD11 y la cual se caracteriza por macrodoncia, especialmente de los incisivos centrales superiores, rasgos faciales caracter\u00edsticos como cara triangular, braquicefalia, sinofridia, ojos muy espaciados, cejas anchas o pobladas, orejas prominentes, puente nasal prominente, nariz bulbosa, narinas antevertidas, filtrum y bermell\u00f3n delgado del labio superior, baja estatura, retraso en el desarrollo, discapacidad intelectual y problemas de comportamiento.<\/p>\n<p>El tejido asociativo trabaja diariamente para mejorar la calidad de vida de las personas que conviven con S\u00edndrome KBG, esto es posible, gracias a la orientaci\u00f3n a las familias, la difusi\u00f3n de informaci\u00f3n veraz y comprensible, la sensibilizaci\u00f3n social o el impulso de la investigaci\u00f3n, entre otros. Adem\u00e1s, desde FEDER queremos agradecer la labor de la Asociaci\u00f3n S\u00edndrome KGB Espa\u00f1a.<\/p>\n<p><span style=\"font-size: 14pt\">D\u00eda Internacional del S\u00edndrome DDX3X<\/span><\/p>\n<p>El 12 de junio se celebra el D\u00eda Internacional del DDX3X, una enfermedad poco frecuente que afecta principalmente a las ni\u00f1as. S\u00f3lo se ha identificado en unas 300 personas, sin embargo, los m\u00e9dicos creen que es la causa del 1 al 3 por ciento de todas las discapacidades intelectuales en las mujeres. El DDX3X Est\u00e1 relacionado con discapacidades intelectuales, convulsiones, autismo, bajo tono muscular, anomal\u00edas del cerebro y desarrollos f\u00edsicos m\u00e1s lentos.<\/p>\n<p>Las asociaciones de pacientes trabajan ofreciendo asesoramiento y apoyo a las familias, difundiendo informaci\u00f3n sobre esta enfermedad poco frecuente para potenciar la transformaci\u00f3n social, impulsando la investigaci\u00f3n para conocer las implicaciones del S\u00edndrome DDX3X y adem\u00e1s, trabajan para fomentar el registro de pacientes, m\u00e9dicos e investigadores, potenciando un trabajo en red que mejore la calidad de vida del colectivo.<\/p>\n<p><span style=\"font-size: 14pt\">D\u00eda Mundial del Albinismo<\/span><\/p>\n<p>El domingo se celebra el D\u00eda Internacional del Albinismo, una condici\u00f3n gen\u00e9tica que determina un fenotipo muy caracter\u00edstico, debido a la ausencia o reducci\u00f3n de pigmentaci\u00f3n en la piel, ojos y pelo. Se trata de una condici\u00f3n metab\u00f3lica poco habitual, debida a un defecto en el gen que se encarga de la s\u00edntesis y distribuci\u00f3n de la melanina.<\/p>\n<p>Por otro lado, las entidades de pacientes trabajan para orientar al colectivo, trasladar la importancia de la investigaci\u00f3n para conseguir un diagn\u00f3stico precoz y potenciar la creaci\u00f3n de protocolos de actuaci\u00f3n destinados para esta patolog\u00eda. queremos mostrar todo nuestro apoyo a las personas que conviven con albinismo y a sus familiares. Adem\u00e1s, aprovechamos este d\u00eda para recordar la importancia del diagn\u00f3stico precoz y la creaci\u00f3n de protocolos de actuaci\u00f3n destinados para esta enfermedad. Todo ello, es posible gracias a la Asociaci\u00f3n de Ayuda a Personas con Albinismo (ALBA).<\/p>\n<p>ALBA lanza en las redes sociales la campa\u00f1a \u201cMiro por el albinismo\u201d, una campa\u00f1a de visibilizaci\u00f3n, y apoyo al albinismo. A trav\u00e9s de esta iniciativa se anima a la gente a compartir en redes sociales un selfie se\u00f1alando el ojo con el dedo y con el siguiente texto y etiquetas: \u201c13 de Junio, D\u00eda Internacional de la sensibilizaci\u00f3n sobre el #albinismo #MiroPorElAlbinismo #IAAD2021 #\u201cDICA2021\u201d #FortalezaFrenteaTodo #StrengthBeyondAllOdds<\/p>\n<p>\u00daltima actualizaci\u00f3n 11\/06\/2021<\/p>\n<p>&nbsp;<\/p>\n<p>Fuente: FEDER <a href=\"https:\/\/enfermedades-raras.org\/index.php\/actualidad\/noticias-eventos\/2-feder\/15504-un-fin-de-semana-de-concienciaci%C3%B3n-y-esperanza\" target=\"_blank\" rel=\"noopener\">Un fin de semana de concienciaci\u00f3n y esperanza<\/a><\/p>\n","protected":false},"excerpt":{"rendered":"<p>Leemos en FEDER la siguiente noticia que os reproducimos de forma \u00edntegra: &nbsp; La Federaci\u00f3n Espa\u00f1ola de Enfermedades Raras (FEDER) se solidariza con las personas con S\u00edndrome KBG, S\u00edndrome DDX3X y Albinismo con motivo de la celebraci\u00f3n de sus d\u00edas mundiales durante este fin de semana. El objetivo de la realizaci\u00f3n de estas jornadas es [&hellip;]<\/p>\n","protected":false},"author":1,"featured_media":0,"comment_status":"open","ping_status":"closed","sticky":false,"template":"","format":"standard","meta":{"footnotes":""},"categories":[8],"tags":[36],"class_list":["post-7277","post","type-post","status-publish","format-standard","hentry","category-noticias","tag-enfermedades-raras"],"yoast_head":"<!-- This site is optimized with the Yoast SEO plugin v27.4 - https:\/\/yoast.com\/product\/yoast-seo-wordpress\/ -->\n<title>Un fin de semana de concienciaci\u00f3n y esperanza - Asociaci\u00f3n Espa\u00f1ola S\u00edndrome de Charge<\/title>\n<meta name=\"robots\" content=\"index, follow, max-snippet:-1, max-image-preview:large, max-video-preview:-1\" \/>\n<link rel=\"canonical\" href=\"https:\/\/sindromecharge.es\/index.php\/2021\/06\/11\/un-fin-de-semana-de-concienciacion-y-esperanza\/\" \/>\n<meta property=\"og:locale\" content=\"es_ES\" \/>\n<meta property=\"og:type\" content=\"article\" \/>\n<meta property=\"og:title\" content=\"Un fin de semana de concienciaci\u00f3n y esperanza - Asociaci\u00f3n Espa\u00f1ola S\u00edndrome de Charge\" \/>\n<meta property=\"og:description\" content=\"Leemos en FEDER la siguiente noticia que os reproducimos de forma \u00edntegra: &nbsp; La Federaci\u00f3n Espa\u00f1ola de Enfermedades Raras (FEDER) se solidariza con las personas con S\u00edndrome KBG, S\u00edndrome DDX3X y Albinismo con motivo de la celebraci\u00f3n de sus d\u00edas mundiales durante este fin de semana. El objetivo de la realizaci\u00f3n de estas jornadas es [&hellip;]\" \/>\n<meta property=\"og:url\" content=\"https:\/\/sindromecharge.es\/index.php\/2021\/06\/11\/un-fin-de-semana-de-concienciacion-y-esperanza\/\" \/>\n<meta property=\"og:site_name\" content=\"Asociaci\u00f3n Espa\u00f1ola S\u00edndrome de Charge\" \/>\n<meta property=\"article:publisher\" content=\"https:\/\/www.facebook.com\/asociacionsindromecharge\" \/>\n<meta property=\"article:published_time\" content=\"2021-06-11T08:30:42+00:00\" \/>\n<meta property=\"og:image\" content=\"https:\/\/sindromecharge.es\/wp-content\/uploads\/2013\/09\/logodecharge300x98.png\" \/>\n\t<meta property=\"og:image:width\" content=\"300\" \/>\n\t<meta property=\"og:image:height\" content=\"98\" \/>\n\t<meta property=\"og:image:type\" content=\"image\/png\" \/>\n<meta name=\"author\" content=\"Charge\" \/>\n<meta name=\"twitter:card\" content=\"summary_large_image\" \/>\n<meta name=\"twitter:creator\" content=\"@sindromecharge\" \/>\n<meta name=\"twitter:site\" content=\"@sindromecharge\" \/>\n<meta name=\"twitter:label1\" content=\"Escrito por\" \/>\n\t<meta name=\"twitter:data1\" content=\"Charge\" \/>\n\t<meta name=\"twitter:label2\" content=\"Tiempo de lectura\" \/>\n\t<meta name=\"twitter:data2\" content=\"4 minutos\" \/>\n<script type=\"application\/ld+json\" class=\"yoast-schema-graph\">{\"@context\":\"https:\\\/\\\/schema.org\",\"@graph\":[{\"@type\":\"Article\",\"@id\":\"https:\\\/\\\/sindromecharge.es\\\/index.php\\\/2021\\\/06\\\/11\\\/un-fin-de-semana-de-concienciacion-y-esperanza\\\/#article\",\"isPartOf\":{\"@id\":\"https:\\\/\\\/sindromecharge.es\\\/index.php\\\/2021\\\/06\\\/11\\\/un-fin-de-semana-de-concienciacion-y-esperanza\\\/\"},\"author\":{\"name\":\"Charge\",\"@id\":\"https:\\\/\\\/sindromecharge.es\\\/#\\\/schema\\\/person\\\/39a60ebe0a2b4d5a11179701e336b039\"},\"headline\":\"Un fin de semana de concienciaci\u00f3n y esperanza\",\"datePublished\":\"2021-06-11T08:30:42+00:00\",\"mainEntityOfPage\":{\"@id\":\"https:\\\/\\\/sindromecharge.es\\\/index.php\\\/2021\\\/06\\\/11\\\/un-fin-de-semana-de-concienciacion-y-esperanza\\\/\"},\"wordCount\":717,\"commentCount\":0,\"keywords\":[\"enfermedades raras\"],\"articleSection\":[\"noticias\"],\"inLanguage\":\"es\",\"potentialAction\":[{\"@type\":\"CommentAction\",\"name\":\"Comment\",\"target\":[\"https:\\\/\\\/sindromecharge.es\\\/index.php\\\/2021\\\/06\\\/11\\\/un-fin-de-semana-de-concienciacion-y-esperanza\\\/#respond\"]}]},{\"@type\":\"WebPage\",\"@id\":\"https:\\\/\\\/sindromecharge.es\\\/index.php\\\/2021\\\/06\\\/11\\\/un-fin-de-semana-de-concienciacion-y-esperanza\\\/\",\"url\":\"https:\\\/\\\/sindromecharge.es\\\/index.php\\\/2021\\\/06\\\/11\\\/un-fin-de-semana-de-concienciacion-y-esperanza\\\/\",\"name\":\"Un fin de semana de concienciaci\u00f3n y esperanza - Asociaci\u00f3n Espa\u00f1ola S\u00edndrome de Charge\",\"isPartOf\":{\"@id\":\"https:\\\/\\\/sindromecharge.es\\\/#website\"},\"datePublished\":\"2021-06-11T08:30:42+00:00\",\"author\":{\"@id\":\"https:\\\/\\\/sindromecharge.es\\\/#\\\/schema\\\/person\\\/39a60ebe0a2b4d5a11179701e336b039\"},\"breadcrumb\":{\"@id\":\"https:\\\/\\\/sindromecharge.es\\\/index.php\\\/2021\\\/06\\\/11\\\/un-fin-de-semana-de-concienciacion-y-esperanza\\\/#breadcrumb\"},\"inLanguage\":\"es\",\"potentialAction\":[{\"@type\":\"ReadAction\",\"target\":[\"https:\\\/\\\/sindromecharge.es\\\/index.php\\\/2021\\\/06\\\/11\\\/un-fin-de-semana-de-concienciacion-y-esperanza\\\/\"]}]},{\"@type\":\"BreadcrumbList\",\"@id\":\"https:\\\/\\\/sindromecharge.es\\\/index.php\\\/2021\\\/06\\\/11\\\/un-fin-de-semana-de-concienciacion-y-esperanza\\\/#breadcrumb\",\"itemListElement\":[{\"@type\":\"ListItem\",\"position\":1,\"name\":\"Portada\",\"item\":\"https:\\\/\\\/sindromecharge.es\\\/\"},{\"@type\":\"ListItem\",\"position\":2,\"name\":\"Un fin de semana de concienciaci\u00f3n y esperanza\"}]},{\"@type\":\"WebSite\",\"@id\":\"https:\\\/\\\/sindromecharge.es\\\/#website\",\"url\":\"https:\\\/\\\/sindromecharge.es\\\/\",\"name\":\"Asociaci\u00f3n Espa\u00f1ola S\u00edndrome de Charge\",\"description\":\"\",\"potentialAction\":[{\"@type\":\"SearchAction\",\"target\":{\"@type\":\"EntryPoint\",\"urlTemplate\":\"https:\\\/\\\/sindromecharge.es\\\/?s={search_term_string}\"},\"query-input\":{\"@type\":\"PropertyValueSpecification\",\"valueRequired\":true,\"valueName\":\"search_term_string\"}}],\"inLanguage\":\"es\"},{\"@type\":\"Person\",\"@id\":\"https:\\\/\\\/sindromecharge.es\\\/#\\\/schema\\\/person\\\/39a60ebe0a2b4d5a11179701e336b039\",\"name\":\"Charge\",\"image\":{\"@type\":\"ImageObject\",\"inLanguage\":\"es\",\"@id\":\"https:\\\/\\\/secure.gravatar.com\\\/avatar\\\/c3b46e32a0fc3b093a0873fb767bf3293de856293065e84ef06b7ec7a8acfb98?s=96&d=identicon&r=x\",\"url\":\"https:\\\/\\\/secure.gravatar.com\\\/avatar\\\/c3b46e32a0fc3b093a0873fb767bf3293de856293065e84ef06b7ec7a8acfb98?s=96&d=identicon&r=x\",\"contentUrl\":\"https:\\\/\\\/secure.gravatar.com\\\/avatar\\\/c3b46e32a0fc3b093a0873fb767bf3293de856293065e84ef06b7ec7a8acfb98?s=96&d=identicon&r=x\",\"caption\":\"Charge\"},\"url\":\"https:\\\/\\\/sindromecharge.es\\\/index.php\\\/author\\\/admin\\\/\"}]}<\/script>\n<!-- \/ Yoast SEO plugin. -->","yoast_head_json":{"title":"Un fin de semana de concienciaci\u00f3n y esperanza - Asociaci\u00f3n Espa\u00f1ola S\u00edndrome de Charge","robots":{"index":"index","follow":"follow","max-snippet":"max-snippet:-1","max-image-preview":"max-image-preview:large","max-video-preview":"max-video-preview:-1"},"canonical":"https:\/\/sindromecharge.es\/index.php\/2021\/06\/11\/un-fin-de-semana-de-concienciacion-y-esperanza\/","og_locale":"es_ES","og_type":"article","og_title":"Un fin de semana de concienciaci\u00f3n y esperanza - Asociaci\u00f3n Espa\u00f1ola S\u00edndrome de Charge","og_description":"Leemos en FEDER la siguiente noticia que os reproducimos de forma \u00edntegra: &nbsp; La Federaci\u00f3n Espa\u00f1ola de Enfermedades Raras (FEDER) se solidariza con las personas con S\u00edndrome KBG, S\u00edndrome DDX3X y Albinismo con motivo de la celebraci\u00f3n de sus d\u00edas mundiales durante este fin de semana. El objetivo de la realizaci\u00f3n de estas jornadas es [&hellip;]","og_url":"https:\/\/sindromecharge.es\/index.php\/2021\/06\/11\/un-fin-de-semana-de-concienciacion-y-esperanza\/","og_site_name":"Asociaci\u00f3n Espa\u00f1ola S\u00edndrome de Charge","article_publisher":"https:\/\/www.facebook.com\/asociacionsindromecharge","article_published_time":"2021-06-11T08:30:42+00:00","og_image":[{"width":300,"height":98,"url":"https:\/\/sindromecharge.es\/wp-content\/uploads\/2013\/09\/logodecharge300x98.png","type":"image\/png"}],"author":"Charge","twitter_card":"summary_large_image","twitter_creator":"@sindromecharge","twitter_site":"@sindromecharge","twitter_misc":{"Escrito por":"Charge","Tiempo de lectura":"4 minutos"},"schema":{"@context":"https:\/\/schema.org","@graph":[{"@type":"Article","@id":"https:\/\/sindromecharge.es\/index.php\/2021\/06\/11\/un-fin-de-semana-de-concienciacion-y-esperanza\/#article","isPartOf":{"@id":"https:\/\/sindromecharge.es\/index.php\/2021\/06\/11\/un-fin-de-semana-de-concienciacion-y-esperanza\/"},"author":{"name":"Charge","@id":"https:\/\/sindromecharge.es\/#\/schema\/person\/39a60ebe0a2b4d5a11179701e336b039"},"headline":"Un fin de semana de concienciaci\u00f3n y esperanza","datePublished":"2021-06-11T08:30:42+00:00","mainEntityOfPage":{"@id":"https:\/\/sindromecharge.es\/index.php\/2021\/06\/11\/un-fin-de-semana-de-concienciacion-y-esperanza\/"},"wordCount":717,"commentCount":0,"keywords":["enfermedades raras"],"articleSection":["noticias"],"inLanguage":"es","potentialAction":[{"@type":"CommentAction","name":"Comment","target":["https:\/\/sindromecharge.es\/index.php\/2021\/06\/11\/un-fin-de-semana-de-concienciacion-y-esperanza\/#respond"]}]},{"@type":"WebPage","@id":"https:\/\/sindromecharge.es\/index.php\/2021\/06\/11\/un-fin-de-semana-de-concienciacion-y-esperanza\/","url":"https:\/\/sindromecharge.es\/index.php\/2021\/06\/11\/un-fin-de-semana-de-concienciacion-y-esperanza\/","name":"Un fin de semana de concienciaci\u00f3n y esperanza - Asociaci\u00f3n Espa\u00f1ola S\u00edndrome de Charge","isPartOf":{"@id":"https:\/\/sindromecharge.es\/#website"},"datePublished":"2021-06-11T08:30:42+00:00","author":{"@id":"https:\/\/sindromecharge.es\/#\/schema\/person\/39a60ebe0a2b4d5a11179701e336b039"},"breadcrumb":{"@id":"https:\/\/sindromecharge.es\/index.php\/2021\/06\/11\/un-fin-de-semana-de-concienciacion-y-esperanza\/#breadcrumb"},"inLanguage":"es","potentialAction":[{"@type":"ReadAction","target":["https:\/\/sindromecharge.es\/index.php\/2021\/06\/11\/un-fin-de-semana-de-concienciacion-y-esperanza\/"]}]},{"@type":"BreadcrumbList","@id":"https:\/\/sindromecharge.es\/index.php\/2021\/06\/11\/un-fin-de-semana-de-concienciacion-y-esperanza\/#breadcrumb","itemListElement":[{"@type":"ListItem","position":1,"name":"Portada","item":"https:\/\/sindromecharge.es\/"},{"@type":"ListItem","position":2,"name":"Un fin de semana de concienciaci\u00f3n y esperanza"}]},{"@type":"WebSite","@id":"https:\/\/sindromecharge.es\/#website","url":"https:\/\/sindromecharge.es\/","name":"Asociaci\u00f3n Espa\u00f1ola S\u00edndrome de Charge","description":"","potentialAction":[{"@type":"SearchAction","target":{"@type":"EntryPoint","urlTemplate":"https:\/\/sindromecharge.es\/?s={search_term_string}"},"query-input":{"@type":"PropertyValueSpecification","valueRequired":true,"valueName":"search_term_string"}}],"inLanguage":"es"},{"@type":"Person","@id":"https:\/\/sindromecharge.es\/#\/schema\/person\/39a60ebe0a2b4d5a11179701e336b039","name":"Charge","image":{"@type":"ImageObject","inLanguage":"es","@id":"https:\/\/secure.gravatar.com\/avatar\/c3b46e32a0fc3b093a0873fb767bf3293de856293065e84ef06b7ec7a8acfb98?s=96&d=identicon&r=x","url":"https:\/\/secure.gravatar.com\/avatar\/c3b46e32a0fc3b093a0873fb767bf3293de856293065e84ef06b7ec7a8acfb98?s=96&d=identicon&r=x","contentUrl":"https:\/\/secure.gravatar.com\/avatar\/c3b46e32a0fc3b093a0873fb767bf3293de856293065e84ef06b7ec7a8acfb98?s=96&d=identicon&r=x","caption":"Charge"},"url":"https:\/\/sindromecharge.es\/index.php\/author\/admin\/"}]}},"_links":{"self":[{"href":"https:\/\/sindromecharge.es\/index.php\/wp-json\/wp\/v2\/posts\/7277","targetHints":{"allow":["GET"]}}],"collection":[{"href":"https:\/\/sindromecharge.es\/index.php\/wp-json\/wp\/v2\/posts"}],"about":[{"href":"https:\/\/sindromecharge.es\/index.php\/wp-json\/wp\/v2\/types\/post"}],"author":[{"embeddable":true,"href":"https:\/\/sindromecharge.es\/index.php\/wp-json\/wp\/v2\/users\/1"}],"replies":[{"embeddable":true,"href":"https:\/\/sindromecharge.es\/index.php\/wp-json\/wp\/v2\/comments?post=7277"}],"version-history":[{"count":0,"href":"https:\/\/sindromecharge.es\/index.php\/wp-json\/wp\/v2\/posts\/7277\/revisions"}],"wp:attachment":[{"href":"https:\/\/sindromecharge.es\/index.php\/wp-json\/wp\/v2\/media?parent=7277"}],"wp:term":[{"taxonomy":"category","embeddable":true,"href":"https:\/\/sindromecharge.es\/index.php\/wp-json\/wp\/v2\/categories?post=7277"},{"taxonomy":"post_tag","embeddable":true,"href":"https:\/\/sindromecharge.es\/index.php\/wp-json\/wp\/v2\/tags?post=7277"}],"curies":[{"name":"wp","href":"https:\/\/api.w.org\/{rel}","templated":true}]}}