{"id":7276,"date":"2021-06-11T07:30:21","date_gmt":"2021-06-11T07:30:21","guid":{"rendered":"https:\/\/sindromecharge.es\/index.php\/2021\/06\/11\/nos-unimos-al-dia-internacional-del-albinismo\/"},"modified":"2021-06-11T07:30:21","modified_gmt":"2021-06-11T07:30:21","slug":"nos-unimos-al-dia-internacional-del-albinismo","status":"publish","type":"post","link":"https:\/\/sindromecharge.es\/index.php\/2021\/06\/11\/nos-unimos-al-dia-internacional-del-albinismo\/","title":{"rendered":"Nos unimos al D\u00eda Internacional del Albinismo"},"content":{"rendered":"<p>Leemos en FEDER la siguiente noticia que os reproducimos de forma \u00edntegra: <\/p>\n<p>&nbsp;<\/p>\n<p>El 13 de junio se celebra el D\u00eda Internacional de la Sensibilizaci\u00f3n del Albinismo con el objetivo de concienciar a la sociedad y aumentar la comprensi\u00f3n sobre esta enfermedad poco frecuente. Es por ello que, FEDER se suma para luchar contra la discriminaci\u00f3n que actualmente todav\u00eda existe contra las personas que conviven con Albinismo.<\/p>\n<p>El albinismo es una condici\u00f3n gen\u00e9tica que determinan un fenotipo (apariencia f\u00edsica) muy caracter\u00edstico, debido a la ausencia o reducci\u00f3n de pigmentaci\u00f3n en la piel, ojos y pelo (hipopigmentaci\u00f3n).<\/p>\n<p>Se trata de una condici\u00f3n metab\u00f3lica poco habitual, debida a un defecto en el gen que se encarga de la s\u00edntesis y distribuci\u00f3n de la melanina.<\/p>\n<p>Las personas que tiene albinismo se caracterizan por tener el pelo blanco o ligeramente dorado, la piel muy p\u00e1lida o con un tono rosa. Adem\u00e1s, pueden tener una disminuci\u00f3n de la visi\u00f3n, mayor sensibilidad a las luces brillantes (fotofobia), movimiento involuntario de los ojos (nistagmus) y estrabismo.<\/p>\n<p>Desde la Federaci\u00f3n Espa\u00f1ola de Enfermedades Raras queremos mostrar todo nuestro apoyo a las personas que conviven con albinismo y a sus familiares. Adem\u00e1s, aprovechamos este d\u00eda para recordar la importancia del diagn\u00f3stico precoz y la creaci\u00f3n de protocolos de actuaci\u00f3n destinados para esta enfermedad<\/p>\n<p>Las entidades que forman el movimiento asociativo realizan una labor esencial para todos los pacientes y familias ya que, desde asociaciones como, la Asociaci\u00f3n de Ayuda a Personas con Albinismo (ALBA) se crean grupos de apoyo para informar y orientar a los padres y madres.<\/p>\n<p><span style=\"font-size: 14pt\">Campa\u00f1a de visibilizaci\u00f3n \u2018Miro por el Albinismo\u2019<\/span><\/p>\n<p>ALBA lanza en las redes sociales la campa\u00f1a \u201cMiro por el albinismo\u201d, una campa\u00f1a de visibilizaci\u00f3n, concienciaci\u00f3n y apoyo al albinismo. Su objetivo es transmitir el mensaje del colectivo y llenar las redes sociales con selfies de personas que miran por el albinismo. A\u00f1o a a\u00f1o, la participaci\u00f3n en esta campa\u00f1a crece y son m\u00e1s las personas que miran por el albinismo, consiguiendo con ello aumentar el conocimiento y concienciaci\u00f3n sobre esta condici\u00f3n gen\u00e9tica.<\/p>\n<p>S\u00famate a la campa\u00f1a \u201cmiro por el albinismo\u201d con un peque\u00f1o gesto: comparte en tus redes sociales un selfie se\u00f1al\u00e1ndote el ojo con el dedo y con el siguiente texto y etiquetas: \u201c13 de Junio, D\u00eda Internacional de la sensibilizaci\u00f3n sobre el #albinismo #MiroPorElAlbinismo #IAAD2021 #\u201cDICA2021\u201d #FortalezaFrenteaTodo #StrengthBeyondAllOdds<\/p>\n<p>\u00daltima actualizaci\u00f3n 11\/06\/2021<\/p>\n<p>&nbsp;<\/p>\n<p>Fuente: FEDER <a href=\"https:\/\/enfermedades-raras.org\/index.php\/actualidad\/noticias-eventos\/2-feder\/15503-nos-unimos-al-d%C3%ADa-internacional-del-albinismo\" target=\"_blank\" rel=\"noopener\">Nos unimos al D\u00eda Internacional del Albinismo<\/a><\/p>\n","protected":false},"excerpt":{"rendered":"<p>Leemos en FEDER la siguiente noticia que os reproducimos de forma \u00edntegra: &nbsp; El 13 de junio se celebra el D\u00eda Internacional de la Sensibilizaci\u00f3n del Albinismo con el objetivo de concienciar a la sociedad y aumentar la comprensi\u00f3n sobre esta enfermedad poco frecuente. Es por ello que, FEDER se suma para luchar contra la [&hellip;]<\/p>\n","protected":false},"author":1,"featured_media":0,"comment_status":"open","ping_status":"closed","sticky":false,"template":"","format":"standard","meta":{"footnotes":""},"categories":[8],"tags":[36],"class_list":["post-7276","post","type-post","status-publish","format-standard","hentry","category-noticias","tag-enfermedades-raras"],"yoast_head":"<!-- This site is optimized with the Yoast SEO plugin v27.4 - https:\/\/yoast.com\/product\/yoast-seo-wordpress\/ -->\n<title>Nos unimos al D\u00eda Internacional del Albinismo - Asociaci\u00f3n Espa\u00f1ola S\u00edndrome de Charge<\/title>\n<meta name=\"robots\" content=\"index, follow, max-snippet:-1, max-image-preview:large, max-video-preview:-1\" \/>\n<link rel=\"canonical\" href=\"https:\/\/sindromecharge.es\/index.php\/2021\/06\/11\/nos-unimos-al-dia-internacional-del-albinismo\/\" \/>\n<meta property=\"og:locale\" content=\"es_ES\" \/>\n<meta property=\"og:type\" content=\"article\" \/>\n<meta property=\"og:title\" content=\"Nos unimos al D\u00eda Internacional del Albinismo - Asociaci\u00f3n Espa\u00f1ola S\u00edndrome de Charge\" \/>\n<meta property=\"og:description\" content=\"Leemos en FEDER la siguiente noticia que os reproducimos de forma \u00edntegra: &nbsp; El 13 de junio se celebra el D\u00eda Internacional de la Sensibilizaci\u00f3n del Albinismo con el objetivo de concienciar a la sociedad y aumentar la comprensi\u00f3n sobre esta enfermedad poco frecuente. Es por ello que, FEDER se suma para luchar contra la [&hellip;]\" \/>\n<meta property=\"og:url\" content=\"https:\/\/sindromecharge.es\/index.php\/2021\/06\/11\/nos-unimos-al-dia-internacional-del-albinismo\/\" \/>\n<meta property=\"og:site_name\" content=\"Asociaci\u00f3n Espa\u00f1ola S\u00edndrome de Charge\" \/>\n<meta property=\"article:publisher\" content=\"https:\/\/www.facebook.com\/asociacionsindromecharge\" \/>\n<meta property=\"article:published_time\" content=\"2021-06-11T07:30:21+00:00\" \/>\n<meta property=\"og:image\" content=\"https:\/\/sindromecharge.es\/wp-content\/uploads\/2013\/09\/logodecharge300x98.png\" \/>\n\t<meta property=\"og:image:width\" content=\"300\" \/>\n\t<meta property=\"og:image:height\" content=\"98\" \/>\n\t<meta property=\"og:image:type\" content=\"image\/png\" \/>\n<meta name=\"author\" content=\"Charge\" \/>\n<meta name=\"twitter:card\" content=\"summary_large_image\" \/>\n<meta name=\"twitter:creator\" content=\"@sindromecharge\" \/>\n<meta name=\"twitter:site\" content=\"@sindromecharge\" \/>\n<meta name=\"twitter:label1\" content=\"Escrito por\" \/>\n\t<meta name=\"twitter:data1\" content=\"Charge\" \/>\n\t<meta name=\"twitter:label2\" content=\"Tiempo de lectura\" \/>\n\t<meta name=\"twitter:data2\" content=\"2 minutos\" \/>\n<script type=\"application\/ld+json\" class=\"yoast-schema-graph\">{\"@context\":\"https:\\\/\\\/schema.org\",\"@graph\":[{\"@type\":\"Article\",\"@id\":\"https:\\\/\\\/sindromecharge.es\\\/index.php\\\/2021\\\/06\\\/11\\\/nos-unimos-al-dia-internacional-del-albinismo\\\/#article\",\"isPartOf\":{\"@id\":\"https:\\\/\\\/sindromecharge.es\\\/index.php\\\/2021\\\/06\\\/11\\\/nos-unimos-al-dia-internacional-del-albinismo\\\/\"},\"author\":{\"name\":\"Charge\",\"@id\":\"https:\\\/\\\/sindromecharge.es\\\/#\\\/schema\\\/person\\\/39a60ebe0a2b4d5a11179701e336b039\"},\"headline\":\"Nos unimos al D\u00eda Internacional del Albinismo\",\"datePublished\":\"2021-06-11T07:30:21+00:00\",\"mainEntityOfPage\":{\"@id\":\"https:\\\/\\\/sindromecharge.es\\\/index.php\\\/2021\\\/06\\\/11\\\/nos-unimos-al-dia-internacional-del-albinismo\\\/\"},\"wordCount\":457,\"commentCount\":0,\"keywords\":[\"enfermedades raras\"],\"articleSection\":[\"noticias\"],\"inLanguage\":\"es\",\"potentialAction\":[{\"@type\":\"CommentAction\",\"name\":\"Comment\",\"target\":[\"https:\\\/\\\/sindromecharge.es\\\/index.php\\\/2021\\\/06\\\/11\\\/nos-unimos-al-dia-internacional-del-albinismo\\\/#respond\"]}]},{\"@type\":\"WebPage\",\"@id\":\"https:\\\/\\\/sindromecharge.es\\\/index.php\\\/2021\\\/06\\\/11\\\/nos-unimos-al-dia-internacional-del-albinismo\\\/\",\"url\":\"https:\\\/\\\/sindromecharge.es\\\/index.php\\\/2021\\\/06\\\/11\\\/nos-unimos-al-dia-internacional-del-albinismo\\\/\",\"name\":\"Nos unimos al D\u00eda Internacional del Albinismo - Asociaci\u00f3n Espa\u00f1ola S\u00edndrome de Charge\",\"isPartOf\":{\"@id\":\"https:\\\/\\\/sindromecharge.es\\\/#website\"},\"datePublished\":\"2021-06-11T07:30:21+00:00\",\"author\":{\"@id\":\"https:\\\/\\\/sindromecharge.es\\\/#\\\/schema\\\/person\\\/39a60ebe0a2b4d5a11179701e336b039\"},\"breadcrumb\":{\"@id\":\"https:\\\/\\\/sindromecharge.es\\\/index.php\\\/2021\\\/06\\\/11\\\/nos-unimos-al-dia-internacional-del-albinismo\\\/#breadcrumb\"},\"inLanguage\":\"es\",\"potentialAction\":[{\"@type\":\"ReadAction\",\"target\":[\"https:\\\/\\\/sindromecharge.es\\\/index.php\\\/2021\\\/06\\\/11\\\/nos-unimos-al-dia-internacional-del-albinismo\\\/\"]}]},{\"@type\":\"BreadcrumbList\",\"@id\":\"https:\\\/\\\/sindromecharge.es\\\/index.php\\\/2021\\\/06\\\/11\\\/nos-unimos-al-dia-internacional-del-albinismo\\\/#breadcrumb\",\"itemListElement\":[{\"@type\":\"ListItem\",\"position\":1,\"name\":\"Portada\",\"item\":\"https:\\\/\\\/sindromecharge.es\\\/\"},{\"@type\":\"ListItem\",\"position\":2,\"name\":\"Nos unimos al D\u00eda Internacional del Albinismo\"}]},{\"@type\":\"WebSite\",\"@id\":\"https:\\\/\\\/sindromecharge.es\\\/#website\",\"url\":\"https:\\\/\\\/sindromecharge.es\\\/\",\"name\":\"Asociaci\u00f3n Espa\u00f1ola S\u00edndrome de Charge\",\"description\":\"\",\"potentialAction\":[{\"@type\":\"SearchAction\",\"target\":{\"@type\":\"EntryPoint\",\"urlTemplate\":\"https:\\\/\\\/sindromecharge.es\\\/?s={search_term_string}\"},\"query-input\":{\"@type\":\"PropertyValueSpecification\",\"valueRequired\":true,\"valueName\":\"search_term_string\"}}],\"inLanguage\":\"es\"},{\"@type\":\"Person\",\"@id\":\"https:\\\/\\\/sindromecharge.es\\\/#\\\/schema\\\/person\\\/39a60ebe0a2b4d5a11179701e336b039\",\"name\":\"Charge\",\"image\":{\"@type\":\"ImageObject\",\"inLanguage\":\"es\",\"@id\":\"https:\\\/\\\/secure.gravatar.com\\\/avatar\\\/c3b46e32a0fc3b093a0873fb767bf3293de856293065e84ef06b7ec7a8acfb98?s=96&d=identicon&r=x\",\"url\":\"https:\\\/\\\/secure.gravatar.com\\\/avatar\\\/c3b46e32a0fc3b093a0873fb767bf3293de856293065e84ef06b7ec7a8acfb98?s=96&d=identicon&r=x\",\"contentUrl\":\"https:\\\/\\\/secure.gravatar.com\\\/avatar\\\/c3b46e32a0fc3b093a0873fb767bf3293de856293065e84ef06b7ec7a8acfb98?s=96&d=identicon&r=x\",\"caption\":\"Charge\"},\"url\":\"https:\\\/\\\/sindromecharge.es\\\/index.php\\\/author\\\/admin\\\/\"}]}<\/script>\n<!-- \/ Yoast SEO plugin. -->","yoast_head_json":{"title":"Nos unimos al D\u00eda Internacional del Albinismo - Asociaci\u00f3n Espa\u00f1ola S\u00edndrome de Charge","robots":{"index":"index","follow":"follow","max-snippet":"max-snippet:-1","max-image-preview":"max-image-preview:large","max-video-preview":"max-video-preview:-1"},"canonical":"https:\/\/sindromecharge.es\/index.php\/2021\/06\/11\/nos-unimos-al-dia-internacional-del-albinismo\/","og_locale":"es_ES","og_type":"article","og_title":"Nos unimos al D\u00eda Internacional del Albinismo - Asociaci\u00f3n Espa\u00f1ola S\u00edndrome de Charge","og_description":"Leemos en FEDER la siguiente noticia que os reproducimos de forma \u00edntegra: &nbsp; El 13 de junio se celebra el D\u00eda Internacional de la Sensibilizaci\u00f3n del Albinismo con el objetivo de concienciar a la sociedad y aumentar la comprensi\u00f3n sobre esta enfermedad poco frecuente. Es por ello que, FEDER se suma para luchar contra la [&hellip;]","og_url":"https:\/\/sindromecharge.es\/index.php\/2021\/06\/11\/nos-unimos-al-dia-internacional-del-albinismo\/","og_site_name":"Asociaci\u00f3n Espa\u00f1ola S\u00edndrome de Charge","article_publisher":"https:\/\/www.facebook.com\/asociacionsindromecharge","article_published_time":"2021-06-11T07:30:21+00:00","og_image":[{"width":300,"height":98,"url":"https:\/\/sindromecharge.es\/wp-content\/uploads\/2013\/09\/logodecharge300x98.png","type":"image\/png"}],"author":"Charge","twitter_card":"summary_large_image","twitter_creator":"@sindromecharge","twitter_site":"@sindromecharge","twitter_misc":{"Escrito por":"Charge","Tiempo de lectura":"2 minutos"},"schema":{"@context":"https:\/\/schema.org","@graph":[{"@type":"Article","@id":"https:\/\/sindromecharge.es\/index.php\/2021\/06\/11\/nos-unimos-al-dia-internacional-del-albinismo\/#article","isPartOf":{"@id":"https:\/\/sindromecharge.es\/index.php\/2021\/06\/11\/nos-unimos-al-dia-internacional-del-albinismo\/"},"author":{"name":"Charge","@id":"https:\/\/sindromecharge.es\/#\/schema\/person\/39a60ebe0a2b4d5a11179701e336b039"},"headline":"Nos unimos al D\u00eda Internacional del Albinismo","datePublished":"2021-06-11T07:30:21+00:00","mainEntityOfPage":{"@id":"https:\/\/sindromecharge.es\/index.php\/2021\/06\/11\/nos-unimos-al-dia-internacional-del-albinismo\/"},"wordCount":457,"commentCount":0,"keywords":["enfermedades raras"],"articleSection":["noticias"],"inLanguage":"es","potentialAction":[{"@type":"CommentAction","name":"Comment","target":["https:\/\/sindromecharge.es\/index.php\/2021\/06\/11\/nos-unimos-al-dia-internacional-del-albinismo\/#respond"]}]},{"@type":"WebPage","@id":"https:\/\/sindromecharge.es\/index.php\/2021\/06\/11\/nos-unimos-al-dia-internacional-del-albinismo\/","url":"https:\/\/sindromecharge.es\/index.php\/2021\/06\/11\/nos-unimos-al-dia-internacional-del-albinismo\/","name":"Nos unimos al D\u00eda Internacional del Albinismo - Asociaci\u00f3n Espa\u00f1ola S\u00edndrome de Charge","isPartOf":{"@id":"https:\/\/sindromecharge.es\/#website"},"datePublished":"2021-06-11T07:30:21+00:00","author":{"@id":"https:\/\/sindromecharge.es\/#\/schema\/person\/39a60ebe0a2b4d5a11179701e336b039"},"breadcrumb":{"@id":"https:\/\/sindromecharge.es\/index.php\/2021\/06\/11\/nos-unimos-al-dia-internacional-del-albinismo\/#breadcrumb"},"inLanguage":"es","potentialAction":[{"@type":"ReadAction","target":["https:\/\/sindromecharge.es\/index.php\/2021\/06\/11\/nos-unimos-al-dia-internacional-del-albinismo\/"]}]},{"@type":"BreadcrumbList","@id":"https:\/\/sindromecharge.es\/index.php\/2021\/06\/11\/nos-unimos-al-dia-internacional-del-albinismo\/#breadcrumb","itemListElement":[{"@type":"ListItem","position":1,"name":"Portada","item":"https:\/\/sindromecharge.es\/"},{"@type":"ListItem","position":2,"name":"Nos unimos al D\u00eda Internacional del Albinismo"}]},{"@type":"WebSite","@id":"https:\/\/sindromecharge.es\/#website","url":"https:\/\/sindromecharge.es\/","name":"Asociaci\u00f3n Espa\u00f1ola S\u00edndrome de Charge","description":"","potentialAction":[{"@type":"SearchAction","target":{"@type":"EntryPoint","urlTemplate":"https:\/\/sindromecharge.es\/?s={search_term_string}"},"query-input":{"@type":"PropertyValueSpecification","valueRequired":true,"valueName":"search_term_string"}}],"inLanguage":"es"},{"@type":"Person","@id":"https:\/\/sindromecharge.es\/#\/schema\/person\/39a60ebe0a2b4d5a11179701e336b039","name":"Charge","image":{"@type":"ImageObject","inLanguage":"es","@id":"https:\/\/secure.gravatar.com\/avatar\/c3b46e32a0fc3b093a0873fb767bf3293de856293065e84ef06b7ec7a8acfb98?s=96&d=identicon&r=x","url":"https:\/\/secure.gravatar.com\/avatar\/c3b46e32a0fc3b093a0873fb767bf3293de856293065e84ef06b7ec7a8acfb98?s=96&d=identicon&r=x","contentUrl":"https:\/\/secure.gravatar.com\/avatar\/c3b46e32a0fc3b093a0873fb767bf3293de856293065e84ef06b7ec7a8acfb98?s=96&d=identicon&r=x","caption":"Charge"},"url":"https:\/\/sindromecharge.es\/index.php\/author\/admin\/"}]}},"_links":{"self":[{"href":"https:\/\/sindromecharge.es\/index.php\/wp-json\/wp\/v2\/posts\/7276","targetHints":{"allow":["GET"]}}],"collection":[{"href":"https:\/\/sindromecharge.es\/index.php\/wp-json\/wp\/v2\/posts"}],"about":[{"href":"https:\/\/sindromecharge.es\/index.php\/wp-json\/wp\/v2\/types\/post"}],"author":[{"embeddable":true,"href":"https:\/\/sindromecharge.es\/index.php\/wp-json\/wp\/v2\/users\/1"}],"replies":[{"embeddable":true,"href":"https:\/\/sindromecharge.es\/index.php\/wp-json\/wp\/v2\/comments?post=7276"}],"version-history":[{"count":0,"href":"https:\/\/sindromecharge.es\/index.php\/wp-json\/wp\/v2\/posts\/7276\/revisions"}],"wp:attachment":[{"href":"https:\/\/sindromecharge.es\/index.php\/wp-json\/wp\/v2\/media?parent=7276"}],"wp:term":[{"taxonomy":"category","embeddable":true,"href":"https:\/\/sindromecharge.es\/index.php\/wp-json\/wp\/v2\/categories?post=7276"},{"taxonomy":"post_tag","embeddable":true,"href":"https:\/\/sindromecharge.es\/index.php\/wp-json\/wp\/v2\/tags?post=7276"}],"curies":[{"name":"wp","href":"https:\/\/api.w.org\/{rel}","templated":true}]}}