{"id":7275,"date":"2021-06-11T07:02:59","date_gmt":"2021-06-11T07:02:59","guid":{"rendered":"https:\/\/sindromecharge.es\/index.php\/2021\/06\/11\/nos-unimos-al-dia-internacional-del-sindrome-kbg\/"},"modified":"2021-06-11T07:02:59","modified_gmt":"2021-06-11T07:02:59","slug":"nos-unimos-al-dia-internacional-del-sindrome-kbg","status":"publish","type":"post","link":"https:\/\/sindromecharge.es\/index.php\/2021\/06\/11\/nos-unimos-al-dia-internacional-del-sindrome-kbg\/","title":{"rendered":"Nos unimos al D\u00eda Internacional del S\u00edndrome KBG"},"content":{"rendered":"<p>Leemos en FEDER la siguiente noticia que os reproducimos de forma \u00edntegra: <\/p>\n<p><p>Hoy se celebra el D\u00eda Internacional del S\u00edndrome KBG, una enfermedad rara causada por mutaciones en el gen ANKRD11, con el objetivo de trasladar informaci\u00f3n sobre esta patolog\u00eda poco frecuente e impulsar la transformaci\u00f3n social. Por ello, desde FEDER nos sumamos a esta jornada para trasladar nuestro apoyo a las personas que conviven con esta condici\u00f3n y a sus familias.<\/p>\n<p>El s\u00edndrome de KBG se caracteriza t\u00edpicamente por: macrodoncia, especialmente de los incisivos centrales superiores, rasgos faciales caracter\u00edsticos como cara triangular, braquicefalia, sinofridia, ojos muy espaciados, cejas anchas o pobladas, orejas prominentes, puente nasal prominente, nariz bulbosa, narinas antevertidas, filtrum y bermell\u00f3n delgado del labio superior, baja estatura, retraso en el desarrollo, discapacidad intelectual y problemas de comportamiento.<\/p>\n<p>El tejido asociativo trabaja diariamente para mejorar la calidad de vida de las personas que conviven con S\u00edndrome KBG, esto es posible, gracias a la orientaci\u00f3n a las familias, la difusi\u00f3n de informaci\u00f3n veraz y comprensible, la sensibilizaci\u00f3n social o el impulso de la investigaci\u00f3n, entre otros. Adem\u00e1s, desde FEDER queremos agradecer la labor de la Asociaci\u00f3n S\u00edndrome KGB Espa\u00f1a.<\/p>\n<p>\u00daltima actualizaci\u00f3n 11\/06\/2021<\/p>\n<\/p>\n<p>Fuente: FEDER <a href=\"https:\/\/enfermedades-raras.org\/index.php\/actualidad\/noticias-eventos\/2-feder\/15500-nos-unimos-al-d%C3%ADa-internacional-del-s%C3%ADndrome-kbg\" target=\"_blank\" rel=\"noopener\">Nos unimos al D\u00eda Internacional del S\u00edndrome KBG<\/a><\/p>\n","protected":false},"excerpt":{"rendered":"<p>Leemos en FEDER la siguiente noticia que os reproducimos de forma \u00edntegra: Hoy se celebra el D\u00eda Internacional del S\u00edndrome KBG, una enfermedad rara causada por mutaciones en el gen ANKRD11, con el objetivo de trasladar informaci\u00f3n sobre esta patolog\u00eda poco frecuente e impulsar la transformaci\u00f3n social. Por ello, desde FEDER nos sumamos a esta [&hellip;]<\/p>\n","protected":false},"author":1,"featured_media":0,"comment_status":"open","ping_status":"closed","sticky":false,"template":"","format":"standard","meta":{"footnotes":""},"categories":[8],"tags":[36],"class_list":["post-7275","post","type-post","status-publish","format-standard","hentry","category-noticias","tag-enfermedades-raras"],"yoast_head":"<!-- This site is optimized with the Yoast SEO plugin v27.4 - https:\/\/yoast.com\/product\/yoast-seo-wordpress\/ -->\n<title>Nos unimos al D\u00eda Internacional del S\u00edndrome KBG - Asociaci\u00f3n Espa\u00f1ola S\u00edndrome de Charge<\/title>\n<meta name=\"robots\" content=\"index, follow, max-snippet:-1, max-image-preview:large, max-video-preview:-1\" \/>\n<link rel=\"canonical\" href=\"https:\/\/sindromecharge.es\/index.php\/2021\/06\/11\/nos-unimos-al-dia-internacional-del-sindrome-kbg\/\" \/>\n<meta property=\"og:locale\" content=\"es_ES\" \/>\n<meta property=\"og:type\" content=\"article\" \/>\n<meta property=\"og:title\" content=\"Nos unimos al D\u00eda Internacional del S\u00edndrome KBG - Asociaci\u00f3n Espa\u00f1ola S\u00edndrome de Charge\" \/>\n<meta property=\"og:description\" content=\"Leemos en FEDER la siguiente noticia que os reproducimos de forma \u00edntegra: Hoy se celebra el D\u00eda Internacional del S\u00edndrome KBG, una enfermedad rara causada por mutaciones en el gen ANKRD11, con el objetivo de trasladar informaci\u00f3n sobre esta patolog\u00eda poco frecuente e impulsar la transformaci\u00f3n social. Por ello, desde FEDER nos sumamos a esta [&hellip;]\" \/>\n<meta property=\"og:url\" content=\"https:\/\/sindromecharge.es\/index.php\/2021\/06\/11\/nos-unimos-al-dia-internacional-del-sindrome-kbg\/\" \/>\n<meta property=\"og:site_name\" content=\"Asociaci\u00f3n Espa\u00f1ola S\u00edndrome de Charge\" \/>\n<meta property=\"article:publisher\" content=\"https:\/\/www.facebook.com\/asociacionsindromecharge\" \/>\n<meta property=\"article:published_time\" content=\"2021-06-11T07:02:59+00:00\" \/>\n<meta property=\"og:image\" content=\"https:\/\/sindromecharge.es\/wp-content\/uploads\/2013\/09\/logodecharge300x98.png\" \/>\n\t<meta property=\"og:image:width\" content=\"300\" \/>\n\t<meta property=\"og:image:height\" content=\"98\" \/>\n\t<meta property=\"og:image:type\" content=\"image\/png\" \/>\n<meta name=\"author\" content=\"Charge\" \/>\n<meta name=\"twitter:card\" content=\"summary_large_image\" \/>\n<meta name=\"twitter:creator\" content=\"@sindromecharge\" \/>\n<meta name=\"twitter:site\" content=\"@sindromecharge\" \/>\n<meta name=\"twitter:label1\" content=\"Escrito por\" \/>\n\t<meta name=\"twitter:data1\" content=\"Charge\" \/>\n\t<meta name=\"twitter:label2\" content=\"Tiempo de lectura\" \/>\n\t<meta name=\"twitter:data2\" content=\"1 minuto\" \/>\n<script type=\"application\/ld+json\" class=\"yoast-schema-graph\">{\"@context\":\"https:\\\/\\\/schema.org\",\"@graph\":[{\"@type\":\"Article\",\"@id\":\"https:\\\/\\\/sindromecharge.es\\\/index.php\\\/2021\\\/06\\\/11\\\/nos-unimos-al-dia-internacional-del-sindrome-kbg\\\/#article\",\"isPartOf\":{\"@id\":\"https:\\\/\\\/sindromecharge.es\\\/index.php\\\/2021\\\/06\\\/11\\\/nos-unimos-al-dia-internacional-del-sindrome-kbg\\\/\"},\"author\":{\"name\":\"Charge\",\"@id\":\"https:\\\/\\\/sindromecharge.es\\\/#\\\/schema\\\/person\\\/39a60ebe0a2b4d5a11179701e336b039\"},\"headline\":\"Nos unimos al D\u00eda Internacional del S\u00edndrome KBG\",\"datePublished\":\"2021-06-11T07:02:59+00:00\",\"mainEntityOfPage\":{\"@id\":\"https:\\\/\\\/sindromecharge.es\\\/index.php\\\/2021\\\/06\\\/11\\\/nos-unimos-al-dia-internacional-del-sindrome-kbg\\\/\"},\"wordCount\":235,\"commentCount\":0,\"keywords\":[\"enfermedades raras\"],\"articleSection\":[\"noticias\"],\"inLanguage\":\"es\",\"potentialAction\":[{\"@type\":\"CommentAction\",\"name\":\"Comment\",\"target\":[\"https:\\\/\\\/sindromecharge.es\\\/index.php\\\/2021\\\/06\\\/11\\\/nos-unimos-al-dia-internacional-del-sindrome-kbg\\\/#respond\"]}]},{\"@type\":\"WebPage\",\"@id\":\"https:\\\/\\\/sindromecharge.es\\\/index.php\\\/2021\\\/06\\\/11\\\/nos-unimos-al-dia-internacional-del-sindrome-kbg\\\/\",\"url\":\"https:\\\/\\\/sindromecharge.es\\\/index.php\\\/2021\\\/06\\\/11\\\/nos-unimos-al-dia-internacional-del-sindrome-kbg\\\/\",\"name\":\"Nos unimos al D\u00eda Internacional del S\u00edndrome KBG - Asociaci\u00f3n Espa\u00f1ola S\u00edndrome de Charge\",\"isPartOf\":{\"@id\":\"https:\\\/\\\/sindromecharge.es\\\/#website\"},\"datePublished\":\"2021-06-11T07:02:59+00:00\",\"author\":{\"@id\":\"https:\\\/\\\/sindromecharge.es\\\/#\\\/schema\\\/person\\\/39a60ebe0a2b4d5a11179701e336b039\"},\"breadcrumb\":{\"@id\":\"https:\\\/\\\/sindromecharge.es\\\/index.php\\\/2021\\\/06\\\/11\\\/nos-unimos-al-dia-internacional-del-sindrome-kbg\\\/#breadcrumb\"},\"inLanguage\":\"es\",\"potentialAction\":[{\"@type\":\"ReadAction\",\"target\":[\"https:\\\/\\\/sindromecharge.es\\\/index.php\\\/2021\\\/06\\\/11\\\/nos-unimos-al-dia-internacional-del-sindrome-kbg\\\/\"]}]},{\"@type\":\"BreadcrumbList\",\"@id\":\"https:\\\/\\\/sindromecharge.es\\\/index.php\\\/2021\\\/06\\\/11\\\/nos-unimos-al-dia-internacional-del-sindrome-kbg\\\/#breadcrumb\",\"itemListElement\":[{\"@type\":\"ListItem\",\"position\":1,\"name\":\"Portada\",\"item\":\"https:\\\/\\\/sindromecharge.es\\\/\"},{\"@type\":\"ListItem\",\"position\":2,\"name\":\"Nos unimos al D\u00eda Internacional del S\u00edndrome KBG\"}]},{\"@type\":\"WebSite\",\"@id\":\"https:\\\/\\\/sindromecharge.es\\\/#website\",\"url\":\"https:\\\/\\\/sindromecharge.es\\\/\",\"name\":\"Asociaci\u00f3n Espa\u00f1ola S\u00edndrome de Charge\",\"description\":\"\",\"potentialAction\":[{\"@type\":\"SearchAction\",\"target\":{\"@type\":\"EntryPoint\",\"urlTemplate\":\"https:\\\/\\\/sindromecharge.es\\\/?s={search_term_string}\"},\"query-input\":{\"@type\":\"PropertyValueSpecification\",\"valueRequired\":true,\"valueName\":\"search_term_string\"}}],\"inLanguage\":\"es\"},{\"@type\":\"Person\",\"@id\":\"https:\\\/\\\/sindromecharge.es\\\/#\\\/schema\\\/person\\\/39a60ebe0a2b4d5a11179701e336b039\",\"name\":\"Charge\",\"image\":{\"@type\":\"ImageObject\",\"inLanguage\":\"es\",\"@id\":\"https:\\\/\\\/secure.gravatar.com\\\/avatar\\\/c3b46e32a0fc3b093a0873fb767bf3293de856293065e84ef06b7ec7a8acfb98?s=96&d=identicon&r=x\",\"url\":\"https:\\\/\\\/secure.gravatar.com\\\/avatar\\\/c3b46e32a0fc3b093a0873fb767bf3293de856293065e84ef06b7ec7a8acfb98?s=96&d=identicon&r=x\",\"contentUrl\":\"https:\\\/\\\/secure.gravatar.com\\\/avatar\\\/c3b46e32a0fc3b093a0873fb767bf3293de856293065e84ef06b7ec7a8acfb98?s=96&d=identicon&r=x\",\"caption\":\"Charge\"},\"url\":\"https:\\\/\\\/sindromecharge.es\\\/index.php\\\/author\\\/admin\\\/\"}]}<\/script>\n<!-- \/ Yoast SEO plugin. -->","yoast_head_json":{"title":"Nos unimos al D\u00eda Internacional del S\u00edndrome KBG - Asociaci\u00f3n Espa\u00f1ola S\u00edndrome de Charge","robots":{"index":"index","follow":"follow","max-snippet":"max-snippet:-1","max-image-preview":"max-image-preview:large","max-video-preview":"max-video-preview:-1"},"canonical":"https:\/\/sindromecharge.es\/index.php\/2021\/06\/11\/nos-unimos-al-dia-internacional-del-sindrome-kbg\/","og_locale":"es_ES","og_type":"article","og_title":"Nos unimos al D\u00eda Internacional del S\u00edndrome KBG - Asociaci\u00f3n Espa\u00f1ola S\u00edndrome de Charge","og_description":"Leemos en FEDER la siguiente noticia que os reproducimos de forma \u00edntegra: Hoy se celebra el D\u00eda Internacional del S\u00edndrome KBG, una enfermedad rara causada por mutaciones en el gen ANKRD11, con el objetivo de trasladar informaci\u00f3n sobre esta patolog\u00eda poco frecuente e impulsar la transformaci\u00f3n social. Por ello, desde FEDER nos sumamos a esta [&hellip;]","og_url":"https:\/\/sindromecharge.es\/index.php\/2021\/06\/11\/nos-unimos-al-dia-internacional-del-sindrome-kbg\/","og_site_name":"Asociaci\u00f3n Espa\u00f1ola S\u00edndrome de Charge","article_publisher":"https:\/\/www.facebook.com\/asociacionsindromecharge","article_published_time":"2021-06-11T07:02:59+00:00","og_image":[{"width":300,"height":98,"url":"https:\/\/sindromecharge.es\/wp-content\/uploads\/2013\/09\/logodecharge300x98.png","type":"image\/png"}],"author":"Charge","twitter_card":"summary_large_image","twitter_creator":"@sindromecharge","twitter_site":"@sindromecharge","twitter_misc":{"Escrito por":"Charge","Tiempo de lectura":"1 minuto"},"schema":{"@context":"https:\/\/schema.org","@graph":[{"@type":"Article","@id":"https:\/\/sindromecharge.es\/index.php\/2021\/06\/11\/nos-unimos-al-dia-internacional-del-sindrome-kbg\/#article","isPartOf":{"@id":"https:\/\/sindromecharge.es\/index.php\/2021\/06\/11\/nos-unimos-al-dia-internacional-del-sindrome-kbg\/"},"author":{"name":"Charge","@id":"https:\/\/sindromecharge.es\/#\/schema\/person\/39a60ebe0a2b4d5a11179701e336b039"},"headline":"Nos unimos al D\u00eda Internacional del S\u00edndrome KBG","datePublished":"2021-06-11T07:02:59+00:00","mainEntityOfPage":{"@id":"https:\/\/sindromecharge.es\/index.php\/2021\/06\/11\/nos-unimos-al-dia-internacional-del-sindrome-kbg\/"},"wordCount":235,"commentCount":0,"keywords":["enfermedades raras"],"articleSection":["noticias"],"inLanguage":"es","potentialAction":[{"@type":"CommentAction","name":"Comment","target":["https:\/\/sindromecharge.es\/index.php\/2021\/06\/11\/nos-unimos-al-dia-internacional-del-sindrome-kbg\/#respond"]}]},{"@type":"WebPage","@id":"https:\/\/sindromecharge.es\/index.php\/2021\/06\/11\/nos-unimos-al-dia-internacional-del-sindrome-kbg\/","url":"https:\/\/sindromecharge.es\/index.php\/2021\/06\/11\/nos-unimos-al-dia-internacional-del-sindrome-kbg\/","name":"Nos unimos al D\u00eda Internacional del S\u00edndrome KBG - Asociaci\u00f3n Espa\u00f1ola S\u00edndrome de Charge","isPartOf":{"@id":"https:\/\/sindromecharge.es\/#website"},"datePublished":"2021-06-11T07:02:59+00:00","author":{"@id":"https:\/\/sindromecharge.es\/#\/schema\/person\/39a60ebe0a2b4d5a11179701e336b039"},"breadcrumb":{"@id":"https:\/\/sindromecharge.es\/index.php\/2021\/06\/11\/nos-unimos-al-dia-internacional-del-sindrome-kbg\/#breadcrumb"},"inLanguage":"es","potentialAction":[{"@type":"ReadAction","target":["https:\/\/sindromecharge.es\/index.php\/2021\/06\/11\/nos-unimos-al-dia-internacional-del-sindrome-kbg\/"]}]},{"@type":"BreadcrumbList","@id":"https:\/\/sindromecharge.es\/index.php\/2021\/06\/11\/nos-unimos-al-dia-internacional-del-sindrome-kbg\/#breadcrumb","itemListElement":[{"@type":"ListItem","position":1,"name":"Portada","item":"https:\/\/sindromecharge.es\/"},{"@type":"ListItem","position":2,"name":"Nos unimos al D\u00eda Internacional del S\u00edndrome KBG"}]},{"@type":"WebSite","@id":"https:\/\/sindromecharge.es\/#website","url":"https:\/\/sindromecharge.es\/","name":"Asociaci\u00f3n Espa\u00f1ola S\u00edndrome de Charge","description":"","potentialAction":[{"@type":"SearchAction","target":{"@type":"EntryPoint","urlTemplate":"https:\/\/sindromecharge.es\/?s={search_term_string}"},"query-input":{"@type":"PropertyValueSpecification","valueRequired":true,"valueName":"search_term_string"}}],"inLanguage":"es"},{"@type":"Person","@id":"https:\/\/sindromecharge.es\/#\/schema\/person\/39a60ebe0a2b4d5a11179701e336b039","name":"Charge","image":{"@type":"ImageObject","inLanguage":"es","@id":"https:\/\/secure.gravatar.com\/avatar\/c3b46e32a0fc3b093a0873fb767bf3293de856293065e84ef06b7ec7a8acfb98?s=96&d=identicon&r=x","url":"https:\/\/secure.gravatar.com\/avatar\/c3b46e32a0fc3b093a0873fb767bf3293de856293065e84ef06b7ec7a8acfb98?s=96&d=identicon&r=x","contentUrl":"https:\/\/secure.gravatar.com\/avatar\/c3b46e32a0fc3b093a0873fb767bf3293de856293065e84ef06b7ec7a8acfb98?s=96&d=identicon&r=x","caption":"Charge"},"url":"https:\/\/sindromecharge.es\/index.php\/author\/admin\/"}]}},"_links":{"self":[{"href":"https:\/\/sindromecharge.es\/index.php\/wp-json\/wp\/v2\/posts\/7275","targetHints":{"allow":["GET"]}}],"collection":[{"href":"https:\/\/sindromecharge.es\/index.php\/wp-json\/wp\/v2\/posts"}],"about":[{"href":"https:\/\/sindromecharge.es\/index.php\/wp-json\/wp\/v2\/types\/post"}],"author":[{"embeddable":true,"href":"https:\/\/sindromecharge.es\/index.php\/wp-json\/wp\/v2\/users\/1"}],"replies":[{"embeddable":true,"href":"https:\/\/sindromecharge.es\/index.php\/wp-json\/wp\/v2\/comments?post=7275"}],"version-history":[{"count":0,"href":"https:\/\/sindromecharge.es\/index.php\/wp-json\/wp\/v2\/posts\/7275\/revisions"}],"wp:attachment":[{"href":"https:\/\/sindromecharge.es\/index.php\/wp-json\/wp\/v2\/media?parent=7275"}],"wp:term":[{"taxonomy":"category","embeddable":true,"href":"https:\/\/sindromecharge.es\/index.php\/wp-json\/wp\/v2\/categories?post=7275"},{"taxonomy":"post_tag","embeddable":true,"href":"https:\/\/sindromecharge.es\/index.php\/wp-json\/wp\/v2\/tags?post=7275"}],"curies":[{"name":"wp","href":"https:\/\/api.w.org\/{rel}","templated":true}]}}