{"id":7274,"date":"2021-06-10T18:27:11","date_gmt":"2021-06-10T18:27:11","guid":{"rendered":"https:\/\/sindromecharge.es\/index.php\/2021\/06\/10\/el-congreso-pide-acordar-con-las-ccaa-el-reparto-de-la-recaudacion-del-07-del-impuesto-para-fines-sociales\/"},"modified":"2021-06-10T18:27:11","modified_gmt":"2021-06-10T18:27:11","slug":"el-congreso-pide-acordar-con-las-ccaa-el-reparto-de-la-recaudacion-del-07-del-impuesto-para-fines-sociales","status":"publish","type":"post","link":"https:\/\/sindromecharge.es\/index.php\/2021\/06\/10\/el-congreso-pide-acordar-con-las-ccaa-el-reparto-de-la-recaudacion-del-07-del-impuesto-para-fines-sociales\/","title":{"rendered":"El Congreso pide acordar con las CCAA el reparto de la recaudaci\u00f3n del 0,7% del impuesto para fines sociales"},"content":{"rendered":"<p>Leemos en 20minutos la siguiente noticia que os reproducimos de forma \u00edntegra: <\/p>\n<p>La iniciativa, que ha sido transaccionada con el PSOE, ha salido adelante con los votos a favor de los socialistas y sus socios de Gobierno. PP y Vox han votado en contra de la propuesta, mientras que ERC se ha decidido abstenerse.<\/p>\n<p>El texto votado, propone concretamente que, a trav\u00e9s del Consejo Territorial de Servicios Sociales y del Sistema parala Autonom\u00eda y Atenci\u00f3n a la Dependencia, se acuerde de forma peri\u00f3dica y con car\u00e1cter anual con las autonom\u00edas, los criterios que sirvan de base para la distribuci\u00f3n territorial de los recursos recaudados en la asignaci\u00f3n tributaria de este impuesto.<\/p>\n<p>Adem\u00e1s, se llama al Ejecutivo a, previo acuerdo tambi\u00e9n del Consejo Territorial, a \u00abseguir distribuyendo territorialmente por comunidades aut\u00f3nomas, otros recursos en materia de concesi\u00f3n de subvenciones destinadas al \u00e1rea de servicios sociales, familias,discapacidad y otros fines de inter\u00e9s social\u00bb.<\/p>\n<p>El diputado de PDeCAT Gen\u00eds Boadella, ha se\u00f1alado que, el primer a\u00f1o en el que se dispuso de esta asignaci\u00f3n tributaria para destinar a fines sociales, \u00aben medio de la pandemia\u00bb, el Gobierno asign\u00f3 estos fondos mayoritariamente \u00aba entidades de \u00e1mbito estatal\u00bb v\u00eda decreto ley. Una decisi\u00f3n que, ha apuntado, \u00abincluso el Tribunal Constitucional ha dicho que corresponde\u00bb tomarla \u00aba las comunidades aut\u00f3nomas\u00bb.<\/p>\n<p>\u00abSon las comunidades aut\u00f3nomas las que tienen las competencias en materia de derechos sociales y, por lo tanto, son las que tienen que repartir estos fondos a las entidades del Tercer Sector de sus respectivos territorios\u00bb, ha apuntado.<\/p>\n<p>Fuente: 20minutos <a href=\"https:\/\/www.20minutos.es\/noticia\/4726247\/0\/el-congreso-pide-acordar-con-las-ccaa-el-reparto-de-la-recaudacion-del-0-7-del-impuesto-para-fines-sociales\/\" target=\"_blank\" rel=\"noopener\">El Congreso pide acordar con las CCAA el reparto de la recaudaci\u00f3n del 0,7% del impuesto para fines sociales<\/a><\/p>\n","protected":false},"excerpt":{"rendered":"<p>Leemos en 20minutos la siguiente noticia que os reproducimos de forma \u00edntegra: La iniciativa, que ha sido transaccionada con el PSOE, ha salido adelante con los votos a favor de los socialistas y sus socios de Gobierno. PP y Vox han votado en contra de la propuesta, mientras que ERC se ha decidido abstenerse. El [&hellip;]<\/p>\n","protected":false},"author":1,"featured_media":0,"comment_status":"open","ping_status":"closed","sticky":false,"template":"","format":"standard","meta":{"footnotes":""},"categories":[8],"tags":[31],"class_list":["post-7274","post","type-post","status-publish","format-standard","hentry","category-noticias","tag-discapacidad"],"yoast_head":"<!-- This site is optimized with the Yoast SEO plugin v27.4 - https:\/\/yoast.com\/product\/yoast-seo-wordpress\/ -->\n<title>El Congreso pide acordar con las CCAA el reparto de la recaudaci\u00f3n del 0,7% del impuesto para fines sociales - Asociaci\u00f3n Espa\u00f1ola S\u00edndrome de Charge<\/title>\n<meta name=\"robots\" content=\"index, follow, max-snippet:-1, max-image-preview:large, max-video-preview:-1\" \/>\n<link rel=\"canonical\" href=\"https:\/\/sindromecharge.es\/index.php\/2021\/06\/10\/el-congreso-pide-acordar-con-las-ccaa-el-reparto-de-la-recaudacion-del-07-del-impuesto-para-fines-sociales\/\" \/>\n<meta property=\"og:locale\" content=\"es_ES\" \/>\n<meta property=\"og:type\" content=\"article\" \/>\n<meta property=\"og:title\" content=\"El Congreso pide acordar con las CCAA el reparto de la recaudaci\u00f3n del 0,7% del impuesto para fines sociales - Asociaci\u00f3n Espa\u00f1ola S\u00edndrome de Charge\" \/>\n<meta property=\"og:description\" content=\"Leemos en 20minutos la siguiente noticia que os reproducimos de forma \u00edntegra: La iniciativa, que ha sido transaccionada con el PSOE, ha salido adelante con los votos a favor de los socialistas y sus socios de Gobierno. PP y Vox han votado en contra de la propuesta, mientras que ERC se ha decidido abstenerse. El [&hellip;]\" \/>\n<meta property=\"og:url\" content=\"https:\/\/sindromecharge.es\/index.php\/2021\/06\/10\/el-congreso-pide-acordar-con-las-ccaa-el-reparto-de-la-recaudacion-del-07-del-impuesto-para-fines-sociales\/\" \/>\n<meta property=\"og:site_name\" content=\"Asociaci\u00f3n Espa\u00f1ola S\u00edndrome de Charge\" \/>\n<meta property=\"article:publisher\" content=\"https:\/\/www.facebook.com\/asociacionsindromecharge\" \/>\n<meta property=\"article:published_time\" content=\"2021-06-10T18:27:11+00:00\" \/>\n<meta property=\"og:image\" content=\"https:\/\/sindromecharge.es\/wp-content\/uploads\/2013\/09\/logodecharge300x98.png\" \/>\n\t<meta property=\"og:image:width\" content=\"300\" \/>\n\t<meta property=\"og:image:height\" content=\"98\" \/>\n\t<meta property=\"og:image:type\" content=\"image\/png\" \/>\n<meta name=\"author\" content=\"Charge\" \/>\n<meta name=\"twitter:card\" content=\"summary_large_image\" \/>\n<meta name=\"twitter:creator\" content=\"@sindromecharge\" \/>\n<meta name=\"twitter:site\" content=\"@sindromecharge\" \/>\n<meta name=\"twitter:label1\" content=\"Escrito por\" \/>\n\t<meta name=\"twitter:data1\" content=\"Charge\" \/>\n\t<meta name=\"twitter:label2\" content=\"Tiempo de lectura\" \/>\n\t<meta name=\"twitter:data2\" content=\"1 minuto\" \/>\n<script type=\"application\/ld+json\" class=\"yoast-schema-graph\">{\"@context\":\"https:\\\/\\\/schema.org\",\"@graph\":[{\"@type\":\"Article\",\"@id\":\"https:\\\/\\\/sindromecharge.es\\\/index.php\\\/2021\\\/06\\\/10\\\/el-congreso-pide-acordar-con-las-ccaa-el-reparto-de-la-recaudacion-del-07-del-impuesto-para-fines-sociales\\\/#article\",\"isPartOf\":{\"@id\":\"https:\\\/\\\/sindromecharge.es\\\/index.php\\\/2021\\\/06\\\/10\\\/el-congreso-pide-acordar-con-las-ccaa-el-reparto-de-la-recaudacion-del-07-del-impuesto-para-fines-sociales\\\/\"},\"author\":{\"name\":\"Charge\",\"@id\":\"https:\\\/\\\/sindromecharge.es\\\/#\\\/schema\\\/person\\\/39a60ebe0a2b4d5a11179701e336b039\"},\"headline\":\"El Congreso pide acordar con las CCAA el reparto de la recaudaci\u00f3n del 0,7% del impuesto para fines sociales\",\"datePublished\":\"2021-06-10T18:27:11+00:00\",\"mainEntityOfPage\":{\"@id\":\"https:\\\/\\\/sindromecharge.es\\\/index.php\\\/2021\\\/06\\\/10\\\/el-congreso-pide-acordar-con-las-ccaa-el-reparto-de-la-recaudacion-del-07-del-impuesto-para-fines-sociales\\\/\"},\"wordCount\":314,\"commentCount\":0,\"keywords\":[\"discapacidad\"],\"articleSection\":[\"noticias\"],\"inLanguage\":\"es\",\"potentialAction\":[{\"@type\":\"CommentAction\",\"name\":\"Comment\",\"target\":[\"https:\\\/\\\/sindromecharge.es\\\/index.php\\\/2021\\\/06\\\/10\\\/el-congreso-pide-acordar-con-las-ccaa-el-reparto-de-la-recaudacion-del-07-del-impuesto-para-fines-sociales\\\/#respond\"]}]},{\"@type\":\"WebPage\",\"@id\":\"https:\\\/\\\/sindromecharge.es\\\/index.php\\\/2021\\\/06\\\/10\\\/el-congreso-pide-acordar-con-las-ccaa-el-reparto-de-la-recaudacion-del-07-del-impuesto-para-fines-sociales\\\/\",\"url\":\"https:\\\/\\\/sindromecharge.es\\\/index.php\\\/2021\\\/06\\\/10\\\/el-congreso-pide-acordar-con-las-ccaa-el-reparto-de-la-recaudacion-del-07-del-impuesto-para-fines-sociales\\\/\",\"name\":\"El Congreso pide acordar con las CCAA el reparto de la recaudaci\u00f3n del 0,7% del impuesto para fines sociales - Asociaci\u00f3n Espa\u00f1ola S\u00edndrome de Charge\",\"isPartOf\":{\"@id\":\"https:\\\/\\\/sindromecharge.es\\\/#website\"},\"datePublished\":\"2021-06-10T18:27:11+00:00\",\"author\":{\"@id\":\"https:\\\/\\\/sindromecharge.es\\\/#\\\/schema\\\/person\\\/39a60ebe0a2b4d5a11179701e336b039\"},\"breadcrumb\":{\"@id\":\"https:\\\/\\\/sindromecharge.es\\\/index.php\\\/2021\\\/06\\\/10\\\/el-congreso-pide-acordar-con-las-ccaa-el-reparto-de-la-recaudacion-del-07-del-impuesto-para-fines-sociales\\\/#breadcrumb\"},\"inLanguage\":\"es\",\"potentialAction\":[{\"@type\":\"ReadAction\",\"target\":[\"https:\\\/\\\/sindromecharge.es\\\/index.php\\\/2021\\\/06\\\/10\\\/el-congreso-pide-acordar-con-las-ccaa-el-reparto-de-la-recaudacion-del-07-del-impuesto-para-fines-sociales\\\/\"]}]},{\"@type\":\"BreadcrumbList\",\"@id\":\"https:\\\/\\\/sindromecharge.es\\\/index.php\\\/2021\\\/06\\\/10\\\/el-congreso-pide-acordar-con-las-ccaa-el-reparto-de-la-recaudacion-del-07-del-impuesto-para-fines-sociales\\\/#breadcrumb\",\"itemListElement\":[{\"@type\":\"ListItem\",\"position\":1,\"name\":\"Portada\",\"item\":\"https:\\\/\\\/sindromecharge.es\\\/\"},{\"@type\":\"ListItem\",\"position\":2,\"name\":\"El Congreso pide acordar con las CCAA el reparto de la recaudaci\u00f3n del 0,7% del impuesto para fines sociales\"}]},{\"@type\":\"WebSite\",\"@id\":\"https:\\\/\\\/sindromecharge.es\\\/#website\",\"url\":\"https:\\\/\\\/sindromecharge.es\\\/\",\"name\":\"Asociaci\u00f3n Espa\u00f1ola S\u00edndrome de Charge\",\"description\":\"\",\"potentialAction\":[{\"@type\":\"SearchAction\",\"target\":{\"@type\":\"EntryPoint\",\"urlTemplate\":\"https:\\\/\\\/sindromecharge.es\\\/?s={search_term_string}\"},\"query-input\":{\"@type\":\"PropertyValueSpecification\",\"valueRequired\":true,\"valueName\":\"search_term_string\"}}],\"inLanguage\":\"es\"},{\"@type\":\"Person\",\"@id\":\"https:\\\/\\\/sindromecharge.es\\\/#\\\/schema\\\/person\\\/39a60ebe0a2b4d5a11179701e336b039\",\"name\":\"Charge\",\"image\":{\"@type\":\"ImageObject\",\"inLanguage\":\"es\",\"@id\":\"https:\\\/\\\/secure.gravatar.com\\\/avatar\\\/c3b46e32a0fc3b093a0873fb767bf3293de856293065e84ef06b7ec7a8acfb98?s=96&d=identicon&r=x\",\"url\":\"https:\\\/\\\/secure.gravatar.com\\\/avatar\\\/c3b46e32a0fc3b093a0873fb767bf3293de856293065e84ef06b7ec7a8acfb98?s=96&d=identicon&r=x\",\"contentUrl\":\"https:\\\/\\\/secure.gravatar.com\\\/avatar\\\/c3b46e32a0fc3b093a0873fb767bf3293de856293065e84ef06b7ec7a8acfb98?s=96&d=identicon&r=x\",\"caption\":\"Charge\"},\"url\":\"https:\\\/\\\/sindromecharge.es\\\/index.php\\\/author\\\/admin\\\/\"}]}<\/script>\n<!-- \/ Yoast SEO plugin. -->","yoast_head_json":{"title":"El Congreso pide acordar con las CCAA el reparto de la recaudaci\u00f3n del 0,7% del impuesto para fines sociales - Asociaci\u00f3n Espa\u00f1ola S\u00edndrome de Charge","robots":{"index":"index","follow":"follow","max-snippet":"max-snippet:-1","max-image-preview":"max-image-preview:large","max-video-preview":"max-video-preview:-1"},"canonical":"https:\/\/sindromecharge.es\/index.php\/2021\/06\/10\/el-congreso-pide-acordar-con-las-ccaa-el-reparto-de-la-recaudacion-del-07-del-impuesto-para-fines-sociales\/","og_locale":"es_ES","og_type":"article","og_title":"El Congreso pide acordar con las CCAA el reparto de la recaudaci\u00f3n del 0,7% del impuesto para fines sociales - Asociaci\u00f3n Espa\u00f1ola S\u00edndrome de Charge","og_description":"Leemos en 20minutos la siguiente noticia que os reproducimos de forma \u00edntegra: La iniciativa, que ha sido transaccionada con el PSOE, ha salido adelante con los votos a favor de los socialistas y sus socios de Gobierno. PP y Vox han votado en contra de la propuesta, mientras que ERC se ha decidido abstenerse. El [&hellip;]","og_url":"https:\/\/sindromecharge.es\/index.php\/2021\/06\/10\/el-congreso-pide-acordar-con-las-ccaa-el-reparto-de-la-recaudacion-del-07-del-impuesto-para-fines-sociales\/","og_site_name":"Asociaci\u00f3n Espa\u00f1ola S\u00edndrome de Charge","article_publisher":"https:\/\/www.facebook.com\/asociacionsindromecharge","article_published_time":"2021-06-10T18:27:11+00:00","og_image":[{"width":300,"height":98,"url":"https:\/\/sindromecharge.es\/wp-content\/uploads\/2013\/09\/logodecharge300x98.png","type":"image\/png"}],"author":"Charge","twitter_card":"summary_large_image","twitter_creator":"@sindromecharge","twitter_site":"@sindromecharge","twitter_misc":{"Escrito por":"Charge","Tiempo de lectura":"1 minuto"},"schema":{"@context":"https:\/\/schema.org","@graph":[{"@type":"Article","@id":"https:\/\/sindromecharge.es\/index.php\/2021\/06\/10\/el-congreso-pide-acordar-con-las-ccaa-el-reparto-de-la-recaudacion-del-07-del-impuesto-para-fines-sociales\/#article","isPartOf":{"@id":"https:\/\/sindromecharge.es\/index.php\/2021\/06\/10\/el-congreso-pide-acordar-con-las-ccaa-el-reparto-de-la-recaudacion-del-07-del-impuesto-para-fines-sociales\/"},"author":{"name":"Charge","@id":"https:\/\/sindromecharge.es\/#\/schema\/person\/39a60ebe0a2b4d5a11179701e336b039"},"headline":"El Congreso pide acordar con las CCAA el reparto de la recaudaci\u00f3n del 0,7% del impuesto para fines sociales","datePublished":"2021-06-10T18:27:11+00:00","mainEntityOfPage":{"@id":"https:\/\/sindromecharge.es\/index.php\/2021\/06\/10\/el-congreso-pide-acordar-con-las-ccaa-el-reparto-de-la-recaudacion-del-07-del-impuesto-para-fines-sociales\/"},"wordCount":314,"commentCount":0,"keywords":["discapacidad"],"articleSection":["noticias"],"inLanguage":"es","potentialAction":[{"@type":"CommentAction","name":"Comment","target":["https:\/\/sindromecharge.es\/index.php\/2021\/06\/10\/el-congreso-pide-acordar-con-las-ccaa-el-reparto-de-la-recaudacion-del-07-del-impuesto-para-fines-sociales\/#respond"]}]},{"@type":"WebPage","@id":"https:\/\/sindromecharge.es\/index.php\/2021\/06\/10\/el-congreso-pide-acordar-con-las-ccaa-el-reparto-de-la-recaudacion-del-07-del-impuesto-para-fines-sociales\/","url":"https:\/\/sindromecharge.es\/index.php\/2021\/06\/10\/el-congreso-pide-acordar-con-las-ccaa-el-reparto-de-la-recaudacion-del-07-del-impuesto-para-fines-sociales\/","name":"El Congreso pide acordar con las CCAA el reparto de la recaudaci\u00f3n del 0,7% del impuesto para fines sociales - Asociaci\u00f3n Espa\u00f1ola S\u00edndrome de Charge","isPartOf":{"@id":"https:\/\/sindromecharge.es\/#website"},"datePublished":"2021-06-10T18:27:11+00:00","author":{"@id":"https:\/\/sindromecharge.es\/#\/schema\/person\/39a60ebe0a2b4d5a11179701e336b039"},"breadcrumb":{"@id":"https:\/\/sindromecharge.es\/index.php\/2021\/06\/10\/el-congreso-pide-acordar-con-las-ccaa-el-reparto-de-la-recaudacion-del-07-del-impuesto-para-fines-sociales\/#breadcrumb"},"inLanguage":"es","potentialAction":[{"@type":"ReadAction","target":["https:\/\/sindromecharge.es\/index.php\/2021\/06\/10\/el-congreso-pide-acordar-con-las-ccaa-el-reparto-de-la-recaudacion-del-07-del-impuesto-para-fines-sociales\/"]}]},{"@type":"BreadcrumbList","@id":"https:\/\/sindromecharge.es\/index.php\/2021\/06\/10\/el-congreso-pide-acordar-con-las-ccaa-el-reparto-de-la-recaudacion-del-07-del-impuesto-para-fines-sociales\/#breadcrumb","itemListElement":[{"@type":"ListItem","position":1,"name":"Portada","item":"https:\/\/sindromecharge.es\/"},{"@type":"ListItem","position":2,"name":"El Congreso pide acordar con las CCAA el reparto de la recaudaci\u00f3n del 0,7% del impuesto para fines sociales"}]},{"@type":"WebSite","@id":"https:\/\/sindromecharge.es\/#website","url":"https:\/\/sindromecharge.es\/","name":"Asociaci\u00f3n Espa\u00f1ola S\u00edndrome de Charge","description":"","potentialAction":[{"@type":"SearchAction","target":{"@type":"EntryPoint","urlTemplate":"https:\/\/sindromecharge.es\/?s={search_term_string}"},"query-input":{"@type":"PropertyValueSpecification","valueRequired":true,"valueName":"search_term_string"}}],"inLanguage":"es"},{"@type":"Person","@id":"https:\/\/sindromecharge.es\/#\/schema\/person\/39a60ebe0a2b4d5a11179701e336b039","name":"Charge","image":{"@type":"ImageObject","inLanguage":"es","@id":"https:\/\/secure.gravatar.com\/avatar\/c3b46e32a0fc3b093a0873fb767bf3293de856293065e84ef06b7ec7a8acfb98?s=96&d=identicon&r=x","url":"https:\/\/secure.gravatar.com\/avatar\/c3b46e32a0fc3b093a0873fb767bf3293de856293065e84ef06b7ec7a8acfb98?s=96&d=identicon&r=x","contentUrl":"https:\/\/secure.gravatar.com\/avatar\/c3b46e32a0fc3b093a0873fb767bf3293de856293065e84ef06b7ec7a8acfb98?s=96&d=identicon&r=x","caption":"Charge"},"url":"https:\/\/sindromecharge.es\/index.php\/author\/admin\/"}]}},"_links":{"self":[{"href":"https:\/\/sindromecharge.es\/index.php\/wp-json\/wp\/v2\/posts\/7274","targetHints":{"allow":["GET"]}}],"collection":[{"href":"https:\/\/sindromecharge.es\/index.php\/wp-json\/wp\/v2\/posts"}],"about":[{"href":"https:\/\/sindromecharge.es\/index.php\/wp-json\/wp\/v2\/types\/post"}],"author":[{"embeddable":true,"href":"https:\/\/sindromecharge.es\/index.php\/wp-json\/wp\/v2\/users\/1"}],"replies":[{"embeddable":true,"href":"https:\/\/sindromecharge.es\/index.php\/wp-json\/wp\/v2\/comments?post=7274"}],"version-history":[{"count":0,"href":"https:\/\/sindromecharge.es\/index.php\/wp-json\/wp\/v2\/posts\/7274\/revisions"}],"wp:attachment":[{"href":"https:\/\/sindromecharge.es\/index.php\/wp-json\/wp\/v2\/media?parent=7274"}],"wp:term":[{"taxonomy":"category","embeddable":true,"href":"https:\/\/sindromecharge.es\/index.php\/wp-json\/wp\/v2\/categories?post=7274"},{"taxonomy":"post_tag","embeddable":true,"href":"https:\/\/sindromecharge.es\/index.php\/wp-json\/wp\/v2\/tags?post=7274"}],"curies":[{"name":"wp","href":"https:\/\/api.w.org\/{rel}","templated":true}]}}