{"id":7273,"date":"2021-06-10T16:59:08","date_gmt":"2021-06-10T16:59:08","guid":{"rendered":"https:\/\/sindromecharge.es\/index.php\/2021\/06\/10\/psoe-valora-decreto-del-gobierno-para-favorecer-el-empleo-de-unas-28-500-personas-con-capacidad-intelectual-limite\/"},"modified":"2021-06-10T16:59:08","modified_gmt":"2021-06-10T16:59:08","slug":"psoe-valora-decreto-del-gobierno-para-favorecer-el-empleo-de-unas-28-500-personas-con-capacidad-intelectual-limite","status":"publish","type":"post","link":"https:\/\/sindromecharge.es\/index.php\/2021\/06\/10\/psoe-valora-decreto-del-gobierno-para-favorecer-el-empleo-de-unas-28-500-personas-con-capacidad-intelectual-limite\/","title":{"rendered":"PSOE valora decreto del Gobierno para favorecer el empleo de unas 28.500 personas con capacidad intelectual l\u00edmite"},"content":{"rendered":"<p>Leemos en 20minutos la siguiente noticia que os reproducimos de forma \u00edntegra: <\/p>\n<p>\u00abEs una iniciativa de gran calado social que va a promover y a incentivar la entrada en el mercado laboral de miles de personas que no tienen reconocido el grado de discapacidad que da derecho a una prestaci\u00f3n y que sufren serias dificultades para lograr un puesto de trabajo\u00bb, ha explicado este jueves en una nota la senadora socialista Micaela Navarro.<\/p>\n<p>Seg\u00fan ha detallado, el texto beneficia a 26.278 jiennenses que no alcanzan el grado de discapacidad, pero cuya valoraci\u00f3n est\u00e1 entre el 20 y el 33 por ciento de capacidad intelectual l\u00edmite, as\u00ed como a otros 2.258 jiennenses con discapacidad auditiva superior al 33 por ciento.<\/p>\n<p>\u00abEl Gobierno de Espa\u00f1a vuelve a dar otro ejemplo de sensibilidad y compromiso con estos colectivos al impulsar una serie de medidas que van a permitir superar las barreras y los obst\u00e1culos con que se encuentran para poder acceder a un empleo\u00bb, ha afirmado.<\/p>\n<p>As\u00ed las cosas, los empleadores tendr\u00e1n la posibilidad de solicitar subvenciones para realizar las adaptaciones que sean necesarias en el centro de trabajo y eliminar las barreras que impidan o dificulten la labor de estas personas. Adem\u00e1s, se articular\u00e1n subvenciones de 2.000 euros por cada contrato de trabajo indefinido a tiempo completo para personas con capacidad intelectual l\u00edmite.<\/p>\n<p>De igual modo, los contratos de formaci\u00f3n y aprendizaje se podr\u00e1n ampliar hasta un plazo m\u00e1ximo de cuatro a\u00f1os cuando el trabajador no haya alcanzado el nivel m\u00ednimo de conocimientos exigidos para desempe\u00f1ar el puesto de trabajo. Todo ello contando con los informes competentes y teniendo en cuenta el tipo y grado de limitaci\u00f3n del trabajador, as\u00ed como las propias caracter\u00edsticas del proceso formativo.<\/p>\n<p>\u00abEn definitiva, el Gobierno de Espa\u00f1a pone encima de la mesa una bater\u00eda de medidas y bonificaciones que van a permitir impulsar la contrataci\u00f3n de m\u00e1s 28.500 hombres y mujeres de la provincia de Ja\u00e9n que a d\u00eda de hoy sufren obst\u00e1culos y trabas por su cociente intelectual o por su discapacidad auditiva. Es un paso m\u00e1s en la igualdad de oportunidades y en el compromiso activo con estos colectivos\u00bb, ha destacad Navarro.<\/p>\n<p>En este sentido, ha se\u00f1alado que hace pocas semanas tambi\u00e9n se aprob\u00f3 una reforma de la legislaci\u00f3n civil y procesal que va a garantizar la autonom\u00eda de m\u00e1s de 46.000 personas discapacitadas en la provincia de Ja\u00e9n en el ejercicio de su capacidad jur\u00eddica.<\/p>\n<p>\u00abGracias a la iniciativa socialista, esas personas que sufren alg\u00fan tipo de discapacidad f\u00edsica, ps\u00edquica o sensorial pueden acceder a la justicia en igualdad de condiciones a las del resto de la ciudadan\u00eda, pueden comprarse una vivienda, firmar una hipoteca, decidir sobre su patrimonio o tomar una herencia en una notar\u00eda\u00bb, ha concluido.<\/p>\n<p>Fuente: 20minutos <a href=\"https:\/\/www.20minutos.es\/noticia\/4726146\/0\/psoe-valora-decreto-del-gobierno-para-favorecer-el-empleo-de-unas-28-500-personas-con-capacidad-intelectual-limite\/\" target=\"_blank\" rel=\"noopener\">PSOE valora decreto del Gobierno para favorecer el empleo de unas 28.500 personas con capacidad intelectual l\u00edmite<\/a><\/p>\n","protected":false},"excerpt":{"rendered":"<p>Leemos en 20minutos la siguiente noticia que os reproducimos de forma \u00edntegra: \u00abEs una iniciativa de gran calado social que va a promover y a incentivar la entrada en el mercado laboral de miles de personas que no tienen reconocido el grado de discapacidad que da derecho a una prestaci\u00f3n y que sufren serias dificultades [&hellip;]<\/p>\n","protected":false},"author":1,"featured_media":0,"comment_status":"open","ping_status":"closed","sticky":false,"template":"","format":"standard","meta":{"footnotes":""},"categories":[8],"tags":[31],"class_list":["post-7273","post","type-post","status-publish","format-standard","hentry","category-noticias","tag-discapacidad"],"yoast_head":"<!-- This site is optimized with the Yoast SEO plugin v27.4 - https:\/\/yoast.com\/product\/yoast-seo-wordpress\/ -->\n<title>PSOE valora decreto del Gobierno para favorecer el empleo de unas 28.500 personas con capacidad intelectual l\u00edmite - Asociaci\u00f3n Espa\u00f1ola S\u00edndrome de Charge<\/title>\n<meta name=\"robots\" content=\"index, follow, max-snippet:-1, max-image-preview:large, max-video-preview:-1\" \/>\n<link rel=\"canonical\" href=\"https:\/\/sindromecharge.es\/index.php\/2021\/06\/10\/psoe-valora-decreto-del-gobierno-para-favorecer-el-empleo-de-unas-28-500-personas-con-capacidad-intelectual-limite\/\" \/>\n<meta property=\"og:locale\" content=\"es_ES\" \/>\n<meta property=\"og:type\" content=\"article\" \/>\n<meta property=\"og:title\" content=\"PSOE valora decreto del Gobierno para favorecer el empleo de unas 28.500 personas con capacidad intelectual l\u00edmite - Asociaci\u00f3n Espa\u00f1ola S\u00edndrome de Charge\" \/>\n<meta property=\"og:description\" content=\"Leemos en 20minutos la siguiente noticia que os reproducimos de forma \u00edntegra: \u00abEs una iniciativa de gran calado social que va a promover y a incentivar la entrada en el mercado laboral de miles de personas que no tienen reconocido el grado de discapacidad que da derecho a una prestaci\u00f3n y que sufren serias dificultades [&hellip;]\" \/>\n<meta property=\"og:url\" content=\"https:\/\/sindromecharge.es\/index.php\/2021\/06\/10\/psoe-valora-decreto-del-gobierno-para-favorecer-el-empleo-de-unas-28-500-personas-con-capacidad-intelectual-limite\/\" \/>\n<meta property=\"og:site_name\" content=\"Asociaci\u00f3n Espa\u00f1ola S\u00edndrome de Charge\" \/>\n<meta property=\"article:publisher\" content=\"https:\/\/www.facebook.com\/asociacionsindromecharge\" \/>\n<meta property=\"article:published_time\" content=\"2021-06-10T16:59:08+00:00\" \/>\n<meta property=\"og:image\" content=\"https:\/\/sindromecharge.es\/wp-content\/uploads\/2013\/09\/logodecharge300x98.png\" \/>\n\t<meta property=\"og:image:width\" content=\"300\" \/>\n\t<meta property=\"og:image:height\" content=\"98\" \/>\n\t<meta property=\"og:image:type\" content=\"image\/png\" \/>\n<meta name=\"author\" content=\"Charge\" \/>\n<meta name=\"twitter:card\" content=\"summary_large_image\" \/>\n<meta name=\"twitter:creator\" content=\"@sindromecharge\" \/>\n<meta name=\"twitter:site\" content=\"@sindromecharge\" \/>\n<meta name=\"twitter:label1\" content=\"Escrito por\" \/>\n\t<meta name=\"twitter:data1\" content=\"Charge\" \/>\n\t<meta name=\"twitter:label2\" content=\"Tiempo de lectura\" \/>\n\t<meta name=\"twitter:data2\" content=\"3 minutos\" \/>\n<script type=\"application\/ld+json\" class=\"yoast-schema-graph\">{\"@context\":\"https:\\\/\\\/schema.org\",\"@graph\":[{\"@type\":\"Article\",\"@id\":\"https:\\\/\\\/sindromecharge.es\\\/index.php\\\/2021\\\/06\\\/10\\\/psoe-valora-decreto-del-gobierno-para-favorecer-el-empleo-de-unas-28-500-personas-con-capacidad-intelectual-limite\\\/#article\",\"isPartOf\":{\"@id\":\"https:\\\/\\\/sindromecharge.es\\\/index.php\\\/2021\\\/06\\\/10\\\/psoe-valora-decreto-del-gobierno-para-favorecer-el-empleo-de-unas-28-500-personas-con-capacidad-intelectual-limite\\\/\"},\"author\":{\"name\":\"Charge\",\"@id\":\"https:\\\/\\\/sindromecharge.es\\\/#\\\/schema\\\/person\\\/39a60ebe0a2b4d5a11179701e336b039\"},\"headline\":\"PSOE valora decreto del Gobierno para favorecer el empleo de unas 28.500 personas con capacidad intelectual l\u00edmite\",\"datePublished\":\"2021-06-10T16:59:08+00:00\",\"mainEntityOfPage\":{\"@id\":\"https:\\\/\\\/sindromecharge.es\\\/index.php\\\/2021\\\/06\\\/10\\\/psoe-valora-decreto-del-gobierno-para-favorecer-el-empleo-de-unas-28-500-personas-con-capacidad-intelectual-limite\\\/\"},\"wordCount\":521,\"commentCount\":0,\"keywords\":[\"discapacidad\"],\"articleSection\":[\"noticias\"],\"inLanguage\":\"es\",\"potentialAction\":[{\"@type\":\"CommentAction\",\"name\":\"Comment\",\"target\":[\"https:\\\/\\\/sindromecharge.es\\\/index.php\\\/2021\\\/06\\\/10\\\/psoe-valora-decreto-del-gobierno-para-favorecer-el-empleo-de-unas-28-500-personas-con-capacidad-intelectual-limite\\\/#respond\"]}]},{\"@type\":\"WebPage\",\"@id\":\"https:\\\/\\\/sindromecharge.es\\\/index.php\\\/2021\\\/06\\\/10\\\/psoe-valora-decreto-del-gobierno-para-favorecer-el-empleo-de-unas-28-500-personas-con-capacidad-intelectual-limite\\\/\",\"url\":\"https:\\\/\\\/sindromecharge.es\\\/index.php\\\/2021\\\/06\\\/10\\\/psoe-valora-decreto-del-gobierno-para-favorecer-el-empleo-de-unas-28-500-personas-con-capacidad-intelectual-limite\\\/\",\"name\":\"PSOE valora decreto del Gobierno para favorecer el empleo de unas 28.500 personas con capacidad intelectual l\u00edmite - Asociaci\u00f3n Espa\u00f1ola S\u00edndrome de Charge\",\"isPartOf\":{\"@id\":\"https:\\\/\\\/sindromecharge.es\\\/#website\"},\"datePublished\":\"2021-06-10T16:59:08+00:00\",\"author\":{\"@id\":\"https:\\\/\\\/sindromecharge.es\\\/#\\\/schema\\\/person\\\/39a60ebe0a2b4d5a11179701e336b039\"},\"breadcrumb\":{\"@id\":\"https:\\\/\\\/sindromecharge.es\\\/index.php\\\/2021\\\/06\\\/10\\\/psoe-valora-decreto-del-gobierno-para-favorecer-el-empleo-de-unas-28-500-personas-con-capacidad-intelectual-limite\\\/#breadcrumb\"},\"inLanguage\":\"es\",\"potentialAction\":[{\"@type\":\"ReadAction\",\"target\":[\"https:\\\/\\\/sindromecharge.es\\\/index.php\\\/2021\\\/06\\\/10\\\/psoe-valora-decreto-del-gobierno-para-favorecer-el-empleo-de-unas-28-500-personas-con-capacidad-intelectual-limite\\\/\"]}]},{\"@type\":\"BreadcrumbList\",\"@id\":\"https:\\\/\\\/sindromecharge.es\\\/index.php\\\/2021\\\/06\\\/10\\\/psoe-valora-decreto-del-gobierno-para-favorecer-el-empleo-de-unas-28-500-personas-con-capacidad-intelectual-limite\\\/#breadcrumb\",\"itemListElement\":[{\"@type\":\"ListItem\",\"position\":1,\"name\":\"Portada\",\"item\":\"https:\\\/\\\/sindromecharge.es\\\/\"},{\"@type\":\"ListItem\",\"position\":2,\"name\":\"PSOE valora decreto del Gobierno para favorecer el empleo de unas 28.500 personas con capacidad intelectual l\u00edmite\"}]},{\"@type\":\"WebSite\",\"@id\":\"https:\\\/\\\/sindromecharge.es\\\/#website\",\"url\":\"https:\\\/\\\/sindromecharge.es\\\/\",\"name\":\"Asociaci\u00f3n Espa\u00f1ola S\u00edndrome de Charge\",\"description\":\"\",\"potentialAction\":[{\"@type\":\"SearchAction\",\"target\":{\"@type\":\"EntryPoint\",\"urlTemplate\":\"https:\\\/\\\/sindromecharge.es\\\/?s={search_term_string}\"},\"query-input\":{\"@type\":\"PropertyValueSpecification\",\"valueRequired\":true,\"valueName\":\"search_term_string\"}}],\"inLanguage\":\"es\"},{\"@type\":\"Person\",\"@id\":\"https:\\\/\\\/sindromecharge.es\\\/#\\\/schema\\\/person\\\/39a60ebe0a2b4d5a11179701e336b039\",\"name\":\"Charge\",\"image\":{\"@type\":\"ImageObject\",\"inLanguage\":\"es\",\"@id\":\"https:\\\/\\\/secure.gravatar.com\\\/avatar\\\/c3b46e32a0fc3b093a0873fb767bf3293de856293065e84ef06b7ec7a8acfb98?s=96&d=identicon&r=x\",\"url\":\"https:\\\/\\\/secure.gravatar.com\\\/avatar\\\/c3b46e32a0fc3b093a0873fb767bf3293de856293065e84ef06b7ec7a8acfb98?s=96&d=identicon&r=x\",\"contentUrl\":\"https:\\\/\\\/secure.gravatar.com\\\/avatar\\\/c3b46e32a0fc3b093a0873fb767bf3293de856293065e84ef06b7ec7a8acfb98?s=96&d=identicon&r=x\",\"caption\":\"Charge\"},\"url\":\"https:\\\/\\\/sindromecharge.es\\\/index.php\\\/author\\\/admin\\\/\"}]}<\/script>\n<!-- \/ Yoast SEO plugin. -->","yoast_head_json":{"title":"PSOE valora decreto del Gobierno para favorecer el empleo de unas 28.500 personas con capacidad intelectual l\u00edmite - Asociaci\u00f3n Espa\u00f1ola S\u00edndrome de Charge","robots":{"index":"index","follow":"follow","max-snippet":"max-snippet:-1","max-image-preview":"max-image-preview:large","max-video-preview":"max-video-preview:-1"},"canonical":"https:\/\/sindromecharge.es\/index.php\/2021\/06\/10\/psoe-valora-decreto-del-gobierno-para-favorecer-el-empleo-de-unas-28-500-personas-con-capacidad-intelectual-limite\/","og_locale":"es_ES","og_type":"article","og_title":"PSOE valora decreto del Gobierno para favorecer el empleo de unas 28.500 personas con capacidad intelectual l\u00edmite - Asociaci\u00f3n Espa\u00f1ola S\u00edndrome de Charge","og_description":"Leemos en 20minutos la siguiente noticia que os reproducimos de forma \u00edntegra: \u00abEs una iniciativa de gran calado social que va a promover y a incentivar la entrada en el mercado laboral de miles de personas que no tienen reconocido el grado de discapacidad que da derecho a una prestaci\u00f3n y que sufren serias dificultades [&hellip;]","og_url":"https:\/\/sindromecharge.es\/index.php\/2021\/06\/10\/psoe-valora-decreto-del-gobierno-para-favorecer-el-empleo-de-unas-28-500-personas-con-capacidad-intelectual-limite\/","og_site_name":"Asociaci\u00f3n Espa\u00f1ola S\u00edndrome de Charge","article_publisher":"https:\/\/www.facebook.com\/asociacionsindromecharge","article_published_time":"2021-06-10T16:59:08+00:00","og_image":[{"width":300,"height":98,"url":"https:\/\/sindromecharge.es\/wp-content\/uploads\/2013\/09\/logodecharge300x98.png","type":"image\/png"}],"author":"Charge","twitter_card":"summary_large_image","twitter_creator":"@sindromecharge","twitter_site":"@sindromecharge","twitter_misc":{"Escrito por":"Charge","Tiempo de lectura":"3 minutos"},"schema":{"@context":"https:\/\/schema.org","@graph":[{"@type":"Article","@id":"https:\/\/sindromecharge.es\/index.php\/2021\/06\/10\/psoe-valora-decreto-del-gobierno-para-favorecer-el-empleo-de-unas-28-500-personas-con-capacidad-intelectual-limite\/#article","isPartOf":{"@id":"https:\/\/sindromecharge.es\/index.php\/2021\/06\/10\/psoe-valora-decreto-del-gobierno-para-favorecer-el-empleo-de-unas-28-500-personas-con-capacidad-intelectual-limite\/"},"author":{"name":"Charge","@id":"https:\/\/sindromecharge.es\/#\/schema\/person\/39a60ebe0a2b4d5a11179701e336b039"},"headline":"PSOE valora decreto del Gobierno para favorecer el empleo de unas 28.500 personas con capacidad intelectual l\u00edmite","datePublished":"2021-06-10T16:59:08+00:00","mainEntityOfPage":{"@id":"https:\/\/sindromecharge.es\/index.php\/2021\/06\/10\/psoe-valora-decreto-del-gobierno-para-favorecer-el-empleo-de-unas-28-500-personas-con-capacidad-intelectual-limite\/"},"wordCount":521,"commentCount":0,"keywords":["discapacidad"],"articleSection":["noticias"],"inLanguage":"es","potentialAction":[{"@type":"CommentAction","name":"Comment","target":["https:\/\/sindromecharge.es\/index.php\/2021\/06\/10\/psoe-valora-decreto-del-gobierno-para-favorecer-el-empleo-de-unas-28-500-personas-con-capacidad-intelectual-limite\/#respond"]}]},{"@type":"WebPage","@id":"https:\/\/sindromecharge.es\/index.php\/2021\/06\/10\/psoe-valora-decreto-del-gobierno-para-favorecer-el-empleo-de-unas-28-500-personas-con-capacidad-intelectual-limite\/","url":"https:\/\/sindromecharge.es\/index.php\/2021\/06\/10\/psoe-valora-decreto-del-gobierno-para-favorecer-el-empleo-de-unas-28-500-personas-con-capacidad-intelectual-limite\/","name":"PSOE valora decreto del Gobierno para favorecer el empleo de unas 28.500 personas con capacidad intelectual l\u00edmite - Asociaci\u00f3n Espa\u00f1ola S\u00edndrome de Charge","isPartOf":{"@id":"https:\/\/sindromecharge.es\/#website"},"datePublished":"2021-06-10T16:59:08+00:00","author":{"@id":"https:\/\/sindromecharge.es\/#\/schema\/person\/39a60ebe0a2b4d5a11179701e336b039"},"breadcrumb":{"@id":"https:\/\/sindromecharge.es\/index.php\/2021\/06\/10\/psoe-valora-decreto-del-gobierno-para-favorecer-el-empleo-de-unas-28-500-personas-con-capacidad-intelectual-limite\/#breadcrumb"},"inLanguage":"es","potentialAction":[{"@type":"ReadAction","target":["https:\/\/sindromecharge.es\/index.php\/2021\/06\/10\/psoe-valora-decreto-del-gobierno-para-favorecer-el-empleo-de-unas-28-500-personas-con-capacidad-intelectual-limite\/"]}]},{"@type":"BreadcrumbList","@id":"https:\/\/sindromecharge.es\/index.php\/2021\/06\/10\/psoe-valora-decreto-del-gobierno-para-favorecer-el-empleo-de-unas-28-500-personas-con-capacidad-intelectual-limite\/#breadcrumb","itemListElement":[{"@type":"ListItem","position":1,"name":"Portada","item":"https:\/\/sindromecharge.es\/"},{"@type":"ListItem","position":2,"name":"PSOE valora decreto del Gobierno para favorecer el empleo de unas 28.500 personas con capacidad intelectual l\u00edmite"}]},{"@type":"WebSite","@id":"https:\/\/sindromecharge.es\/#website","url":"https:\/\/sindromecharge.es\/","name":"Asociaci\u00f3n Espa\u00f1ola S\u00edndrome de Charge","description":"","potentialAction":[{"@type":"SearchAction","target":{"@type":"EntryPoint","urlTemplate":"https:\/\/sindromecharge.es\/?s={search_term_string}"},"query-input":{"@type":"PropertyValueSpecification","valueRequired":true,"valueName":"search_term_string"}}],"inLanguage":"es"},{"@type":"Person","@id":"https:\/\/sindromecharge.es\/#\/schema\/person\/39a60ebe0a2b4d5a11179701e336b039","name":"Charge","image":{"@type":"ImageObject","inLanguage":"es","@id":"https:\/\/secure.gravatar.com\/avatar\/c3b46e32a0fc3b093a0873fb767bf3293de856293065e84ef06b7ec7a8acfb98?s=96&d=identicon&r=x","url":"https:\/\/secure.gravatar.com\/avatar\/c3b46e32a0fc3b093a0873fb767bf3293de856293065e84ef06b7ec7a8acfb98?s=96&d=identicon&r=x","contentUrl":"https:\/\/secure.gravatar.com\/avatar\/c3b46e32a0fc3b093a0873fb767bf3293de856293065e84ef06b7ec7a8acfb98?s=96&d=identicon&r=x","caption":"Charge"},"url":"https:\/\/sindromecharge.es\/index.php\/author\/admin\/"}]}},"_links":{"self":[{"href":"https:\/\/sindromecharge.es\/index.php\/wp-json\/wp\/v2\/posts\/7273","targetHints":{"allow":["GET"]}}],"collection":[{"href":"https:\/\/sindromecharge.es\/index.php\/wp-json\/wp\/v2\/posts"}],"about":[{"href":"https:\/\/sindromecharge.es\/index.php\/wp-json\/wp\/v2\/types\/post"}],"author":[{"embeddable":true,"href":"https:\/\/sindromecharge.es\/index.php\/wp-json\/wp\/v2\/users\/1"}],"replies":[{"embeddable":true,"href":"https:\/\/sindromecharge.es\/index.php\/wp-json\/wp\/v2\/comments?post=7273"}],"version-history":[{"count":0,"href":"https:\/\/sindromecharge.es\/index.php\/wp-json\/wp\/v2\/posts\/7273\/revisions"}],"wp:attachment":[{"href":"https:\/\/sindromecharge.es\/index.php\/wp-json\/wp\/v2\/media?parent=7273"}],"wp:term":[{"taxonomy":"category","embeddable":true,"href":"https:\/\/sindromecharge.es\/index.php\/wp-json\/wp\/v2\/categories?post=7273"},{"taxonomy":"post_tag","embeddable":true,"href":"https:\/\/sindromecharge.es\/index.php\/wp-json\/wp\/v2\/tags?post=7273"}],"curies":[{"name":"wp","href":"https:\/\/api.w.org\/{rel}","templated":true}]}}