{"id":7272,"date":"2021-06-10T11:49:27","date_gmt":"2021-06-10T11:49:27","guid":{"rendered":"https:\/\/sindromecharge.es\/index.php\/2021\/06\/10\/destinados-715-000-euros-para-contratar-interpretes-de-lengua-de-signos-para-alumnos-con-discapacidad-auditiva\/"},"modified":"2021-06-10T11:49:27","modified_gmt":"2021-06-10T11:49:27","slug":"destinados-715-000-euros-para-contratar-interpretes-de-lengua-de-signos-para-alumnos-con-discapacidad-auditiva","status":"publish","type":"post","link":"https:\/\/sindromecharge.es\/index.php\/2021\/06\/10\/destinados-715-000-euros-para-contratar-interpretes-de-lengua-de-signos-para-alumnos-con-discapacidad-auditiva\/","title":{"rendered":"Destinados 715.000 euros para contratar int\u00e9rpretes de lengua de signos para alumnos con discapacidad auditiva"},"content":{"rendered":"<p>Leemos en 20minutos la siguiente noticia que os reproducimos de forma \u00edntegra: <\/p>\n<p>Educaci\u00f3n ya ha iniciado la tramitaci\u00f3n para contratar el servicio de interpretaci\u00f3n de lenguaje de signos lo que  permitir\u00e1 facilitar a dicho alumnado una adecuada inserci\u00f3n escolar y social.<\/p>\n<p>La prestaci\u00f3n del servicio se desarrollar\u00e1 en centros p\u00fablicos situados tanto en capitales de provincia como en otras localidades en las que sea preciso satisfacer este servicio en funci\u00f3n de la demanda del alumnado. El n\u00famero de usuarios oscila a lo largo del curso escolar, en un intervalo comprendido entre 70 y 80.<\/p>\n<p>El per\u00edodo de ejecuci\u00f3n previsto es desde el 1 de septiembre de 2021, o desde la fecha de formalizaci\u00f3n del contrato si esta fuera posterior, hasta el 31 de agosto de 2022, pudi\u00e9ndose prorrogar por otros 12 meses a contar desde el 1 de septiembre de 2022 hasta el 31 de agosto de 2023, realiz\u00e1ndose el servicio durante los d\u00edas lectivos de dichos cursos escolares.<\/p>\n<p>El profesional seleccionado deber\u00e1 poseer una experiencia de al menos un a\u00f1o en el desempe\u00f1o de actividades en el \u00e1mbito educativo y poseer el t\u00edtulo de T\u00e9cnico Superior en Mediaci\u00f3n Comunicativa o el t\u00edtulo de T\u00e9cnico Superior en Interpretaci\u00f3n de la Lengua de Signos.<\/p>\n<p>Fuente: 20minutos <a href=\"https:\/\/www.20minutos.es\/noticia\/4725493\/0\/destinados-715-000-euros-para-contratar-interpretes-de-lengua-de-signos-para-alumnos-con-discapacidad-auditiva\/\" target=\"_blank\" rel=\"noopener\">Destinados 715.000 euros para contratar int\u00e9rpretes de lengua de signos para alumnos con discapacidad auditiva<\/a><\/p>\n","protected":false},"excerpt":{"rendered":"<p>Leemos en 20minutos la siguiente noticia que os reproducimos de forma \u00edntegra: Educaci\u00f3n ya ha iniciado la tramitaci\u00f3n para contratar el servicio de interpretaci\u00f3n de lenguaje de signos lo que permitir\u00e1 facilitar a dicho alumnado una adecuada inserci\u00f3n escolar y social. La prestaci\u00f3n del servicio se desarrollar\u00e1 en centros p\u00fablicos situados tanto en capitales de [&hellip;]<\/p>\n","protected":false},"author":1,"featured_media":0,"comment_status":"open","ping_status":"closed","sticky":false,"template":"","format":"standard","meta":{"footnotes":""},"categories":[8],"tags":[31],"class_list":["post-7272","post","type-post","status-publish","format-standard","hentry","category-noticias","tag-discapacidad"],"yoast_head":"<!-- This site is optimized with the Yoast SEO plugin v27.4 - https:\/\/yoast.com\/product\/yoast-seo-wordpress\/ -->\n<title>Destinados 715.000 euros para contratar int\u00e9rpretes de lengua de signos para alumnos con discapacidad auditiva - Asociaci\u00f3n Espa\u00f1ola S\u00edndrome de Charge<\/title>\n<meta name=\"robots\" content=\"index, follow, max-snippet:-1, max-image-preview:large, max-video-preview:-1\" \/>\n<link rel=\"canonical\" href=\"https:\/\/sindromecharge.es\/index.php\/2021\/06\/10\/destinados-715-000-euros-para-contratar-interpretes-de-lengua-de-signos-para-alumnos-con-discapacidad-auditiva\/\" \/>\n<meta property=\"og:locale\" content=\"es_ES\" \/>\n<meta property=\"og:type\" content=\"article\" \/>\n<meta property=\"og:title\" content=\"Destinados 715.000 euros para contratar int\u00e9rpretes de lengua de signos para alumnos con discapacidad auditiva - Asociaci\u00f3n Espa\u00f1ola S\u00edndrome de Charge\" \/>\n<meta property=\"og:description\" content=\"Leemos en 20minutos la siguiente noticia que os reproducimos de forma \u00edntegra: Educaci\u00f3n ya ha iniciado la tramitaci\u00f3n para contratar el servicio de interpretaci\u00f3n de lenguaje de signos lo que permitir\u00e1 facilitar a dicho alumnado una adecuada inserci\u00f3n escolar y social. La prestaci\u00f3n del servicio se desarrollar\u00e1 en centros p\u00fablicos situados tanto en capitales de [&hellip;]\" \/>\n<meta property=\"og:url\" content=\"https:\/\/sindromecharge.es\/index.php\/2021\/06\/10\/destinados-715-000-euros-para-contratar-interpretes-de-lengua-de-signos-para-alumnos-con-discapacidad-auditiva\/\" \/>\n<meta property=\"og:site_name\" content=\"Asociaci\u00f3n Espa\u00f1ola S\u00edndrome de Charge\" \/>\n<meta property=\"article:publisher\" content=\"https:\/\/www.facebook.com\/asociacionsindromecharge\" \/>\n<meta property=\"article:published_time\" content=\"2021-06-10T11:49:27+00:00\" \/>\n<meta property=\"og:image\" content=\"https:\/\/sindromecharge.es\/wp-content\/uploads\/2013\/09\/logodecharge300x98.png\" \/>\n\t<meta property=\"og:image:width\" content=\"300\" \/>\n\t<meta property=\"og:image:height\" content=\"98\" \/>\n\t<meta property=\"og:image:type\" content=\"image\/png\" \/>\n<meta name=\"author\" content=\"Charge\" \/>\n<meta name=\"twitter:card\" content=\"summary_large_image\" \/>\n<meta name=\"twitter:creator\" content=\"@sindromecharge\" \/>\n<meta name=\"twitter:site\" content=\"@sindromecharge\" \/>\n<meta name=\"twitter:label1\" content=\"Escrito por\" \/>\n\t<meta name=\"twitter:data1\" content=\"Charge\" \/>\n\t<meta name=\"twitter:label2\" content=\"Tiempo de lectura\" \/>\n\t<meta name=\"twitter:data2\" content=\"1 minuto\" \/>\n<script type=\"application\/ld+json\" class=\"yoast-schema-graph\">{\"@context\":\"https:\\\/\\\/schema.org\",\"@graph\":[{\"@type\":\"Article\",\"@id\":\"https:\\\/\\\/sindromecharge.es\\\/index.php\\\/2021\\\/06\\\/10\\\/destinados-715-000-euros-para-contratar-interpretes-de-lengua-de-signos-para-alumnos-con-discapacidad-auditiva\\\/#article\",\"isPartOf\":{\"@id\":\"https:\\\/\\\/sindromecharge.es\\\/index.php\\\/2021\\\/06\\\/10\\\/destinados-715-000-euros-para-contratar-interpretes-de-lengua-de-signos-para-alumnos-con-discapacidad-auditiva\\\/\"},\"author\":{\"name\":\"Charge\",\"@id\":\"https:\\\/\\\/sindromecharge.es\\\/#\\\/schema\\\/person\\\/39a60ebe0a2b4d5a11179701e336b039\"},\"headline\":\"Destinados 715.000 euros para contratar int\u00e9rpretes de lengua de signos para alumnos con discapacidad auditiva\",\"datePublished\":\"2021-06-10T11:49:27+00:00\",\"mainEntityOfPage\":{\"@id\":\"https:\\\/\\\/sindromecharge.es\\\/index.php\\\/2021\\\/06\\\/10\\\/destinados-715-000-euros-para-contratar-interpretes-de-lengua-de-signos-para-alumnos-con-discapacidad-auditiva\\\/\"},\"wordCount\":246,\"commentCount\":0,\"keywords\":[\"discapacidad\"],\"articleSection\":[\"noticias\"],\"inLanguage\":\"es\",\"potentialAction\":[{\"@type\":\"CommentAction\",\"name\":\"Comment\",\"target\":[\"https:\\\/\\\/sindromecharge.es\\\/index.php\\\/2021\\\/06\\\/10\\\/destinados-715-000-euros-para-contratar-interpretes-de-lengua-de-signos-para-alumnos-con-discapacidad-auditiva\\\/#respond\"]}]},{\"@type\":\"WebPage\",\"@id\":\"https:\\\/\\\/sindromecharge.es\\\/index.php\\\/2021\\\/06\\\/10\\\/destinados-715-000-euros-para-contratar-interpretes-de-lengua-de-signos-para-alumnos-con-discapacidad-auditiva\\\/\",\"url\":\"https:\\\/\\\/sindromecharge.es\\\/index.php\\\/2021\\\/06\\\/10\\\/destinados-715-000-euros-para-contratar-interpretes-de-lengua-de-signos-para-alumnos-con-discapacidad-auditiva\\\/\",\"name\":\"Destinados 715.000 euros para contratar int\u00e9rpretes de lengua de signos para alumnos con discapacidad auditiva - Asociaci\u00f3n Espa\u00f1ola S\u00edndrome de Charge\",\"isPartOf\":{\"@id\":\"https:\\\/\\\/sindromecharge.es\\\/#website\"},\"datePublished\":\"2021-06-10T11:49:27+00:00\",\"author\":{\"@id\":\"https:\\\/\\\/sindromecharge.es\\\/#\\\/schema\\\/person\\\/39a60ebe0a2b4d5a11179701e336b039\"},\"breadcrumb\":{\"@id\":\"https:\\\/\\\/sindromecharge.es\\\/index.php\\\/2021\\\/06\\\/10\\\/destinados-715-000-euros-para-contratar-interpretes-de-lengua-de-signos-para-alumnos-con-discapacidad-auditiva\\\/#breadcrumb\"},\"inLanguage\":\"es\",\"potentialAction\":[{\"@type\":\"ReadAction\",\"target\":[\"https:\\\/\\\/sindromecharge.es\\\/index.php\\\/2021\\\/06\\\/10\\\/destinados-715-000-euros-para-contratar-interpretes-de-lengua-de-signos-para-alumnos-con-discapacidad-auditiva\\\/\"]}]},{\"@type\":\"BreadcrumbList\",\"@id\":\"https:\\\/\\\/sindromecharge.es\\\/index.php\\\/2021\\\/06\\\/10\\\/destinados-715-000-euros-para-contratar-interpretes-de-lengua-de-signos-para-alumnos-con-discapacidad-auditiva\\\/#breadcrumb\",\"itemListElement\":[{\"@type\":\"ListItem\",\"position\":1,\"name\":\"Portada\",\"item\":\"https:\\\/\\\/sindromecharge.es\\\/\"},{\"@type\":\"ListItem\",\"position\":2,\"name\":\"Destinados 715.000 euros para contratar int\u00e9rpretes de lengua de signos para alumnos con discapacidad auditiva\"}]},{\"@type\":\"WebSite\",\"@id\":\"https:\\\/\\\/sindromecharge.es\\\/#website\",\"url\":\"https:\\\/\\\/sindromecharge.es\\\/\",\"name\":\"Asociaci\u00f3n Espa\u00f1ola S\u00edndrome de Charge\",\"description\":\"\",\"potentialAction\":[{\"@type\":\"SearchAction\",\"target\":{\"@type\":\"EntryPoint\",\"urlTemplate\":\"https:\\\/\\\/sindromecharge.es\\\/?s={search_term_string}\"},\"query-input\":{\"@type\":\"PropertyValueSpecification\",\"valueRequired\":true,\"valueName\":\"search_term_string\"}}],\"inLanguage\":\"es\"},{\"@type\":\"Person\",\"@id\":\"https:\\\/\\\/sindromecharge.es\\\/#\\\/schema\\\/person\\\/39a60ebe0a2b4d5a11179701e336b039\",\"name\":\"Charge\",\"image\":{\"@type\":\"ImageObject\",\"inLanguage\":\"es\",\"@id\":\"https:\\\/\\\/secure.gravatar.com\\\/avatar\\\/c3b46e32a0fc3b093a0873fb767bf3293de856293065e84ef06b7ec7a8acfb98?s=96&d=identicon&r=x\",\"url\":\"https:\\\/\\\/secure.gravatar.com\\\/avatar\\\/c3b46e32a0fc3b093a0873fb767bf3293de856293065e84ef06b7ec7a8acfb98?s=96&d=identicon&r=x\",\"contentUrl\":\"https:\\\/\\\/secure.gravatar.com\\\/avatar\\\/c3b46e32a0fc3b093a0873fb767bf3293de856293065e84ef06b7ec7a8acfb98?s=96&d=identicon&r=x\",\"caption\":\"Charge\"},\"url\":\"https:\\\/\\\/sindromecharge.es\\\/index.php\\\/author\\\/admin\\\/\"}]}<\/script>\n<!-- \/ Yoast SEO plugin. -->","yoast_head_json":{"title":"Destinados 715.000 euros para contratar int\u00e9rpretes de lengua de signos para alumnos con discapacidad auditiva - Asociaci\u00f3n Espa\u00f1ola S\u00edndrome de Charge","robots":{"index":"index","follow":"follow","max-snippet":"max-snippet:-1","max-image-preview":"max-image-preview:large","max-video-preview":"max-video-preview:-1"},"canonical":"https:\/\/sindromecharge.es\/index.php\/2021\/06\/10\/destinados-715-000-euros-para-contratar-interpretes-de-lengua-de-signos-para-alumnos-con-discapacidad-auditiva\/","og_locale":"es_ES","og_type":"article","og_title":"Destinados 715.000 euros para contratar int\u00e9rpretes de lengua de signos para alumnos con discapacidad auditiva - Asociaci\u00f3n Espa\u00f1ola S\u00edndrome de Charge","og_description":"Leemos en 20minutos la siguiente noticia que os reproducimos de forma \u00edntegra: Educaci\u00f3n ya ha iniciado la tramitaci\u00f3n para contratar el servicio de interpretaci\u00f3n de lenguaje de signos lo que permitir\u00e1 facilitar a dicho alumnado una adecuada inserci\u00f3n escolar y social. La prestaci\u00f3n del servicio se desarrollar\u00e1 en centros p\u00fablicos situados tanto en capitales de [&hellip;]","og_url":"https:\/\/sindromecharge.es\/index.php\/2021\/06\/10\/destinados-715-000-euros-para-contratar-interpretes-de-lengua-de-signos-para-alumnos-con-discapacidad-auditiva\/","og_site_name":"Asociaci\u00f3n Espa\u00f1ola S\u00edndrome de Charge","article_publisher":"https:\/\/www.facebook.com\/asociacionsindromecharge","article_published_time":"2021-06-10T11:49:27+00:00","og_image":[{"width":300,"height":98,"url":"https:\/\/sindromecharge.es\/wp-content\/uploads\/2013\/09\/logodecharge300x98.png","type":"image\/png"}],"author":"Charge","twitter_card":"summary_large_image","twitter_creator":"@sindromecharge","twitter_site":"@sindromecharge","twitter_misc":{"Escrito por":"Charge","Tiempo de lectura":"1 minuto"},"schema":{"@context":"https:\/\/schema.org","@graph":[{"@type":"Article","@id":"https:\/\/sindromecharge.es\/index.php\/2021\/06\/10\/destinados-715-000-euros-para-contratar-interpretes-de-lengua-de-signos-para-alumnos-con-discapacidad-auditiva\/#article","isPartOf":{"@id":"https:\/\/sindromecharge.es\/index.php\/2021\/06\/10\/destinados-715-000-euros-para-contratar-interpretes-de-lengua-de-signos-para-alumnos-con-discapacidad-auditiva\/"},"author":{"name":"Charge","@id":"https:\/\/sindromecharge.es\/#\/schema\/person\/39a60ebe0a2b4d5a11179701e336b039"},"headline":"Destinados 715.000 euros para contratar int\u00e9rpretes de lengua de signos para alumnos con discapacidad auditiva","datePublished":"2021-06-10T11:49:27+00:00","mainEntityOfPage":{"@id":"https:\/\/sindromecharge.es\/index.php\/2021\/06\/10\/destinados-715-000-euros-para-contratar-interpretes-de-lengua-de-signos-para-alumnos-con-discapacidad-auditiva\/"},"wordCount":246,"commentCount":0,"keywords":["discapacidad"],"articleSection":["noticias"],"inLanguage":"es","potentialAction":[{"@type":"CommentAction","name":"Comment","target":["https:\/\/sindromecharge.es\/index.php\/2021\/06\/10\/destinados-715-000-euros-para-contratar-interpretes-de-lengua-de-signos-para-alumnos-con-discapacidad-auditiva\/#respond"]}]},{"@type":"WebPage","@id":"https:\/\/sindromecharge.es\/index.php\/2021\/06\/10\/destinados-715-000-euros-para-contratar-interpretes-de-lengua-de-signos-para-alumnos-con-discapacidad-auditiva\/","url":"https:\/\/sindromecharge.es\/index.php\/2021\/06\/10\/destinados-715-000-euros-para-contratar-interpretes-de-lengua-de-signos-para-alumnos-con-discapacidad-auditiva\/","name":"Destinados 715.000 euros para contratar int\u00e9rpretes de lengua de signos para alumnos con discapacidad auditiva - Asociaci\u00f3n Espa\u00f1ola S\u00edndrome de Charge","isPartOf":{"@id":"https:\/\/sindromecharge.es\/#website"},"datePublished":"2021-06-10T11:49:27+00:00","author":{"@id":"https:\/\/sindromecharge.es\/#\/schema\/person\/39a60ebe0a2b4d5a11179701e336b039"},"breadcrumb":{"@id":"https:\/\/sindromecharge.es\/index.php\/2021\/06\/10\/destinados-715-000-euros-para-contratar-interpretes-de-lengua-de-signos-para-alumnos-con-discapacidad-auditiva\/#breadcrumb"},"inLanguage":"es","potentialAction":[{"@type":"ReadAction","target":["https:\/\/sindromecharge.es\/index.php\/2021\/06\/10\/destinados-715-000-euros-para-contratar-interpretes-de-lengua-de-signos-para-alumnos-con-discapacidad-auditiva\/"]}]},{"@type":"BreadcrumbList","@id":"https:\/\/sindromecharge.es\/index.php\/2021\/06\/10\/destinados-715-000-euros-para-contratar-interpretes-de-lengua-de-signos-para-alumnos-con-discapacidad-auditiva\/#breadcrumb","itemListElement":[{"@type":"ListItem","position":1,"name":"Portada","item":"https:\/\/sindromecharge.es\/"},{"@type":"ListItem","position":2,"name":"Destinados 715.000 euros para contratar int\u00e9rpretes de lengua de signos para alumnos con discapacidad auditiva"}]},{"@type":"WebSite","@id":"https:\/\/sindromecharge.es\/#website","url":"https:\/\/sindromecharge.es\/","name":"Asociaci\u00f3n Espa\u00f1ola S\u00edndrome de Charge","description":"","potentialAction":[{"@type":"SearchAction","target":{"@type":"EntryPoint","urlTemplate":"https:\/\/sindromecharge.es\/?s={search_term_string}"},"query-input":{"@type":"PropertyValueSpecification","valueRequired":true,"valueName":"search_term_string"}}],"inLanguage":"es"},{"@type":"Person","@id":"https:\/\/sindromecharge.es\/#\/schema\/person\/39a60ebe0a2b4d5a11179701e336b039","name":"Charge","image":{"@type":"ImageObject","inLanguage":"es","@id":"https:\/\/secure.gravatar.com\/avatar\/c3b46e32a0fc3b093a0873fb767bf3293de856293065e84ef06b7ec7a8acfb98?s=96&d=identicon&r=x","url":"https:\/\/secure.gravatar.com\/avatar\/c3b46e32a0fc3b093a0873fb767bf3293de856293065e84ef06b7ec7a8acfb98?s=96&d=identicon&r=x","contentUrl":"https:\/\/secure.gravatar.com\/avatar\/c3b46e32a0fc3b093a0873fb767bf3293de856293065e84ef06b7ec7a8acfb98?s=96&d=identicon&r=x","caption":"Charge"},"url":"https:\/\/sindromecharge.es\/index.php\/author\/admin\/"}]}},"_links":{"self":[{"href":"https:\/\/sindromecharge.es\/index.php\/wp-json\/wp\/v2\/posts\/7272","targetHints":{"allow":["GET"]}}],"collection":[{"href":"https:\/\/sindromecharge.es\/index.php\/wp-json\/wp\/v2\/posts"}],"about":[{"href":"https:\/\/sindromecharge.es\/index.php\/wp-json\/wp\/v2\/types\/post"}],"author":[{"embeddable":true,"href":"https:\/\/sindromecharge.es\/index.php\/wp-json\/wp\/v2\/users\/1"}],"replies":[{"embeddable":true,"href":"https:\/\/sindromecharge.es\/index.php\/wp-json\/wp\/v2\/comments?post=7272"}],"version-history":[{"count":0,"href":"https:\/\/sindromecharge.es\/index.php\/wp-json\/wp\/v2\/posts\/7272\/revisions"}],"wp:attachment":[{"href":"https:\/\/sindromecharge.es\/index.php\/wp-json\/wp\/v2\/media?parent=7272"}],"wp:term":[{"taxonomy":"category","embeddable":true,"href":"https:\/\/sindromecharge.es\/index.php\/wp-json\/wp\/v2\/categories?post=7272"},{"taxonomy":"post_tag","embeddable":true,"href":"https:\/\/sindromecharge.es\/index.php\/wp-json\/wp\/v2\/tags?post=7272"}],"curies":[{"name":"wp","href":"https:\/\/api.w.org\/{rel}","templated":true}]}}