{"id":7271,"date":"2021-06-10T09:42:34","date_gmt":"2021-06-10T09:42:34","guid":{"rendered":"https:\/\/sindromecharge.es\/index.php\/2021\/06\/10\/pp-denuncia-el-bloqueo-de-sanchez-a-ampliar-la-prestacion-por-el-cuidado-de-menores-con-enfermedades-graves\/"},"modified":"2021-06-10T09:42:34","modified_gmt":"2021-06-10T09:42:34","slug":"pp-denuncia-el-bloqueo-de-sanchez-a-ampliar-la-prestacion-por-el-cuidado-de-menores-con-enfermedades-graves","status":"publish","type":"post","link":"https:\/\/sindromecharge.es\/index.php\/2021\/06\/10\/pp-denuncia-el-bloqueo-de-sanchez-a-ampliar-la-prestacion-por-el-cuidado-de-menores-con-enfermedades-graves\/","title":{"rendered":"PP denuncia el &quot;bloqueo&quot; de S\u00e1nchez a ampliar la prestaci\u00f3n por el cuidado de menores con enfermedades graves"},"content":{"rendered":"<p>Leemos en 20minutos la siguiente noticia que os reproducimos de forma \u00edntegra: <\/p>\n<p>Tom\u00e1s ha lamentado que \u00abel Gobierno m\u00e1s caro y m\u00e1s numeroso de la democracia s\u00ed que tenga dinero para pagar a m\u00e1s de 1.200 asesores\u00bb, sin embargo, \u00ablo niegue para ayudar a familias que, adem\u00e1s de sufrir una situaci\u00f3n especialmente complicada, necesitan m\u00e1s que nunca el apoyo econ\u00f3mico para hacer frente a las dificultades que atraviesan\u00bb, seg\u00fan informaron fuentes del PP en un comunicado.<\/p>\n<p>As\u00ed, la tambi\u00e9n vicesecretaria general de Pol\u00edtica Social y Estado del Bienestar del PPRM, ha explicado que el PP solicitaba reformar esta legislaci\u00f3n porque, en muchos casos, al cumplir los 18 a\u00f1os la enfermedad no solo no ha remitido sino que persiste causando problemas para que los padres puedan conciliar su vida laboral con la familiar. De este modo, Tom\u00e1s ha defendido que la iniciativa ped\u00eda que esta situaci\u00f3n se asimilara a la de las personas menores de 26 a\u00f1os con una discapacidad.<\/p>\n<p>Para llevar a cabo dicha reforma, el PP solicitaba la modificaci\u00f3n de la prestaci\u00f3n econ\u00f3mica por cuidado de menores afectados por c\u00e1ncer u otra enfermedad grave, en la Ley del Estatuto de los Trabajadores y la Ley del Estatuto B\u00e1sico del Empleado P\u00fablico para que pudiera articularse la reforma de la prestaci\u00f3n de Seguridad Social, con la obligada reducci\u00f3n de jornada de trabajo de los progenitores o cuidadores, con la prestaci\u00f3n de Seguridad Social y su ampliaci\u00f3n en el \u00e1mbito de la reforma a los empleados p\u00fablicos.<\/p>\n<p>Fuente: 20minutos <a href=\"https:\/\/www.20minutos.es\/noticia\/4725184\/0\/pp-denuncia-el-bloqueo-de-sanchez-a-ampliar-la-prestacion-por-el-cuidado-de-menores-con-enfermedades-graves\/\" target=\"_blank\" rel=\"noopener\">PP denuncia el &quot;bloqueo&quot; de S\u00e1nchez a ampliar la prestaci\u00f3n por el cuidado de menores con enfermedades graves<\/a><\/p>\n","protected":false},"excerpt":{"rendered":"<p>Leemos en 20minutos la siguiente noticia que os reproducimos de forma \u00edntegra: Tom\u00e1s ha lamentado que \u00abel Gobierno m\u00e1s caro y m\u00e1s numeroso de la democracia s\u00ed que tenga dinero para pagar a m\u00e1s de 1.200 asesores\u00bb, sin embargo, \u00ablo niegue para ayudar a familias que, adem\u00e1s de sufrir una situaci\u00f3n especialmente complicada, necesitan m\u00e1s [&hellip;]<\/p>\n","protected":false},"author":1,"featured_media":0,"comment_status":"open","ping_status":"closed","sticky":false,"template":"","format":"standard","meta":{"footnotes":""},"categories":[8],"tags":[31],"class_list":["post-7271","post","type-post","status-publish","format-standard","hentry","category-noticias","tag-discapacidad"],"yoast_head":"<!-- This site is optimized with the Yoast SEO plugin v27.4 - https:\/\/yoast.com\/product\/yoast-seo-wordpress\/ -->\n<title>PP denuncia el &quot;bloqueo&quot; de S\u00e1nchez a ampliar la prestaci\u00f3n por el cuidado de menores con enfermedades graves - Asociaci\u00f3n Espa\u00f1ola S\u00edndrome de Charge<\/title>\n<meta name=\"robots\" content=\"index, follow, max-snippet:-1, max-image-preview:large, max-video-preview:-1\" \/>\n<link rel=\"canonical\" href=\"https:\/\/sindromecharge.es\/index.php\/2021\/06\/10\/pp-denuncia-el-bloqueo-de-sanchez-a-ampliar-la-prestacion-por-el-cuidado-de-menores-con-enfermedades-graves\/\" \/>\n<meta property=\"og:locale\" content=\"es_ES\" \/>\n<meta property=\"og:type\" content=\"article\" \/>\n<meta property=\"og:title\" content=\"PP denuncia el &quot;bloqueo&quot; de S\u00e1nchez a ampliar la prestaci\u00f3n por el cuidado de menores con enfermedades graves - Asociaci\u00f3n Espa\u00f1ola S\u00edndrome de Charge\" \/>\n<meta property=\"og:description\" content=\"Leemos en 20minutos la siguiente noticia que os reproducimos de forma \u00edntegra: Tom\u00e1s ha lamentado que \u00abel Gobierno m\u00e1s caro y m\u00e1s numeroso de la democracia s\u00ed que tenga dinero para pagar a m\u00e1s de 1.200 asesores\u00bb, sin embargo, \u00ablo niegue para ayudar a familias que, adem\u00e1s de sufrir una situaci\u00f3n especialmente complicada, necesitan m\u00e1s [&hellip;]\" \/>\n<meta property=\"og:url\" content=\"https:\/\/sindromecharge.es\/index.php\/2021\/06\/10\/pp-denuncia-el-bloqueo-de-sanchez-a-ampliar-la-prestacion-por-el-cuidado-de-menores-con-enfermedades-graves\/\" \/>\n<meta property=\"og:site_name\" content=\"Asociaci\u00f3n Espa\u00f1ola S\u00edndrome de Charge\" \/>\n<meta property=\"article:publisher\" content=\"https:\/\/www.facebook.com\/asociacionsindromecharge\" \/>\n<meta property=\"article:published_time\" content=\"2021-06-10T09:42:34+00:00\" \/>\n<meta property=\"og:image\" content=\"https:\/\/sindromecharge.es\/wp-content\/uploads\/2013\/09\/logodecharge300x98.png\" \/>\n\t<meta property=\"og:image:width\" content=\"300\" \/>\n\t<meta property=\"og:image:height\" content=\"98\" \/>\n\t<meta property=\"og:image:type\" content=\"image\/png\" \/>\n<meta name=\"author\" content=\"Charge\" \/>\n<meta name=\"twitter:card\" content=\"summary_large_image\" \/>\n<meta name=\"twitter:creator\" content=\"@sindromecharge\" \/>\n<meta name=\"twitter:site\" content=\"@sindromecharge\" \/>\n<meta name=\"twitter:label1\" content=\"Escrito por\" \/>\n\t<meta name=\"twitter:data1\" content=\"Charge\" \/>\n\t<meta name=\"twitter:label2\" content=\"Tiempo de lectura\" \/>\n\t<meta name=\"twitter:data2\" content=\"1 minuto\" \/>\n<script type=\"application\/ld+json\" class=\"yoast-schema-graph\">{\"@context\":\"https:\\\/\\\/schema.org\",\"@graph\":[{\"@type\":\"Article\",\"@id\":\"https:\\\/\\\/sindromecharge.es\\\/index.php\\\/2021\\\/06\\\/10\\\/pp-denuncia-el-bloqueo-de-sanchez-a-ampliar-la-prestacion-por-el-cuidado-de-menores-con-enfermedades-graves\\\/#article\",\"isPartOf\":{\"@id\":\"https:\\\/\\\/sindromecharge.es\\\/index.php\\\/2021\\\/06\\\/10\\\/pp-denuncia-el-bloqueo-de-sanchez-a-ampliar-la-prestacion-por-el-cuidado-de-menores-con-enfermedades-graves\\\/\"},\"author\":{\"name\":\"Charge\",\"@id\":\"https:\\\/\\\/sindromecharge.es\\\/#\\\/schema\\\/person\\\/39a60ebe0a2b4d5a11179701e336b039\"},\"headline\":\"PP denuncia el &quot;bloqueo&quot; de S\u00e1nchez a ampliar la prestaci\u00f3n por el cuidado de menores con enfermedades graves\",\"datePublished\":\"2021-06-10T09:42:34+00:00\",\"mainEntityOfPage\":{\"@id\":\"https:\\\/\\\/sindromecharge.es\\\/index.php\\\/2021\\\/06\\\/10\\\/pp-denuncia-el-bloqueo-de-sanchez-a-ampliar-la-prestacion-por-el-cuidado-de-menores-con-enfermedades-graves\\\/\"},\"wordCount\":317,\"commentCount\":0,\"keywords\":[\"discapacidad\"],\"articleSection\":[\"noticias\"],\"inLanguage\":\"es\",\"potentialAction\":[{\"@type\":\"CommentAction\",\"name\":\"Comment\",\"target\":[\"https:\\\/\\\/sindromecharge.es\\\/index.php\\\/2021\\\/06\\\/10\\\/pp-denuncia-el-bloqueo-de-sanchez-a-ampliar-la-prestacion-por-el-cuidado-de-menores-con-enfermedades-graves\\\/#respond\"]}]},{\"@type\":\"WebPage\",\"@id\":\"https:\\\/\\\/sindromecharge.es\\\/index.php\\\/2021\\\/06\\\/10\\\/pp-denuncia-el-bloqueo-de-sanchez-a-ampliar-la-prestacion-por-el-cuidado-de-menores-con-enfermedades-graves\\\/\",\"url\":\"https:\\\/\\\/sindromecharge.es\\\/index.php\\\/2021\\\/06\\\/10\\\/pp-denuncia-el-bloqueo-de-sanchez-a-ampliar-la-prestacion-por-el-cuidado-de-menores-con-enfermedades-graves\\\/\",\"name\":\"PP denuncia el &quot;bloqueo&quot; de S\u00e1nchez a ampliar la prestaci\u00f3n por el cuidado de menores con enfermedades graves - Asociaci\u00f3n Espa\u00f1ola S\u00edndrome de Charge\",\"isPartOf\":{\"@id\":\"https:\\\/\\\/sindromecharge.es\\\/#website\"},\"datePublished\":\"2021-06-10T09:42:34+00:00\",\"author\":{\"@id\":\"https:\\\/\\\/sindromecharge.es\\\/#\\\/schema\\\/person\\\/39a60ebe0a2b4d5a11179701e336b039\"},\"breadcrumb\":{\"@id\":\"https:\\\/\\\/sindromecharge.es\\\/index.php\\\/2021\\\/06\\\/10\\\/pp-denuncia-el-bloqueo-de-sanchez-a-ampliar-la-prestacion-por-el-cuidado-de-menores-con-enfermedades-graves\\\/#breadcrumb\"},\"inLanguage\":\"es\",\"potentialAction\":[{\"@type\":\"ReadAction\",\"target\":[\"https:\\\/\\\/sindromecharge.es\\\/index.php\\\/2021\\\/06\\\/10\\\/pp-denuncia-el-bloqueo-de-sanchez-a-ampliar-la-prestacion-por-el-cuidado-de-menores-con-enfermedades-graves\\\/\"]}]},{\"@type\":\"BreadcrumbList\",\"@id\":\"https:\\\/\\\/sindromecharge.es\\\/index.php\\\/2021\\\/06\\\/10\\\/pp-denuncia-el-bloqueo-de-sanchez-a-ampliar-la-prestacion-por-el-cuidado-de-menores-con-enfermedades-graves\\\/#breadcrumb\",\"itemListElement\":[{\"@type\":\"ListItem\",\"position\":1,\"name\":\"Portada\",\"item\":\"https:\\\/\\\/sindromecharge.es\\\/\"},{\"@type\":\"ListItem\",\"position\":2,\"name\":\"PP denuncia el &quot;bloqueo&quot; de S\u00e1nchez a ampliar la prestaci\u00f3n por el cuidado de menores con enfermedades graves\"}]},{\"@type\":\"WebSite\",\"@id\":\"https:\\\/\\\/sindromecharge.es\\\/#website\",\"url\":\"https:\\\/\\\/sindromecharge.es\\\/\",\"name\":\"Asociaci\u00f3n Espa\u00f1ola S\u00edndrome de Charge\",\"description\":\"\",\"potentialAction\":[{\"@type\":\"SearchAction\",\"target\":{\"@type\":\"EntryPoint\",\"urlTemplate\":\"https:\\\/\\\/sindromecharge.es\\\/?s={search_term_string}\"},\"query-input\":{\"@type\":\"PropertyValueSpecification\",\"valueRequired\":true,\"valueName\":\"search_term_string\"}}],\"inLanguage\":\"es\"},{\"@type\":\"Person\",\"@id\":\"https:\\\/\\\/sindromecharge.es\\\/#\\\/schema\\\/person\\\/39a60ebe0a2b4d5a11179701e336b039\",\"name\":\"Charge\",\"image\":{\"@type\":\"ImageObject\",\"inLanguage\":\"es\",\"@id\":\"https:\\\/\\\/secure.gravatar.com\\\/avatar\\\/c3b46e32a0fc3b093a0873fb767bf3293de856293065e84ef06b7ec7a8acfb98?s=96&d=identicon&r=x\",\"url\":\"https:\\\/\\\/secure.gravatar.com\\\/avatar\\\/c3b46e32a0fc3b093a0873fb767bf3293de856293065e84ef06b7ec7a8acfb98?s=96&d=identicon&r=x\",\"contentUrl\":\"https:\\\/\\\/secure.gravatar.com\\\/avatar\\\/c3b46e32a0fc3b093a0873fb767bf3293de856293065e84ef06b7ec7a8acfb98?s=96&d=identicon&r=x\",\"caption\":\"Charge\"},\"url\":\"https:\\\/\\\/sindromecharge.es\\\/index.php\\\/author\\\/admin\\\/\"}]}<\/script>\n<!-- \/ Yoast SEO plugin. -->","yoast_head_json":{"title":"PP denuncia el &quot;bloqueo&quot; de S\u00e1nchez a ampliar la prestaci\u00f3n por el cuidado de menores con enfermedades graves - Asociaci\u00f3n Espa\u00f1ola S\u00edndrome de Charge","robots":{"index":"index","follow":"follow","max-snippet":"max-snippet:-1","max-image-preview":"max-image-preview:large","max-video-preview":"max-video-preview:-1"},"canonical":"https:\/\/sindromecharge.es\/index.php\/2021\/06\/10\/pp-denuncia-el-bloqueo-de-sanchez-a-ampliar-la-prestacion-por-el-cuidado-de-menores-con-enfermedades-graves\/","og_locale":"es_ES","og_type":"article","og_title":"PP denuncia el &quot;bloqueo&quot; de S\u00e1nchez a ampliar la prestaci\u00f3n por el cuidado de menores con enfermedades graves - Asociaci\u00f3n Espa\u00f1ola S\u00edndrome de Charge","og_description":"Leemos en 20minutos la siguiente noticia que os reproducimos de forma \u00edntegra: Tom\u00e1s ha lamentado que \u00abel Gobierno m\u00e1s caro y m\u00e1s numeroso de la democracia s\u00ed que tenga dinero para pagar a m\u00e1s de 1.200 asesores\u00bb, sin embargo, \u00ablo niegue para ayudar a familias que, adem\u00e1s de sufrir una situaci\u00f3n especialmente complicada, necesitan m\u00e1s [&hellip;]","og_url":"https:\/\/sindromecharge.es\/index.php\/2021\/06\/10\/pp-denuncia-el-bloqueo-de-sanchez-a-ampliar-la-prestacion-por-el-cuidado-de-menores-con-enfermedades-graves\/","og_site_name":"Asociaci\u00f3n Espa\u00f1ola S\u00edndrome de Charge","article_publisher":"https:\/\/www.facebook.com\/asociacionsindromecharge","article_published_time":"2021-06-10T09:42:34+00:00","og_image":[{"width":300,"height":98,"url":"https:\/\/sindromecharge.es\/wp-content\/uploads\/2013\/09\/logodecharge300x98.png","type":"image\/png"}],"author":"Charge","twitter_card":"summary_large_image","twitter_creator":"@sindromecharge","twitter_site":"@sindromecharge","twitter_misc":{"Escrito por":"Charge","Tiempo de lectura":"1 minuto"},"schema":{"@context":"https:\/\/schema.org","@graph":[{"@type":"Article","@id":"https:\/\/sindromecharge.es\/index.php\/2021\/06\/10\/pp-denuncia-el-bloqueo-de-sanchez-a-ampliar-la-prestacion-por-el-cuidado-de-menores-con-enfermedades-graves\/#article","isPartOf":{"@id":"https:\/\/sindromecharge.es\/index.php\/2021\/06\/10\/pp-denuncia-el-bloqueo-de-sanchez-a-ampliar-la-prestacion-por-el-cuidado-de-menores-con-enfermedades-graves\/"},"author":{"name":"Charge","@id":"https:\/\/sindromecharge.es\/#\/schema\/person\/39a60ebe0a2b4d5a11179701e336b039"},"headline":"PP denuncia el &quot;bloqueo&quot; de S\u00e1nchez a ampliar la prestaci\u00f3n por el cuidado de menores con enfermedades graves","datePublished":"2021-06-10T09:42:34+00:00","mainEntityOfPage":{"@id":"https:\/\/sindromecharge.es\/index.php\/2021\/06\/10\/pp-denuncia-el-bloqueo-de-sanchez-a-ampliar-la-prestacion-por-el-cuidado-de-menores-con-enfermedades-graves\/"},"wordCount":317,"commentCount":0,"keywords":["discapacidad"],"articleSection":["noticias"],"inLanguage":"es","potentialAction":[{"@type":"CommentAction","name":"Comment","target":["https:\/\/sindromecharge.es\/index.php\/2021\/06\/10\/pp-denuncia-el-bloqueo-de-sanchez-a-ampliar-la-prestacion-por-el-cuidado-de-menores-con-enfermedades-graves\/#respond"]}]},{"@type":"WebPage","@id":"https:\/\/sindromecharge.es\/index.php\/2021\/06\/10\/pp-denuncia-el-bloqueo-de-sanchez-a-ampliar-la-prestacion-por-el-cuidado-de-menores-con-enfermedades-graves\/","url":"https:\/\/sindromecharge.es\/index.php\/2021\/06\/10\/pp-denuncia-el-bloqueo-de-sanchez-a-ampliar-la-prestacion-por-el-cuidado-de-menores-con-enfermedades-graves\/","name":"PP denuncia el &quot;bloqueo&quot; de S\u00e1nchez a ampliar la prestaci\u00f3n por el cuidado de menores con enfermedades graves - Asociaci\u00f3n Espa\u00f1ola S\u00edndrome de Charge","isPartOf":{"@id":"https:\/\/sindromecharge.es\/#website"},"datePublished":"2021-06-10T09:42:34+00:00","author":{"@id":"https:\/\/sindromecharge.es\/#\/schema\/person\/39a60ebe0a2b4d5a11179701e336b039"},"breadcrumb":{"@id":"https:\/\/sindromecharge.es\/index.php\/2021\/06\/10\/pp-denuncia-el-bloqueo-de-sanchez-a-ampliar-la-prestacion-por-el-cuidado-de-menores-con-enfermedades-graves\/#breadcrumb"},"inLanguage":"es","potentialAction":[{"@type":"ReadAction","target":["https:\/\/sindromecharge.es\/index.php\/2021\/06\/10\/pp-denuncia-el-bloqueo-de-sanchez-a-ampliar-la-prestacion-por-el-cuidado-de-menores-con-enfermedades-graves\/"]}]},{"@type":"BreadcrumbList","@id":"https:\/\/sindromecharge.es\/index.php\/2021\/06\/10\/pp-denuncia-el-bloqueo-de-sanchez-a-ampliar-la-prestacion-por-el-cuidado-de-menores-con-enfermedades-graves\/#breadcrumb","itemListElement":[{"@type":"ListItem","position":1,"name":"Portada","item":"https:\/\/sindromecharge.es\/"},{"@type":"ListItem","position":2,"name":"PP denuncia el &quot;bloqueo&quot; de S\u00e1nchez a ampliar la prestaci\u00f3n por el cuidado de menores con enfermedades graves"}]},{"@type":"WebSite","@id":"https:\/\/sindromecharge.es\/#website","url":"https:\/\/sindromecharge.es\/","name":"Asociaci\u00f3n Espa\u00f1ola S\u00edndrome de Charge","description":"","potentialAction":[{"@type":"SearchAction","target":{"@type":"EntryPoint","urlTemplate":"https:\/\/sindromecharge.es\/?s={search_term_string}"},"query-input":{"@type":"PropertyValueSpecification","valueRequired":true,"valueName":"search_term_string"}}],"inLanguage":"es"},{"@type":"Person","@id":"https:\/\/sindromecharge.es\/#\/schema\/person\/39a60ebe0a2b4d5a11179701e336b039","name":"Charge","image":{"@type":"ImageObject","inLanguage":"es","@id":"https:\/\/secure.gravatar.com\/avatar\/c3b46e32a0fc3b093a0873fb767bf3293de856293065e84ef06b7ec7a8acfb98?s=96&d=identicon&r=x","url":"https:\/\/secure.gravatar.com\/avatar\/c3b46e32a0fc3b093a0873fb767bf3293de856293065e84ef06b7ec7a8acfb98?s=96&d=identicon&r=x","contentUrl":"https:\/\/secure.gravatar.com\/avatar\/c3b46e32a0fc3b093a0873fb767bf3293de856293065e84ef06b7ec7a8acfb98?s=96&d=identicon&r=x","caption":"Charge"},"url":"https:\/\/sindromecharge.es\/index.php\/author\/admin\/"}]}},"_links":{"self":[{"href":"https:\/\/sindromecharge.es\/index.php\/wp-json\/wp\/v2\/posts\/7271","targetHints":{"allow":["GET"]}}],"collection":[{"href":"https:\/\/sindromecharge.es\/index.php\/wp-json\/wp\/v2\/posts"}],"about":[{"href":"https:\/\/sindromecharge.es\/index.php\/wp-json\/wp\/v2\/types\/post"}],"author":[{"embeddable":true,"href":"https:\/\/sindromecharge.es\/index.php\/wp-json\/wp\/v2\/users\/1"}],"replies":[{"embeddable":true,"href":"https:\/\/sindromecharge.es\/index.php\/wp-json\/wp\/v2\/comments?post=7271"}],"version-history":[{"count":0,"href":"https:\/\/sindromecharge.es\/index.php\/wp-json\/wp\/v2\/posts\/7271\/revisions"}],"wp:attachment":[{"href":"https:\/\/sindromecharge.es\/index.php\/wp-json\/wp\/v2\/media?parent=7271"}],"wp:term":[{"taxonomy":"category","embeddable":true,"href":"https:\/\/sindromecharge.es\/index.php\/wp-json\/wp\/v2\/categories?post=7271"},{"taxonomy":"post_tag","embeddable":true,"href":"https:\/\/sindromecharge.es\/index.php\/wp-json\/wp\/v2\/tags?post=7271"}],"curies":[{"name":"wp","href":"https:\/\/api.w.org\/{rel}","templated":true}]}}