{"id":7270,"date":"2021-06-10T05:39:05","date_gmt":"2021-06-10T05:39:05","guid":{"rendered":"https:\/\/sindromecharge.es\/index.php\/2021\/06\/10\/fundacion-mutua-y-feder-proporcionan-terapias-a-mas-de-2-300-personas-de-cualquier-edad-con-er\/"},"modified":"2021-06-10T05:39:05","modified_gmt":"2021-06-10T05:39:05","slug":"fundacion-mutua-y-feder-proporcionan-terapias-a-mas-de-2-300-personas-de-cualquier-edad-con-er","status":"publish","type":"post","link":"https:\/\/sindromecharge.es\/index.php\/2021\/06\/10\/fundacion-mutua-y-feder-proporcionan-terapias-a-mas-de-2-300-personas-de-cualquier-edad-con-er\/","title":{"rendered":"Fundaci\u00f3n Mutua y FEDER proporcionan terapias a m\u00e1s de 2.300 personas de cualquier edad con ER"},"content":{"rendered":"<p>Leemos en FEDER la siguiente noticia que os reproducimos de forma \u00edntegra: <\/p>\n<p>&nbsp;<\/p>\n<p>La sinergia entre la <a href=\"https:\/\/www.fundacionmutua.es\/\" target=\"_blank\" rel=\"noopener\">Fundaci\u00f3n Mutua Madrile\u00f1a<\/a> y la Federaci\u00f3n Espa\u00f1ola de Enfermedades Raras (FEDER) <b>permitir\u00e1 que m\u00e1s de 2.300 personas de cualquier edad que conviven con patolog\u00edas poco frecuentes o est\u00e1n en busca de diagn\u00f3stico, puedan recibir terapias a trav\u00e9s del Programa IMPULSO<\/b>, un proyecto enfocado en garantizar el abordaje terap\u00e9utico y el acceso a productos de apoyo para este colectivo.<\/p>\n<p>En su tercera edici\u00f3n, el Programa IMPULSO permitir\u00e1 que 96 organizaciones de pacientes federadas puedan desarrollar fisioterapia, logopedia, terapia ocupacional, estimulaci\u00f3n o apoyos educativos, entre otras. <b>Lo hace, adem\u00e1s, con una novedad principal: ampliando la ayuda tambi\u00e9n a las personas adultas con enfermedades raras o sin diagn\u00f3stico.<\/b><\/p>\n<p>Y es que, si bien el 70% de estas patolog\u00edas tienen car\u00e1cter gen\u00e9tico y pedi\u00e1trico, lo cierto es que tambi\u00e9n la mayor\u00eda de ellas son de car\u00e1cter cr\u00f3nico y degenerativo, de forma que es precisamente en la edad adulta cuando el progreso de la enfermedad puede tener mayor impacto en la calidad de vida.<\/p>\n<p>Para la Fundaci\u00f3n Mutua Madrile\u00f1a, el Programa IMPULSO da continuidad al compromiso que inici\u00f3 con las enfermedades raras en 2013 a trav\u00e9s de su Convocatoria Anual de Ayudas a la Investigaci\u00f3n en Salud. \u201cA la vez que contribuimos a la b\u00fasqueda de tratamientos apoyando la investigaci\u00f3n m\u00e9dica, con el Programa IMPULSO facilitamos terapias que les ayudan a llevar mejor el d\u00eda a d\u00eda, tener m\u00e1s calidad de vida y aliviar el coste econ\u00f3mico que estas terapias suponen a las familias\u201d, ha se\u00f1alado <b>Lorenzo Cooklin, director general de la Fundaci\u00f3n Mutua Madrile\u00f1a.<\/b><\/p>\n<p><span style=\"text-decoration: underline;font-size: 14pt\">7.000 enfermedades distintas<\/span><\/p>\n<p>Tres millones de pacientes en nuestro pa\u00eds padecen alguna de las 7.000 enfermedades raras que existen. Todos \u00abcomparten una problem\u00e1tica com\u00fan, ya que pr\u00e1cticamente la mitad de ellas ha esperado m\u00e1s de cuatro a\u00f1os -e incluso m\u00e1s de una d\u00e9cada- para lograr un diagn\u00f3stico\u00bb, <b>explica Juan Carri\u00f3n, presidente de FEDER.<\/b> Adem\u00e1s, \u00abs\u00f3lo el 5% de estas patolog\u00edas cuentan con medicamentos, de forma que mientras no haya una cura, el abordaje terap\u00e9utico es el \u00fanico tratamiento posible; un abordaje que hist\u00f3ricamente se ha venido prestando desde el tejido asociativo\u00bb, apunta.<\/p>\n<p>Ante esta realidad, <b>naci\u00f3 el Programa IMPULSO en 2019 para ayudar a ni\u00f1os, ni\u00f1as y j\u00f3venes menores de 21 a\u00f1os y que, en sus dos primeras ediciones, ha logrado ayudar a m\u00e1s de 4.000 menores.<\/b> Fisioterapia, terapia ocupacional o logopedia son las disciplinas m\u00e1s demandadas. Para ofrecerlas, IMPULSO fomenta el trabajo en red entre entidades que, aun representando patolog\u00edas diferentes, tienen entre sus objetivos los mismos retos. Este a\u00f1o ser\u00e1n 14 las entidades que trabajen de forma conjunta.<\/p>\n<p><span style=\"text-decoration: underline;font-size: 14pt\">M\u00e1s necesario que nunca<\/span><\/p>\n<p>El Programa IMPULSO minimiza el impacto que supone convivir con una enfermedad poco frecuente ya que un 35% de las familias destina parte de su econom\u00eda a cubrir fisioterapia, un 34% tratamientos m\u00e9dicos y casi un 30% productos de ortopedia. A ello se une que la situaci\u00f3n derivada del Covid-19 que, adem\u00e1s de paralizar las terapias para 9 de cada 10 personas, ha puesto en riesgo muchas econom\u00edas familiares. La tercera edici\u00f3n de IMPULSO llega en un momento en que \u00abla demanda de este tipo de terapias es creciente dada la situaci\u00f3n vivida por muchas familias, donde muchas de las entidades que ofrecen este tipo de recursos han visto en riesgo su continuidad\u00bb, ha subrayado Carri\u00f3n.<\/p>\n<p><span style=\"text-decoration: underline;font-size: 14pt\">Ampliaci\u00f3n a adultos<\/span><\/p>\n<p>El Programa IMPULSO cubrir\u00e1 a partir de ahora la demanda de pacientes adultos. La Asociaci\u00f3n Madrile\u00f1a de Osteog\u00e9nesis Imperfecta, AMOI, ha compartido la experiencia que le han trasladado personas adultas que se han beneficiado por primera vez de estas ayudas y que han puesto de relieve que las sesiones de fisioterapia mejoran no solo su calidad de vida, sino tambi\u00e9n su parte emocional. Muchas de estas enfermedades no tienen un tratamiento ni cura, pero gracias a esta terapia los pacientes disminuyen sus dolores y previenen el avance de la enfermedad.<\/p>\n<p>\u00daltima actualizaci\u00f3n 10\/06\/2021<\/p>\n<p>&nbsp;<\/p>\n<p>Fuente: FEDER <a href=\"https:\/\/enfermedades-raras.org\/index.php\/actualidad\/noticias-eventos\/2-feder\/15495-fundaci%C3%B3n-mutua-y-feder-proporcionan-terapias-a-m%C3%A1s-de-2-300-personas-de-cualquier-edad-con-er\" target=\"_blank\" rel=\"noopener\">Fundaci\u00f3n Mutua y FEDER proporcionan terapias a m\u00e1s de 2.300 personas de cualquier edad con ER<\/a><\/p>\n","protected":false},"excerpt":{"rendered":"<p>Leemos en FEDER la siguiente noticia que os reproducimos de forma \u00edntegra: &nbsp; La sinergia entre la Fundaci\u00f3n Mutua Madrile\u00f1a y la Federaci\u00f3n Espa\u00f1ola de Enfermedades Raras (FEDER) permitir\u00e1 que m\u00e1s de 2.300 personas de cualquier edad que conviven con patolog\u00edas poco frecuentes o est\u00e1n en busca de diagn\u00f3stico, puedan recibir terapias a trav\u00e9s del [&hellip;]<\/p>\n","protected":false},"author":1,"featured_media":0,"comment_status":"open","ping_status":"closed","sticky":false,"template":"","format":"standard","meta":{"footnotes":""},"categories":[8],"tags":[36],"class_list":["post-7270","post","type-post","status-publish","format-standard","hentry","category-noticias","tag-enfermedades-raras"],"yoast_head":"<!-- This site is optimized with the Yoast SEO plugin v27.4 - https:\/\/yoast.com\/product\/yoast-seo-wordpress\/ -->\n<title>Fundaci\u00f3n Mutua y FEDER proporcionan terapias a m\u00e1s de 2.300 personas de cualquier edad con ER - Asociaci\u00f3n Espa\u00f1ola S\u00edndrome de Charge<\/title>\n<meta name=\"robots\" content=\"index, follow, max-snippet:-1, max-image-preview:large, max-video-preview:-1\" \/>\n<link rel=\"canonical\" href=\"https:\/\/sindromecharge.es\/index.php\/2021\/06\/10\/fundacion-mutua-y-feder-proporcionan-terapias-a-mas-de-2-300-personas-de-cualquier-edad-con-er\/\" \/>\n<meta property=\"og:locale\" content=\"es_ES\" \/>\n<meta property=\"og:type\" content=\"article\" \/>\n<meta property=\"og:title\" content=\"Fundaci\u00f3n Mutua y FEDER proporcionan terapias a m\u00e1s de 2.300 personas de cualquier edad con ER - Asociaci\u00f3n Espa\u00f1ola S\u00edndrome de Charge\" \/>\n<meta property=\"og:description\" content=\"Leemos en FEDER la siguiente noticia que os reproducimos de forma \u00edntegra: &nbsp; La sinergia entre la Fundaci\u00f3n Mutua Madrile\u00f1a y la Federaci\u00f3n Espa\u00f1ola de Enfermedades Raras (FEDER) permitir\u00e1 que m\u00e1s de 2.300 personas de cualquier edad que conviven con patolog\u00edas poco frecuentes o est\u00e1n en busca de diagn\u00f3stico, puedan recibir terapias a trav\u00e9s del [&hellip;]\" \/>\n<meta property=\"og:url\" content=\"https:\/\/sindromecharge.es\/index.php\/2021\/06\/10\/fundacion-mutua-y-feder-proporcionan-terapias-a-mas-de-2-300-personas-de-cualquier-edad-con-er\/\" \/>\n<meta property=\"og:site_name\" content=\"Asociaci\u00f3n Espa\u00f1ola S\u00edndrome de Charge\" \/>\n<meta property=\"article:publisher\" content=\"https:\/\/www.facebook.com\/asociacionsindromecharge\" \/>\n<meta property=\"article:published_time\" content=\"2021-06-10T05:39:05+00:00\" \/>\n<meta property=\"og:image\" content=\"https:\/\/sindromecharge.es\/wp-content\/uploads\/2013\/09\/logodecharge300x98.png\" \/>\n\t<meta property=\"og:image:width\" content=\"300\" \/>\n\t<meta property=\"og:image:height\" content=\"98\" \/>\n\t<meta property=\"og:image:type\" content=\"image\/png\" \/>\n<meta name=\"author\" content=\"Charge\" \/>\n<meta name=\"twitter:card\" content=\"summary_large_image\" \/>\n<meta name=\"twitter:creator\" content=\"@sindromecharge\" \/>\n<meta name=\"twitter:site\" content=\"@sindromecharge\" \/>\n<meta name=\"twitter:label1\" content=\"Escrito por\" \/>\n\t<meta name=\"twitter:data1\" content=\"Charge\" \/>\n\t<meta name=\"twitter:label2\" content=\"Tiempo de lectura\" \/>\n\t<meta name=\"twitter:data2\" content=\"4 minutos\" \/>\n<script type=\"application\/ld+json\" class=\"yoast-schema-graph\">{\"@context\":\"https:\\\/\\\/schema.org\",\"@graph\":[{\"@type\":\"Article\",\"@id\":\"https:\\\/\\\/sindromecharge.es\\\/index.php\\\/2021\\\/06\\\/10\\\/fundacion-mutua-y-feder-proporcionan-terapias-a-mas-de-2-300-personas-de-cualquier-edad-con-er\\\/#article\",\"isPartOf\":{\"@id\":\"https:\\\/\\\/sindromecharge.es\\\/index.php\\\/2021\\\/06\\\/10\\\/fundacion-mutua-y-feder-proporcionan-terapias-a-mas-de-2-300-personas-de-cualquier-edad-con-er\\\/\"},\"author\":{\"name\":\"Charge\",\"@id\":\"https:\\\/\\\/sindromecharge.es\\\/#\\\/schema\\\/person\\\/39a60ebe0a2b4d5a11179701e336b039\"},\"headline\":\"Fundaci\u00f3n Mutua y FEDER proporcionan terapias a m\u00e1s de 2.300 personas de cualquier edad con ER\",\"datePublished\":\"2021-06-10T05:39:05+00:00\",\"mainEntityOfPage\":{\"@id\":\"https:\\\/\\\/sindromecharge.es\\\/index.php\\\/2021\\\/06\\\/10\\\/fundacion-mutua-y-feder-proporcionan-terapias-a-mas-de-2-300-personas-de-cualquier-edad-con-er\\\/\"},\"wordCount\":749,\"commentCount\":0,\"keywords\":[\"enfermedades raras\"],\"articleSection\":[\"noticias\"],\"inLanguage\":\"es\",\"potentialAction\":[{\"@type\":\"CommentAction\",\"name\":\"Comment\",\"target\":[\"https:\\\/\\\/sindromecharge.es\\\/index.php\\\/2021\\\/06\\\/10\\\/fundacion-mutua-y-feder-proporcionan-terapias-a-mas-de-2-300-personas-de-cualquier-edad-con-er\\\/#respond\"]}]},{\"@type\":\"WebPage\",\"@id\":\"https:\\\/\\\/sindromecharge.es\\\/index.php\\\/2021\\\/06\\\/10\\\/fundacion-mutua-y-feder-proporcionan-terapias-a-mas-de-2-300-personas-de-cualquier-edad-con-er\\\/\",\"url\":\"https:\\\/\\\/sindromecharge.es\\\/index.php\\\/2021\\\/06\\\/10\\\/fundacion-mutua-y-feder-proporcionan-terapias-a-mas-de-2-300-personas-de-cualquier-edad-con-er\\\/\",\"name\":\"Fundaci\u00f3n Mutua y FEDER proporcionan terapias a m\u00e1s de 2.300 personas de cualquier edad con ER - Asociaci\u00f3n Espa\u00f1ola S\u00edndrome de Charge\",\"isPartOf\":{\"@id\":\"https:\\\/\\\/sindromecharge.es\\\/#website\"},\"datePublished\":\"2021-06-10T05:39:05+00:00\",\"author\":{\"@id\":\"https:\\\/\\\/sindromecharge.es\\\/#\\\/schema\\\/person\\\/39a60ebe0a2b4d5a11179701e336b039\"},\"breadcrumb\":{\"@id\":\"https:\\\/\\\/sindromecharge.es\\\/index.php\\\/2021\\\/06\\\/10\\\/fundacion-mutua-y-feder-proporcionan-terapias-a-mas-de-2-300-personas-de-cualquier-edad-con-er\\\/#breadcrumb\"},\"inLanguage\":\"es\",\"potentialAction\":[{\"@type\":\"ReadAction\",\"target\":[\"https:\\\/\\\/sindromecharge.es\\\/index.php\\\/2021\\\/06\\\/10\\\/fundacion-mutua-y-feder-proporcionan-terapias-a-mas-de-2-300-personas-de-cualquier-edad-con-er\\\/\"]}]},{\"@type\":\"BreadcrumbList\",\"@id\":\"https:\\\/\\\/sindromecharge.es\\\/index.php\\\/2021\\\/06\\\/10\\\/fundacion-mutua-y-feder-proporcionan-terapias-a-mas-de-2-300-personas-de-cualquier-edad-con-er\\\/#breadcrumb\",\"itemListElement\":[{\"@type\":\"ListItem\",\"position\":1,\"name\":\"Portada\",\"item\":\"https:\\\/\\\/sindromecharge.es\\\/\"},{\"@type\":\"ListItem\",\"position\":2,\"name\":\"Fundaci\u00f3n Mutua y FEDER proporcionan terapias a m\u00e1s de 2.300 personas de cualquier edad con ER\"}]},{\"@type\":\"WebSite\",\"@id\":\"https:\\\/\\\/sindromecharge.es\\\/#website\",\"url\":\"https:\\\/\\\/sindromecharge.es\\\/\",\"name\":\"Asociaci\u00f3n Espa\u00f1ola S\u00edndrome de Charge\",\"description\":\"\",\"potentialAction\":[{\"@type\":\"SearchAction\",\"target\":{\"@type\":\"EntryPoint\",\"urlTemplate\":\"https:\\\/\\\/sindromecharge.es\\\/?s={search_term_string}\"},\"query-input\":{\"@type\":\"PropertyValueSpecification\",\"valueRequired\":true,\"valueName\":\"search_term_string\"}}],\"inLanguage\":\"es\"},{\"@type\":\"Person\",\"@id\":\"https:\\\/\\\/sindromecharge.es\\\/#\\\/schema\\\/person\\\/39a60ebe0a2b4d5a11179701e336b039\",\"name\":\"Charge\",\"image\":{\"@type\":\"ImageObject\",\"inLanguage\":\"es\",\"@id\":\"https:\\\/\\\/secure.gravatar.com\\\/avatar\\\/c3b46e32a0fc3b093a0873fb767bf3293de856293065e84ef06b7ec7a8acfb98?s=96&d=identicon&r=x\",\"url\":\"https:\\\/\\\/secure.gravatar.com\\\/avatar\\\/c3b46e32a0fc3b093a0873fb767bf3293de856293065e84ef06b7ec7a8acfb98?s=96&d=identicon&r=x\",\"contentUrl\":\"https:\\\/\\\/secure.gravatar.com\\\/avatar\\\/c3b46e32a0fc3b093a0873fb767bf3293de856293065e84ef06b7ec7a8acfb98?s=96&d=identicon&r=x\",\"caption\":\"Charge\"},\"url\":\"https:\\\/\\\/sindromecharge.es\\\/index.php\\\/author\\\/admin\\\/\"}]}<\/script>\n<!-- \/ Yoast SEO plugin. -->","yoast_head_json":{"title":"Fundaci\u00f3n Mutua y FEDER proporcionan terapias a m\u00e1s de 2.300 personas de cualquier edad con ER - Asociaci\u00f3n Espa\u00f1ola S\u00edndrome de Charge","robots":{"index":"index","follow":"follow","max-snippet":"max-snippet:-1","max-image-preview":"max-image-preview:large","max-video-preview":"max-video-preview:-1"},"canonical":"https:\/\/sindromecharge.es\/index.php\/2021\/06\/10\/fundacion-mutua-y-feder-proporcionan-terapias-a-mas-de-2-300-personas-de-cualquier-edad-con-er\/","og_locale":"es_ES","og_type":"article","og_title":"Fundaci\u00f3n Mutua y FEDER proporcionan terapias a m\u00e1s de 2.300 personas de cualquier edad con ER - Asociaci\u00f3n Espa\u00f1ola S\u00edndrome de Charge","og_description":"Leemos en FEDER la siguiente noticia que os reproducimos de forma \u00edntegra: &nbsp; La sinergia entre la Fundaci\u00f3n Mutua Madrile\u00f1a y la Federaci\u00f3n Espa\u00f1ola de Enfermedades Raras (FEDER) permitir\u00e1 que m\u00e1s de 2.300 personas de cualquier edad que conviven con patolog\u00edas poco frecuentes o est\u00e1n en busca de diagn\u00f3stico, puedan recibir terapias a trav\u00e9s del [&hellip;]","og_url":"https:\/\/sindromecharge.es\/index.php\/2021\/06\/10\/fundacion-mutua-y-feder-proporcionan-terapias-a-mas-de-2-300-personas-de-cualquier-edad-con-er\/","og_site_name":"Asociaci\u00f3n Espa\u00f1ola S\u00edndrome de Charge","article_publisher":"https:\/\/www.facebook.com\/asociacionsindromecharge","article_published_time":"2021-06-10T05:39:05+00:00","og_image":[{"width":300,"height":98,"url":"https:\/\/sindromecharge.es\/wp-content\/uploads\/2013\/09\/logodecharge300x98.png","type":"image\/png"}],"author":"Charge","twitter_card":"summary_large_image","twitter_creator":"@sindromecharge","twitter_site":"@sindromecharge","twitter_misc":{"Escrito por":"Charge","Tiempo de lectura":"4 minutos"},"schema":{"@context":"https:\/\/schema.org","@graph":[{"@type":"Article","@id":"https:\/\/sindromecharge.es\/index.php\/2021\/06\/10\/fundacion-mutua-y-feder-proporcionan-terapias-a-mas-de-2-300-personas-de-cualquier-edad-con-er\/#article","isPartOf":{"@id":"https:\/\/sindromecharge.es\/index.php\/2021\/06\/10\/fundacion-mutua-y-feder-proporcionan-terapias-a-mas-de-2-300-personas-de-cualquier-edad-con-er\/"},"author":{"name":"Charge","@id":"https:\/\/sindromecharge.es\/#\/schema\/person\/39a60ebe0a2b4d5a11179701e336b039"},"headline":"Fundaci\u00f3n Mutua y FEDER proporcionan terapias a m\u00e1s de 2.300 personas de cualquier edad con ER","datePublished":"2021-06-10T05:39:05+00:00","mainEntityOfPage":{"@id":"https:\/\/sindromecharge.es\/index.php\/2021\/06\/10\/fundacion-mutua-y-feder-proporcionan-terapias-a-mas-de-2-300-personas-de-cualquier-edad-con-er\/"},"wordCount":749,"commentCount":0,"keywords":["enfermedades raras"],"articleSection":["noticias"],"inLanguage":"es","potentialAction":[{"@type":"CommentAction","name":"Comment","target":["https:\/\/sindromecharge.es\/index.php\/2021\/06\/10\/fundacion-mutua-y-feder-proporcionan-terapias-a-mas-de-2-300-personas-de-cualquier-edad-con-er\/#respond"]}]},{"@type":"WebPage","@id":"https:\/\/sindromecharge.es\/index.php\/2021\/06\/10\/fundacion-mutua-y-feder-proporcionan-terapias-a-mas-de-2-300-personas-de-cualquier-edad-con-er\/","url":"https:\/\/sindromecharge.es\/index.php\/2021\/06\/10\/fundacion-mutua-y-feder-proporcionan-terapias-a-mas-de-2-300-personas-de-cualquier-edad-con-er\/","name":"Fundaci\u00f3n Mutua y FEDER proporcionan terapias a m\u00e1s de 2.300 personas de cualquier edad con ER - Asociaci\u00f3n Espa\u00f1ola S\u00edndrome de Charge","isPartOf":{"@id":"https:\/\/sindromecharge.es\/#website"},"datePublished":"2021-06-10T05:39:05+00:00","author":{"@id":"https:\/\/sindromecharge.es\/#\/schema\/person\/39a60ebe0a2b4d5a11179701e336b039"},"breadcrumb":{"@id":"https:\/\/sindromecharge.es\/index.php\/2021\/06\/10\/fundacion-mutua-y-feder-proporcionan-terapias-a-mas-de-2-300-personas-de-cualquier-edad-con-er\/#breadcrumb"},"inLanguage":"es","potentialAction":[{"@type":"ReadAction","target":["https:\/\/sindromecharge.es\/index.php\/2021\/06\/10\/fundacion-mutua-y-feder-proporcionan-terapias-a-mas-de-2-300-personas-de-cualquier-edad-con-er\/"]}]},{"@type":"BreadcrumbList","@id":"https:\/\/sindromecharge.es\/index.php\/2021\/06\/10\/fundacion-mutua-y-feder-proporcionan-terapias-a-mas-de-2-300-personas-de-cualquier-edad-con-er\/#breadcrumb","itemListElement":[{"@type":"ListItem","position":1,"name":"Portada","item":"https:\/\/sindromecharge.es\/"},{"@type":"ListItem","position":2,"name":"Fundaci\u00f3n Mutua y FEDER proporcionan terapias a m\u00e1s de 2.300 personas de cualquier edad con ER"}]},{"@type":"WebSite","@id":"https:\/\/sindromecharge.es\/#website","url":"https:\/\/sindromecharge.es\/","name":"Asociaci\u00f3n Espa\u00f1ola S\u00edndrome de Charge","description":"","potentialAction":[{"@type":"SearchAction","target":{"@type":"EntryPoint","urlTemplate":"https:\/\/sindromecharge.es\/?s={search_term_string}"},"query-input":{"@type":"PropertyValueSpecification","valueRequired":true,"valueName":"search_term_string"}}],"inLanguage":"es"},{"@type":"Person","@id":"https:\/\/sindromecharge.es\/#\/schema\/person\/39a60ebe0a2b4d5a11179701e336b039","name":"Charge","image":{"@type":"ImageObject","inLanguage":"es","@id":"https:\/\/secure.gravatar.com\/avatar\/c3b46e32a0fc3b093a0873fb767bf3293de856293065e84ef06b7ec7a8acfb98?s=96&d=identicon&r=x","url":"https:\/\/secure.gravatar.com\/avatar\/c3b46e32a0fc3b093a0873fb767bf3293de856293065e84ef06b7ec7a8acfb98?s=96&d=identicon&r=x","contentUrl":"https:\/\/secure.gravatar.com\/avatar\/c3b46e32a0fc3b093a0873fb767bf3293de856293065e84ef06b7ec7a8acfb98?s=96&d=identicon&r=x","caption":"Charge"},"url":"https:\/\/sindromecharge.es\/index.php\/author\/admin\/"}]}},"_links":{"self":[{"href":"https:\/\/sindromecharge.es\/index.php\/wp-json\/wp\/v2\/posts\/7270","targetHints":{"allow":["GET"]}}],"collection":[{"href":"https:\/\/sindromecharge.es\/index.php\/wp-json\/wp\/v2\/posts"}],"about":[{"href":"https:\/\/sindromecharge.es\/index.php\/wp-json\/wp\/v2\/types\/post"}],"author":[{"embeddable":true,"href":"https:\/\/sindromecharge.es\/index.php\/wp-json\/wp\/v2\/users\/1"}],"replies":[{"embeddable":true,"href":"https:\/\/sindromecharge.es\/index.php\/wp-json\/wp\/v2\/comments?post=7270"}],"version-history":[{"count":0,"href":"https:\/\/sindromecharge.es\/index.php\/wp-json\/wp\/v2\/posts\/7270\/revisions"}],"wp:attachment":[{"href":"https:\/\/sindromecharge.es\/index.php\/wp-json\/wp\/v2\/media?parent=7270"}],"wp:term":[{"taxonomy":"category","embeddable":true,"href":"https:\/\/sindromecharge.es\/index.php\/wp-json\/wp\/v2\/categories?post=7270"},{"taxonomy":"post_tag","embeddable":true,"href":"https:\/\/sindromecharge.es\/index.php\/wp-json\/wp\/v2\/tags?post=7270"}],"curies":[{"name":"wp","href":"https:\/\/api.w.org\/{rel}","templated":true}]}}