{"id":7268,"date":"2021-06-09T14:42:47","date_gmt":"2021-06-09T14:42:47","guid":{"rendered":"https:\/\/sindromecharge.es\/index.php\/2021\/06\/09\/organizamos-el-v-encuentro-sobre-acogimiento-y-adopciones-de-menores-con-er\/"},"modified":"2021-06-09T14:42:47","modified_gmt":"2021-06-09T14:42:47","slug":"organizamos-el-v-encuentro-sobre-acogimiento-y-adopciones-de-menores-con-er","status":"publish","type":"post","link":"https:\/\/sindromecharge.es\/index.php\/2021\/06\/09\/organizamos-el-v-encuentro-sobre-acogimiento-y-adopciones-de-menores-con-er\/","title":{"rendered":"Organizamos el V Encuentro sobre acogimiento y adopciones de menores con ER"},"content":{"rendered":"<p>Leemos en FEDER la siguiente noticia que os reproducimos de forma \u00edntegra: <\/p>\n<p><p>El 14 y 15 de junio organizamos, junto al Hospital Infantil Universitario Ni\u00f1o Jes\u00fas, el V curso sobre acogimiento y adopciones: ni\u00f1os con enfermedades raras y necesidades especiales con el objetivo de mejorar la atenci\u00f3n a los menores atendidos por el Sistema de Protecci\u00f3n a la Infancia fuera de su \u00e1mbito familiar, especialmente cuando presentan enfermedades raras y necesidades especiales.<\/p>\n<p>El sistema de protecci\u00f3n a la infancia interviene cuando un menor no puede ser atendido por su familia biol\u00f3gica, se concibe como un recurso para su atenci\u00f3n seg\u00fan sus necesidades y problema, bien en acogimiento familiar y\/o residencia.<\/p>\n<p>Seg\u00fan los datos del Observatorio de la infancia del Ministerio de Derechos en Espa\u00f1a requirieron esta atenci\u00f3n m\u00e1s de 45.000 ni\u00f1os en 2018. Los profesionales sanitarios, familias y personal de residencias infantiles de protecci\u00f3n deben conocer los problemas y consecuencias que afectan a los menores y sus familias y los aspectos relativos a la atenci\u00f3n sanitaria que precisan.<\/p>\n<p>A trav\u00e9s de este curso se pretende sensibilizar e informar sobre el acogimiento familiar y residencial, analizar las necesidades en salud de esta poblaci\u00f3n infantil especialmente cuando presentan una enfermedad rara y promocionar el acogimiento familiar de ni\u00f1os con necesidades especiales.<\/p>\n<p>El primer d\u00eda se inaugurar\u00e1 con C\u00e9sar G\u00f3mez, gerente del Hospital Infantil Universitario del Ni\u00f1o Jes\u00fas, con Violeta Assiego, Directora Gerente de Derechos de la Infancia y de la Adolescencia, secretaria de estado de Derechos, con Paula G\u00f3mez-\u00c1ngulo, Directora General de Infancia, Familia y Natalidad de la Consejer\u00eda de Pol\u00edticas Sociales, Familias, Igualdad y Natalidad de la Comunidad de Madrid y con nuestra directora, Alba Ancochea.<\/p>\n<p>En una primera parte, se hablar\u00e1 sobre el sistema de protecci\u00f3n acogimiento residencial a trav\u00e9s de la intervenci\u00f3n de Ana Cristina G\u00f3mez, Subdirectora General de Protecci\u00f3n, de la Direcci\u00f3n General de Infancia, Familias y Natalidad. A continuaci\u00f3n, le seguir\u00e1 Azucena Retuerta, Pediatra del Hospital Infantil Universitario Ni\u00f1o Jes\u00fas, Juan Alonso Casalilla, Psic\u00f3logo y t\u00e9cnico de la Unidad de Acogimiento Familiar, Teresa Alc\u00e1zar, Directora de la Residencia Infantil Las Rosas, Isabel P\u00e9rez, Pediatr\u00e1 de la misma residencia y tambi\u00e9n intervendr\u00e1 una familia acogedora de un menor con necesidades especiales.<\/p>\n<p>En una segunda parte, hablar\u00e1 se hablar\u00e1 sobre la situaci\u00f3n actual y las perspectivas del acogimiento de menores con necesidades especiales y ser\u00e1 expuesto por Ana Ber\u00e1stegui, de la Universidad Pontificia de Comillas.<\/p>\n<p>El 15 de junio se abordar\u00e1 la adopci\u00f3n y su proceso, de la mano de, Noem\u00ed Blanes, Trabajadora Social de la Unidad de Pediatr\u00eda Social del Ni\u00f1o Jes\u00fas de Madrid, Antonio Ferrandis, Jefe de \u00c1rea de Adopciones, Lila Parrondo, Psic\u00f3loga y Directora de Adoptantis. A continuaci\u00f3n, le seguir\u00e1 la intervenci\u00f3n sobre menores con necesidades especiales y enfermedades raras, en esta segunda parte intervendr\u00e1 Ana Moreno, Trabajadora Social, el pediatra Jos\u00e9 Antonio D\u00edaz, la educadora social del \u00e1rea de inclusi\u00f3n de FEDER, Carmen Murillo, la Coordinadora T\u00e9cnico del programa Padres que Acogen de la Federaci\u00f3n Espa\u00f1ola de S\u00edndrome de Down, M\u00f3nica D\u00edaz y tambi\u00e9n intervendr\u00e1 una familia acogedora de urgencia.<\/p>\n<p>Por otro lado, se abordar\u00e1 la enfermer\u00eda y acogimiento a trav\u00e9s de la intervenci\u00f3n de Marta Quesada, Enfermera de la Residencia Infantil Casa de los Ni\u00f1os, de Diego Ayuso, del Consejo General de Enfermer\u00eda y de Ignacio Garbisu, Director de Enfermer\u00eda del Hospital Ni\u00f1o Jes\u00fas de Madrid.<\/p>\n<p>Por \u00faltimo, la clausura de la jornada ser\u00e1 realizada por el Consejo General de Enfermer\u00eda y por la Asociaci\u00f3n Madrile\u00f1a para la Prevenci\u00f3n de los Malos Tratos en la Infancia.<\/p>\n<p>\u00daltima actualizaci\u00f3n 09\/06\/2021<\/p>\n<\/p>\n<p>Fuente: FEDER <a href=\"https:\/\/enfermedades-raras.org\/index.php\/actualidad\/noticias-eventos\/2-feder\/15493-organizamos-el-v-encuentro-sobre-acogimiento-y-adopciones-de-menores-con-er\" target=\"_blank\" rel=\"noopener\">Organizamos el V Encuentro sobre acogimiento y adopciones de menores con ER<\/a><\/p>\n","protected":false},"excerpt":{"rendered":"<p>Leemos en FEDER la siguiente noticia que os reproducimos de forma \u00edntegra: El 14 y 15 de junio organizamos, junto al Hospital Infantil Universitario Ni\u00f1o Jes\u00fas, el V curso sobre acogimiento y adopciones: ni\u00f1os con enfermedades raras y necesidades especiales con el objetivo de mejorar la atenci\u00f3n a los menores atendidos por el Sistema de [&hellip;]<\/p>\n","protected":false},"author":1,"featured_media":0,"comment_status":"open","ping_status":"closed","sticky":false,"template":"","format":"standard","meta":{"footnotes":""},"categories":[8],"tags":[36],"class_list":["post-7268","post","type-post","status-publish","format-standard","hentry","category-noticias","tag-enfermedades-raras"],"yoast_head":"<!-- This site is optimized with the Yoast SEO plugin v27.4 - https:\/\/yoast.com\/product\/yoast-seo-wordpress\/ -->\n<title>Organizamos el V Encuentro sobre acogimiento y adopciones de menores con ER - Asociaci\u00f3n Espa\u00f1ola S\u00edndrome de Charge<\/title>\n<meta name=\"robots\" content=\"index, follow, max-snippet:-1, max-image-preview:large, max-video-preview:-1\" \/>\n<link rel=\"canonical\" href=\"https:\/\/sindromecharge.es\/index.php\/2021\/06\/09\/organizamos-el-v-encuentro-sobre-acogimiento-y-adopciones-de-menores-con-er\/\" \/>\n<meta property=\"og:locale\" content=\"es_ES\" \/>\n<meta property=\"og:type\" content=\"article\" \/>\n<meta property=\"og:title\" content=\"Organizamos el V Encuentro sobre acogimiento y adopciones de menores con ER - Asociaci\u00f3n Espa\u00f1ola S\u00edndrome de Charge\" \/>\n<meta property=\"og:description\" content=\"Leemos en FEDER la siguiente noticia que os reproducimos de forma \u00edntegra: El 14 y 15 de junio organizamos, junto al Hospital Infantil Universitario Ni\u00f1o Jes\u00fas, el V curso sobre acogimiento y adopciones: ni\u00f1os con enfermedades raras y necesidades especiales con el objetivo de mejorar la atenci\u00f3n a los menores atendidos por el Sistema de [&hellip;]\" \/>\n<meta property=\"og:url\" content=\"https:\/\/sindromecharge.es\/index.php\/2021\/06\/09\/organizamos-el-v-encuentro-sobre-acogimiento-y-adopciones-de-menores-con-er\/\" \/>\n<meta property=\"og:site_name\" content=\"Asociaci\u00f3n Espa\u00f1ola S\u00edndrome de Charge\" \/>\n<meta property=\"article:publisher\" content=\"https:\/\/www.facebook.com\/asociacionsindromecharge\" \/>\n<meta property=\"article:published_time\" content=\"2021-06-09T14:42:47+00:00\" \/>\n<meta property=\"og:image\" content=\"https:\/\/sindromecharge.es\/wp-content\/uploads\/2013\/09\/logodecharge300x98.png\" \/>\n\t<meta property=\"og:image:width\" content=\"300\" \/>\n\t<meta property=\"og:image:height\" content=\"98\" \/>\n\t<meta property=\"og:image:type\" content=\"image\/png\" \/>\n<meta name=\"author\" content=\"Charge\" \/>\n<meta name=\"twitter:card\" content=\"summary_large_image\" \/>\n<meta name=\"twitter:creator\" content=\"@sindromecharge\" \/>\n<meta name=\"twitter:site\" content=\"@sindromecharge\" \/>\n<meta name=\"twitter:label1\" content=\"Escrito por\" \/>\n\t<meta name=\"twitter:data1\" content=\"Charge\" \/>\n\t<meta name=\"twitter:label2\" content=\"Tiempo de lectura\" \/>\n\t<meta name=\"twitter:data2\" content=\"3 minutos\" \/>\n<script type=\"application\/ld+json\" class=\"yoast-schema-graph\">{\"@context\":\"https:\\\/\\\/schema.org\",\"@graph\":[{\"@type\":\"Article\",\"@id\":\"https:\\\/\\\/sindromecharge.es\\\/index.php\\\/2021\\\/06\\\/09\\\/organizamos-el-v-encuentro-sobre-acogimiento-y-adopciones-de-menores-con-er\\\/#article\",\"isPartOf\":{\"@id\":\"https:\\\/\\\/sindromecharge.es\\\/index.php\\\/2021\\\/06\\\/09\\\/organizamos-el-v-encuentro-sobre-acogimiento-y-adopciones-de-menores-con-er\\\/\"},\"author\":{\"name\":\"Charge\",\"@id\":\"https:\\\/\\\/sindromecharge.es\\\/#\\\/schema\\\/person\\\/39a60ebe0a2b4d5a11179701e336b039\"},\"headline\":\"Organizamos el V Encuentro sobre acogimiento y adopciones de menores con ER\",\"datePublished\":\"2021-06-09T14:42:47+00:00\",\"mainEntityOfPage\":{\"@id\":\"https:\\\/\\\/sindromecharge.es\\\/index.php\\\/2021\\\/06\\\/09\\\/organizamos-el-v-encuentro-sobre-acogimiento-y-adopciones-de-menores-con-er\\\/\"},\"wordCount\":679,\"commentCount\":0,\"keywords\":[\"enfermedades raras\"],\"articleSection\":[\"noticias\"],\"inLanguage\":\"es\",\"potentialAction\":[{\"@type\":\"CommentAction\",\"name\":\"Comment\",\"target\":[\"https:\\\/\\\/sindromecharge.es\\\/index.php\\\/2021\\\/06\\\/09\\\/organizamos-el-v-encuentro-sobre-acogimiento-y-adopciones-de-menores-con-er\\\/#respond\"]}]},{\"@type\":\"WebPage\",\"@id\":\"https:\\\/\\\/sindromecharge.es\\\/index.php\\\/2021\\\/06\\\/09\\\/organizamos-el-v-encuentro-sobre-acogimiento-y-adopciones-de-menores-con-er\\\/\",\"url\":\"https:\\\/\\\/sindromecharge.es\\\/index.php\\\/2021\\\/06\\\/09\\\/organizamos-el-v-encuentro-sobre-acogimiento-y-adopciones-de-menores-con-er\\\/\",\"name\":\"Organizamos el V Encuentro sobre acogimiento y adopciones de menores con ER - Asociaci\u00f3n Espa\u00f1ola S\u00edndrome de Charge\",\"isPartOf\":{\"@id\":\"https:\\\/\\\/sindromecharge.es\\\/#website\"},\"datePublished\":\"2021-06-09T14:42:47+00:00\",\"author\":{\"@id\":\"https:\\\/\\\/sindromecharge.es\\\/#\\\/schema\\\/person\\\/39a60ebe0a2b4d5a11179701e336b039\"},\"breadcrumb\":{\"@id\":\"https:\\\/\\\/sindromecharge.es\\\/index.php\\\/2021\\\/06\\\/09\\\/organizamos-el-v-encuentro-sobre-acogimiento-y-adopciones-de-menores-con-er\\\/#breadcrumb\"},\"inLanguage\":\"es\",\"potentialAction\":[{\"@type\":\"ReadAction\",\"target\":[\"https:\\\/\\\/sindromecharge.es\\\/index.php\\\/2021\\\/06\\\/09\\\/organizamos-el-v-encuentro-sobre-acogimiento-y-adopciones-de-menores-con-er\\\/\"]}]},{\"@type\":\"BreadcrumbList\",\"@id\":\"https:\\\/\\\/sindromecharge.es\\\/index.php\\\/2021\\\/06\\\/09\\\/organizamos-el-v-encuentro-sobre-acogimiento-y-adopciones-de-menores-con-er\\\/#breadcrumb\",\"itemListElement\":[{\"@type\":\"ListItem\",\"position\":1,\"name\":\"Portada\",\"item\":\"https:\\\/\\\/sindromecharge.es\\\/\"},{\"@type\":\"ListItem\",\"position\":2,\"name\":\"Organizamos el V Encuentro sobre acogimiento y adopciones de menores con ER\"}]},{\"@type\":\"WebSite\",\"@id\":\"https:\\\/\\\/sindromecharge.es\\\/#website\",\"url\":\"https:\\\/\\\/sindromecharge.es\\\/\",\"name\":\"Asociaci\u00f3n Espa\u00f1ola S\u00edndrome de Charge\",\"description\":\"\",\"potentialAction\":[{\"@type\":\"SearchAction\",\"target\":{\"@type\":\"EntryPoint\",\"urlTemplate\":\"https:\\\/\\\/sindromecharge.es\\\/?s={search_term_string}\"},\"query-input\":{\"@type\":\"PropertyValueSpecification\",\"valueRequired\":true,\"valueName\":\"search_term_string\"}}],\"inLanguage\":\"es\"},{\"@type\":\"Person\",\"@id\":\"https:\\\/\\\/sindromecharge.es\\\/#\\\/schema\\\/person\\\/39a60ebe0a2b4d5a11179701e336b039\",\"name\":\"Charge\",\"image\":{\"@type\":\"ImageObject\",\"inLanguage\":\"es\",\"@id\":\"https:\\\/\\\/secure.gravatar.com\\\/avatar\\\/c3b46e32a0fc3b093a0873fb767bf3293de856293065e84ef06b7ec7a8acfb98?s=96&d=identicon&r=x\",\"url\":\"https:\\\/\\\/secure.gravatar.com\\\/avatar\\\/c3b46e32a0fc3b093a0873fb767bf3293de856293065e84ef06b7ec7a8acfb98?s=96&d=identicon&r=x\",\"contentUrl\":\"https:\\\/\\\/secure.gravatar.com\\\/avatar\\\/c3b46e32a0fc3b093a0873fb767bf3293de856293065e84ef06b7ec7a8acfb98?s=96&d=identicon&r=x\",\"caption\":\"Charge\"},\"url\":\"https:\\\/\\\/sindromecharge.es\\\/index.php\\\/author\\\/admin\\\/\"}]}<\/script>\n<!-- \/ Yoast SEO plugin. -->","yoast_head_json":{"title":"Organizamos el V Encuentro sobre acogimiento y adopciones de menores con ER - Asociaci\u00f3n Espa\u00f1ola S\u00edndrome de Charge","robots":{"index":"index","follow":"follow","max-snippet":"max-snippet:-1","max-image-preview":"max-image-preview:large","max-video-preview":"max-video-preview:-1"},"canonical":"https:\/\/sindromecharge.es\/index.php\/2021\/06\/09\/organizamos-el-v-encuentro-sobre-acogimiento-y-adopciones-de-menores-con-er\/","og_locale":"es_ES","og_type":"article","og_title":"Organizamos el V Encuentro sobre acogimiento y adopciones de menores con ER - Asociaci\u00f3n Espa\u00f1ola S\u00edndrome de Charge","og_description":"Leemos en FEDER la siguiente noticia que os reproducimos de forma \u00edntegra: El 14 y 15 de junio organizamos, junto al Hospital Infantil Universitario Ni\u00f1o Jes\u00fas, el V curso sobre acogimiento y adopciones: ni\u00f1os con enfermedades raras y necesidades especiales con el objetivo de mejorar la atenci\u00f3n a los menores atendidos por el Sistema de [&hellip;]","og_url":"https:\/\/sindromecharge.es\/index.php\/2021\/06\/09\/organizamos-el-v-encuentro-sobre-acogimiento-y-adopciones-de-menores-con-er\/","og_site_name":"Asociaci\u00f3n Espa\u00f1ola S\u00edndrome de Charge","article_publisher":"https:\/\/www.facebook.com\/asociacionsindromecharge","article_published_time":"2021-06-09T14:42:47+00:00","og_image":[{"width":300,"height":98,"url":"https:\/\/sindromecharge.es\/wp-content\/uploads\/2013\/09\/logodecharge300x98.png","type":"image\/png"}],"author":"Charge","twitter_card":"summary_large_image","twitter_creator":"@sindromecharge","twitter_site":"@sindromecharge","twitter_misc":{"Escrito por":"Charge","Tiempo de lectura":"3 minutos"},"schema":{"@context":"https:\/\/schema.org","@graph":[{"@type":"Article","@id":"https:\/\/sindromecharge.es\/index.php\/2021\/06\/09\/organizamos-el-v-encuentro-sobre-acogimiento-y-adopciones-de-menores-con-er\/#article","isPartOf":{"@id":"https:\/\/sindromecharge.es\/index.php\/2021\/06\/09\/organizamos-el-v-encuentro-sobre-acogimiento-y-adopciones-de-menores-con-er\/"},"author":{"name":"Charge","@id":"https:\/\/sindromecharge.es\/#\/schema\/person\/39a60ebe0a2b4d5a11179701e336b039"},"headline":"Organizamos el V Encuentro sobre acogimiento y adopciones de menores con ER","datePublished":"2021-06-09T14:42:47+00:00","mainEntityOfPage":{"@id":"https:\/\/sindromecharge.es\/index.php\/2021\/06\/09\/organizamos-el-v-encuentro-sobre-acogimiento-y-adopciones-de-menores-con-er\/"},"wordCount":679,"commentCount":0,"keywords":["enfermedades raras"],"articleSection":["noticias"],"inLanguage":"es","potentialAction":[{"@type":"CommentAction","name":"Comment","target":["https:\/\/sindromecharge.es\/index.php\/2021\/06\/09\/organizamos-el-v-encuentro-sobre-acogimiento-y-adopciones-de-menores-con-er\/#respond"]}]},{"@type":"WebPage","@id":"https:\/\/sindromecharge.es\/index.php\/2021\/06\/09\/organizamos-el-v-encuentro-sobre-acogimiento-y-adopciones-de-menores-con-er\/","url":"https:\/\/sindromecharge.es\/index.php\/2021\/06\/09\/organizamos-el-v-encuentro-sobre-acogimiento-y-adopciones-de-menores-con-er\/","name":"Organizamos el V Encuentro sobre acogimiento y adopciones de menores con ER - Asociaci\u00f3n Espa\u00f1ola S\u00edndrome de Charge","isPartOf":{"@id":"https:\/\/sindromecharge.es\/#website"},"datePublished":"2021-06-09T14:42:47+00:00","author":{"@id":"https:\/\/sindromecharge.es\/#\/schema\/person\/39a60ebe0a2b4d5a11179701e336b039"},"breadcrumb":{"@id":"https:\/\/sindromecharge.es\/index.php\/2021\/06\/09\/organizamos-el-v-encuentro-sobre-acogimiento-y-adopciones-de-menores-con-er\/#breadcrumb"},"inLanguage":"es","potentialAction":[{"@type":"ReadAction","target":["https:\/\/sindromecharge.es\/index.php\/2021\/06\/09\/organizamos-el-v-encuentro-sobre-acogimiento-y-adopciones-de-menores-con-er\/"]}]},{"@type":"BreadcrumbList","@id":"https:\/\/sindromecharge.es\/index.php\/2021\/06\/09\/organizamos-el-v-encuentro-sobre-acogimiento-y-adopciones-de-menores-con-er\/#breadcrumb","itemListElement":[{"@type":"ListItem","position":1,"name":"Portada","item":"https:\/\/sindromecharge.es\/"},{"@type":"ListItem","position":2,"name":"Organizamos el V Encuentro sobre acogimiento y adopciones de menores con ER"}]},{"@type":"WebSite","@id":"https:\/\/sindromecharge.es\/#website","url":"https:\/\/sindromecharge.es\/","name":"Asociaci\u00f3n Espa\u00f1ola S\u00edndrome de Charge","description":"","potentialAction":[{"@type":"SearchAction","target":{"@type":"EntryPoint","urlTemplate":"https:\/\/sindromecharge.es\/?s={search_term_string}"},"query-input":{"@type":"PropertyValueSpecification","valueRequired":true,"valueName":"search_term_string"}}],"inLanguage":"es"},{"@type":"Person","@id":"https:\/\/sindromecharge.es\/#\/schema\/person\/39a60ebe0a2b4d5a11179701e336b039","name":"Charge","image":{"@type":"ImageObject","inLanguage":"es","@id":"https:\/\/secure.gravatar.com\/avatar\/c3b46e32a0fc3b093a0873fb767bf3293de856293065e84ef06b7ec7a8acfb98?s=96&d=identicon&r=x","url":"https:\/\/secure.gravatar.com\/avatar\/c3b46e32a0fc3b093a0873fb767bf3293de856293065e84ef06b7ec7a8acfb98?s=96&d=identicon&r=x","contentUrl":"https:\/\/secure.gravatar.com\/avatar\/c3b46e32a0fc3b093a0873fb767bf3293de856293065e84ef06b7ec7a8acfb98?s=96&d=identicon&r=x","caption":"Charge"},"url":"https:\/\/sindromecharge.es\/index.php\/author\/admin\/"}]}},"_links":{"self":[{"href":"https:\/\/sindromecharge.es\/index.php\/wp-json\/wp\/v2\/posts\/7268","targetHints":{"allow":["GET"]}}],"collection":[{"href":"https:\/\/sindromecharge.es\/index.php\/wp-json\/wp\/v2\/posts"}],"about":[{"href":"https:\/\/sindromecharge.es\/index.php\/wp-json\/wp\/v2\/types\/post"}],"author":[{"embeddable":true,"href":"https:\/\/sindromecharge.es\/index.php\/wp-json\/wp\/v2\/users\/1"}],"replies":[{"embeddable":true,"href":"https:\/\/sindromecharge.es\/index.php\/wp-json\/wp\/v2\/comments?post=7268"}],"version-history":[{"count":0,"href":"https:\/\/sindromecharge.es\/index.php\/wp-json\/wp\/v2\/posts\/7268\/revisions"}],"wp:attachment":[{"href":"https:\/\/sindromecharge.es\/index.php\/wp-json\/wp\/v2\/media?parent=7268"}],"wp:term":[{"taxonomy":"category","embeddable":true,"href":"https:\/\/sindromecharge.es\/index.php\/wp-json\/wp\/v2\/categories?post=7268"},{"taxonomy":"post_tag","embeddable":true,"href":"https:\/\/sindromecharge.es\/index.php\/wp-json\/wp\/v2\/tags?post=7268"}],"curies":[{"name":"wp","href":"https:\/\/api.w.org\/{rel}","templated":true}]}}