{"id":7267,"date":"2021-06-09T09:59:16","date_gmt":"2021-06-09T09:59:16","guid":{"rendered":"https:\/\/sindromecharge.es\/index.php\/2021\/06\/09\/la-junta-pone-en-marcha-una-campana-para-impulsar-la-actividad-en-los-centro-de-dia-para-mayores-y-dependientes\/"},"modified":"2021-06-09T09:59:16","modified_gmt":"2021-06-09T09:59:16","slug":"la-junta-pone-en-marcha-una-campana-para-impulsar-la-actividad-en-los-centro-de-dia-para-mayores-y-dependientes","status":"publish","type":"post","link":"https:\/\/sindromecharge.es\/index.php\/2021\/06\/09\/la-junta-pone-en-marcha-una-campana-para-impulsar-la-actividad-en-los-centro-de-dia-para-mayores-y-dependientes\/","title":{"rendered":"La Junta pone en marcha una campa\u00f1a para impulsar la actividad en los centro de d\u00eda para mayores y dependientes"},"content":{"rendered":"<p>Leemos en 20minutos la siguiente noticia que os reproducimos de forma \u00edntegra: <\/p>\n<p>La campa\u00f1a se difundir\u00e1 en radio y televisi\u00f3n e insistir\u00e1 en las garant\u00edas sanitarias de un servicio b\u00e1sico en la prevenci\u00f3n y la atenci\u00f3n a la dependencia, una prestaci\u00f3n que ha aumentado su dotaci\u00f3n presupuestaria en 373 millones desde el inicio de la legislatura.<\/p>\n<p>\u00abLos centros de d\u00eda son unas instalaciones fundamentales en la atenci\u00f3n de las personas dependientes, que ayudan a mejorar su calidad de vida y potenciar su autonom\u00eda, pero tambi\u00e9n son una herramienta b\u00e1sica para la prevenci\u00f3n: para evitar que esa dependencia se agrave o esa autonom\u00eda lograda sufra retrocesos\u00bb, ha recordado Fern\u00e1ndez.<\/p>\n<p>La campa\u00f1a, ha explicado, \u00abpone el foco en la emoci\u00f3n del reencuentro entre profesionales t\u00e9cnicos y sanitarios con las personas usuarias despu\u00e9s de m\u00e1s de un a\u00f1o de ausencia y de tanto dolor, porque no podemos olvidar que las personas dependientes han sido el colectivo m\u00e1s afectado por la pandemia\u00bb.<\/p>\n<p>\u00abY estoy convencida de que tambi\u00e9n hay emoci\u00f3n entre esos usuarios y usuarias por reencontrarse con caras conocidas y retomar esas rutinas que tanta falta les hacen, y hacerlo en un entorno seguro al cien por cien\u00bb, ha subrayado Fern\u00e1ndez, al tiempo que ha destacado que \u00abla prioridad de esta Consejer\u00eda de Igualdad ha reducir al m\u00ednimo el riesgo y vacunar a todas las personas de estas instalaciones, tanto usuarios como profesionales\u00bb.<\/p>\n<p>Tambi\u00e9n la delegada provincial ha explicado que el confinamiento supuso un descenso del 20 por ciento en el n\u00famero de personas usuarias que asist\u00edan a estas instalaciones en toda la comunidad y entre un dos por ciento y un once por ciento en M\u00e1laga.<\/p>\n<p>No obstante con la desescalada se fue recuperando poco a poco la normalidad hasta recobrar unos niveles de asistencia similares a los de antes de la pandemia en los centros de participaci\u00f3n activa de la comunidad. \u00abLamentablemente, constatamos que no est\u00e1 siendo as\u00ed con los centros de d\u00eda para personas mayores, que est\u00e1n todav\u00eda a la mitad  de ocupaci\u00f3n por temor a los posibles contagios\u00bb, ha agregado.<\/p>\n<p>As\u00ed, en los centros de d\u00eda de personas mayores la asistencia ronda el  50,06 por ciento en M\u00e1laga (52,31% en Andaluc\u00eda), un porcentaje que asciende hasta el 89,41 por ciento en los centros para personas con discapacidad y en los centros de d\u00eda ocupacionales. \u00abPor eso estamos hoy aqu\u00ed, para lanzar un mensaje de tranquilidad a nuestras personas dependientes y a sus familias, porque su regreso es nuestra mayor satisfacci\u00f3n\u00bb, ha dicho Fern\u00e1ndez.<\/p>\n<p>PRESUPUESTO EN DEPENDENCIA<\/p>\n<p>Por otro lado, la delegada ha incidido en la apuesta de su departamento por un modelo de proximidad y cercan\u00eda en la atenci\u00f3n a la dependencia, que cuenta este ejercicio con la mayor dotaci\u00f3n presupuestaria de la historia de la comunidad, 1.741 millones de euros.<\/p>\n<p>\u00abY en lo que llevamos de legislatura, este presupuesto se ha incrementado m\u00e1s de 373 millones con el objetivo de blindar las pol\u00edticas sociales de atenci\u00f3n a la dependencia\u00bb, ha asegurado.<\/p>\n<p>Al respecto, Fern\u00e1ndez ha detallado que la campa\u00f1a va acompa\u00f1ada de un paquete de medidas implantado para incentivar la asistencia a los centros d\u00eda tras la pandemia y apostar por el sector de los cuidados, que genera 55.000 empleos en la comunidad.<\/p>\n<p>El primer paso ha sido la reducci\u00f3n del copago que aportan los usuarios del 40 al 25 por ciento, una cantidad que estaba congelada desde 2002 y que supondr\u00e1 un ahorro medio para las familias cercano a los 1.000 euros. Asimismo, este a\u00f1o se crear\u00e1n 50 nuevas plazas en centros de d\u00eda para personas con discapacidad.<\/p>\n<p>Adem\u00e1s, se han priorizado las propuestas del Programa Individual de Atenci\u00f3n (PIA) orientadas a la modalidad de centros de d\u00eda, as\u00ed como la tramitaci\u00f3n del expediente de aquellas personas que, siendo atendidas a trav\u00e9s de este servicio, se encuentran a la espera de su resoluci\u00f3n en el \u00e1mbito de la dependencia.<\/p>\n<p>De igual modo, ha detallado, se han ampliado las medidas econ\u00f3micas extraordinarias para los centros de d\u00eda, a fin de garantizar la financiaci\u00f3n de las plazas concertadas ocupadas por personas beneficiarias en situaci\u00f3n de dependencia. Y con car\u00e1cter retroactivo desde el 1 de enero se han revisado los costes m\u00e1ximos de plazas con un incremento general del 2,6 por ciento, al tiempo que se ha procedido a la reserva de la plaza para no perjudicar a la empresa prestadora del servicio en el caso de que por recomendaci\u00f3n sanitaria la persona beneficiaria no pudiera incorporarse a la misma.<\/p>\n<p>\u00abEn definitiva, en Igualdad apostamos por m\u00e1s presupuesto, m\u00e1s recursos y mayor calidad del servicio para garantizar un derecho subjetivo de los y las andaluzas como es la atenci\u00f3n a la dependencia, que ha sido nuestra prioridad en estos dos a\u00f1os\u00bb, ha concluido la delegada, al tiempo que ha valorado que este modelo de gesti\u00f3n \u00abde calidad y calidez ha sido avalado por el Observatorio de la Dependencia como el segundo mejor de Espa\u00f1a\u00bb.<\/p>\n<p>Fuente: 20minutos <a href=\"https:\/\/www.20minutos.es\/noticia\/4723846\/0\/la-junta-pone-en-marcha-una-campana-para-impulsar-la-actividad-en-los-centro-de-dia-para-mayores-y-dependientes\/\" target=\"_blank\" rel=\"noopener\">La Junta pone en marcha una campa\u00f1a para impulsar la actividad en los centro de d\u00eda para mayores y dependientes<\/a><\/p>\n","protected":false},"excerpt":{"rendered":"<p>Leemos en 20minutos la siguiente noticia que os reproducimos de forma \u00edntegra: La campa\u00f1a se difundir\u00e1 en radio y televisi\u00f3n e insistir\u00e1 en las garant\u00edas sanitarias de un servicio b\u00e1sico en la prevenci\u00f3n y la atenci\u00f3n a la dependencia, una prestaci\u00f3n que ha aumentado su dotaci\u00f3n presupuestaria en 373 millones desde el inicio de la [&hellip;]<\/p>\n","protected":false},"author":1,"featured_media":0,"comment_status":"open","ping_status":"closed","sticky":false,"template":"","format":"standard","meta":{"footnotes":""},"categories":[8],"tags":[31],"class_list":["post-7267","post","type-post","status-publish","format-standard","hentry","category-noticias","tag-discapacidad"],"yoast_head":"<!-- This site is optimized with the Yoast SEO plugin v27.4 - https:\/\/yoast.com\/product\/yoast-seo-wordpress\/ -->\n<title>La Junta pone en marcha una campa\u00f1a para impulsar la actividad en los centro de d\u00eda para mayores y dependientes - Asociaci\u00f3n Espa\u00f1ola S\u00edndrome de Charge<\/title>\n<meta name=\"robots\" content=\"index, follow, max-snippet:-1, max-image-preview:large, max-video-preview:-1\" \/>\n<link rel=\"canonical\" href=\"https:\/\/sindromecharge.es\/index.php\/2021\/06\/09\/la-junta-pone-en-marcha-una-campana-para-impulsar-la-actividad-en-los-centro-de-dia-para-mayores-y-dependientes\/\" \/>\n<meta property=\"og:locale\" content=\"es_ES\" \/>\n<meta property=\"og:type\" content=\"article\" \/>\n<meta property=\"og:title\" content=\"La Junta pone en marcha una campa\u00f1a para impulsar la actividad en los centro de d\u00eda para mayores y dependientes - Asociaci\u00f3n Espa\u00f1ola S\u00edndrome de Charge\" \/>\n<meta property=\"og:description\" content=\"Leemos en 20minutos la siguiente noticia que os reproducimos de forma \u00edntegra: La campa\u00f1a se difundir\u00e1 en radio y televisi\u00f3n e insistir\u00e1 en las garant\u00edas sanitarias de un servicio b\u00e1sico en la prevenci\u00f3n y la atenci\u00f3n a la dependencia, una prestaci\u00f3n que ha aumentado su dotaci\u00f3n presupuestaria en 373 millones desde el inicio de la [&hellip;]\" \/>\n<meta property=\"og:url\" content=\"https:\/\/sindromecharge.es\/index.php\/2021\/06\/09\/la-junta-pone-en-marcha-una-campana-para-impulsar-la-actividad-en-los-centro-de-dia-para-mayores-y-dependientes\/\" \/>\n<meta property=\"og:site_name\" content=\"Asociaci\u00f3n Espa\u00f1ola S\u00edndrome de Charge\" \/>\n<meta property=\"article:publisher\" content=\"https:\/\/www.facebook.com\/asociacionsindromecharge\" \/>\n<meta property=\"article:published_time\" content=\"2021-06-09T09:59:16+00:00\" \/>\n<meta property=\"og:image\" content=\"https:\/\/sindromecharge.es\/wp-content\/uploads\/2013\/09\/logodecharge300x98.png\" \/>\n\t<meta property=\"og:image:width\" content=\"300\" \/>\n\t<meta property=\"og:image:height\" content=\"98\" \/>\n\t<meta property=\"og:image:type\" content=\"image\/png\" \/>\n<meta name=\"author\" content=\"Charge\" \/>\n<meta name=\"twitter:card\" content=\"summary_large_image\" \/>\n<meta name=\"twitter:creator\" content=\"@sindromecharge\" \/>\n<meta name=\"twitter:site\" content=\"@sindromecharge\" \/>\n<meta name=\"twitter:label1\" content=\"Escrito por\" \/>\n\t<meta name=\"twitter:data1\" content=\"Charge\" \/>\n\t<meta name=\"twitter:label2\" content=\"Tiempo de lectura\" \/>\n\t<meta name=\"twitter:data2\" content=\"4 minutos\" \/>\n<script type=\"application\/ld+json\" class=\"yoast-schema-graph\">{\"@context\":\"https:\\\/\\\/schema.org\",\"@graph\":[{\"@type\":\"Article\",\"@id\":\"https:\\\/\\\/sindromecharge.es\\\/index.php\\\/2021\\\/06\\\/09\\\/la-junta-pone-en-marcha-una-campana-para-impulsar-la-actividad-en-los-centro-de-dia-para-mayores-y-dependientes\\\/#article\",\"isPartOf\":{\"@id\":\"https:\\\/\\\/sindromecharge.es\\\/index.php\\\/2021\\\/06\\\/09\\\/la-junta-pone-en-marcha-una-campana-para-impulsar-la-actividad-en-los-centro-de-dia-para-mayores-y-dependientes\\\/\"},\"author\":{\"name\":\"Charge\",\"@id\":\"https:\\\/\\\/sindromecharge.es\\\/#\\\/schema\\\/person\\\/39a60ebe0a2b4d5a11179701e336b039\"},\"headline\":\"La Junta pone en marcha una campa\u00f1a para impulsar la actividad en los centro de d\u00eda para mayores y dependientes\",\"datePublished\":\"2021-06-09T09:59:16+00:00\",\"mainEntityOfPage\":{\"@id\":\"https:\\\/\\\/sindromecharge.es\\\/index.php\\\/2021\\\/06\\\/09\\\/la-junta-pone-en-marcha-una-campana-para-impulsar-la-actividad-en-los-centro-de-dia-para-mayores-y-dependientes\\\/\"},\"wordCount\":921,\"commentCount\":0,\"keywords\":[\"discapacidad\"],\"articleSection\":[\"noticias\"],\"inLanguage\":\"es\",\"potentialAction\":[{\"@type\":\"CommentAction\",\"name\":\"Comment\",\"target\":[\"https:\\\/\\\/sindromecharge.es\\\/index.php\\\/2021\\\/06\\\/09\\\/la-junta-pone-en-marcha-una-campana-para-impulsar-la-actividad-en-los-centro-de-dia-para-mayores-y-dependientes\\\/#respond\"]}]},{\"@type\":\"WebPage\",\"@id\":\"https:\\\/\\\/sindromecharge.es\\\/index.php\\\/2021\\\/06\\\/09\\\/la-junta-pone-en-marcha-una-campana-para-impulsar-la-actividad-en-los-centro-de-dia-para-mayores-y-dependientes\\\/\",\"url\":\"https:\\\/\\\/sindromecharge.es\\\/index.php\\\/2021\\\/06\\\/09\\\/la-junta-pone-en-marcha-una-campana-para-impulsar-la-actividad-en-los-centro-de-dia-para-mayores-y-dependientes\\\/\",\"name\":\"La Junta pone en marcha una campa\u00f1a para impulsar la actividad en los centro de d\u00eda para mayores y dependientes - Asociaci\u00f3n Espa\u00f1ola S\u00edndrome de Charge\",\"isPartOf\":{\"@id\":\"https:\\\/\\\/sindromecharge.es\\\/#website\"},\"datePublished\":\"2021-06-09T09:59:16+00:00\",\"author\":{\"@id\":\"https:\\\/\\\/sindromecharge.es\\\/#\\\/schema\\\/person\\\/39a60ebe0a2b4d5a11179701e336b039\"},\"breadcrumb\":{\"@id\":\"https:\\\/\\\/sindromecharge.es\\\/index.php\\\/2021\\\/06\\\/09\\\/la-junta-pone-en-marcha-una-campana-para-impulsar-la-actividad-en-los-centro-de-dia-para-mayores-y-dependientes\\\/#breadcrumb\"},\"inLanguage\":\"es\",\"potentialAction\":[{\"@type\":\"ReadAction\",\"target\":[\"https:\\\/\\\/sindromecharge.es\\\/index.php\\\/2021\\\/06\\\/09\\\/la-junta-pone-en-marcha-una-campana-para-impulsar-la-actividad-en-los-centro-de-dia-para-mayores-y-dependientes\\\/\"]}]},{\"@type\":\"BreadcrumbList\",\"@id\":\"https:\\\/\\\/sindromecharge.es\\\/index.php\\\/2021\\\/06\\\/09\\\/la-junta-pone-en-marcha-una-campana-para-impulsar-la-actividad-en-los-centro-de-dia-para-mayores-y-dependientes\\\/#breadcrumb\",\"itemListElement\":[{\"@type\":\"ListItem\",\"position\":1,\"name\":\"Portada\",\"item\":\"https:\\\/\\\/sindromecharge.es\\\/\"},{\"@type\":\"ListItem\",\"position\":2,\"name\":\"La Junta pone en marcha una campa\u00f1a para impulsar la actividad en los centro de d\u00eda para mayores y dependientes\"}]},{\"@type\":\"WebSite\",\"@id\":\"https:\\\/\\\/sindromecharge.es\\\/#website\",\"url\":\"https:\\\/\\\/sindromecharge.es\\\/\",\"name\":\"Asociaci\u00f3n Espa\u00f1ola S\u00edndrome de Charge\",\"description\":\"\",\"potentialAction\":[{\"@type\":\"SearchAction\",\"target\":{\"@type\":\"EntryPoint\",\"urlTemplate\":\"https:\\\/\\\/sindromecharge.es\\\/?s={search_term_string}\"},\"query-input\":{\"@type\":\"PropertyValueSpecification\",\"valueRequired\":true,\"valueName\":\"search_term_string\"}}],\"inLanguage\":\"es\"},{\"@type\":\"Person\",\"@id\":\"https:\\\/\\\/sindromecharge.es\\\/#\\\/schema\\\/person\\\/39a60ebe0a2b4d5a11179701e336b039\",\"name\":\"Charge\",\"image\":{\"@type\":\"ImageObject\",\"inLanguage\":\"es\",\"@id\":\"https:\\\/\\\/secure.gravatar.com\\\/avatar\\\/c3b46e32a0fc3b093a0873fb767bf3293de856293065e84ef06b7ec7a8acfb98?s=96&d=identicon&r=x\",\"url\":\"https:\\\/\\\/secure.gravatar.com\\\/avatar\\\/c3b46e32a0fc3b093a0873fb767bf3293de856293065e84ef06b7ec7a8acfb98?s=96&d=identicon&r=x\",\"contentUrl\":\"https:\\\/\\\/secure.gravatar.com\\\/avatar\\\/c3b46e32a0fc3b093a0873fb767bf3293de856293065e84ef06b7ec7a8acfb98?s=96&d=identicon&r=x\",\"caption\":\"Charge\"},\"url\":\"https:\\\/\\\/sindromecharge.es\\\/index.php\\\/author\\\/admin\\\/\"}]}<\/script>\n<!-- \/ Yoast SEO plugin. -->","yoast_head_json":{"title":"La Junta pone en marcha una campa\u00f1a para impulsar la actividad en los centro de d\u00eda para mayores y dependientes - Asociaci\u00f3n Espa\u00f1ola S\u00edndrome de Charge","robots":{"index":"index","follow":"follow","max-snippet":"max-snippet:-1","max-image-preview":"max-image-preview:large","max-video-preview":"max-video-preview:-1"},"canonical":"https:\/\/sindromecharge.es\/index.php\/2021\/06\/09\/la-junta-pone-en-marcha-una-campana-para-impulsar-la-actividad-en-los-centro-de-dia-para-mayores-y-dependientes\/","og_locale":"es_ES","og_type":"article","og_title":"La Junta pone en marcha una campa\u00f1a para impulsar la actividad en los centro de d\u00eda para mayores y dependientes - Asociaci\u00f3n Espa\u00f1ola S\u00edndrome de Charge","og_description":"Leemos en 20minutos la siguiente noticia que os reproducimos de forma \u00edntegra: La campa\u00f1a se difundir\u00e1 en radio y televisi\u00f3n e insistir\u00e1 en las garant\u00edas sanitarias de un servicio b\u00e1sico en la prevenci\u00f3n y la atenci\u00f3n a la dependencia, una prestaci\u00f3n que ha aumentado su dotaci\u00f3n presupuestaria en 373 millones desde el inicio de la [&hellip;]","og_url":"https:\/\/sindromecharge.es\/index.php\/2021\/06\/09\/la-junta-pone-en-marcha-una-campana-para-impulsar-la-actividad-en-los-centro-de-dia-para-mayores-y-dependientes\/","og_site_name":"Asociaci\u00f3n Espa\u00f1ola S\u00edndrome de Charge","article_publisher":"https:\/\/www.facebook.com\/asociacionsindromecharge","article_published_time":"2021-06-09T09:59:16+00:00","og_image":[{"width":300,"height":98,"url":"https:\/\/sindromecharge.es\/wp-content\/uploads\/2013\/09\/logodecharge300x98.png","type":"image\/png"}],"author":"Charge","twitter_card":"summary_large_image","twitter_creator":"@sindromecharge","twitter_site":"@sindromecharge","twitter_misc":{"Escrito por":"Charge","Tiempo de lectura":"4 minutos"},"schema":{"@context":"https:\/\/schema.org","@graph":[{"@type":"Article","@id":"https:\/\/sindromecharge.es\/index.php\/2021\/06\/09\/la-junta-pone-en-marcha-una-campana-para-impulsar-la-actividad-en-los-centro-de-dia-para-mayores-y-dependientes\/#article","isPartOf":{"@id":"https:\/\/sindromecharge.es\/index.php\/2021\/06\/09\/la-junta-pone-en-marcha-una-campana-para-impulsar-la-actividad-en-los-centro-de-dia-para-mayores-y-dependientes\/"},"author":{"name":"Charge","@id":"https:\/\/sindromecharge.es\/#\/schema\/person\/39a60ebe0a2b4d5a11179701e336b039"},"headline":"La Junta pone en marcha una campa\u00f1a para impulsar la actividad en los centro de d\u00eda para mayores y dependientes","datePublished":"2021-06-09T09:59:16+00:00","mainEntityOfPage":{"@id":"https:\/\/sindromecharge.es\/index.php\/2021\/06\/09\/la-junta-pone-en-marcha-una-campana-para-impulsar-la-actividad-en-los-centro-de-dia-para-mayores-y-dependientes\/"},"wordCount":921,"commentCount":0,"keywords":["discapacidad"],"articleSection":["noticias"],"inLanguage":"es","potentialAction":[{"@type":"CommentAction","name":"Comment","target":["https:\/\/sindromecharge.es\/index.php\/2021\/06\/09\/la-junta-pone-en-marcha-una-campana-para-impulsar-la-actividad-en-los-centro-de-dia-para-mayores-y-dependientes\/#respond"]}]},{"@type":"WebPage","@id":"https:\/\/sindromecharge.es\/index.php\/2021\/06\/09\/la-junta-pone-en-marcha-una-campana-para-impulsar-la-actividad-en-los-centro-de-dia-para-mayores-y-dependientes\/","url":"https:\/\/sindromecharge.es\/index.php\/2021\/06\/09\/la-junta-pone-en-marcha-una-campana-para-impulsar-la-actividad-en-los-centro-de-dia-para-mayores-y-dependientes\/","name":"La Junta pone en marcha una campa\u00f1a para impulsar la actividad en los centro de d\u00eda para mayores y dependientes - Asociaci\u00f3n Espa\u00f1ola S\u00edndrome de Charge","isPartOf":{"@id":"https:\/\/sindromecharge.es\/#website"},"datePublished":"2021-06-09T09:59:16+00:00","author":{"@id":"https:\/\/sindromecharge.es\/#\/schema\/person\/39a60ebe0a2b4d5a11179701e336b039"},"breadcrumb":{"@id":"https:\/\/sindromecharge.es\/index.php\/2021\/06\/09\/la-junta-pone-en-marcha-una-campana-para-impulsar-la-actividad-en-los-centro-de-dia-para-mayores-y-dependientes\/#breadcrumb"},"inLanguage":"es","potentialAction":[{"@type":"ReadAction","target":["https:\/\/sindromecharge.es\/index.php\/2021\/06\/09\/la-junta-pone-en-marcha-una-campana-para-impulsar-la-actividad-en-los-centro-de-dia-para-mayores-y-dependientes\/"]}]},{"@type":"BreadcrumbList","@id":"https:\/\/sindromecharge.es\/index.php\/2021\/06\/09\/la-junta-pone-en-marcha-una-campana-para-impulsar-la-actividad-en-los-centro-de-dia-para-mayores-y-dependientes\/#breadcrumb","itemListElement":[{"@type":"ListItem","position":1,"name":"Portada","item":"https:\/\/sindromecharge.es\/"},{"@type":"ListItem","position":2,"name":"La Junta pone en marcha una campa\u00f1a para impulsar la actividad en los centro de d\u00eda para mayores y dependientes"}]},{"@type":"WebSite","@id":"https:\/\/sindromecharge.es\/#website","url":"https:\/\/sindromecharge.es\/","name":"Asociaci\u00f3n Espa\u00f1ola S\u00edndrome de Charge","description":"","potentialAction":[{"@type":"SearchAction","target":{"@type":"EntryPoint","urlTemplate":"https:\/\/sindromecharge.es\/?s={search_term_string}"},"query-input":{"@type":"PropertyValueSpecification","valueRequired":true,"valueName":"search_term_string"}}],"inLanguage":"es"},{"@type":"Person","@id":"https:\/\/sindromecharge.es\/#\/schema\/person\/39a60ebe0a2b4d5a11179701e336b039","name":"Charge","image":{"@type":"ImageObject","inLanguage":"es","@id":"https:\/\/secure.gravatar.com\/avatar\/c3b46e32a0fc3b093a0873fb767bf3293de856293065e84ef06b7ec7a8acfb98?s=96&d=identicon&r=x","url":"https:\/\/secure.gravatar.com\/avatar\/c3b46e32a0fc3b093a0873fb767bf3293de856293065e84ef06b7ec7a8acfb98?s=96&d=identicon&r=x","contentUrl":"https:\/\/secure.gravatar.com\/avatar\/c3b46e32a0fc3b093a0873fb767bf3293de856293065e84ef06b7ec7a8acfb98?s=96&d=identicon&r=x","caption":"Charge"},"url":"https:\/\/sindromecharge.es\/index.php\/author\/admin\/"}]}},"_links":{"self":[{"href":"https:\/\/sindromecharge.es\/index.php\/wp-json\/wp\/v2\/posts\/7267","targetHints":{"allow":["GET"]}}],"collection":[{"href":"https:\/\/sindromecharge.es\/index.php\/wp-json\/wp\/v2\/posts"}],"about":[{"href":"https:\/\/sindromecharge.es\/index.php\/wp-json\/wp\/v2\/types\/post"}],"author":[{"embeddable":true,"href":"https:\/\/sindromecharge.es\/index.php\/wp-json\/wp\/v2\/users\/1"}],"replies":[{"embeddable":true,"href":"https:\/\/sindromecharge.es\/index.php\/wp-json\/wp\/v2\/comments?post=7267"}],"version-history":[{"count":0,"href":"https:\/\/sindromecharge.es\/index.php\/wp-json\/wp\/v2\/posts\/7267\/revisions"}],"wp:attachment":[{"href":"https:\/\/sindromecharge.es\/index.php\/wp-json\/wp\/v2\/media?parent=7267"}],"wp:term":[{"taxonomy":"category","embeddable":true,"href":"https:\/\/sindromecharge.es\/index.php\/wp-json\/wp\/v2\/categories?post=7267"},{"taxonomy":"post_tag","embeddable":true,"href":"https:\/\/sindromecharge.es\/index.php\/wp-json\/wp\/v2\/tags?post=7267"}],"curies":[{"name":"wp","href":"https:\/\/api.w.org\/{rel}","templated":true}]}}