{"id":7264,"date":"2021-06-09T05:16:41","date_gmt":"2021-06-09T05:16:41","guid":{"rendered":"https:\/\/sindromecharge.es\/index.php\/2021\/06\/09\/invisibles-en-la-vacunacion-de-la-covid-19-frente-a-la-priorizacion-de-los-deportistas\/"},"modified":"2021-06-09T05:16:41","modified_gmt":"2021-06-09T05:16:41","slug":"invisibles-en-la-vacunacion-de-la-covid-19-frente-a-la-priorizacion-de-los-deportistas","status":"publish","type":"post","link":"https:\/\/sindromecharge.es\/index.php\/2021\/06\/09\/invisibles-en-la-vacunacion-de-la-covid-19-frente-a-la-priorizacion-de-los-deportistas\/","title":{"rendered":"\u201cInvisibles\u201d en la vacunaci\u00f3n de la COVID-19 frente a la priorizaci\u00f3n de los deportistas"},"content":{"rendered":"<p>Leemos en FEDER la siguiente noticia que os reproducimos de forma \u00edntegra: <\/p>\n<p>Fuente: POP | La Plataforma de Organizaciones de Pacientes (POP) ha lamentado que las personas con enfermedades cr\u00f3nicas sigan siendo \u201cinvisibles\u201d ante la vacunaci\u00f3n de la COVID-19 y que priorice a otros colectivos como, por ejemplo, a los deportistas de \u00e9lite que, a priori, no necesitan ser urgentemente inmunizados por motivos de salud \u201cgraves\u201d.<\/p>\n<p>As\u00ed lo ha manifestado la presidenta de la POP, Carina Escobar, tras conocer que Salud P\u00fablica aprobar\u00e1, previsiblemente hoy, acelerar la vacunaci\u00f3n a la Selecci\u00f3n espa\u00f1ola de f\u00fatbol masculina, que debutar\u00e1 en la Eurocopa, de manera oficial el pr\u00f3ximo lunes, al igual que ya se hizo con los deportistas participantes en los Juegos Ol\u00edmpicos de Tokyo.<\/p>\n<p>Escobar ha mostrado una vez m\u00e1s su profunda decepci\u00f3n a la ministra de Sanidad, Carolina Darias, a quien ha reclamado compromiso con los millones de personas con enfermedad cr\u00f3nica en Espa\u00f1a, independientemente de su edad, que a\u00fan est\u00e1n fuera de la estrategia de vacunaci\u00f3n y ha pedido que se cumpla \u201cde una vez\u201d con el documento inicial de la propia estrategia de Espa\u00f1a en el que se detallaba la priorizaci\u00f3n de las personas con mayor vulnerabilidad y condiciones de alto riesgo frente a la COVID-19, \u201csin excepci\u00f3n\u201d.<\/p>\n<p>De la misma manera, ha aprovechado para reiterar que es \u201cabsolutamente necesario\u201d priorizar a estos pacientes para que puedan empezar a hacer una vida \u201cnormal\u201d, tras m\u00e1s de un a\u00f1o de aislamiento, y evitar, adem\u00e1s, complicaciones graves derivadas de un posible contacto por coronavirus ya que, adem\u00e1s de que la evidencia cient\u00edfica confirma que las complicaciones pueden ser muy graves, muchos de ellos, acuden diariamente a centros sanitarios y est\u00e1n m\u00e1s expuestos al contagio.<\/p>\n<p><h3>Dosis tard\u00edas<\/h3>\n<p>Desde la POP tambi\u00e9n han alertado de que pacientes que s\u00ed est\u00e1n incluidos en la estrategia de vacunaci\u00f3n como grupos prioritarios (personas con trasplante de progenitores hematopoy\u00e9ticos, trasplante de \u00f3rgano s\u00f3lido y lista de espera para este, personas en hemodi\u00e1lisis y di\u00e1lisis peritoneal, enfermedad oncohematol\u00f3gica, c\u00e1ncer de \u00f3rgano s\u00f3lido en tratamiento con quimioterapia citot\u00f3xica, c\u00e1ncer de pulm\u00f3n en tratamiento con quimioterapia o inmunoterapia, infecci\u00f3n con VIH inmunodeprimidos, personas con inmunodeficiencia primaria y personas con S\u00edndrome de Down mayores de 40 a\u00f1os) est\u00e1n recibiendo las dosis de manera tard\u00eda y otros muchos todav\u00eda no han sido llamados, por lo que han instado a las autoridades sanitarias de las CCAA a \u201cagilizar\u201d al m\u00e1ximo los plazos y cumplir con la actualizaci\u00f3n, que vio la luz en el mes de marzo.<\/p>\n<p>En este sentido, testimonios como el de Javier Manuel, un joven de 30 a\u00f1os trasplantado de coraz\u00f3n y residente en Madrid, que ha recibido la primera dosis el 1 de junio, desvelan que, adem\u00e1s de la espera, para lograr la vacunaci\u00f3n ha tenido que insistir mucho en su condici\u00f3n de riesgo, tanto \u00e9l como sus profesionales sanitarios.<\/p>\n<p>\u00daltima actualizaci\u00f3n: 09\/06\/2021.<\/p>\n<p>Fuente: FEDER <a href=\"https:\/\/enfermedades-raras.org\/index.php\/actualidad\/noticias-eventos\/2-feder\/15490-%E2%80%9Cinvisibles%E2%80%9D-en-la-vacunaci%C3%B3n-de-la-covid-19-frente-a-la-priorizaci%C3%B3n-de-los-deportistas\" target=\"_blank\" rel=\"noopener\">\u201cInvisibles\u201d en la vacunaci\u00f3n de la COVID-19 frente a la priorizaci\u00f3n de los deportistas<\/a><\/p>\n","protected":false},"excerpt":{"rendered":"<p>Leemos en FEDER la siguiente noticia que os reproducimos de forma \u00edntegra: Fuente: POP | La Plataforma de Organizaciones de Pacientes (POP) ha lamentado que las personas con enfermedades cr\u00f3nicas sigan siendo \u201cinvisibles\u201d ante la vacunaci\u00f3n de la COVID-19 y que priorice a otros colectivos como, por ejemplo, a los deportistas de \u00e9lite que, a [&hellip;]<\/p>\n","protected":false},"author":1,"featured_media":0,"comment_status":"open","ping_status":"closed","sticky":false,"template":"","format":"standard","meta":{"footnotes":""},"categories":[8],"tags":[36],"class_list":["post-7264","post","type-post","status-publish","format-standard","hentry","category-noticias","tag-enfermedades-raras"],"yoast_head":"<!-- This site is optimized with the Yoast SEO plugin v27.4 - https:\/\/yoast.com\/product\/yoast-seo-wordpress\/ -->\n<title>\u201cInvisibles\u201d en la vacunaci\u00f3n de la COVID-19 frente a la priorizaci\u00f3n de los deportistas - Asociaci\u00f3n Espa\u00f1ola S\u00edndrome de Charge<\/title>\n<meta name=\"robots\" content=\"index, follow, max-snippet:-1, max-image-preview:large, max-video-preview:-1\" \/>\n<link rel=\"canonical\" href=\"https:\/\/sindromecharge.es\/index.php\/2021\/06\/09\/invisibles-en-la-vacunacion-de-la-covid-19-frente-a-la-priorizacion-de-los-deportistas\/\" \/>\n<meta property=\"og:locale\" content=\"es_ES\" \/>\n<meta property=\"og:type\" content=\"article\" \/>\n<meta property=\"og:title\" content=\"\u201cInvisibles\u201d en la vacunaci\u00f3n de la COVID-19 frente a la priorizaci\u00f3n de los deportistas - Asociaci\u00f3n Espa\u00f1ola S\u00edndrome de Charge\" \/>\n<meta property=\"og:description\" content=\"Leemos en FEDER la siguiente noticia que os reproducimos de forma \u00edntegra: Fuente: POP | La Plataforma de Organizaciones de Pacientes (POP) ha lamentado que las personas con enfermedades cr\u00f3nicas sigan siendo \u201cinvisibles\u201d ante la vacunaci\u00f3n de la COVID-19 y que priorice a otros colectivos como, por ejemplo, a los deportistas de \u00e9lite que, a [&hellip;]\" \/>\n<meta property=\"og:url\" content=\"https:\/\/sindromecharge.es\/index.php\/2021\/06\/09\/invisibles-en-la-vacunacion-de-la-covid-19-frente-a-la-priorizacion-de-los-deportistas\/\" \/>\n<meta property=\"og:site_name\" content=\"Asociaci\u00f3n Espa\u00f1ola S\u00edndrome de Charge\" \/>\n<meta property=\"article:publisher\" content=\"https:\/\/www.facebook.com\/asociacionsindromecharge\" \/>\n<meta property=\"article:published_time\" content=\"2021-06-09T05:16:41+00:00\" \/>\n<meta property=\"og:image\" content=\"https:\/\/sindromecharge.es\/wp-content\/uploads\/2013\/09\/logodecharge300x98.png\" \/>\n\t<meta property=\"og:image:width\" content=\"300\" \/>\n\t<meta property=\"og:image:height\" content=\"98\" \/>\n\t<meta property=\"og:image:type\" content=\"image\/png\" \/>\n<meta name=\"author\" content=\"Charge\" \/>\n<meta name=\"twitter:card\" content=\"summary_large_image\" \/>\n<meta name=\"twitter:creator\" content=\"@sindromecharge\" \/>\n<meta name=\"twitter:site\" content=\"@sindromecharge\" \/>\n<meta name=\"twitter:label1\" content=\"Escrito por\" \/>\n\t<meta name=\"twitter:data1\" content=\"Charge\" \/>\n\t<meta name=\"twitter:label2\" content=\"Tiempo de lectura\" \/>\n\t<meta name=\"twitter:data2\" content=\"3 minutos\" \/>\n<script type=\"application\/ld+json\" class=\"yoast-schema-graph\">{\"@context\":\"https:\\\/\\\/schema.org\",\"@graph\":[{\"@type\":\"Article\",\"@id\":\"https:\\\/\\\/sindromecharge.es\\\/index.php\\\/2021\\\/06\\\/09\\\/invisibles-en-la-vacunacion-de-la-covid-19-frente-a-la-priorizacion-de-los-deportistas\\\/#article\",\"isPartOf\":{\"@id\":\"https:\\\/\\\/sindromecharge.es\\\/index.php\\\/2021\\\/06\\\/09\\\/invisibles-en-la-vacunacion-de-la-covid-19-frente-a-la-priorizacion-de-los-deportistas\\\/\"},\"author\":{\"name\":\"Charge\",\"@id\":\"https:\\\/\\\/sindromecharge.es\\\/#\\\/schema\\\/person\\\/39a60ebe0a2b4d5a11179701e336b039\"},\"headline\":\"\u201cInvisibles\u201d en la vacunaci\u00f3n de la COVID-19 frente a la priorizaci\u00f3n de los deportistas\",\"datePublished\":\"2021-06-09T05:16:41+00:00\",\"mainEntityOfPage\":{\"@id\":\"https:\\\/\\\/sindromecharge.es\\\/index.php\\\/2021\\\/06\\\/09\\\/invisibles-en-la-vacunacion-de-la-covid-19-frente-a-la-priorizacion-de-los-deportistas\\\/\"},\"wordCount\":556,\"commentCount\":0,\"keywords\":[\"enfermedades raras\"],\"articleSection\":[\"noticias\"],\"inLanguage\":\"es\",\"potentialAction\":[{\"@type\":\"CommentAction\",\"name\":\"Comment\",\"target\":[\"https:\\\/\\\/sindromecharge.es\\\/index.php\\\/2021\\\/06\\\/09\\\/invisibles-en-la-vacunacion-de-la-covid-19-frente-a-la-priorizacion-de-los-deportistas\\\/#respond\"]}]},{\"@type\":\"WebPage\",\"@id\":\"https:\\\/\\\/sindromecharge.es\\\/index.php\\\/2021\\\/06\\\/09\\\/invisibles-en-la-vacunacion-de-la-covid-19-frente-a-la-priorizacion-de-los-deportistas\\\/\",\"url\":\"https:\\\/\\\/sindromecharge.es\\\/index.php\\\/2021\\\/06\\\/09\\\/invisibles-en-la-vacunacion-de-la-covid-19-frente-a-la-priorizacion-de-los-deportistas\\\/\",\"name\":\"\u201cInvisibles\u201d en la vacunaci\u00f3n de la COVID-19 frente a la priorizaci\u00f3n de los deportistas - Asociaci\u00f3n Espa\u00f1ola S\u00edndrome de Charge\",\"isPartOf\":{\"@id\":\"https:\\\/\\\/sindromecharge.es\\\/#website\"},\"datePublished\":\"2021-06-09T05:16:41+00:00\",\"author\":{\"@id\":\"https:\\\/\\\/sindromecharge.es\\\/#\\\/schema\\\/person\\\/39a60ebe0a2b4d5a11179701e336b039\"},\"breadcrumb\":{\"@id\":\"https:\\\/\\\/sindromecharge.es\\\/index.php\\\/2021\\\/06\\\/09\\\/invisibles-en-la-vacunacion-de-la-covid-19-frente-a-la-priorizacion-de-los-deportistas\\\/#breadcrumb\"},\"inLanguage\":\"es\",\"potentialAction\":[{\"@type\":\"ReadAction\",\"target\":[\"https:\\\/\\\/sindromecharge.es\\\/index.php\\\/2021\\\/06\\\/09\\\/invisibles-en-la-vacunacion-de-la-covid-19-frente-a-la-priorizacion-de-los-deportistas\\\/\"]}]},{\"@type\":\"BreadcrumbList\",\"@id\":\"https:\\\/\\\/sindromecharge.es\\\/index.php\\\/2021\\\/06\\\/09\\\/invisibles-en-la-vacunacion-de-la-covid-19-frente-a-la-priorizacion-de-los-deportistas\\\/#breadcrumb\",\"itemListElement\":[{\"@type\":\"ListItem\",\"position\":1,\"name\":\"Portada\",\"item\":\"https:\\\/\\\/sindromecharge.es\\\/\"},{\"@type\":\"ListItem\",\"position\":2,\"name\":\"\u201cInvisibles\u201d en la vacunaci\u00f3n de la COVID-19 frente a la priorizaci\u00f3n de los deportistas\"}]},{\"@type\":\"WebSite\",\"@id\":\"https:\\\/\\\/sindromecharge.es\\\/#website\",\"url\":\"https:\\\/\\\/sindromecharge.es\\\/\",\"name\":\"Asociaci\u00f3n Espa\u00f1ola S\u00edndrome de Charge\",\"description\":\"\",\"potentialAction\":[{\"@type\":\"SearchAction\",\"target\":{\"@type\":\"EntryPoint\",\"urlTemplate\":\"https:\\\/\\\/sindromecharge.es\\\/?s={search_term_string}\"},\"query-input\":{\"@type\":\"PropertyValueSpecification\",\"valueRequired\":true,\"valueName\":\"search_term_string\"}}],\"inLanguage\":\"es\"},{\"@type\":\"Person\",\"@id\":\"https:\\\/\\\/sindromecharge.es\\\/#\\\/schema\\\/person\\\/39a60ebe0a2b4d5a11179701e336b039\",\"name\":\"Charge\",\"image\":{\"@type\":\"ImageObject\",\"inLanguage\":\"es\",\"@id\":\"https:\\\/\\\/secure.gravatar.com\\\/avatar\\\/c3b46e32a0fc3b093a0873fb767bf3293de856293065e84ef06b7ec7a8acfb98?s=96&d=identicon&r=x\",\"url\":\"https:\\\/\\\/secure.gravatar.com\\\/avatar\\\/c3b46e32a0fc3b093a0873fb767bf3293de856293065e84ef06b7ec7a8acfb98?s=96&d=identicon&r=x\",\"contentUrl\":\"https:\\\/\\\/secure.gravatar.com\\\/avatar\\\/c3b46e32a0fc3b093a0873fb767bf3293de856293065e84ef06b7ec7a8acfb98?s=96&d=identicon&r=x\",\"caption\":\"Charge\"},\"url\":\"https:\\\/\\\/sindromecharge.es\\\/index.php\\\/author\\\/admin\\\/\"}]}<\/script>\n<!-- \/ Yoast SEO plugin. -->","yoast_head_json":{"title":"\u201cInvisibles\u201d en la vacunaci\u00f3n de la COVID-19 frente a la priorizaci\u00f3n de los deportistas - Asociaci\u00f3n Espa\u00f1ola S\u00edndrome de Charge","robots":{"index":"index","follow":"follow","max-snippet":"max-snippet:-1","max-image-preview":"max-image-preview:large","max-video-preview":"max-video-preview:-1"},"canonical":"https:\/\/sindromecharge.es\/index.php\/2021\/06\/09\/invisibles-en-la-vacunacion-de-la-covid-19-frente-a-la-priorizacion-de-los-deportistas\/","og_locale":"es_ES","og_type":"article","og_title":"\u201cInvisibles\u201d en la vacunaci\u00f3n de la COVID-19 frente a la priorizaci\u00f3n de los deportistas - Asociaci\u00f3n Espa\u00f1ola S\u00edndrome de Charge","og_description":"Leemos en FEDER la siguiente noticia que os reproducimos de forma \u00edntegra: Fuente: POP | La Plataforma de Organizaciones de Pacientes (POP) ha lamentado que las personas con enfermedades cr\u00f3nicas sigan siendo \u201cinvisibles\u201d ante la vacunaci\u00f3n de la COVID-19 y que priorice a otros colectivos como, por ejemplo, a los deportistas de \u00e9lite que, a [&hellip;]","og_url":"https:\/\/sindromecharge.es\/index.php\/2021\/06\/09\/invisibles-en-la-vacunacion-de-la-covid-19-frente-a-la-priorizacion-de-los-deportistas\/","og_site_name":"Asociaci\u00f3n Espa\u00f1ola S\u00edndrome de Charge","article_publisher":"https:\/\/www.facebook.com\/asociacionsindromecharge","article_published_time":"2021-06-09T05:16:41+00:00","og_image":[{"width":300,"height":98,"url":"https:\/\/sindromecharge.es\/wp-content\/uploads\/2013\/09\/logodecharge300x98.png","type":"image\/png"}],"author":"Charge","twitter_card":"summary_large_image","twitter_creator":"@sindromecharge","twitter_site":"@sindromecharge","twitter_misc":{"Escrito por":"Charge","Tiempo de lectura":"3 minutos"},"schema":{"@context":"https:\/\/schema.org","@graph":[{"@type":"Article","@id":"https:\/\/sindromecharge.es\/index.php\/2021\/06\/09\/invisibles-en-la-vacunacion-de-la-covid-19-frente-a-la-priorizacion-de-los-deportistas\/#article","isPartOf":{"@id":"https:\/\/sindromecharge.es\/index.php\/2021\/06\/09\/invisibles-en-la-vacunacion-de-la-covid-19-frente-a-la-priorizacion-de-los-deportistas\/"},"author":{"name":"Charge","@id":"https:\/\/sindromecharge.es\/#\/schema\/person\/39a60ebe0a2b4d5a11179701e336b039"},"headline":"\u201cInvisibles\u201d en la vacunaci\u00f3n de la COVID-19 frente a la priorizaci\u00f3n de los deportistas","datePublished":"2021-06-09T05:16:41+00:00","mainEntityOfPage":{"@id":"https:\/\/sindromecharge.es\/index.php\/2021\/06\/09\/invisibles-en-la-vacunacion-de-la-covid-19-frente-a-la-priorizacion-de-los-deportistas\/"},"wordCount":556,"commentCount":0,"keywords":["enfermedades raras"],"articleSection":["noticias"],"inLanguage":"es","potentialAction":[{"@type":"CommentAction","name":"Comment","target":["https:\/\/sindromecharge.es\/index.php\/2021\/06\/09\/invisibles-en-la-vacunacion-de-la-covid-19-frente-a-la-priorizacion-de-los-deportistas\/#respond"]}]},{"@type":"WebPage","@id":"https:\/\/sindromecharge.es\/index.php\/2021\/06\/09\/invisibles-en-la-vacunacion-de-la-covid-19-frente-a-la-priorizacion-de-los-deportistas\/","url":"https:\/\/sindromecharge.es\/index.php\/2021\/06\/09\/invisibles-en-la-vacunacion-de-la-covid-19-frente-a-la-priorizacion-de-los-deportistas\/","name":"\u201cInvisibles\u201d en la vacunaci\u00f3n de la COVID-19 frente a la priorizaci\u00f3n de los deportistas - Asociaci\u00f3n Espa\u00f1ola S\u00edndrome de Charge","isPartOf":{"@id":"https:\/\/sindromecharge.es\/#website"},"datePublished":"2021-06-09T05:16:41+00:00","author":{"@id":"https:\/\/sindromecharge.es\/#\/schema\/person\/39a60ebe0a2b4d5a11179701e336b039"},"breadcrumb":{"@id":"https:\/\/sindromecharge.es\/index.php\/2021\/06\/09\/invisibles-en-la-vacunacion-de-la-covid-19-frente-a-la-priorizacion-de-los-deportistas\/#breadcrumb"},"inLanguage":"es","potentialAction":[{"@type":"ReadAction","target":["https:\/\/sindromecharge.es\/index.php\/2021\/06\/09\/invisibles-en-la-vacunacion-de-la-covid-19-frente-a-la-priorizacion-de-los-deportistas\/"]}]},{"@type":"BreadcrumbList","@id":"https:\/\/sindromecharge.es\/index.php\/2021\/06\/09\/invisibles-en-la-vacunacion-de-la-covid-19-frente-a-la-priorizacion-de-los-deportistas\/#breadcrumb","itemListElement":[{"@type":"ListItem","position":1,"name":"Portada","item":"https:\/\/sindromecharge.es\/"},{"@type":"ListItem","position":2,"name":"\u201cInvisibles\u201d en la vacunaci\u00f3n de la COVID-19 frente a la priorizaci\u00f3n de los deportistas"}]},{"@type":"WebSite","@id":"https:\/\/sindromecharge.es\/#website","url":"https:\/\/sindromecharge.es\/","name":"Asociaci\u00f3n Espa\u00f1ola S\u00edndrome de Charge","description":"","potentialAction":[{"@type":"SearchAction","target":{"@type":"EntryPoint","urlTemplate":"https:\/\/sindromecharge.es\/?s={search_term_string}"},"query-input":{"@type":"PropertyValueSpecification","valueRequired":true,"valueName":"search_term_string"}}],"inLanguage":"es"},{"@type":"Person","@id":"https:\/\/sindromecharge.es\/#\/schema\/person\/39a60ebe0a2b4d5a11179701e336b039","name":"Charge","image":{"@type":"ImageObject","inLanguage":"es","@id":"https:\/\/secure.gravatar.com\/avatar\/c3b46e32a0fc3b093a0873fb767bf3293de856293065e84ef06b7ec7a8acfb98?s=96&d=identicon&r=x","url":"https:\/\/secure.gravatar.com\/avatar\/c3b46e32a0fc3b093a0873fb767bf3293de856293065e84ef06b7ec7a8acfb98?s=96&d=identicon&r=x","contentUrl":"https:\/\/secure.gravatar.com\/avatar\/c3b46e32a0fc3b093a0873fb767bf3293de856293065e84ef06b7ec7a8acfb98?s=96&d=identicon&r=x","caption":"Charge"},"url":"https:\/\/sindromecharge.es\/index.php\/author\/admin\/"}]}},"_links":{"self":[{"href":"https:\/\/sindromecharge.es\/index.php\/wp-json\/wp\/v2\/posts\/7264","targetHints":{"allow":["GET"]}}],"collection":[{"href":"https:\/\/sindromecharge.es\/index.php\/wp-json\/wp\/v2\/posts"}],"about":[{"href":"https:\/\/sindromecharge.es\/index.php\/wp-json\/wp\/v2\/types\/post"}],"author":[{"embeddable":true,"href":"https:\/\/sindromecharge.es\/index.php\/wp-json\/wp\/v2\/users\/1"}],"replies":[{"embeddable":true,"href":"https:\/\/sindromecharge.es\/index.php\/wp-json\/wp\/v2\/comments?post=7264"}],"version-history":[{"count":0,"href":"https:\/\/sindromecharge.es\/index.php\/wp-json\/wp\/v2\/posts\/7264\/revisions"}],"wp:attachment":[{"href":"https:\/\/sindromecharge.es\/index.php\/wp-json\/wp\/v2\/media?parent=7264"}],"wp:term":[{"taxonomy":"category","embeddable":true,"href":"https:\/\/sindromecharge.es\/index.php\/wp-json\/wp\/v2\/categories?post=7264"},{"taxonomy":"post_tag","embeddable":true,"href":"https:\/\/sindromecharge.es\/index.php\/wp-json\/wp\/v2\/tags?post=7264"}],"curies":[{"name":"wp","href":"https:\/\/api.w.org\/{rel}","templated":true}]}}