{"id":7263,"date":"2021-06-08T09:29:54","date_gmt":"2021-06-08T09:29:54","guid":{"rendered":"https:\/\/sindromecharge.es\/index.php\/2021\/06\/08\/el-parlament-aprueba-declaracion-institucional-de-apoyo-al-reconocimiento-de-la-discapacidad-social-para-asperger-tea\/"},"modified":"2021-06-08T09:29:54","modified_gmt":"2021-06-08T09:29:54","slug":"el-parlament-aprueba-declaracion-institucional-de-apoyo-al-reconocimiento-de-la-discapacidad-social-para-asperger-tea","status":"publish","type":"post","link":"https:\/\/sindromecharge.es\/index.php\/2021\/06\/08\/el-parlament-aprueba-declaracion-institucional-de-apoyo-al-reconocimiento-de-la-discapacidad-social-para-asperger-tea\/","title":{"rendered":"El Parlament aprueba declaraci\u00f3n institucional de apoyo al reconocimiento de la &#039;discapacidad social&#039; para Asperger\/Tea"},"content":{"rendered":"<p>Leemos en 20minutos la siguiente noticia que os reproducimos de forma \u00edntegra: <\/p>\n<p>La secretaria primera del Parlament y diputada de M\u00c9S, Joana Aina Campomar, ha sido la encargada de leer la declaraci\u00f3n institucional que ha evidenciado que existe la necesidad de reconocer la figura legal de &#8216;discapacidad social&#8217; para quienes tienen el s\u00edndrome de Asperger, y TEA en general. Y, en nombre de la C\u00e1mara ha expresado el apoyo y reconocimiento a estas personas, a sus familias y a quienes trabajan a diario con este colectivo.<\/p>\n<p>Una vez manifestado el apoyo y reconocimiento del Parlament a las personas con Asperger, y TEA en general, la C\u00e1mara ha solicitado al Gobierno central que, en el marco de la legislaci\u00f3n estatal, estudie y contemple reconocer la &#8216;discapacidad social&#8217; o &#8216;psicosocial&#8217; como un ep\u00edgrafe propio a desarrollar dentro del baremo estatal de las discapacidades. Y, ha instado a todas las administraciones a cumplir el principio de inclusi\u00f3n social para evitar la discriminaci\u00f3n de este colectivo.<\/p>\n<p>((Habr\u00e1 ampliaci\u00f3n))<\/p>\n<p>Fuente: 20minutos <a href=\"https:\/\/www.20minutos.es\/noticia\/4722370\/0\/tea\/\" target=\"_blank\" rel=\"noopener\">El Parlament aprueba declaraci\u00f3n institucional de apoyo al reconocimiento de la &#039;discapacidad social&#039; para Asperger\/Tea<\/a><\/p>\n","protected":false},"excerpt":{"rendered":"<p>Leemos en 20minutos la siguiente noticia que os reproducimos de forma \u00edntegra: La secretaria primera del Parlament y diputada de M\u00c9S, Joana Aina Campomar, ha sido la encargada de leer la declaraci\u00f3n institucional que ha evidenciado que existe la necesidad de reconocer la figura legal de &#8216;discapacidad social&#8217; para quienes tienen el s\u00edndrome de Asperger, [&hellip;]<\/p>\n","protected":false},"author":1,"featured_media":0,"comment_status":"open","ping_status":"closed","sticky":false,"template":"","format":"standard","meta":{"footnotes":""},"categories":[8],"tags":[31],"class_list":["post-7263","post","type-post","status-publish","format-standard","hentry","category-noticias","tag-discapacidad"],"yoast_head":"<!-- This site is optimized with the Yoast SEO plugin v27.4 - https:\/\/yoast.com\/product\/yoast-seo-wordpress\/ -->\n<title>El Parlament aprueba declaraci\u00f3n institucional de apoyo al reconocimiento de la &#039;discapacidad social&#039; para Asperger\/Tea - Asociaci\u00f3n Espa\u00f1ola S\u00edndrome de Charge<\/title>\n<meta name=\"robots\" content=\"index, follow, max-snippet:-1, max-image-preview:large, max-video-preview:-1\" \/>\n<link rel=\"canonical\" href=\"https:\/\/sindromecharge.es\/index.php\/2021\/06\/08\/el-parlament-aprueba-declaracion-institucional-de-apoyo-al-reconocimiento-de-la-discapacidad-social-para-asperger-tea\/\" \/>\n<meta property=\"og:locale\" content=\"es_ES\" \/>\n<meta property=\"og:type\" content=\"article\" \/>\n<meta property=\"og:title\" content=\"El Parlament aprueba declaraci\u00f3n institucional de apoyo al reconocimiento de la &#039;discapacidad social&#039; para Asperger\/Tea - Asociaci\u00f3n Espa\u00f1ola S\u00edndrome de Charge\" \/>\n<meta property=\"og:description\" content=\"Leemos en 20minutos la siguiente noticia que os reproducimos de forma \u00edntegra: La secretaria primera del Parlament y diputada de M\u00c9S, Joana Aina Campomar, ha sido la encargada de leer la declaraci\u00f3n institucional que ha evidenciado que existe la necesidad de reconocer la figura legal de &#8216;discapacidad social&#8217; para quienes tienen el s\u00edndrome de Asperger, [&hellip;]\" \/>\n<meta property=\"og:url\" content=\"https:\/\/sindromecharge.es\/index.php\/2021\/06\/08\/el-parlament-aprueba-declaracion-institucional-de-apoyo-al-reconocimiento-de-la-discapacidad-social-para-asperger-tea\/\" \/>\n<meta property=\"og:site_name\" content=\"Asociaci\u00f3n Espa\u00f1ola S\u00edndrome de Charge\" \/>\n<meta property=\"article:publisher\" content=\"https:\/\/www.facebook.com\/asociacionsindromecharge\" \/>\n<meta property=\"article:published_time\" content=\"2021-06-08T09:29:54+00:00\" \/>\n<meta property=\"og:image\" content=\"https:\/\/sindromecharge.es\/wp-content\/uploads\/2013\/09\/logodecharge300x98.png\" \/>\n\t<meta property=\"og:image:width\" content=\"300\" \/>\n\t<meta property=\"og:image:height\" content=\"98\" \/>\n\t<meta property=\"og:image:type\" content=\"image\/png\" \/>\n<meta name=\"author\" content=\"Charge\" \/>\n<meta name=\"twitter:card\" content=\"summary_large_image\" \/>\n<meta name=\"twitter:creator\" content=\"@sindromecharge\" \/>\n<meta name=\"twitter:site\" content=\"@sindromecharge\" \/>\n<meta name=\"twitter:label1\" content=\"Escrito por\" \/>\n\t<meta name=\"twitter:data1\" content=\"Charge\" \/>\n\t<meta name=\"twitter:label2\" content=\"Tiempo de lectura\" \/>\n\t<meta name=\"twitter:data2\" content=\"1 minuto\" \/>\n<script type=\"application\/ld+json\" class=\"yoast-schema-graph\">{\"@context\":\"https:\\\/\\\/schema.org\",\"@graph\":[{\"@type\":\"Article\",\"@id\":\"https:\\\/\\\/sindromecharge.es\\\/index.php\\\/2021\\\/06\\\/08\\\/el-parlament-aprueba-declaracion-institucional-de-apoyo-al-reconocimiento-de-la-discapacidad-social-para-asperger-tea\\\/#article\",\"isPartOf\":{\"@id\":\"https:\\\/\\\/sindromecharge.es\\\/index.php\\\/2021\\\/06\\\/08\\\/el-parlament-aprueba-declaracion-institucional-de-apoyo-al-reconocimiento-de-la-discapacidad-social-para-asperger-tea\\\/\"},\"author\":{\"name\":\"Charge\",\"@id\":\"https:\\\/\\\/sindromecharge.es\\\/#\\\/schema\\\/person\\\/39a60ebe0a2b4d5a11179701e336b039\"},\"headline\":\"El Parlament aprueba declaraci\u00f3n institucional de apoyo al reconocimiento de la &#039;discapacidad social&#039; para Asperger\\\/Tea\",\"datePublished\":\"2021-06-08T09:29:54+00:00\",\"mainEntityOfPage\":{\"@id\":\"https:\\\/\\\/sindromecharge.es\\\/index.php\\\/2021\\\/06\\\/08\\\/el-parlament-aprueba-declaracion-institucional-de-apoyo-al-reconocimiento-de-la-discapacidad-social-para-asperger-tea\\\/\"},\"wordCount\":210,\"commentCount\":0,\"keywords\":[\"discapacidad\"],\"articleSection\":[\"noticias\"],\"inLanguage\":\"es\",\"potentialAction\":[{\"@type\":\"CommentAction\",\"name\":\"Comment\",\"target\":[\"https:\\\/\\\/sindromecharge.es\\\/index.php\\\/2021\\\/06\\\/08\\\/el-parlament-aprueba-declaracion-institucional-de-apoyo-al-reconocimiento-de-la-discapacidad-social-para-asperger-tea\\\/#respond\"]}]},{\"@type\":\"WebPage\",\"@id\":\"https:\\\/\\\/sindromecharge.es\\\/index.php\\\/2021\\\/06\\\/08\\\/el-parlament-aprueba-declaracion-institucional-de-apoyo-al-reconocimiento-de-la-discapacidad-social-para-asperger-tea\\\/\",\"url\":\"https:\\\/\\\/sindromecharge.es\\\/index.php\\\/2021\\\/06\\\/08\\\/el-parlament-aprueba-declaracion-institucional-de-apoyo-al-reconocimiento-de-la-discapacidad-social-para-asperger-tea\\\/\",\"name\":\"El Parlament aprueba declaraci\u00f3n institucional de apoyo al reconocimiento de la &#039;discapacidad social&#039; para Asperger\\\/Tea - Asociaci\u00f3n Espa\u00f1ola S\u00edndrome de Charge\",\"isPartOf\":{\"@id\":\"https:\\\/\\\/sindromecharge.es\\\/#website\"},\"datePublished\":\"2021-06-08T09:29:54+00:00\",\"author\":{\"@id\":\"https:\\\/\\\/sindromecharge.es\\\/#\\\/schema\\\/person\\\/39a60ebe0a2b4d5a11179701e336b039\"},\"breadcrumb\":{\"@id\":\"https:\\\/\\\/sindromecharge.es\\\/index.php\\\/2021\\\/06\\\/08\\\/el-parlament-aprueba-declaracion-institucional-de-apoyo-al-reconocimiento-de-la-discapacidad-social-para-asperger-tea\\\/#breadcrumb\"},\"inLanguage\":\"es\",\"potentialAction\":[{\"@type\":\"ReadAction\",\"target\":[\"https:\\\/\\\/sindromecharge.es\\\/index.php\\\/2021\\\/06\\\/08\\\/el-parlament-aprueba-declaracion-institucional-de-apoyo-al-reconocimiento-de-la-discapacidad-social-para-asperger-tea\\\/\"]}]},{\"@type\":\"BreadcrumbList\",\"@id\":\"https:\\\/\\\/sindromecharge.es\\\/index.php\\\/2021\\\/06\\\/08\\\/el-parlament-aprueba-declaracion-institucional-de-apoyo-al-reconocimiento-de-la-discapacidad-social-para-asperger-tea\\\/#breadcrumb\",\"itemListElement\":[{\"@type\":\"ListItem\",\"position\":1,\"name\":\"Portada\",\"item\":\"https:\\\/\\\/sindromecharge.es\\\/\"},{\"@type\":\"ListItem\",\"position\":2,\"name\":\"El Parlament aprueba declaraci\u00f3n institucional de apoyo al reconocimiento de la &#039;discapacidad social&#039; para Asperger\\\/Tea\"}]},{\"@type\":\"WebSite\",\"@id\":\"https:\\\/\\\/sindromecharge.es\\\/#website\",\"url\":\"https:\\\/\\\/sindromecharge.es\\\/\",\"name\":\"Asociaci\u00f3n Espa\u00f1ola S\u00edndrome de Charge\",\"description\":\"\",\"potentialAction\":[{\"@type\":\"SearchAction\",\"target\":{\"@type\":\"EntryPoint\",\"urlTemplate\":\"https:\\\/\\\/sindromecharge.es\\\/?s={search_term_string}\"},\"query-input\":{\"@type\":\"PropertyValueSpecification\",\"valueRequired\":true,\"valueName\":\"search_term_string\"}}],\"inLanguage\":\"es\"},{\"@type\":\"Person\",\"@id\":\"https:\\\/\\\/sindromecharge.es\\\/#\\\/schema\\\/person\\\/39a60ebe0a2b4d5a11179701e336b039\",\"name\":\"Charge\",\"image\":{\"@type\":\"ImageObject\",\"inLanguage\":\"es\",\"@id\":\"https:\\\/\\\/secure.gravatar.com\\\/avatar\\\/c3b46e32a0fc3b093a0873fb767bf3293de856293065e84ef06b7ec7a8acfb98?s=96&d=identicon&r=x\",\"url\":\"https:\\\/\\\/secure.gravatar.com\\\/avatar\\\/c3b46e32a0fc3b093a0873fb767bf3293de856293065e84ef06b7ec7a8acfb98?s=96&d=identicon&r=x\",\"contentUrl\":\"https:\\\/\\\/secure.gravatar.com\\\/avatar\\\/c3b46e32a0fc3b093a0873fb767bf3293de856293065e84ef06b7ec7a8acfb98?s=96&d=identicon&r=x\",\"caption\":\"Charge\"},\"url\":\"https:\\\/\\\/sindromecharge.es\\\/index.php\\\/author\\\/admin\\\/\"}]}<\/script>\n<!-- \/ Yoast SEO plugin. -->","yoast_head_json":{"title":"El Parlament aprueba declaraci\u00f3n institucional de apoyo al reconocimiento de la &#039;discapacidad social&#039; para Asperger\/Tea - Asociaci\u00f3n Espa\u00f1ola S\u00edndrome de Charge","robots":{"index":"index","follow":"follow","max-snippet":"max-snippet:-1","max-image-preview":"max-image-preview:large","max-video-preview":"max-video-preview:-1"},"canonical":"https:\/\/sindromecharge.es\/index.php\/2021\/06\/08\/el-parlament-aprueba-declaracion-institucional-de-apoyo-al-reconocimiento-de-la-discapacidad-social-para-asperger-tea\/","og_locale":"es_ES","og_type":"article","og_title":"El Parlament aprueba declaraci\u00f3n institucional de apoyo al reconocimiento de la &#039;discapacidad social&#039; para Asperger\/Tea - Asociaci\u00f3n Espa\u00f1ola S\u00edndrome de Charge","og_description":"Leemos en 20minutos la siguiente noticia que os reproducimos de forma \u00edntegra: La secretaria primera del Parlament y diputada de M\u00c9S, Joana Aina Campomar, ha sido la encargada de leer la declaraci\u00f3n institucional que ha evidenciado que existe la necesidad de reconocer la figura legal de &#8216;discapacidad social&#8217; para quienes tienen el s\u00edndrome de Asperger, [&hellip;]","og_url":"https:\/\/sindromecharge.es\/index.php\/2021\/06\/08\/el-parlament-aprueba-declaracion-institucional-de-apoyo-al-reconocimiento-de-la-discapacidad-social-para-asperger-tea\/","og_site_name":"Asociaci\u00f3n Espa\u00f1ola S\u00edndrome de Charge","article_publisher":"https:\/\/www.facebook.com\/asociacionsindromecharge","article_published_time":"2021-06-08T09:29:54+00:00","og_image":[{"width":300,"height":98,"url":"https:\/\/sindromecharge.es\/wp-content\/uploads\/2013\/09\/logodecharge300x98.png","type":"image\/png"}],"author":"Charge","twitter_card":"summary_large_image","twitter_creator":"@sindromecharge","twitter_site":"@sindromecharge","twitter_misc":{"Escrito por":"Charge","Tiempo de lectura":"1 minuto"},"schema":{"@context":"https:\/\/schema.org","@graph":[{"@type":"Article","@id":"https:\/\/sindromecharge.es\/index.php\/2021\/06\/08\/el-parlament-aprueba-declaracion-institucional-de-apoyo-al-reconocimiento-de-la-discapacidad-social-para-asperger-tea\/#article","isPartOf":{"@id":"https:\/\/sindromecharge.es\/index.php\/2021\/06\/08\/el-parlament-aprueba-declaracion-institucional-de-apoyo-al-reconocimiento-de-la-discapacidad-social-para-asperger-tea\/"},"author":{"name":"Charge","@id":"https:\/\/sindromecharge.es\/#\/schema\/person\/39a60ebe0a2b4d5a11179701e336b039"},"headline":"El Parlament aprueba declaraci\u00f3n institucional de apoyo al reconocimiento de la &#039;discapacidad social&#039; para Asperger\/Tea","datePublished":"2021-06-08T09:29:54+00:00","mainEntityOfPage":{"@id":"https:\/\/sindromecharge.es\/index.php\/2021\/06\/08\/el-parlament-aprueba-declaracion-institucional-de-apoyo-al-reconocimiento-de-la-discapacidad-social-para-asperger-tea\/"},"wordCount":210,"commentCount":0,"keywords":["discapacidad"],"articleSection":["noticias"],"inLanguage":"es","potentialAction":[{"@type":"CommentAction","name":"Comment","target":["https:\/\/sindromecharge.es\/index.php\/2021\/06\/08\/el-parlament-aprueba-declaracion-institucional-de-apoyo-al-reconocimiento-de-la-discapacidad-social-para-asperger-tea\/#respond"]}]},{"@type":"WebPage","@id":"https:\/\/sindromecharge.es\/index.php\/2021\/06\/08\/el-parlament-aprueba-declaracion-institucional-de-apoyo-al-reconocimiento-de-la-discapacidad-social-para-asperger-tea\/","url":"https:\/\/sindromecharge.es\/index.php\/2021\/06\/08\/el-parlament-aprueba-declaracion-institucional-de-apoyo-al-reconocimiento-de-la-discapacidad-social-para-asperger-tea\/","name":"El Parlament aprueba declaraci\u00f3n institucional de apoyo al reconocimiento de la &#039;discapacidad social&#039; para Asperger\/Tea - Asociaci\u00f3n Espa\u00f1ola S\u00edndrome de Charge","isPartOf":{"@id":"https:\/\/sindromecharge.es\/#website"},"datePublished":"2021-06-08T09:29:54+00:00","author":{"@id":"https:\/\/sindromecharge.es\/#\/schema\/person\/39a60ebe0a2b4d5a11179701e336b039"},"breadcrumb":{"@id":"https:\/\/sindromecharge.es\/index.php\/2021\/06\/08\/el-parlament-aprueba-declaracion-institucional-de-apoyo-al-reconocimiento-de-la-discapacidad-social-para-asperger-tea\/#breadcrumb"},"inLanguage":"es","potentialAction":[{"@type":"ReadAction","target":["https:\/\/sindromecharge.es\/index.php\/2021\/06\/08\/el-parlament-aprueba-declaracion-institucional-de-apoyo-al-reconocimiento-de-la-discapacidad-social-para-asperger-tea\/"]}]},{"@type":"BreadcrumbList","@id":"https:\/\/sindromecharge.es\/index.php\/2021\/06\/08\/el-parlament-aprueba-declaracion-institucional-de-apoyo-al-reconocimiento-de-la-discapacidad-social-para-asperger-tea\/#breadcrumb","itemListElement":[{"@type":"ListItem","position":1,"name":"Portada","item":"https:\/\/sindromecharge.es\/"},{"@type":"ListItem","position":2,"name":"El Parlament aprueba declaraci\u00f3n institucional de apoyo al reconocimiento de la &#039;discapacidad social&#039; para Asperger\/Tea"}]},{"@type":"WebSite","@id":"https:\/\/sindromecharge.es\/#website","url":"https:\/\/sindromecharge.es\/","name":"Asociaci\u00f3n Espa\u00f1ola S\u00edndrome de Charge","description":"","potentialAction":[{"@type":"SearchAction","target":{"@type":"EntryPoint","urlTemplate":"https:\/\/sindromecharge.es\/?s={search_term_string}"},"query-input":{"@type":"PropertyValueSpecification","valueRequired":true,"valueName":"search_term_string"}}],"inLanguage":"es"},{"@type":"Person","@id":"https:\/\/sindromecharge.es\/#\/schema\/person\/39a60ebe0a2b4d5a11179701e336b039","name":"Charge","image":{"@type":"ImageObject","inLanguage":"es","@id":"https:\/\/secure.gravatar.com\/avatar\/c3b46e32a0fc3b093a0873fb767bf3293de856293065e84ef06b7ec7a8acfb98?s=96&d=identicon&r=x","url":"https:\/\/secure.gravatar.com\/avatar\/c3b46e32a0fc3b093a0873fb767bf3293de856293065e84ef06b7ec7a8acfb98?s=96&d=identicon&r=x","contentUrl":"https:\/\/secure.gravatar.com\/avatar\/c3b46e32a0fc3b093a0873fb767bf3293de856293065e84ef06b7ec7a8acfb98?s=96&d=identicon&r=x","caption":"Charge"},"url":"https:\/\/sindromecharge.es\/index.php\/author\/admin\/"}]}},"_links":{"self":[{"href":"https:\/\/sindromecharge.es\/index.php\/wp-json\/wp\/v2\/posts\/7263","targetHints":{"allow":["GET"]}}],"collection":[{"href":"https:\/\/sindromecharge.es\/index.php\/wp-json\/wp\/v2\/posts"}],"about":[{"href":"https:\/\/sindromecharge.es\/index.php\/wp-json\/wp\/v2\/types\/post"}],"author":[{"embeddable":true,"href":"https:\/\/sindromecharge.es\/index.php\/wp-json\/wp\/v2\/users\/1"}],"replies":[{"embeddable":true,"href":"https:\/\/sindromecharge.es\/index.php\/wp-json\/wp\/v2\/comments?post=7263"}],"version-history":[{"count":0,"href":"https:\/\/sindromecharge.es\/index.php\/wp-json\/wp\/v2\/posts\/7263\/revisions"}],"wp:attachment":[{"href":"https:\/\/sindromecharge.es\/index.php\/wp-json\/wp\/v2\/media?parent=7263"}],"wp:term":[{"taxonomy":"category","embeddable":true,"href":"https:\/\/sindromecharge.es\/index.php\/wp-json\/wp\/v2\/categories?post=7263"},{"taxonomy":"post_tag","embeddable":true,"href":"https:\/\/sindromecharge.es\/index.php\/wp-json\/wp\/v2\/tags?post=7263"}],"curies":[{"name":"wp","href":"https:\/\/api.w.org\/{rel}","templated":true}]}}