{"id":7262,"date":"2021-06-08T07:36:06","date_gmt":"2021-06-08T07:36:06","guid":{"rendered":"https:\/\/sindromecharge.es\/index.php\/2021\/06\/08\/el-19-de-junio-celebramos-una-de-las-citas-mas-importantes-para-toda-la-familia-feder\/"},"modified":"2021-06-08T07:36:06","modified_gmt":"2021-06-08T07:36:06","slug":"el-19-de-junio-celebramos-una-de-las-citas-mas-importantes-para-toda-la-familia-feder","status":"publish","type":"post","link":"https:\/\/sindromecharge.es\/index.php\/2021\/06\/08\/el-19-de-junio-celebramos-una-de-las-citas-mas-importantes-para-toda-la-familia-feder\/","title":{"rendered":"El 19 de junio celebramos una de las citas m\u00e1s importantes para toda la familia FEDER"},"content":{"rendered":"<p>Leemos en FEDER la siguiente noticia que os reproducimos de forma \u00edntegra: <\/p>\n<p>El pr\u00f3ximo 19 de junio celebramos una de las citas m\u00e1s importantes para toda la familia FEDER: nuestra Asamblea General de Socios, el mayor \u00f3rgano de gobierno de nuestra organizaci\u00f3n, donde las 389 entidades que caminamos juntas decidiremos nuestra hoja de ruta. <\/p>\n<p>Al igual que en 2020, la situaci\u00f3n excepcional que vivimos nos obliga a desarrollar este espacio en encuentro tan especial en formato mixto. No obstante, gracias a ello logramos que \u00e9sta fuera la nuestra Asamblea m\u00e1s participativa en la \u00faltima d\u00e9cada; este 2021, \u00a1esperamos superar este r\u00e9cord!<\/p>\n<p>Como no pod\u00eda ser de otra manera, en esta ocasi\u00f3n analizaremos en profundidad toda la acci\u00f3n de FEDER durante un a\u00f1o marcado por la pandemia, pero tambi\u00e9n las prioridades que deben marcar nuestro rumbo este 2021 y los pr\u00f3ximos a\u00f1os, con la mirada puesta en 2030 dando continuidad al proyecto Foresight y el horizonte marcado por la Agenda 2030.<\/p>\n<p>Para hacerlo posible, contaremos con el apoyo de Sanofi Genzyme, el Colegio Oficial de Odontologos y Estomat\u00f3logos de la Primer Regi\u00f3n (COEM), la Fundaci\u00f3n Jes\u00fas Serra, el Ministerio de Derechos Sociales y Agenda 2030, la Generalitat Valenciana, el Ayuntamiento de Madrid, el Gobierno Vasco y la Diputaci\u00f3n Foral de Gipuzkoa.<\/p>\n<p>Fuente: FEDER <a href=\"https:\/\/enfermedades-raras.org\/index.php\/actualidad\/noticias-eventos\/2-feder\/15483-el-19-de-junio-celebramos-una-de-las-citas-m%C3%A1s-importantes-para-toda-la-familia-feder\" target=\"_blank\" rel=\"noopener\">El 19 de junio celebramos una de las citas m\u00e1s importantes para toda la familia FEDER<\/a><\/p>\n","protected":false},"excerpt":{"rendered":"<p>Leemos en FEDER la siguiente noticia que os reproducimos de forma \u00edntegra: El pr\u00f3ximo 19 de junio celebramos una de las citas m\u00e1s importantes para toda la familia FEDER: nuestra Asamblea General de Socios, el mayor \u00f3rgano de gobierno de nuestra organizaci\u00f3n, donde las 389 entidades que caminamos juntas decidiremos nuestra hoja de ruta. Al [&hellip;]<\/p>\n","protected":false},"author":1,"featured_media":0,"comment_status":"open","ping_status":"closed","sticky":false,"template":"","format":"standard","meta":{"footnotes":""},"categories":[8],"tags":[36],"class_list":["post-7262","post","type-post","status-publish","format-standard","hentry","category-noticias","tag-enfermedades-raras"],"yoast_head":"<!-- This site is optimized with the Yoast SEO plugin v27.4 - https:\/\/yoast.com\/product\/yoast-seo-wordpress\/ -->\n<title>El 19 de junio celebramos una de las citas m\u00e1s importantes para toda la familia FEDER - Asociaci\u00f3n Espa\u00f1ola S\u00edndrome de Charge<\/title>\n<meta name=\"robots\" content=\"index, follow, max-snippet:-1, max-image-preview:large, max-video-preview:-1\" \/>\n<link rel=\"canonical\" href=\"https:\/\/sindromecharge.es\/index.php\/2021\/06\/08\/el-19-de-junio-celebramos-una-de-las-citas-mas-importantes-para-toda-la-familia-feder\/\" \/>\n<meta property=\"og:locale\" content=\"es_ES\" \/>\n<meta property=\"og:type\" content=\"article\" \/>\n<meta property=\"og:title\" content=\"El 19 de junio celebramos una de las citas m\u00e1s importantes para toda la familia FEDER - Asociaci\u00f3n Espa\u00f1ola S\u00edndrome de Charge\" \/>\n<meta property=\"og:description\" content=\"Leemos en FEDER la siguiente noticia que os reproducimos de forma \u00edntegra: El pr\u00f3ximo 19 de junio celebramos una de las citas m\u00e1s importantes para toda la familia FEDER: nuestra Asamblea General de Socios, el mayor \u00f3rgano de gobierno de nuestra organizaci\u00f3n, donde las 389 entidades que caminamos juntas decidiremos nuestra hoja de ruta. Al [&hellip;]\" \/>\n<meta property=\"og:url\" content=\"https:\/\/sindromecharge.es\/index.php\/2021\/06\/08\/el-19-de-junio-celebramos-una-de-las-citas-mas-importantes-para-toda-la-familia-feder\/\" \/>\n<meta property=\"og:site_name\" content=\"Asociaci\u00f3n Espa\u00f1ola S\u00edndrome de Charge\" \/>\n<meta property=\"article:publisher\" content=\"https:\/\/www.facebook.com\/asociacionsindromecharge\" \/>\n<meta property=\"article:published_time\" content=\"2021-06-08T07:36:06+00:00\" \/>\n<meta property=\"og:image\" content=\"https:\/\/sindromecharge.es\/wp-content\/uploads\/2013\/09\/logodecharge300x98.png\" \/>\n\t<meta property=\"og:image:width\" content=\"300\" \/>\n\t<meta property=\"og:image:height\" content=\"98\" \/>\n\t<meta property=\"og:image:type\" content=\"image\/png\" \/>\n<meta name=\"author\" content=\"Charge\" \/>\n<meta name=\"twitter:card\" content=\"summary_large_image\" \/>\n<meta name=\"twitter:creator\" content=\"@sindromecharge\" \/>\n<meta name=\"twitter:site\" content=\"@sindromecharge\" \/>\n<meta name=\"twitter:label1\" content=\"Escrito por\" \/>\n\t<meta name=\"twitter:data1\" content=\"Charge\" \/>\n\t<meta name=\"twitter:label2\" content=\"Tiempo de lectura\" \/>\n\t<meta name=\"twitter:data2\" content=\"1 minuto\" \/>\n<script type=\"application\/ld+json\" class=\"yoast-schema-graph\">{\"@context\":\"https:\\\/\\\/schema.org\",\"@graph\":[{\"@type\":\"Article\",\"@id\":\"https:\\\/\\\/sindromecharge.es\\\/index.php\\\/2021\\\/06\\\/08\\\/el-19-de-junio-celebramos-una-de-las-citas-mas-importantes-para-toda-la-familia-feder\\\/#article\",\"isPartOf\":{\"@id\":\"https:\\\/\\\/sindromecharge.es\\\/index.php\\\/2021\\\/06\\\/08\\\/el-19-de-junio-celebramos-una-de-las-citas-mas-importantes-para-toda-la-familia-feder\\\/\"},\"author\":{\"name\":\"Charge\",\"@id\":\"https:\\\/\\\/sindromecharge.es\\\/#\\\/schema\\\/person\\\/39a60ebe0a2b4d5a11179701e336b039\"},\"headline\":\"El 19 de junio celebramos una de las citas m\u00e1s importantes para toda la familia FEDER\",\"datePublished\":\"2021-06-08T07:36:06+00:00\",\"mainEntityOfPage\":{\"@id\":\"https:\\\/\\\/sindromecharge.es\\\/index.php\\\/2021\\\/06\\\/08\\\/el-19-de-junio-celebramos-una-de-las-citas-mas-importantes-para-toda-la-familia-feder\\\/\"},\"wordCount\":255,\"commentCount\":0,\"keywords\":[\"enfermedades raras\"],\"articleSection\":[\"noticias\"],\"inLanguage\":\"es\",\"potentialAction\":[{\"@type\":\"CommentAction\",\"name\":\"Comment\",\"target\":[\"https:\\\/\\\/sindromecharge.es\\\/index.php\\\/2021\\\/06\\\/08\\\/el-19-de-junio-celebramos-una-de-las-citas-mas-importantes-para-toda-la-familia-feder\\\/#respond\"]}]},{\"@type\":\"WebPage\",\"@id\":\"https:\\\/\\\/sindromecharge.es\\\/index.php\\\/2021\\\/06\\\/08\\\/el-19-de-junio-celebramos-una-de-las-citas-mas-importantes-para-toda-la-familia-feder\\\/\",\"url\":\"https:\\\/\\\/sindromecharge.es\\\/index.php\\\/2021\\\/06\\\/08\\\/el-19-de-junio-celebramos-una-de-las-citas-mas-importantes-para-toda-la-familia-feder\\\/\",\"name\":\"El 19 de junio celebramos una de las citas m\u00e1s importantes para toda la familia FEDER - Asociaci\u00f3n Espa\u00f1ola S\u00edndrome de Charge\",\"isPartOf\":{\"@id\":\"https:\\\/\\\/sindromecharge.es\\\/#website\"},\"datePublished\":\"2021-06-08T07:36:06+00:00\",\"author\":{\"@id\":\"https:\\\/\\\/sindromecharge.es\\\/#\\\/schema\\\/person\\\/39a60ebe0a2b4d5a11179701e336b039\"},\"breadcrumb\":{\"@id\":\"https:\\\/\\\/sindromecharge.es\\\/index.php\\\/2021\\\/06\\\/08\\\/el-19-de-junio-celebramos-una-de-las-citas-mas-importantes-para-toda-la-familia-feder\\\/#breadcrumb\"},\"inLanguage\":\"es\",\"potentialAction\":[{\"@type\":\"ReadAction\",\"target\":[\"https:\\\/\\\/sindromecharge.es\\\/index.php\\\/2021\\\/06\\\/08\\\/el-19-de-junio-celebramos-una-de-las-citas-mas-importantes-para-toda-la-familia-feder\\\/\"]}]},{\"@type\":\"BreadcrumbList\",\"@id\":\"https:\\\/\\\/sindromecharge.es\\\/index.php\\\/2021\\\/06\\\/08\\\/el-19-de-junio-celebramos-una-de-las-citas-mas-importantes-para-toda-la-familia-feder\\\/#breadcrumb\",\"itemListElement\":[{\"@type\":\"ListItem\",\"position\":1,\"name\":\"Portada\",\"item\":\"https:\\\/\\\/sindromecharge.es\\\/\"},{\"@type\":\"ListItem\",\"position\":2,\"name\":\"El 19 de junio celebramos una de las citas m\u00e1s importantes para toda la familia FEDER\"}]},{\"@type\":\"WebSite\",\"@id\":\"https:\\\/\\\/sindromecharge.es\\\/#website\",\"url\":\"https:\\\/\\\/sindromecharge.es\\\/\",\"name\":\"Asociaci\u00f3n Espa\u00f1ola S\u00edndrome de Charge\",\"description\":\"\",\"potentialAction\":[{\"@type\":\"SearchAction\",\"target\":{\"@type\":\"EntryPoint\",\"urlTemplate\":\"https:\\\/\\\/sindromecharge.es\\\/?s={search_term_string}\"},\"query-input\":{\"@type\":\"PropertyValueSpecification\",\"valueRequired\":true,\"valueName\":\"search_term_string\"}}],\"inLanguage\":\"es\"},{\"@type\":\"Person\",\"@id\":\"https:\\\/\\\/sindromecharge.es\\\/#\\\/schema\\\/person\\\/39a60ebe0a2b4d5a11179701e336b039\",\"name\":\"Charge\",\"image\":{\"@type\":\"ImageObject\",\"inLanguage\":\"es\",\"@id\":\"https:\\\/\\\/secure.gravatar.com\\\/avatar\\\/c3b46e32a0fc3b093a0873fb767bf3293de856293065e84ef06b7ec7a8acfb98?s=96&d=identicon&r=x\",\"url\":\"https:\\\/\\\/secure.gravatar.com\\\/avatar\\\/c3b46e32a0fc3b093a0873fb767bf3293de856293065e84ef06b7ec7a8acfb98?s=96&d=identicon&r=x\",\"contentUrl\":\"https:\\\/\\\/secure.gravatar.com\\\/avatar\\\/c3b46e32a0fc3b093a0873fb767bf3293de856293065e84ef06b7ec7a8acfb98?s=96&d=identicon&r=x\",\"caption\":\"Charge\"},\"url\":\"https:\\\/\\\/sindromecharge.es\\\/index.php\\\/author\\\/admin\\\/\"}]}<\/script>\n<!-- \/ Yoast SEO plugin. -->","yoast_head_json":{"title":"El 19 de junio celebramos una de las citas m\u00e1s importantes para toda la familia FEDER - Asociaci\u00f3n Espa\u00f1ola S\u00edndrome de Charge","robots":{"index":"index","follow":"follow","max-snippet":"max-snippet:-1","max-image-preview":"max-image-preview:large","max-video-preview":"max-video-preview:-1"},"canonical":"https:\/\/sindromecharge.es\/index.php\/2021\/06\/08\/el-19-de-junio-celebramos-una-de-las-citas-mas-importantes-para-toda-la-familia-feder\/","og_locale":"es_ES","og_type":"article","og_title":"El 19 de junio celebramos una de las citas m\u00e1s importantes para toda la familia FEDER - Asociaci\u00f3n Espa\u00f1ola S\u00edndrome de Charge","og_description":"Leemos en FEDER la siguiente noticia que os reproducimos de forma \u00edntegra: El pr\u00f3ximo 19 de junio celebramos una de las citas m\u00e1s importantes para toda la familia FEDER: nuestra Asamblea General de Socios, el mayor \u00f3rgano de gobierno de nuestra organizaci\u00f3n, donde las 389 entidades que caminamos juntas decidiremos nuestra hoja de ruta. Al [&hellip;]","og_url":"https:\/\/sindromecharge.es\/index.php\/2021\/06\/08\/el-19-de-junio-celebramos-una-de-las-citas-mas-importantes-para-toda-la-familia-feder\/","og_site_name":"Asociaci\u00f3n Espa\u00f1ola S\u00edndrome de Charge","article_publisher":"https:\/\/www.facebook.com\/asociacionsindromecharge","article_published_time":"2021-06-08T07:36:06+00:00","og_image":[{"width":300,"height":98,"url":"https:\/\/sindromecharge.es\/wp-content\/uploads\/2013\/09\/logodecharge300x98.png","type":"image\/png"}],"author":"Charge","twitter_card":"summary_large_image","twitter_creator":"@sindromecharge","twitter_site":"@sindromecharge","twitter_misc":{"Escrito por":"Charge","Tiempo de lectura":"1 minuto"},"schema":{"@context":"https:\/\/schema.org","@graph":[{"@type":"Article","@id":"https:\/\/sindromecharge.es\/index.php\/2021\/06\/08\/el-19-de-junio-celebramos-una-de-las-citas-mas-importantes-para-toda-la-familia-feder\/#article","isPartOf":{"@id":"https:\/\/sindromecharge.es\/index.php\/2021\/06\/08\/el-19-de-junio-celebramos-una-de-las-citas-mas-importantes-para-toda-la-familia-feder\/"},"author":{"name":"Charge","@id":"https:\/\/sindromecharge.es\/#\/schema\/person\/39a60ebe0a2b4d5a11179701e336b039"},"headline":"El 19 de junio celebramos una de las citas m\u00e1s importantes para toda la familia FEDER","datePublished":"2021-06-08T07:36:06+00:00","mainEntityOfPage":{"@id":"https:\/\/sindromecharge.es\/index.php\/2021\/06\/08\/el-19-de-junio-celebramos-una-de-las-citas-mas-importantes-para-toda-la-familia-feder\/"},"wordCount":255,"commentCount":0,"keywords":["enfermedades raras"],"articleSection":["noticias"],"inLanguage":"es","potentialAction":[{"@type":"CommentAction","name":"Comment","target":["https:\/\/sindromecharge.es\/index.php\/2021\/06\/08\/el-19-de-junio-celebramos-una-de-las-citas-mas-importantes-para-toda-la-familia-feder\/#respond"]}]},{"@type":"WebPage","@id":"https:\/\/sindromecharge.es\/index.php\/2021\/06\/08\/el-19-de-junio-celebramos-una-de-las-citas-mas-importantes-para-toda-la-familia-feder\/","url":"https:\/\/sindromecharge.es\/index.php\/2021\/06\/08\/el-19-de-junio-celebramos-una-de-las-citas-mas-importantes-para-toda-la-familia-feder\/","name":"El 19 de junio celebramos una de las citas m\u00e1s importantes para toda la familia FEDER - Asociaci\u00f3n Espa\u00f1ola S\u00edndrome de Charge","isPartOf":{"@id":"https:\/\/sindromecharge.es\/#website"},"datePublished":"2021-06-08T07:36:06+00:00","author":{"@id":"https:\/\/sindromecharge.es\/#\/schema\/person\/39a60ebe0a2b4d5a11179701e336b039"},"breadcrumb":{"@id":"https:\/\/sindromecharge.es\/index.php\/2021\/06\/08\/el-19-de-junio-celebramos-una-de-las-citas-mas-importantes-para-toda-la-familia-feder\/#breadcrumb"},"inLanguage":"es","potentialAction":[{"@type":"ReadAction","target":["https:\/\/sindromecharge.es\/index.php\/2021\/06\/08\/el-19-de-junio-celebramos-una-de-las-citas-mas-importantes-para-toda-la-familia-feder\/"]}]},{"@type":"BreadcrumbList","@id":"https:\/\/sindromecharge.es\/index.php\/2021\/06\/08\/el-19-de-junio-celebramos-una-de-las-citas-mas-importantes-para-toda-la-familia-feder\/#breadcrumb","itemListElement":[{"@type":"ListItem","position":1,"name":"Portada","item":"https:\/\/sindromecharge.es\/"},{"@type":"ListItem","position":2,"name":"El 19 de junio celebramos una de las citas m\u00e1s importantes para toda la familia FEDER"}]},{"@type":"WebSite","@id":"https:\/\/sindromecharge.es\/#website","url":"https:\/\/sindromecharge.es\/","name":"Asociaci\u00f3n Espa\u00f1ola S\u00edndrome de Charge","description":"","potentialAction":[{"@type":"SearchAction","target":{"@type":"EntryPoint","urlTemplate":"https:\/\/sindromecharge.es\/?s={search_term_string}"},"query-input":{"@type":"PropertyValueSpecification","valueRequired":true,"valueName":"search_term_string"}}],"inLanguage":"es"},{"@type":"Person","@id":"https:\/\/sindromecharge.es\/#\/schema\/person\/39a60ebe0a2b4d5a11179701e336b039","name":"Charge","image":{"@type":"ImageObject","inLanguage":"es","@id":"https:\/\/secure.gravatar.com\/avatar\/c3b46e32a0fc3b093a0873fb767bf3293de856293065e84ef06b7ec7a8acfb98?s=96&d=identicon&r=x","url":"https:\/\/secure.gravatar.com\/avatar\/c3b46e32a0fc3b093a0873fb767bf3293de856293065e84ef06b7ec7a8acfb98?s=96&d=identicon&r=x","contentUrl":"https:\/\/secure.gravatar.com\/avatar\/c3b46e32a0fc3b093a0873fb767bf3293de856293065e84ef06b7ec7a8acfb98?s=96&d=identicon&r=x","caption":"Charge"},"url":"https:\/\/sindromecharge.es\/index.php\/author\/admin\/"}]}},"_links":{"self":[{"href":"https:\/\/sindromecharge.es\/index.php\/wp-json\/wp\/v2\/posts\/7262","targetHints":{"allow":["GET"]}}],"collection":[{"href":"https:\/\/sindromecharge.es\/index.php\/wp-json\/wp\/v2\/posts"}],"about":[{"href":"https:\/\/sindromecharge.es\/index.php\/wp-json\/wp\/v2\/types\/post"}],"author":[{"embeddable":true,"href":"https:\/\/sindromecharge.es\/index.php\/wp-json\/wp\/v2\/users\/1"}],"replies":[{"embeddable":true,"href":"https:\/\/sindromecharge.es\/index.php\/wp-json\/wp\/v2\/comments?post=7262"}],"version-history":[{"count":0,"href":"https:\/\/sindromecharge.es\/index.php\/wp-json\/wp\/v2\/posts\/7262\/revisions"}],"wp:attachment":[{"href":"https:\/\/sindromecharge.es\/index.php\/wp-json\/wp\/v2\/media?parent=7262"}],"wp:term":[{"taxonomy":"category","embeddable":true,"href":"https:\/\/sindromecharge.es\/index.php\/wp-json\/wp\/v2\/categories?post=7262"},{"taxonomy":"post_tag","embeddable":true,"href":"https:\/\/sindromecharge.es\/index.php\/wp-json\/wp\/v2\/tags?post=7262"}],"curies":[{"name":"wp","href":"https:\/\/api.w.org\/{rel}","templated":true}]}}