{"id":7261,"date":"2021-06-08T06:07:03","date_gmt":"2021-06-08T06:07:03","guid":{"rendered":"https:\/\/sindromecharge.es\/index.php\/2021\/06\/08\/unete-al-dia-de-los-imparables-sumate-a-la-semana-contra-la-leucemia\/"},"modified":"2021-06-08T06:07:03","modified_gmt":"2021-06-08T06:07:03","slug":"unete-al-dia-de-los-imparables-sumate-a-la-semana-contra-la-leucemia","status":"publish","type":"post","link":"https:\/\/sindromecharge.es\/index.php\/2021\/06\/08\/unete-al-dia-de-los-imparables-sumate-a-la-semana-contra-la-leucemia\/","title":{"rendered":"\u00a1\u00danete al D\u00eda de los Imparables, s\u00famate a la Semana contra la Leucemia!"},"content":{"rendered":"<p>Leemos en FEDER la siguiente noticia que os reproducimos de forma \u00edntegra: <\/p>\n<p>&nbsp;<\/p>\n<p>El 20 de junio se celebra el d\u00eda de los imparables y un a\u00f1o m\u00e1s, la Fundaci\u00f3n Josep Carreras contra la leucemia organiza la Semana contra la Leucemia del 21 al 28 de junio para dar voz a todos aquellos que conviven con esta enfermedad.<\/p>\n<p>El d\u00eda de los imparables se realizar\u00e1 el 20 de junio de manera remota y ser\u00e1 una jornada en el que pacientes, familiares, amigos y m\u00e9dicos se juntan para dar voz a quienes luchan contra los c\u00e1nceres de la sangre. Adem\u00e1s, ya hace diez a\u00f1os que est\u00e1n saliendo a la calle para dar a conocer la causa pero, este a\u00f1o, a pesar de la situaci\u00f3n epidemiol\u00f3gica, realizar\u00e1n un formato virtual para poder llevarlo a cabo.<\/p>\n<p>A trav\u00e9s de este formato virtual, se podr\u00e1 disfrutar de dos horas de sorpresas, entrevistas a &#8216;imparables&#8217;, familias, investigadores, colaboradores y mucho m\u00e1s. Para poder asistir, solo te tendr\u00e1s que <a href=\"https:\/\/registro.fcarreras.org\/imparables2021\/register?lang=es\" target=\"_blank\" rel=\"noopener\">registrar aqu\u00ed.<\/a><\/p>\n<p>Por otro lado, se celebran las jornadas online por la semana de la leucemia, este a\u00f1o, las celebran por primera vez y el objetivo es dar a conocer varios aspectos de lucha contra la leucemia.<\/p>\n<p>En la primera jornada se abordar\u00e1 la leucemia y los j\u00f3venes, recuperar la autonom\u00eda y bienestar. En una segunda jornada se hablar\u00e1 sobre los desaf\u00edos COVID-19, los retos que ha tra\u00eddo la pandemia para el futuro y por \u00faltimo, en un tercer encuentro se hablar\u00e1 sobre investigaci\u00f3n.<\/p>\n<p>Para poder acceder a estas jornadas, te animamos a<a href=\"https:\/\/registro.fcarreras.org\/jornadas2021\/register?lang=es\" target=\"_blank\" rel=\"noopener\"> registrarte aqu\u00ed.<\/a><\/p>\n<p>La Fundaci\u00f3n Josep Carreras contra la Leucemia impulsa de forma incansable todo tipo de proyectos a beneficio de los pacientes y de la ciencia, para conseguir que la leucemia sea, alg\u00fan d\u00eda, un enfermedad 100% curable, para todo el mundo y en todos los casos.<\/p>\n<p>\u00daltima actualizaci\u00f3n 08\/06\/2021<\/p>\n<p>&nbsp;<\/p>\n<p>Fuente: FEDER <a href=\"https:\/\/enfermedades-raras.org\/index.php\/actualidad\/noticias-eventos\/2-feder\/15481-%C2%A1%C3%BAnete-al-d%C3%ADa-de-los-imparables%2C-s%C3%BAmate-a-la-semana-contra-la-leucemia\" target=\"_blank\" rel=\"noopener\">\u00a1\u00danete al D\u00eda de los Imparables, s\u00famate a la Semana contra la Leucemia!<\/a><\/p>\n","protected":false},"excerpt":{"rendered":"<p>Leemos en FEDER la siguiente noticia que os reproducimos de forma \u00edntegra: &nbsp; El 20 de junio se celebra el d\u00eda de los imparables y un a\u00f1o m\u00e1s, la Fundaci\u00f3n Josep Carreras contra la leucemia organiza la Semana contra la Leucemia del 21 al 28 de junio para dar voz a todos aquellos que conviven [&hellip;]<\/p>\n","protected":false},"author":1,"featured_media":0,"comment_status":"open","ping_status":"closed","sticky":false,"template":"","format":"standard","meta":{"footnotes":""},"categories":[8],"tags":[36],"class_list":["post-7261","post","type-post","status-publish","format-standard","hentry","category-noticias","tag-enfermedades-raras"],"yoast_head":"<!-- This site is optimized with the Yoast SEO plugin v27.4 - https:\/\/yoast.com\/product\/yoast-seo-wordpress\/ -->\n<title>\u00a1\u00danete al D\u00eda de los Imparables, s\u00famate a la Semana contra la Leucemia! - Asociaci\u00f3n Espa\u00f1ola S\u00edndrome de Charge<\/title>\n<meta name=\"robots\" content=\"index, follow, max-snippet:-1, max-image-preview:large, max-video-preview:-1\" \/>\n<link rel=\"canonical\" href=\"https:\/\/sindromecharge.es\/index.php\/2021\/06\/08\/unete-al-dia-de-los-imparables-sumate-a-la-semana-contra-la-leucemia\/\" \/>\n<meta property=\"og:locale\" content=\"es_ES\" \/>\n<meta property=\"og:type\" content=\"article\" \/>\n<meta property=\"og:title\" content=\"\u00a1\u00danete al D\u00eda de los Imparables, s\u00famate a la Semana contra la Leucemia! - Asociaci\u00f3n Espa\u00f1ola S\u00edndrome de Charge\" \/>\n<meta property=\"og:description\" content=\"Leemos en FEDER la siguiente noticia que os reproducimos de forma \u00edntegra: &nbsp; El 20 de junio se celebra el d\u00eda de los imparables y un a\u00f1o m\u00e1s, la Fundaci\u00f3n Josep Carreras contra la leucemia organiza la Semana contra la Leucemia del 21 al 28 de junio para dar voz a todos aquellos que conviven [&hellip;]\" \/>\n<meta property=\"og:url\" content=\"https:\/\/sindromecharge.es\/index.php\/2021\/06\/08\/unete-al-dia-de-los-imparables-sumate-a-la-semana-contra-la-leucemia\/\" \/>\n<meta property=\"og:site_name\" content=\"Asociaci\u00f3n Espa\u00f1ola S\u00edndrome de Charge\" \/>\n<meta property=\"article:publisher\" content=\"https:\/\/www.facebook.com\/asociacionsindromecharge\" \/>\n<meta property=\"article:published_time\" content=\"2021-06-08T06:07:03+00:00\" \/>\n<meta property=\"og:image\" content=\"https:\/\/sindromecharge.es\/wp-content\/uploads\/2013\/09\/logodecharge300x98.png\" \/>\n\t<meta property=\"og:image:width\" content=\"300\" \/>\n\t<meta property=\"og:image:height\" content=\"98\" \/>\n\t<meta property=\"og:image:type\" content=\"image\/png\" \/>\n<meta name=\"author\" content=\"Charge\" \/>\n<meta name=\"twitter:card\" content=\"summary_large_image\" \/>\n<meta name=\"twitter:creator\" content=\"@sindromecharge\" \/>\n<meta name=\"twitter:site\" content=\"@sindromecharge\" \/>\n<meta name=\"twitter:label1\" content=\"Escrito por\" \/>\n\t<meta name=\"twitter:data1\" content=\"Charge\" \/>\n\t<meta name=\"twitter:label2\" content=\"Tiempo de lectura\" \/>\n\t<meta name=\"twitter:data2\" content=\"2 minutos\" \/>\n<script type=\"application\/ld+json\" class=\"yoast-schema-graph\">{\"@context\":\"https:\\\/\\\/schema.org\",\"@graph\":[{\"@type\":\"Article\",\"@id\":\"https:\\\/\\\/sindromecharge.es\\\/index.php\\\/2021\\\/06\\\/08\\\/unete-al-dia-de-los-imparables-sumate-a-la-semana-contra-la-leucemia\\\/#article\",\"isPartOf\":{\"@id\":\"https:\\\/\\\/sindromecharge.es\\\/index.php\\\/2021\\\/06\\\/08\\\/unete-al-dia-de-los-imparables-sumate-a-la-semana-contra-la-leucemia\\\/\"},\"author\":{\"name\":\"Charge\",\"@id\":\"https:\\\/\\\/sindromecharge.es\\\/#\\\/schema\\\/person\\\/39a60ebe0a2b4d5a11179701e336b039\"},\"headline\":\"\u00a1\u00danete al D\u00eda de los Imparables, s\u00famate a la Semana contra la Leucemia!\",\"datePublished\":\"2021-06-08T06:07:03+00:00\",\"mainEntityOfPage\":{\"@id\":\"https:\\\/\\\/sindromecharge.es\\\/index.php\\\/2021\\\/06\\\/08\\\/unete-al-dia-de-los-imparables-sumate-a-la-semana-contra-la-leucemia\\\/\"},\"wordCount\":360,\"commentCount\":0,\"keywords\":[\"enfermedades raras\"],\"articleSection\":[\"noticias\"],\"inLanguage\":\"es\",\"potentialAction\":[{\"@type\":\"CommentAction\",\"name\":\"Comment\",\"target\":[\"https:\\\/\\\/sindromecharge.es\\\/index.php\\\/2021\\\/06\\\/08\\\/unete-al-dia-de-los-imparables-sumate-a-la-semana-contra-la-leucemia\\\/#respond\"]}]},{\"@type\":\"WebPage\",\"@id\":\"https:\\\/\\\/sindromecharge.es\\\/index.php\\\/2021\\\/06\\\/08\\\/unete-al-dia-de-los-imparables-sumate-a-la-semana-contra-la-leucemia\\\/\",\"url\":\"https:\\\/\\\/sindromecharge.es\\\/index.php\\\/2021\\\/06\\\/08\\\/unete-al-dia-de-los-imparables-sumate-a-la-semana-contra-la-leucemia\\\/\",\"name\":\"\u00a1\u00danete al D\u00eda de los Imparables, s\u00famate a la Semana contra la Leucemia! - Asociaci\u00f3n Espa\u00f1ola S\u00edndrome de Charge\",\"isPartOf\":{\"@id\":\"https:\\\/\\\/sindromecharge.es\\\/#website\"},\"datePublished\":\"2021-06-08T06:07:03+00:00\",\"author\":{\"@id\":\"https:\\\/\\\/sindromecharge.es\\\/#\\\/schema\\\/person\\\/39a60ebe0a2b4d5a11179701e336b039\"},\"breadcrumb\":{\"@id\":\"https:\\\/\\\/sindromecharge.es\\\/index.php\\\/2021\\\/06\\\/08\\\/unete-al-dia-de-los-imparables-sumate-a-la-semana-contra-la-leucemia\\\/#breadcrumb\"},\"inLanguage\":\"es\",\"potentialAction\":[{\"@type\":\"ReadAction\",\"target\":[\"https:\\\/\\\/sindromecharge.es\\\/index.php\\\/2021\\\/06\\\/08\\\/unete-al-dia-de-los-imparables-sumate-a-la-semana-contra-la-leucemia\\\/\"]}]},{\"@type\":\"BreadcrumbList\",\"@id\":\"https:\\\/\\\/sindromecharge.es\\\/index.php\\\/2021\\\/06\\\/08\\\/unete-al-dia-de-los-imparables-sumate-a-la-semana-contra-la-leucemia\\\/#breadcrumb\",\"itemListElement\":[{\"@type\":\"ListItem\",\"position\":1,\"name\":\"Portada\",\"item\":\"https:\\\/\\\/sindromecharge.es\\\/\"},{\"@type\":\"ListItem\",\"position\":2,\"name\":\"\u00a1\u00danete al D\u00eda de los Imparables, s\u00famate a la Semana contra la Leucemia!\"}]},{\"@type\":\"WebSite\",\"@id\":\"https:\\\/\\\/sindromecharge.es\\\/#website\",\"url\":\"https:\\\/\\\/sindromecharge.es\\\/\",\"name\":\"Asociaci\u00f3n Espa\u00f1ola S\u00edndrome de Charge\",\"description\":\"\",\"potentialAction\":[{\"@type\":\"SearchAction\",\"target\":{\"@type\":\"EntryPoint\",\"urlTemplate\":\"https:\\\/\\\/sindromecharge.es\\\/?s={search_term_string}\"},\"query-input\":{\"@type\":\"PropertyValueSpecification\",\"valueRequired\":true,\"valueName\":\"search_term_string\"}}],\"inLanguage\":\"es\"},{\"@type\":\"Person\",\"@id\":\"https:\\\/\\\/sindromecharge.es\\\/#\\\/schema\\\/person\\\/39a60ebe0a2b4d5a11179701e336b039\",\"name\":\"Charge\",\"image\":{\"@type\":\"ImageObject\",\"inLanguage\":\"es\",\"@id\":\"https:\\\/\\\/secure.gravatar.com\\\/avatar\\\/c3b46e32a0fc3b093a0873fb767bf3293de856293065e84ef06b7ec7a8acfb98?s=96&d=identicon&r=x\",\"url\":\"https:\\\/\\\/secure.gravatar.com\\\/avatar\\\/c3b46e32a0fc3b093a0873fb767bf3293de856293065e84ef06b7ec7a8acfb98?s=96&d=identicon&r=x\",\"contentUrl\":\"https:\\\/\\\/secure.gravatar.com\\\/avatar\\\/c3b46e32a0fc3b093a0873fb767bf3293de856293065e84ef06b7ec7a8acfb98?s=96&d=identicon&r=x\",\"caption\":\"Charge\"},\"url\":\"https:\\\/\\\/sindromecharge.es\\\/index.php\\\/author\\\/admin\\\/\"}]}<\/script>\n<!-- \/ Yoast SEO plugin. -->","yoast_head_json":{"title":"\u00a1\u00danete al D\u00eda de los Imparables, s\u00famate a la Semana contra la Leucemia! - Asociaci\u00f3n Espa\u00f1ola S\u00edndrome de Charge","robots":{"index":"index","follow":"follow","max-snippet":"max-snippet:-1","max-image-preview":"max-image-preview:large","max-video-preview":"max-video-preview:-1"},"canonical":"https:\/\/sindromecharge.es\/index.php\/2021\/06\/08\/unete-al-dia-de-los-imparables-sumate-a-la-semana-contra-la-leucemia\/","og_locale":"es_ES","og_type":"article","og_title":"\u00a1\u00danete al D\u00eda de los Imparables, s\u00famate a la Semana contra la Leucemia! - Asociaci\u00f3n Espa\u00f1ola S\u00edndrome de Charge","og_description":"Leemos en FEDER la siguiente noticia que os reproducimos de forma \u00edntegra: &nbsp; El 20 de junio se celebra el d\u00eda de los imparables y un a\u00f1o m\u00e1s, la Fundaci\u00f3n Josep Carreras contra la leucemia organiza la Semana contra la Leucemia del 21 al 28 de junio para dar voz a todos aquellos que conviven [&hellip;]","og_url":"https:\/\/sindromecharge.es\/index.php\/2021\/06\/08\/unete-al-dia-de-los-imparables-sumate-a-la-semana-contra-la-leucemia\/","og_site_name":"Asociaci\u00f3n Espa\u00f1ola S\u00edndrome de Charge","article_publisher":"https:\/\/www.facebook.com\/asociacionsindromecharge","article_published_time":"2021-06-08T06:07:03+00:00","og_image":[{"width":300,"height":98,"url":"https:\/\/sindromecharge.es\/wp-content\/uploads\/2013\/09\/logodecharge300x98.png","type":"image\/png"}],"author":"Charge","twitter_card":"summary_large_image","twitter_creator":"@sindromecharge","twitter_site":"@sindromecharge","twitter_misc":{"Escrito por":"Charge","Tiempo de lectura":"2 minutos"},"schema":{"@context":"https:\/\/schema.org","@graph":[{"@type":"Article","@id":"https:\/\/sindromecharge.es\/index.php\/2021\/06\/08\/unete-al-dia-de-los-imparables-sumate-a-la-semana-contra-la-leucemia\/#article","isPartOf":{"@id":"https:\/\/sindromecharge.es\/index.php\/2021\/06\/08\/unete-al-dia-de-los-imparables-sumate-a-la-semana-contra-la-leucemia\/"},"author":{"name":"Charge","@id":"https:\/\/sindromecharge.es\/#\/schema\/person\/39a60ebe0a2b4d5a11179701e336b039"},"headline":"\u00a1\u00danete al D\u00eda de los Imparables, s\u00famate a la Semana contra la Leucemia!","datePublished":"2021-06-08T06:07:03+00:00","mainEntityOfPage":{"@id":"https:\/\/sindromecharge.es\/index.php\/2021\/06\/08\/unete-al-dia-de-los-imparables-sumate-a-la-semana-contra-la-leucemia\/"},"wordCount":360,"commentCount":0,"keywords":["enfermedades raras"],"articleSection":["noticias"],"inLanguage":"es","potentialAction":[{"@type":"CommentAction","name":"Comment","target":["https:\/\/sindromecharge.es\/index.php\/2021\/06\/08\/unete-al-dia-de-los-imparables-sumate-a-la-semana-contra-la-leucemia\/#respond"]}]},{"@type":"WebPage","@id":"https:\/\/sindromecharge.es\/index.php\/2021\/06\/08\/unete-al-dia-de-los-imparables-sumate-a-la-semana-contra-la-leucemia\/","url":"https:\/\/sindromecharge.es\/index.php\/2021\/06\/08\/unete-al-dia-de-los-imparables-sumate-a-la-semana-contra-la-leucemia\/","name":"\u00a1\u00danete al D\u00eda de los Imparables, s\u00famate a la Semana contra la Leucemia! - Asociaci\u00f3n Espa\u00f1ola S\u00edndrome de Charge","isPartOf":{"@id":"https:\/\/sindromecharge.es\/#website"},"datePublished":"2021-06-08T06:07:03+00:00","author":{"@id":"https:\/\/sindromecharge.es\/#\/schema\/person\/39a60ebe0a2b4d5a11179701e336b039"},"breadcrumb":{"@id":"https:\/\/sindromecharge.es\/index.php\/2021\/06\/08\/unete-al-dia-de-los-imparables-sumate-a-la-semana-contra-la-leucemia\/#breadcrumb"},"inLanguage":"es","potentialAction":[{"@type":"ReadAction","target":["https:\/\/sindromecharge.es\/index.php\/2021\/06\/08\/unete-al-dia-de-los-imparables-sumate-a-la-semana-contra-la-leucemia\/"]}]},{"@type":"BreadcrumbList","@id":"https:\/\/sindromecharge.es\/index.php\/2021\/06\/08\/unete-al-dia-de-los-imparables-sumate-a-la-semana-contra-la-leucemia\/#breadcrumb","itemListElement":[{"@type":"ListItem","position":1,"name":"Portada","item":"https:\/\/sindromecharge.es\/"},{"@type":"ListItem","position":2,"name":"\u00a1\u00danete al D\u00eda de los Imparables, s\u00famate a la Semana contra la Leucemia!"}]},{"@type":"WebSite","@id":"https:\/\/sindromecharge.es\/#website","url":"https:\/\/sindromecharge.es\/","name":"Asociaci\u00f3n Espa\u00f1ola S\u00edndrome de Charge","description":"","potentialAction":[{"@type":"SearchAction","target":{"@type":"EntryPoint","urlTemplate":"https:\/\/sindromecharge.es\/?s={search_term_string}"},"query-input":{"@type":"PropertyValueSpecification","valueRequired":true,"valueName":"search_term_string"}}],"inLanguage":"es"},{"@type":"Person","@id":"https:\/\/sindromecharge.es\/#\/schema\/person\/39a60ebe0a2b4d5a11179701e336b039","name":"Charge","image":{"@type":"ImageObject","inLanguage":"es","@id":"https:\/\/secure.gravatar.com\/avatar\/c3b46e32a0fc3b093a0873fb767bf3293de856293065e84ef06b7ec7a8acfb98?s=96&d=identicon&r=x","url":"https:\/\/secure.gravatar.com\/avatar\/c3b46e32a0fc3b093a0873fb767bf3293de856293065e84ef06b7ec7a8acfb98?s=96&d=identicon&r=x","contentUrl":"https:\/\/secure.gravatar.com\/avatar\/c3b46e32a0fc3b093a0873fb767bf3293de856293065e84ef06b7ec7a8acfb98?s=96&d=identicon&r=x","caption":"Charge"},"url":"https:\/\/sindromecharge.es\/index.php\/author\/admin\/"}]}},"_links":{"self":[{"href":"https:\/\/sindromecharge.es\/index.php\/wp-json\/wp\/v2\/posts\/7261","targetHints":{"allow":["GET"]}}],"collection":[{"href":"https:\/\/sindromecharge.es\/index.php\/wp-json\/wp\/v2\/posts"}],"about":[{"href":"https:\/\/sindromecharge.es\/index.php\/wp-json\/wp\/v2\/types\/post"}],"author":[{"embeddable":true,"href":"https:\/\/sindromecharge.es\/index.php\/wp-json\/wp\/v2\/users\/1"}],"replies":[{"embeddable":true,"href":"https:\/\/sindromecharge.es\/index.php\/wp-json\/wp\/v2\/comments?post=7261"}],"version-history":[{"count":0,"href":"https:\/\/sindromecharge.es\/index.php\/wp-json\/wp\/v2\/posts\/7261\/revisions"}],"wp:attachment":[{"href":"https:\/\/sindromecharge.es\/index.php\/wp-json\/wp\/v2\/media?parent=7261"}],"wp:term":[{"taxonomy":"category","embeddable":true,"href":"https:\/\/sindromecharge.es\/index.php\/wp-json\/wp\/v2\/categories?post=7261"},{"taxonomy":"post_tag","embeddable":true,"href":"https:\/\/sindromecharge.es\/index.php\/wp-json\/wp\/v2\/tags?post=7261"}],"curies":[{"name":"wp","href":"https:\/\/api.w.org\/{rel}","templated":true}]}}