{"id":7259,"date":"2021-06-07T09:37:13","date_gmt":"2021-06-07T09:37:13","guid":{"rendered":"https:\/\/sindromecharge.es\/index.php\/2021\/06\/07\/nos-reunimos-con-la-dg-de-servicios-sociales-y-relaciones-con-el-tercer-sector-para-dar-los-proximos-pasos-de-las-ayudas-autonomicas-en-er\/"},"modified":"2021-06-07T09:37:13","modified_gmt":"2021-06-07T09:37:13","slug":"nos-reunimos-con-la-dg-de-servicios-sociales-y-relaciones-con-el-tercer-sector-para-dar-los-proximos-pasos-de-las-ayudas-autonomicas-en-er","status":"publish","type":"post","link":"https:\/\/sindromecharge.es\/index.php\/2021\/06\/07\/nos-reunimos-con-la-dg-de-servicios-sociales-y-relaciones-con-el-tercer-sector-para-dar-los-proximos-pasos-de-las-ayudas-autonomicas-en-er\/","title":{"rendered":"Nos reunimos con la DG de Servicios Sociales y Relaciones con el Tercer Sector para dar los pr\u00f3ximos pasos de las ayudas auton\u00f3micas en ER"},"content":{"rendered":"<p>Leemos en FEDER la siguiente noticia que os reproducimos de forma \u00edntegra: <\/p>\n<p>Nos hemos reunido con M\u00aa Luc\u00eda Hern\u00e1ndez, Directora General de Servicios Sociales y Relaciones con el Tercer Sector de la Regi\u00f3n de Murcia, para abordar los pr\u00f3ximos pasos de la subvenci\u00f3n nominativa que anunci\u00f3 otorgar\u00eda a nuestra organizaci\u00f3n.<\/p>\n<p>Con un importe total de 250.000 euros durante el periodo 2021-2023, estas ayudas buscan garantizar la acci\u00f3n del tejido asociativo federado a nivel auton\u00f3mico con las personas que conviven con estas patolog\u00edas o est\u00e1n en busca de diagn\u00f3stico.<\/p>\n<p>Se trata de una aportaci\u00f3n enmarcada en el Plan Regional de Enfermedades Raras, siendo las cantidades a conceder de 100.000 euros en 2021, 75.000 en 2022 y otros 75.000 en 2023. La gesti\u00f3n de estas ayudas se ha realizado hasta el momento por la consejer\u00eda de salud y a la misma se adhiere a partir de ahora tambi\u00e9n la consejer\u00eda de Mujer, Igualdad, LGTBI.<\/p>\n<p>Con esta subvenci\u00f3n, se ampl\u00eda el apoyo de la Comunidad al colectivo, ya que, en la actualidad, FEDER recibe una subvenci\u00f3n de la Comunidad de 26.250 euros destinada a la transformaci\u00f3n social para atenci\u00f3n integral del colectivo, desde la perspectiva sociosanitaria.<\/p>\n<p>Esta ayuda se destinar\u00e1 a cubrir los servicios profesionales prestados por el movimiento asociativo que, por primera vez, recibir\u00e1 el apoyo de la administraci\u00f3n para consolidar su estructura, sostenibilidad y proyectos de atenci\u00f3n.<\/p>\n<p>\u00daltima actualizaci\u00f3n: 07\/06\/2021.<\/p>\n<p>&nbsp;<\/p>\n<p>Fuente: FEDER <a href=\"https:\/\/enfermedades-raras.org\/index.php\/actualidad\/noticias-eventos\/2-feder\/15470-nos-reunimos-con-la-dg-de-servicios-sociales-y-relaciones-con-el-tercer-sector-para-dar-los-pr%C3%B3ximos-pasos-de-las-ayudas-auton%C3%B3micas-en-er\" target=\"_blank\" rel=\"noopener\">Nos reunimos con la DG de Servicios Sociales y Relaciones con el Tercer Sector para dar los pr\u00f3ximos pasos de las ayudas auton\u00f3micas en ER<\/a><\/p>\n","protected":false},"excerpt":{"rendered":"<p>Leemos en FEDER la siguiente noticia que os reproducimos de forma \u00edntegra: Nos hemos reunido con M\u00aa Luc\u00eda Hern\u00e1ndez, Directora General de Servicios Sociales y Relaciones con el Tercer Sector de la Regi\u00f3n de Murcia, para abordar los pr\u00f3ximos pasos de la subvenci\u00f3n nominativa que anunci\u00f3 otorgar\u00eda a nuestra organizaci\u00f3n. Con un importe total de [&hellip;]<\/p>\n","protected":false},"author":1,"featured_media":0,"comment_status":"open","ping_status":"closed","sticky":false,"template":"","format":"standard","meta":{"footnotes":""},"categories":[8],"tags":[36],"class_list":["post-7259","post","type-post","status-publish","format-standard","hentry","category-noticias","tag-enfermedades-raras"],"yoast_head":"<!-- This site is optimized with the Yoast SEO plugin v27.4 - https:\/\/yoast.com\/product\/yoast-seo-wordpress\/ -->\n<title>Nos reunimos con la DG de Servicios Sociales y Relaciones con el Tercer Sector para dar los pr\u00f3ximos pasos de las ayudas auton\u00f3micas en ER - Asociaci\u00f3n Espa\u00f1ola S\u00edndrome de Charge<\/title>\n<meta name=\"robots\" content=\"index, follow, max-snippet:-1, max-image-preview:large, max-video-preview:-1\" \/>\n<link rel=\"canonical\" href=\"https:\/\/sindromecharge.es\/index.php\/2021\/06\/07\/nos-reunimos-con-la-dg-de-servicios-sociales-y-relaciones-con-el-tercer-sector-para-dar-los-proximos-pasos-de-las-ayudas-autonomicas-en-er\/\" \/>\n<meta property=\"og:locale\" content=\"es_ES\" \/>\n<meta property=\"og:type\" content=\"article\" \/>\n<meta property=\"og:title\" content=\"Nos reunimos con la DG de Servicios Sociales y Relaciones con el Tercer Sector para dar los pr\u00f3ximos pasos de las ayudas auton\u00f3micas en ER - Asociaci\u00f3n Espa\u00f1ola S\u00edndrome de Charge\" \/>\n<meta property=\"og:description\" content=\"Leemos en FEDER la siguiente noticia que os reproducimos de forma \u00edntegra: Nos hemos reunido con M\u00aa Luc\u00eda Hern\u00e1ndez, Directora General de Servicios Sociales y Relaciones con el Tercer Sector de la Regi\u00f3n de Murcia, para abordar los pr\u00f3ximos pasos de la subvenci\u00f3n nominativa que anunci\u00f3 otorgar\u00eda a nuestra organizaci\u00f3n. Con un importe total de [&hellip;]\" \/>\n<meta property=\"og:url\" content=\"https:\/\/sindromecharge.es\/index.php\/2021\/06\/07\/nos-reunimos-con-la-dg-de-servicios-sociales-y-relaciones-con-el-tercer-sector-para-dar-los-proximos-pasos-de-las-ayudas-autonomicas-en-er\/\" \/>\n<meta property=\"og:site_name\" content=\"Asociaci\u00f3n Espa\u00f1ola S\u00edndrome de Charge\" \/>\n<meta property=\"article:publisher\" content=\"https:\/\/www.facebook.com\/asociacionsindromecharge\" \/>\n<meta property=\"article:published_time\" content=\"2021-06-07T09:37:13+00:00\" \/>\n<meta property=\"og:image\" content=\"https:\/\/sindromecharge.es\/wp-content\/uploads\/2013\/09\/logodecharge300x98.png\" \/>\n\t<meta property=\"og:image:width\" content=\"300\" \/>\n\t<meta property=\"og:image:height\" content=\"98\" \/>\n\t<meta property=\"og:image:type\" content=\"image\/png\" \/>\n<meta name=\"author\" content=\"Charge\" \/>\n<meta name=\"twitter:card\" content=\"summary_large_image\" \/>\n<meta name=\"twitter:creator\" content=\"@sindromecharge\" \/>\n<meta name=\"twitter:site\" content=\"@sindromecharge\" \/>\n<meta name=\"twitter:label1\" content=\"Escrito por\" \/>\n\t<meta name=\"twitter:data1\" content=\"Charge\" \/>\n\t<meta name=\"twitter:label2\" content=\"Tiempo de lectura\" \/>\n\t<meta name=\"twitter:data2\" content=\"1 minuto\" \/>\n<script type=\"application\/ld+json\" class=\"yoast-schema-graph\">{\"@context\":\"https:\\\/\\\/schema.org\",\"@graph\":[{\"@type\":\"Article\",\"@id\":\"https:\\\/\\\/sindromecharge.es\\\/index.php\\\/2021\\\/06\\\/07\\\/nos-reunimos-con-la-dg-de-servicios-sociales-y-relaciones-con-el-tercer-sector-para-dar-los-proximos-pasos-de-las-ayudas-autonomicas-en-er\\\/#article\",\"isPartOf\":{\"@id\":\"https:\\\/\\\/sindromecharge.es\\\/index.php\\\/2021\\\/06\\\/07\\\/nos-reunimos-con-la-dg-de-servicios-sociales-y-relaciones-con-el-tercer-sector-para-dar-los-proximos-pasos-de-las-ayudas-autonomicas-en-er\\\/\"},\"author\":{\"name\":\"Charge\",\"@id\":\"https:\\\/\\\/sindromecharge.es\\\/#\\\/schema\\\/person\\\/39a60ebe0a2b4d5a11179701e336b039\"},\"headline\":\"Nos reunimos con la DG de Servicios Sociales y Relaciones con el Tercer Sector para dar los pr\u00f3ximos pasos de las ayudas auton\u00f3micas en ER\",\"datePublished\":\"2021-06-07T09:37:13+00:00\",\"mainEntityOfPage\":{\"@id\":\"https:\\\/\\\/sindromecharge.es\\\/index.php\\\/2021\\\/06\\\/07\\\/nos-reunimos-con-la-dg-de-servicios-sociales-y-relaciones-con-el-tercer-sector-para-dar-los-proximos-pasos-de-las-ayudas-autonomicas-en-er\\\/\"},\"wordCount\":302,\"commentCount\":0,\"keywords\":[\"enfermedades raras\"],\"articleSection\":[\"noticias\"],\"inLanguage\":\"es\",\"potentialAction\":[{\"@type\":\"CommentAction\",\"name\":\"Comment\",\"target\":[\"https:\\\/\\\/sindromecharge.es\\\/index.php\\\/2021\\\/06\\\/07\\\/nos-reunimos-con-la-dg-de-servicios-sociales-y-relaciones-con-el-tercer-sector-para-dar-los-proximos-pasos-de-las-ayudas-autonomicas-en-er\\\/#respond\"]}]},{\"@type\":\"WebPage\",\"@id\":\"https:\\\/\\\/sindromecharge.es\\\/index.php\\\/2021\\\/06\\\/07\\\/nos-reunimos-con-la-dg-de-servicios-sociales-y-relaciones-con-el-tercer-sector-para-dar-los-proximos-pasos-de-las-ayudas-autonomicas-en-er\\\/\",\"url\":\"https:\\\/\\\/sindromecharge.es\\\/index.php\\\/2021\\\/06\\\/07\\\/nos-reunimos-con-la-dg-de-servicios-sociales-y-relaciones-con-el-tercer-sector-para-dar-los-proximos-pasos-de-las-ayudas-autonomicas-en-er\\\/\",\"name\":\"Nos reunimos con la DG de Servicios Sociales y Relaciones con el Tercer Sector para dar los pr\u00f3ximos pasos de las ayudas auton\u00f3micas en ER - Asociaci\u00f3n Espa\u00f1ola S\u00edndrome de Charge\",\"isPartOf\":{\"@id\":\"https:\\\/\\\/sindromecharge.es\\\/#website\"},\"datePublished\":\"2021-06-07T09:37:13+00:00\",\"author\":{\"@id\":\"https:\\\/\\\/sindromecharge.es\\\/#\\\/schema\\\/person\\\/39a60ebe0a2b4d5a11179701e336b039\"},\"breadcrumb\":{\"@id\":\"https:\\\/\\\/sindromecharge.es\\\/index.php\\\/2021\\\/06\\\/07\\\/nos-reunimos-con-la-dg-de-servicios-sociales-y-relaciones-con-el-tercer-sector-para-dar-los-proximos-pasos-de-las-ayudas-autonomicas-en-er\\\/#breadcrumb\"},\"inLanguage\":\"es\",\"potentialAction\":[{\"@type\":\"ReadAction\",\"target\":[\"https:\\\/\\\/sindromecharge.es\\\/index.php\\\/2021\\\/06\\\/07\\\/nos-reunimos-con-la-dg-de-servicios-sociales-y-relaciones-con-el-tercer-sector-para-dar-los-proximos-pasos-de-las-ayudas-autonomicas-en-er\\\/\"]}]},{\"@type\":\"BreadcrumbList\",\"@id\":\"https:\\\/\\\/sindromecharge.es\\\/index.php\\\/2021\\\/06\\\/07\\\/nos-reunimos-con-la-dg-de-servicios-sociales-y-relaciones-con-el-tercer-sector-para-dar-los-proximos-pasos-de-las-ayudas-autonomicas-en-er\\\/#breadcrumb\",\"itemListElement\":[{\"@type\":\"ListItem\",\"position\":1,\"name\":\"Portada\",\"item\":\"https:\\\/\\\/sindromecharge.es\\\/\"},{\"@type\":\"ListItem\",\"position\":2,\"name\":\"Nos reunimos con la DG de Servicios Sociales y Relaciones con el Tercer Sector para dar los pr\u00f3ximos pasos de las ayudas auton\u00f3micas en ER\"}]},{\"@type\":\"WebSite\",\"@id\":\"https:\\\/\\\/sindromecharge.es\\\/#website\",\"url\":\"https:\\\/\\\/sindromecharge.es\\\/\",\"name\":\"Asociaci\u00f3n Espa\u00f1ola S\u00edndrome de Charge\",\"description\":\"\",\"potentialAction\":[{\"@type\":\"SearchAction\",\"target\":{\"@type\":\"EntryPoint\",\"urlTemplate\":\"https:\\\/\\\/sindromecharge.es\\\/?s={search_term_string}\"},\"query-input\":{\"@type\":\"PropertyValueSpecification\",\"valueRequired\":true,\"valueName\":\"search_term_string\"}}],\"inLanguage\":\"es\"},{\"@type\":\"Person\",\"@id\":\"https:\\\/\\\/sindromecharge.es\\\/#\\\/schema\\\/person\\\/39a60ebe0a2b4d5a11179701e336b039\",\"name\":\"Charge\",\"image\":{\"@type\":\"ImageObject\",\"inLanguage\":\"es\",\"@id\":\"https:\\\/\\\/secure.gravatar.com\\\/avatar\\\/c3b46e32a0fc3b093a0873fb767bf3293de856293065e84ef06b7ec7a8acfb98?s=96&d=identicon&r=x\",\"url\":\"https:\\\/\\\/secure.gravatar.com\\\/avatar\\\/c3b46e32a0fc3b093a0873fb767bf3293de856293065e84ef06b7ec7a8acfb98?s=96&d=identicon&r=x\",\"contentUrl\":\"https:\\\/\\\/secure.gravatar.com\\\/avatar\\\/c3b46e32a0fc3b093a0873fb767bf3293de856293065e84ef06b7ec7a8acfb98?s=96&d=identicon&r=x\",\"caption\":\"Charge\"},\"url\":\"https:\\\/\\\/sindromecharge.es\\\/index.php\\\/author\\\/admin\\\/\"}]}<\/script>\n<!-- \/ Yoast SEO plugin. -->","yoast_head_json":{"title":"Nos reunimos con la DG de Servicios Sociales y Relaciones con el Tercer Sector para dar los pr\u00f3ximos pasos de las ayudas auton\u00f3micas en ER - Asociaci\u00f3n Espa\u00f1ola S\u00edndrome de Charge","robots":{"index":"index","follow":"follow","max-snippet":"max-snippet:-1","max-image-preview":"max-image-preview:large","max-video-preview":"max-video-preview:-1"},"canonical":"https:\/\/sindromecharge.es\/index.php\/2021\/06\/07\/nos-reunimos-con-la-dg-de-servicios-sociales-y-relaciones-con-el-tercer-sector-para-dar-los-proximos-pasos-de-las-ayudas-autonomicas-en-er\/","og_locale":"es_ES","og_type":"article","og_title":"Nos reunimos con la DG de Servicios Sociales y Relaciones con el Tercer Sector para dar los pr\u00f3ximos pasos de las ayudas auton\u00f3micas en ER - Asociaci\u00f3n Espa\u00f1ola S\u00edndrome de Charge","og_description":"Leemos en FEDER la siguiente noticia que os reproducimos de forma \u00edntegra: Nos hemos reunido con M\u00aa Luc\u00eda Hern\u00e1ndez, Directora General de Servicios Sociales y Relaciones con el Tercer Sector de la Regi\u00f3n de Murcia, para abordar los pr\u00f3ximos pasos de la subvenci\u00f3n nominativa que anunci\u00f3 otorgar\u00eda a nuestra organizaci\u00f3n. Con un importe total de [&hellip;]","og_url":"https:\/\/sindromecharge.es\/index.php\/2021\/06\/07\/nos-reunimos-con-la-dg-de-servicios-sociales-y-relaciones-con-el-tercer-sector-para-dar-los-proximos-pasos-de-las-ayudas-autonomicas-en-er\/","og_site_name":"Asociaci\u00f3n Espa\u00f1ola S\u00edndrome de Charge","article_publisher":"https:\/\/www.facebook.com\/asociacionsindromecharge","article_published_time":"2021-06-07T09:37:13+00:00","og_image":[{"width":300,"height":98,"url":"https:\/\/sindromecharge.es\/wp-content\/uploads\/2013\/09\/logodecharge300x98.png","type":"image\/png"}],"author":"Charge","twitter_card":"summary_large_image","twitter_creator":"@sindromecharge","twitter_site":"@sindromecharge","twitter_misc":{"Escrito por":"Charge","Tiempo de lectura":"1 minuto"},"schema":{"@context":"https:\/\/schema.org","@graph":[{"@type":"Article","@id":"https:\/\/sindromecharge.es\/index.php\/2021\/06\/07\/nos-reunimos-con-la-dg-de-servicios-sociales-y-relaciones-con-el-tercer-sector-para-dar-los-proximos-pasos-de-las-ayudas-autonomicas-en-er\/#article","isPartOf":{"@id":"https:\/\/sindromecharge.es\/index.php\/2021\/06\/07\/nos-reunimos-con-la-dg-de-servicios-sociales-y-relaciones-con-el-tercer-sector-para-dar-los-proximos-pasos-de-las-ayudas-autonomicas-en-er\/"},"author":{"name":"Charge","@id":"https:\/\/sindromecharge.es\/#\/schema\/person\/39a60ebe0a2b4d5a11179701e336b039"},"headline":"Nos reunimos con la DG de Servicios Sociales y Relaciones con el Tercer Sector para dar los pr\u00f3ximos pasos de las ayudas auton\u00f3micas en ER","datePublished":"2021-06-07T09:37:13+00:00","mainEntityOfPage":{"@id":"https:\/\/sindromecharge.es\/index.php\/2021\/06\/07\/nos-reunimos-con-la-dg-de-servicios-sociales-y-relaciones-con-el-tercer-sector-para-dar-los-proximos-pasos-de-las-ayudas-autonomicas-en-er\/"},"wordCount":302,"commentCount":0,"keywords":["enfermedades raras"],"articleSection":["noticias"],"inLanguage":"es","potentialAction":[{"@type":"CommentAction","name":"Comment","target":["https:\/\/sindromecharge.es\/index.php\/2021\/06\/07\/nos-reunimos-con-la-dg-de-servicios-sociales-y-relaciones-con-el-tercer-sector-para-dar-los-proximos-pasos-de-las-ayudas-autonomicas-en-er\/#respond"]}]},{"@type":"WebPage","@id":"https:\/\/sindromecharge.es\/index.php\/2021\/06\/07\/nos-reunimos-con-la-dg-de-servicios-sociales-y-relaciones-con-el-tercer-sector-para-dar-los-proximos-pasos-de-las-ayudas-autonomicas-en-er\/","url":"https:\/\/sindromecharge.es\/index.php\/2021\/06\/07\/nos-reunimos-con-la-dg-de-servicios-sociales-y-relaciones-con-el-tercer-sector-para-dar-los-proximos-pasos-de-las-ayudas-autonomicas-en-er\/","name":"Nos reunimos con la DG de Servicios Sociales y Relaciones con el Tercer Sector para dar los pr\u00f3ximos pasos de las ayudas auton\u00f3micas en ER - Asociaci\u00f3n Espa\u00f1ola S\u00edndrome de Charge","isPartOf":{"@id":"https:\/\/sindromecharge.es\/#website"},"datePublished":"2021-06-07T09:37:13+00:00","author":{"@id":"https:\/\/sindromecharge.es\/#\/schema\/person\/39a60ebe0a2b4d5a11179701e336b039"},"breadcrumb":{"@id":"https:\/\/sindromecharge.es\/index.php\/2021\/06\/07\/nos-reunimos-con-la-dg-de-servicios-sociales-y-relaciones-con-el-tercer-sector-para-dar-los-proximos-pasos-de-las-ayudas-autonomicas-en-er\/#breadcrumb"},"inLanguage":"es","potentialAction":[{"@type":"ReadAction","target":["https:\/\/sindromecharge.es\/index.php\/2021\/06\/07\/nos-reunimos-con-la-dg-de-servicios-sociales-y-relaciones-con-el-tercer-sector-para-dar-los-proximos-pasos-de-las-ayudas-autonomicas-en-er\/"]}]},{"@type":"BreadcrumbList","@id":"https:\/\/sindromecharge.es\/index.php\/2021\/06\/07\/nos-reunimos-con-la-dg-de-servicios-sociales-y-relaciones-con-el-tercer-sector-para-dar-los-proximos-pasos-de-las-ayudas-autonomicas-en-er\/#breadcrumb","itemListElement":[{"@type":"ListItem","position":1,"name":"Portada","item":"https:\/\/sindromecharge.es\/"},{"@type":"ListItem","position":2,"name":"Nos reunimos con la DG de Servicios Sociales y Relaciones con el Tercer Sector para dar los pr\u00f3ximos pasos de las ayudas auton\u00f3micas en ER"}]},{"@type":"WebSite","@id":"https:\/\/sindromecharge.es\/#website","url":"https:\/\/sindromecharge.es\/","name":"Asociaci\u00f3n Espa\u00f1ola S\u00edndrome de Charge","description":"","potentialAction":[{"@type":"SearchAction","target":{"@type":"EntryPoint","urlTemplate":"https:\/\/sindromecharge.es\/?s={search_term_string}"},"query-input":{"@type":"PropertyValueSpecification","valueRequired":true,"valueName":"search_term_string"}}],"inLanguage":"es"},{"@type":"Person","@id":"https:\/\/sindromecharge.es\/#\/schema\/person\/39a60ebe0a2b4d5a11179701e336b039","name":"Charge","image":{"@type":"ImageObject","inLanguage":"es","@id":"https:\/\/secure.gravatar.com\/avatar\/c3b46e32a0fc3b093a0873fb767bf3293de856293065e84ef06b7ec7a8acfb98?s=96&d=identicon&r=x","url":"https:\/\/secure.gravatar.com\/avatar\/c3b46e32a0fc3b093a0873fb767bf3293de856293065e84ef06b7ec7a8acfb98?s=96&d=identicon&r=x","contentUrl":"https:\/\/secure.gravatar.com\/avatar\/c3b46e32a0fc3b093a0873fb767bf3293de856293065e84ef06b7ec7a8acfb98?s=96&d=identicon&r=x","caption":"Charge"},"url":"https:\/\/sindromecharge.es\/index.php\/author\/admin\/"}]}},"_links":{"self":[{"href":"https:\/\/sindromecharge.es\/index.php\/wp-json\/wp\/v2\/posts\/7259","targetHints":{"allow":["GET"]}}],"collection":[{"href":"https:\/\/sindromecharge.es\/index.php\/wp-json\/wp\/v2\/posts"}],"about":[{"href":"https:\/\/sindromecharge.es\/index.php\/wp-json\/wp\/v2\/types\/post"}],"author":[{"embeddable":true,"href":"https:\/\/sindromecharge.es\/index.php\/wp-json\/wp\/v2\/users\/1"}],"replies":[{"embeddable":true,"href":"https:\/\/sindromecharge.es\/index.php\/wp-json\/wp\/v2\/comments?post=7259"}],"version-history":[{"count":0,"href":"https:\/\/sindromecharge.es\/index.php\/wp-json\/wp\/v2\/posts\/7259\/revisions"}],"wp:attachment":[{"href":"https:\/\/sindromecharge.es\/index.php\/wp-json\/wp\/v2\/media?parent=7259"}],"wp:term":[{"taxonomy":"category","embeddable":true,"href":"https:\/\/sindromecharge.es\/index.php\/wp-json\/wp\/v2\/categories?post=7259"},{"taxonomy":"post_tag","embeddable":true,"href":"https:\/\/sindromecharge.es\/index.php\/wp-json\/wp\/v2\/tags?post=7259"}],"curies":[{"name":"wp","href":"https:\/\/api.w.org\/{rel}","templated":true}]}}