{"id":7257,"date":"2021-06-05T11:50:41","date_gmt":"2021-06-05T11:50:41","guid":{"rendered":"https:\/\/sindromecharge.es\/index.php\/2021\/06\/05\/cuando-yo-falte-el-miedo-de-las-familias-de-personas-con-discapacidad\/"},"modified":"2021-06-05T11:50:41","modified_gmt":"2021-06-05T11:50:41","slug":"cuando-yo-falte-el-miedo-de-las-familias-de-personas-con-discapacidad","status":"publish","type":"post","link":"https:\/\/sindromecharge.es\/index.php\/2021\/06\/05\/cuando-yo-falte-el-miedo-de-las-familias-de-personas-con-discapacidad\/","title":{"rendered":"&quot;Cuando yo falte&quot;: el miedo de las familias de personas con discapacidad"},"content":{"rendered":"<p>Leemos en 20minutos la siguiente noticia que os reproducimos de forma \u00edntegra: <\/p>\n<p>Uno de los grandes temores de los familiares de las personas con discapacidad es el <strong>\u00abqu\u00e9 pasar\u00e1\u00bb cuando ellos no est\u00e9n<\/strong>, una incertidumbre que, todav\u00eda con muchas lagunas, intentar\u00e1 paliar la nueva ley aprobada para proteger su capacidad jur\u00eddica para obrar, con los apoyos necesarios.<\/p>\n<p>El movimiento asociativo y las familias valoran la ley publicada esta semana en el <a href=\"https:\/\/www.boe.es\/boe\/dias\/2021\/06\/03\/pdfs\/BOE-A-2021-9233.pdf\" target=\"_blank\" rel=\"noopener\">Bolet\u00edn Oficial del Estado<\/a> (BOE) que<strong> impedir\u00e1 la incapacitaci\u00f3n judicial<\/strong> de las personas con discapacidad, pero siguen reclamando m\u00e1s instrumentos para garantizar una sociedad inclusiva y recuerdan las discriminaciones que todav\u00eda sufren.<\/p>\n<p>En este contexto, aplauden tambi\u00e9n otra iniciativa legislativa anunciada por el <a href=\"https:\/\/www.20minutos.es\/minuteca\/el-gobierno\/\" title=\"El Gobierno\" target=\"_blank\" rel=\"noopener\">Gobierno<\/a>: la reforma del art\u00edculo 49 de la Constituci\u00f3n para <strong>eliminar el t\u00e9rmino \u00abdisminuido\u00bb<\/strong>.<\/p>\n<p>El desconocimiento de sus habilidades es tal que a\u00fan hoy en d\u00eda siguen siendo un colectivo que <strong>arrastra multitud de prejuicios sociales<\/strong> acerca de su capacidad para desarrollar trabajos al mismo nivel que el resto, lamentan las asociaciones.<\/p>\n<p>Pilar Mart\u00edn es la madre de Carla, una de las trabajadoras del Comit\u00e9 espa\u00f1ol de representantes de personas con discapacidad (CERMI), y narra c\u00f3mo muchas personas se siguen sorprendiendo cuando les cuenta que su hija trabaja, se desplaza de <strong>forma independiente y tiene pareja<\/strong>.<\/p>\n<p>\u00abNuestra sociedad sigue teniendo muchos prejuicios (&#8230;) Mi hija Carla tiene s\u00edndrome de Down, pero no por tener una discapacidad les tienes que incapacitar en todos los \u00e1mbitos, sino <strong>darles la posibilidad de elegir y tener opciones\u00bb<\/strong>, protesta.<\/p>\n<p>De la misma manera que se busca esa<strong> igualdad de trato e inclusi\u00f3n en t\u00e9rminos educativos y profesionales<\/strong>, es importante garantizar la capacidad jur\u00eddica de este colectivo sin restricciones ni exclusiones, es decir, que tengan derecho a elegir qu\u00e9 quieren y desean en lugar de hacerlo a trav\u00e9s de una tercera persona que les sustituya.<\/p>\n<p>\u00abNuestra sociedad est\u00e1 dise\u00f1ada para las personas con capacidades fijadas como el modelo ideal y eso <strong>no tiene que ver con la diversidad que existe<\/strong>\u00ab, apunta Gregorio Saravia M\u00e9ndez, delegado de Derechos Humanos y para la Convenci\u00f3n de los Derechos de las Personas con Discapacidad del CERMI.<\/p>\n<p>Este colectivo encuentra <strong>continuas barreras no solo f\u00edsicas<\/strong>, tambi\u00e9n comunicativas, participativas y en el \u00e1mbito social y que se podr\u00edan levantar si se estableciera un dise\u00f1o universal que permitiera a todos los individuos desarrollarse en igualdad de condiciones, afirma.<\/p>\n<p>\u00abEl objetivo es <strong>llegar a una situaci\u00f3n de igualdad inclusiva<\/strong> y entender que no se trata de actos de beneficencia o de caridad, sino de un modelo social basado en los derechos humanos\u201d, ha recalcado.<\/p>\n<p>A pesar de que se han conseguido grandes avances en materia de igualdad de derechos a las personas con discapacidad, todav\u00eda<strong> no se ha llegado a la inclusi\u00f3n total <\/strong>de este colectivo.<\/p>\n<p>Por eso, desde el Colegio Notarial de Madrid se celebra la <strong>nueva ley<\/strong> -que entrar\u00e1 en vigor en septiembre- que busca que todas las personas puedan participar de forma plena en el tr\u00e1fico jur\u00eddico.<\/p>\n<p>En un encuentro informativo para analizar esta norma, el notario Alfonso Madridejos explica que primar\u00e1 la voluntad de las personas con discapacidad y su derecho al <strong>acceso efectivo a la justicia, a suscribir un contrato o a tomar una herencia<\/strong>, garantizando que cuenta con los apoyos necesarios para adoptar estas decisiones, y que solo ser\u00e1 representado o sustituido cuando el apoyo no pueda darse de otro modo.<\/p>\n<p>Para familias como la de Pilar esta nueva ley <strong>supone \u00abun gran cambio hacia adelante\u00bb<\/strong>, y permite a personas como su hija Carla tener la potestad y autoridad individual de decidir si quiere abrir una cuenta de banco, casarse o comprar un piso, entre otros.<\/p>\n<p>\u00abUno de los puntos centrales en los que gira la reforma es el concepto de apoyos voluntarios para desterrar la idea de sustituci\u00f3n o representaci\u00f3n legal porque <strong>anula a la persona<\/strong> por su sola condici\u00f3n de discapacidad\u00bb, destaca Saravia.<\/p>\n<p>Adem\u00e1s, a\u00f1ade, <strong>esta ley da \u00ablibertad y dignidad\u00bb<\/strong> a las personas con discapacidad, persiguiendo un cambio en el modelo social que debe ir ligado a una nueva mentalidad de las personas.<\/p>\n<p>A pesar de confiar en sus hijos y formarlos cada d\u00eda para <strong>desarrollarse en igualdad de condicione<\/strong>s, la idea de que en alg\u00fan momento los progenitores no estar\u00e1n perturba a numerosas familias por temor a que sus hijos puedan verse acorralados en situaciones de las que no sepan salir por no contar con cierto asesoramiento.<\/p>\n<p>\u00abCuando eres consciente de que tu hijo ha nacido con ciertas limitaciones te sale el instinto protector, a pesar de que <strong>luego te dan lecciones <\/strong>de c\u00f3mo se manejan, c\u00f3mo trabajan, c\u00f3mo se desplazan y la capacidad que tienen para tomar decisiones por s\u00ed mismos. Aprendes a dejarles volar poco a poco\u201d, remarca Pilar.<\/p>\n<p>El sobreproteccionismo por parte de las familias puede dar como resultado que estas personas<strong> se sientan m\u00e1s vulnerables<\/strong> y, por ello, puedan ser un objetivo sencillo para aquellas que quieren aprovecharse de su inocencia.<\/p>\n<p>\u00abMuchas familias <strong>siguen favoreciendo un modelo paternalista<\/strong> que no se centra en la formaci\u00f3n del individuo como tal, sino que fomenta su dependencia y mayores inseguridades\u201d, explica Manuel Lora- Tamayo, miembro del Colegio Notarial de Madrid.<\/p>\n<p>Por ello, subraya la importancia de la nueva normativa que da valor a los deseos y opiniones individuales de las personas con discapacidad y que puede ofrecer tranquilidad a las familias, a quienes anima a <strong>formar personas aut\u00f3nomas e independientes<\/strong>.<\/p>\n<p>Fuente: 20minutos <a href=\"https:\/\/www.20minutos.es\/noticia\/4720056\/0\/cuando-falte-miedo-familias-personas-discapacidad\/\" target=\"_blank\" rel=\"noopener\">&quot;Cuando yo falte&quot;: el miedo de las familias de personas con discapacidad<\/a><\/p>\n","protected":false},"excerpt":{"rendered":"<p>Leemos en 20minutos la siguiente noticia que os reproducimos de forma \u00edntegra: Uno de los grandes temores de los familiares de las personas con discapacidad es el \u00abqu\u00e9 pasar\u00e1\u00bb cuando ellos no est\u00e9n, una incertidumbre que, todav\u00eda con muchas lagunas, intentar\u00e1 paliar la nueva ley aprobada para proteger su capacidad jur\u00eddica para obrar, con los [&hellip;]<\/p>\n","protected":false},"author":1,"featured_media":0,"comment_status":"open","ping_status":"closed","sticky":false,"template":"","format":"standard","meta":{"footnotes":""},"categories":[8],"tags":[31],"class_list":["post-7257","post","type-post","status-publish","format-standard","hentry","category-noticias","tag-discapacidad"],"yoast_head":"<!-- This site is optimized with the Yoast SEO plugin v27.4 - https:\/\/yoast.com\/product\/yoast-seo-wordpress\/ -->\n<title>&quot;Cuando yo falte&quot;: el miedo de las familias de personas con discapacidad - Asociaci\u00f3n Espa\u00f1ola S\u00edndrome de Charge<\/title>\n<meta name=\"robots\" content=\"index, follow, max-snippet:-1, max-image-preview:large, max-video-preview:-1\" \/>\n<link rel=\"canonical\" href=\"https:\/\/sindromecharge.es\/index.php\/2021\/06\/05\/cuando-yo-falte-el-miedo-de-las-familias-de-personas-con-discapacidad\/\" \/>\n<meta property=\"og:locale\" content=\"es_ES\" \/>\n<meta property=\"og:type\" content=\"article\" \/>\n<meta property=\"og:title\" content=\"&quot;Cuando yo falte&quot;: el miedo de las familias de personas con discapacidad - Asociaci\u00f3n Espa\u00f1ola S\u00edndrome de Charge\" \/>\n<meta property=\"og:description\" content=\"Leemos en 20minutos la siguiente noticia que os reproducimos de forma \u00edntegra: Uno de los grandes temores de los familiares de las personas con discapacidad es el \u00abqu\u00e9 pasar\u00e1\u00bb cuando ellos no est\u00e9n, una incertidumbre que, todav\u00eda con muchas lagunas, intentar\u00e1 paliar la nueva ley aprobada para proteger su capacidad jur\u00eddica para obrar, con los [&hellip;]\" \/>\n<meta property=\"og:url\" content=\"https:\/\/sindromecharge.es\/index.php\/2021\/06\/05\/cuando-yo-falte-el-miedo-de-las-familias-de-personas-con-discapacidad\/\" \/>\n<meta property=\"og:site_name\" content=\"Asociaci\u00f3n Espa\u00f1ola S\u00edndrome de Charge\" \/>\n<meta property=\"article:publisher\" content=\"https:\/\/www.facebook.com\/asociacionsindromecharge\" \/>\n<meta property=\"article:published_time\" content=\"2021-06-05T11:50:41+00:00\" \/>\n<meta property=\"og:image\" content=\"https:\/\/sindromecharge.es\/wp-content\/uploads\/2013\/09\/logodecharge300x98.png\" \/>\n\t<meta property=\"og:image:width\" content=\"300\" \/>\n\t<meta property=\"og:image:height\" content=\"98\" \/>\n\t<meta property=\"og:image:type\" content=\"image\/png\" \/>\n<meta name=\"author\" content=\"Charge\" \/>\n<meta name=\"twitter:card\" content=\"summary_large_image\" \/>\n<meta name=\"twitter:creator\" content=\"@sindromecharge\" \/>\n<meta name=\"twitter:site\" content=\"@sindromecharge\" \/>\n<meta name=\"twitter:label1\" content=\"Escrito por\" \/>\n\t<meta name=\"twitter:data1\" content=\"Charge\" \/>\n\t<meta name=\"twitter:label2\" content=\"Tiempo de lectura\" \/>\n\t<meta name=\"twitter:data2\" content=\"5 minutos\" \/>\n<script type=\"application\/ld+json\" class=\"yoast-schema-graph\">{\"@context\":\"https:\\\/\\\/schema.org\",\"@graph\":[{\"@type\":\"Article\",\"@id\":\"https:\\\/\\\/sindromecharge.es\\\/index.php\\\/2021\\\/06\\\/05\\\/cuando-yo-falte-el-miedo-de-las-familias-de-personas-con-discapacidad\\\/#article\",\"isPartOf\":{\"@id\":\"https:\\\/\\\/sindromecharge.es\\\/index.php\\\/2021\\\/06\\\/05\\\/cuando-yo-falte-el-miedo-de-las-familias-de-personas-con-discapacidad\\\/\"},\"author\":{\"name\":\"Charge\",\"@id\":\"https:\\\/\\\/sindromecharge.es\\\/#\\\/schema\\\/person\\\/39a60ebe0a2b4d5a11179701e336b039\"},\"headline\":\"&quot;Cuando yo falte&quot;: el miedo de las familias de personas con discapacidad\",\"datePublished\":\"2021-06-05T11:50:41+00:00\",\"mainEntityOfPage\":{\"@id\":\"https:\\\/\\\/sindromecharge.es\\\/index.php\\\/2021\\\/06\\\/05\\\/cuando-yo-falte-el-miedo-de-las-familias-de-personas-con-discapacidad\\\/\"},\"wordCount\":966,\"commentCount\":0,\"keywords\":[\"discapacidad\"],\"articleSection\":[\"noticias\"],\"inLanguage\":\"es\",\"potentialAction\":[{\"@type\":\"CommentAction\",\"name\":\"Comment\",\"target\":[\"https:\\\/\\\/sindromecharge.es\\\/index.php\\\/2021\\\/06\\\/05\\\/cuando-yo-falte-el-miedo-de-las-familias-de-personas-con-discapacidad\\\/#respond\"]}]},{\"@type\":\"WebPage\",\"@id\":\"https:\\\/\\\/sindromecharge.es\\\/index.php\\\/2021\\\/06\\\/05\\\/cuando-yo-falte-el-miedo-de-las-familias-de-personas-con-discapacidad\\\/\",\"url\":\"https:\\\/\\\/sindromecharge.es\\\/index.php\\\/2021\\\/06\\\/05\\\/cuando-yo-falte-el-miedo-de-las-familias-de-personas-con-discapacidad\\\/\",\"name\":\"&quot;Cuando yo falte&quot;: el miedo de las familias de personas con discapacidad - Asociaci\u00f3n Espa\u00f1ola S\u00edndrome de Charge\",\"isPartOf\":{\"@id\":\"https:\\\/\\\/sindromecharge.es\\\/#website\"},\"datePublished\":\"2021-06-05T11:50:41+00:00\",\"author\":{\"@id\":\"https:\\\/\\\/sindromecharge.es\\\/#\\\/schema\\\/person\\\/39a60ebe0a2b4d5a11179701e336b039\"},\"breadcrumb\":{\"@id\":\"https:\\\/\\\/sindromecharge.es\\\/index.php\\\/2021\\\/06\\\/05\\\/cuando-yo-falte-el-miedo-de-las-familias-de-personas-con-discapacidad\\\/#breadcrumb\"},\"inLanguage\":\"es\",\"potentialAction\":[{\"@type\":\"ReadAction\",\"target\":[\"https:\\\/\\\/sindromecharge.es\\\/index.php\\\/2021\\\/06\\\/05\\\/cuando-yo-falte-el-miedo-de-las-familias-de-personas-con-discapacidad\\\/\"]}]},{\"@type\":\"BreadcrumbList\",\"@id\":\"https:\\\/\\\/sindromecharge.es\\\/index.php\\\/2021\\\/06\\\/05\\\/cuando-yo-falte-el-miedo-de-las-familias-de-personas-con-discapacidad\\\/#breadcrumb\",\"itemListElement\":[{\"@type\":\"ListItem\",\"position\":1,\"name\":\"Portada\",\"item\":\"https:\\\/\\\/sindromecharge.es\\\/\"},{\"@type\":\"ListItem\",\"position\":2,\"name\":\"&quot;Cuando yo falte&quot;: el miedo de las familias de personas con discapacidad\"}]},{\"@type\":\"WebSite\",\"@id\":\"https:\\\/\\\/sindromecharge.es\\\/#website\",\"url\":\"https:\\\/\\\/sindromecharge.es\\\/\",\"name\":\"Asociaci\u00f3n Espa\u00f1ola S\u00edndrome de Charge\",\"description\":\"\",\"potentialAction\":[{\"@type\":\"SearchAction\",\"target\":{\"@type\":\"EntryPoint\",\"urlTemplate\":\"https:\\\/\\\/sindromecharge.es\\\/?s={search_term_string}\"},\"query-input\":{\"@type\":\"PropertyValueSpecification\",\"valueRequired\":true,\"valueName\":\"search_term_string\"}}],\"inLanguage\":\"es\"},{\"@type\":\"Person\",\"@id\":\"https:\\\/\\\/sindromecharge.es\\\/#\\\/schema\\\/person\\\/39a60ebe0a2b4d5a11179701e336b039\",\"name\":\"Charge\",\"image\":{\"@type\":\"ImageObject\",\"inLanguage\":\"es\",\"@id\":\"https:\\\/\\\/secure.gravatar.com\\\/avatar\\\/c3b46e32a0fc3b093a0873fb767bf3293de856293065e84ef06b7ec7a8acfb98?s=96&d=identicon&r=x\",\"url\":\"https:\\\/\\\/secure.gravatar.com\\\/avatar\\\/c3b46e32a0fc3b093a0873fb767bf3293de856293065e84ef06b7ec7a8acfb98?s=96&d=identicon&r=x\",\"contentUrl\":\"https:\\\/\\\/secure.gravatar.com\\\/avatar\\\/c3b46e32a0fc3b093a0873fb767bf3293de856293065e84ef06b7ec7a8acfb98?s=96&d=identicon&r=x\",\"caption\":\"Charge\"},\"url\":\"https:\\\/\\\/sindromecharge.es\\\/index.php\\\/author\\\/admin\\\/\"}]}<\/script>\n<!-- \/ Yoast SEO plugin. -->","yoast_head_json":{"title":"&quot;Cuando yo falte&quot;: el miedo de las familias de personas con discapacidad - Asociaci\u00f3n Espa\u00f1ola S\u00edndrome de Charge","robots":{"index":"index","follow":"follow","max-snippet":"max-snippet:-1","max-image-preview":"max-image-preview:large","max-video-preview":"max-video-preview:-1"},"canonical":"https:\/\/sindromecharge.es\/index.php\/2021\/06\/05\/cuando-yo-falte-el-miedo-de-las-familias-de-personas-con-discapacidad\/","og_locale":"es_ES","og_type":"article","og_title":"&quot;Cuando yo falte&quot;: el miedo de las familias de personas con discapacidad - Asociaci\u00f3n Espa\u00f1ola S\u00edndrome de Charge","og_description":"Leemos en 20minutos la siguiente noticia que os reproducimos de forma \u00edntegra: Uno de los grandes temores de los familiares de las personas con discapacidad es el \u00abqu\u00e9 pasar\u00e1\u00bb cuando ellos no est\u00e9n, una incertidumbre que, todav\u00eda con muchas lagunas, intentar\u00e1 paliar la nueva ley aprobada para proteger su capacidad jur\u00eddica para obrar, con los [&hellip;]","og_url":"https:\/\/sindromecharge.es\/index.php\/2021\/06\/05\/cuando-yo-falte-el-miedo-de-las-familias-de-personas-con-discapacidad\/","og_site_name":"Asociaci\u00f3n Espa\u00f1ola S\u00edndrome de Charge","article_publisher":"https:\/\/www.facebook.com\/asociacionsindromecharge","article_published_time":"2021-06-05T11:50:41+00:00","og_image":[{"width":300,"height":98,"url":"https:\/\/sindromecharge.es\/wp-content\/uploads\/2013\/09\/logodecharge300x98.png","type":"image\/png"}],"author":"Charge","twitter_card":"summary_large_image","twitter_creator":"@sindromecharge","twitter_site":"@sindromecharge","twitter_misc":{"Escrito por":"Charge","Tiempo de lectura":"5 minutos"},"schema":{"@context":"https:\/\/schema.org","@graph":[{"@type":"Article","@id":"https:\/\/sindromecharge.es\/index.php\/2021\/06\/05\/cuando-yo-falte-el-miedo-de-las-familias-de-personas-con-discapacidad\/#article","isPartOf":{"@id":"https:\/\/sindromecharge.es\/index.php\/2021\/06\/05\/cuando-yo-falte-el-miedo-de-las-familias-de-personas-con-discapacidad\/"},"author":{"name":"Charge","@id":"https:\/\/sindromecharge.es\/#\/schema\/person\/39a60ebe0a2b4d5a11179701e336b039"},"headline":"&quot;Cuando yo falte&quot;: el miedo de las familias de personas con discapacidad","datePublished":"2021-06-05T11:50:41+00:00","mainEntityOfPage":{"@id":"https:\/\/sindromecharge.es\/index.php\/2021\/06\/05\/cuando-yo-falte-el-miedo-de-las-familias-de-personas-con-discapacidad\/"},"wordCount":966,"commentCount":0,"keywords":["discapacidad"],"articleSection":["noticias"],"inLanguage":"es","potentialAction":[{"@type":"CommentAction","name":"Comment","target":["https:\/\/sindromecharge.es\/index.php\/2021\/06\/05\/cuando-yo-falte-el-miedo-de-las-familias-de-personas-con-discapacidad\/#respond"]}]},{"@type":"WebPage","@id":"https:\/\/sindromecharge.es\/index.php\/2021\/06\/05\/cuando-yo-falte-el-miedo-de-las-familias-de-personas-con-discapacidad\/","url":"https:\/\/sindromecharge.es\/index.php\/2021\/06\/05\/cuando-yo-falte-el-miedo-de-las-familias-de-personas-con-discapacidad\/","name":"&quot;Cuando yo falte&quot;: el miedo de las familias de personas con discapacidad - Asociaci\u00f3n Espa\u00f1ola S\u00edndrome de Charge","isPartOf":{"@id":"https:\/\/sindromecharge.es\/#website"},"datePublished":"2021-06-05T11:50:41+00:00","author":{"@id":"https:\/\/sindromecharge.es\/#\/schema\/person\/39a60ebe0a2b4d5a11179701e336b039"},"breadcrumb":{"@id":"https:\/\/sindromecharge.es\/index.php\/2021\/06\/05\/cuando-yo-falte-el-miedo-de-las-familias-de-personas-con-discapacidad\/#breadcrumb"},"inLanguage":"es","potentialAction":[{"@type":"ReadAction","target":["https:\/\/sindromecharge.es\/index.php\/2021\/06\/05\/cuando-yo-falte-el-miedo-de-las-familias-de-personas-con-discapacidad\/"]}]},{"@type":"BreadcrumbList","@id":"https:\/\/sindromecharge.es\/index.php\/2021\/06\/05\/cuando-yo-falte-el-miedo-de-las-familias-de-personas-con-discapacidad\/#breadcrumb","itemListElement":[{"@type":"ListItem","position":1,"name":"Portada","item":"https:\/\/sindromecharge.es\/"},{"@type":"ListItem","position":2,"name":"&quot;Cuando yo falte&quot;: el miedo de las familias de personas con discapacidad"}]},{"@type":"WebSite","@id":"https:\/\/sindromecharge.es\/#website","url":"https:\/\/sindromecharge.es\/","name":"Asociaci\u00f3n Espa\u00f1ola S\u00edndrome de Charge","description":"","potentialAction":[{"@type":"SearchAction","target":{"@type":"EntryPoint","urlTemplate":"https:\/\/sindromecharge.es\/?s={search_term_string}"},"query-input":{"@type":"PropertyValueSpecification","valueRequired":true,"valueName":"search_term_string"}}],"inLanguage":"es"},{"@type":"Person","@id":"https:\/\/sindromecharge.es\/#\/schema\/person\/39a60ebe0a2b4d5a11179701e336b039","name":"Charge","image":{"@type":"ImageObject","inLanguage":"es","@id":"https:\/\/secure.gravatar.com\/avatar\/c3b46e32a0fc3b093a0873fb767bf3293de856293065e84ef06b7ec7a8acfb98?s=96&d=identicon&r=x","url":"https:\/\/secure.gravatar.com\/avatar\/c3b46e32a0fc3b093a0873fb767bf3293de856293065e84ef06b7ec7a8acfb98?s=96&d=identicon&r=x","contentUrl":"https:\/\/secure.gravatar.com\/avatar\/c3b46e32a0fc3b093a0873fb767bf3293de856293065e84ef06b7ec7a8acfb98?s=96&d=identicon&r=x","caption":"Charge"},"url":"https:\/\/sindromecharge.es\/index.php\/author\/admin\/"}]}},"_links":{"self":[{"href":"https:\/\/sindromecharge.es\/index.php\/wp-json\/wp\/v2\/posts\/7257","targetHints":{"allow":["GET"]}}],"collection":[{"href":"https:\/\/sindromecharge.es\/index.php\/wp-json\/wp\/v2\/posts"}],"about":[{"href":"https:\/\/sindromecharge.es\/index.php\/wp-json\/wp\/v2\/types\/post"}],"author":[{"embeddable":true,"href":"https:\/\/sindromecharge.es\/index.php\/wp-json\/wp\/v2\/users\/1"}],"replies":[{"embeddable":true,"href":"https:\/\/sindromecharge.es\/index.php\/wp-json\/wp\/v2\/comments?post=7257"}],"version-history":[{"count":0,"href":"https:\/\/sindromecharge.es\/index.php\/wp-json\/wp\/v2\/posts\/7257\/revisions"}],"wp:attachment":[{"href":"https:\/\/sindromecharge.es\/index.php\/wp-json\/wp\/v2\/media?parent=7257"}],"wp:term":[{"taxonomy":"category","embeddable":true,"href":"https:\/\/sindromecharge.es\/index.php\/wp-json\/wp\/v2\/categories?post=7257"},{"taxonomy":"post_tag","embeddable":true,"href":"https:\/\/sindromecharge.es\/index.php\/wp-json\/wp\/v2\/tags?post=7257"}],"curies":[{"name":"wp","href":"https:\/\/api.w.org\/{rel}","templated":true}]}}