{"id":7256,"date":"2021-06-05T11:02:19","date_gmt":"2021-06-05T11:02:19","guid":{"rendered":"https:\/\/sindromecharge.es\/index.php\/2021\/06\/05\/la-junta-refuerza-con-casi-45-millones-las-ayudas-para-favorecer-la-integracion-de-personas-con-discapacidad\/"},"modified":"2021-06-05T11:02:19","modified_gmt":"2021-06-05T11:02:19","slug":"la-junta-refuerza-con-casi-45-millones-las-ayudas-para-favorecer-la-integracion-de-personas-con-discapacidad","status":"publish","type":"post","link":"https:\/\/sindromecharge.es\/index.php\/2021\/06\/05\/la-junta-refuerza-con-casi-45-millones-las-ayudas-para-favorecer-la-integracion-de-personas-con-discapacidad\/","title":{"rendered":"La Junta refuerza con casi 4,5 millones las ayudas para favorecer la integraci\u00f3n de personas con discapacidad"},"content":{"rendered":"<p>Leemos en 20minutos la siguiente noticia que os reproducimos de forma \u00edntegra: <\/p>\n<p>La primera de las l\u00edneas de ayuda cuenta con una dotaci\u00f3n de 4 millones de euros, cofinanciados por el Fondo Social Europeo (FES), una partida que duplica la consignada en la convocatoria anterior. Est\u00e1 dirigida a entidades sin \u00e1nimo de lucro que gestionan el programa espec\u00edfico de viviendas y apoyos para la vida independiente.<\/p>\n<p>Los destinatarios de estas acciones son personas con discapacidad participantes en itinerarios personalizados de inserci\u00f3n sociolaboral, que necesitan apoyos para el desarrollo de la vida independiente.<\/p>\n<p>De este modo, son financiables el servicio de asistencia personal y los gastos vinculados al alojamiento en viviendas comunitarias destinadas a personas con discapacidad que precisen de estos hogares como complemento al desarrollo del itinerario.<\/p>\n<p>La principal novedad en este sentido es el incremento de 200 euros m\u00e1s en la cuant\u00eda de la ayuda por usuario con respecto a la pasada convocatoria, de manera que podr\u00e1 percibir hasta 900 euros al mes por cada plaza de vivienda ocupada hasta un m\u00e1ximo de 5 plazas por casa.<\/p>\n<p>El segundo programa de ayudas convocado hoy, tambi\u00e9n cofinanciado por el FSE, cuenta con un cr\u00e9dito de 445.000 euros, y est\u00e1 destinado a financiar el programa espec\u00edfico de formaci\u00f3n y acciones de apoyo al empleo de personas con discapacidad en el \u00e1mbito de la asistencia personal, como nuevo yacimiento de empleo. El pasado a\u00f1o se beneficiaron 200 personas de estos apoyos y, de ellos, el 40 por ciento logr\u00f3 un puesto de trabajo.<\/p>\n<p>EL EMPLEO COMO HERRAMIENTA DE NORMALIZACI\u00d3N<\/p>\n<p>Las dos convocatorias est\u00e1n vinculadas directamente con las diferentes estrategias, recomendaciones y directrices establecidas en el marco europeo, nacional y auton\u00f3mico para promover la inclusi\u00f3n sociolaboral de las personas con discapacidad y el derecho a una vida independiente, reconocido en la Convenci\u00f3n de la ONU sobre los derechos de las personas con discapacidad.<\/p>\n<p>En estos documentos se define el empleo como una herramienta fundamental al servicio de la normalizaci\u00f3n de la vida de las personas con discapacidad, en tanto constituye una fuente de identidad, que proporciona la posibilidad de sentirse parte de la sociedad y de desarrollar su proyecto de vida.<\/p>\n<p>Para ello, se precisa un abordaje integral de la empleabilidad, con apoyos en diferentes \u00e1mbitos de la vida, para las personas con discapacidad que realizan un itinerario de inserci\u00f3n laboral, que viven en instituciones o con sus familias, y quieren dar un paso hacia la vida independiente. En la provisi\u00f3n de un alojamiento en una vivienda en la comunidad, destaca entre dichos apoyos, el servicio de asistencia personal por su versatilidad y flexibilidad.<\/p>\n<p>En este sentido, cabe destacar que la \u00faltima convocatoria de subvenciones para viviendas y apoyos para la vida independiente ha tenido el reconocimiento de buena pr\u00e1ctica en el Comit\u00e9 de Seguimiento del Programa Operativo de FSE de Castilla y Le\u00f3n por su contribuci\u00f3n a los objetivos del Pilar Europeo de Derechos Sociales y el desarrollo de su Plan de Acci\u00f3n.<\/p>\n<p>En el marco de dicha convocatoria, se prest\u00f3 el servicio de alojamiento comunitario con asistencia personal a 134 personas con discapacidad, todas ellas participantes en itinerarios de integraci\u00f3n sociolaboral.<\/p>\n<p>Fuente: 20minutos <a href=\"https:\/\/www.20minutos.es\/noticia\/4720013\/0\/la-junta-refuerza-con-casi-4-5-millones-las-ayudas-para-favorecer-la-integracion-de-personas-con-discapacidad\/\" target=\"_blank\" rel=\"noopener\">La Junta refuerza con casi 4,5 millones las ayudas para favorecer la integraci\u00f3n de personas con discapacidad<\/a><\/p>\n","protected":false},"excerpt":{"rendered":"<p>Leemos en 20minutos la siguiente noticia que os reproducimos de forma \u00edntegra: La primera de las l\u00edneas de ayuda cuenta con una dotaci\u00f3n de 4 millones de euros, cofinanciados por el Fondo Social Europeo (FES), una partida que duplica la consignada en la convocatoria anterior. Est\u00e1 dirigida a entidades sin \u00e1nimo de lucro que gestionan [&hellip;]<\/p>\n","protected":false},"author":1,"featured_media":0,"comment_status":"open","ping_status":"closed","sticky":false,"template":"","format":"standard","meta":{"footnotes":""},"categories":[8],"tags":[31],"class_list":["post-7256","post","type-post","status-publish","format-standard","hentry","category-noticias","tag-discapacidad"],"yoast_head":"<!-- This site is optimized with the Yoast SEO plugin v27.4 - https:\/\/yoast.com\/product\/yoast-seo-wordpress\/ -->\n<title>La Junta refuerza con casi 4,5 millones las ayudas para favorecer la integraci\u00f3n de personas con discapacidad - Asociaci\u00f3n Espa\u00f1ola S\u00edndrome de Charge<\/title>\n<meta name=\"robots\" content=\"index, follow, max-snippet:-1, max-image-preview:large, max-video-preview:-1\" \/>\n<link rel=\"canonical\" href=\"https:\/\/sindromecharge.es\/index.php\/2021\/06\/05\/la-junta-refuerza-con-casi-45-millones-las-ayudas-para-favorecer-la-integracion-de-personas-con-discapacidad\/\" \/>\n<meta property=\"og:locale\" content=\"es_ES\" \/>\n<meta property=\"og:type\" content=\"article\" \/>\n<meta property=\"og:title\" content=\"La Junta refuerza con casi 4,5 millones las ayudas para favorecer la integraci\u00f3n de personas con discapacidad - Asociaci\u00f3n Espa\u00f1ola S\u00edndrome de Charge\" \/>\n<meta property=\"og:description\" content=\"Leemos en 20minutos la siguiente noticia que os reproducimos de forma \u00edntegra: La primera de las l\u00edneas de ayuda cuenta con una dotaci\u00f3n de 4 millones de euros, cofinanciados por el Fondo Social Europeo (FES), una partida que duplica la consignada en la convocatoria anterior. Est\u00e1 dirigida a entidades sin \u00e1nimo de lucro que gestionan [&hellip;]\" \/>\n<meta property=\"og:url\" content=\"https:\/\/sindromecharge.es\/index.php\/2021\/06\/05\/la-junta-refuerza-con-casi-45-millones-las-ayudas-para-favorecer-la-integracion-de-personas-con-discapacidad\/\" \/>\n<meta property=\"og:site_name\" content=\"Asociaci\u00f3n Espa\u00f1ola S\u00edndrome de Charge\" \/>\n<meta property=\"article:publisher\" content=\"https:\/\/www.facebook.com\/asociacionsindromecharge\" \/>\n<meta property=\"article:published_time\" content=\"2021-06-05T11:02:19+00:00\" \/>\n<meta property=\"og:image\" content=\"https:\/\/sindromecharge.es\/wp-content\/uploads\/2013\/09\/logodecharge300x98.png\" \/>\n\t<meta property=\"og:image:width\" content=\"300\" \/>\n\t<meta property=\"og:image:height\" content=\"98\" \/>\n\t<meta property=\"og:image:type\" content=\"image\/png\" \/>\n<meta name=\"author\" content=\"Charge\" \/>\n<meta name=\"twitter:card\" content=\"summary_large_image\" \/>\n<meta name=\"twitter:creator\" content=\"@sindromecharge\" \/>\n<meta name=\"twitter:site\" content=\"@sindromecharge\" \/>\n<meta name=\"twitter:label1\" content=\"Escrito por\" \/>\n\t<meta name=\"twitter:data1\" content=\"Charge\" \/>\n\t<meta name=\"twitter:label2\" content=\"Tiempo de lectura\" \/>\n\t<meta name=\"twitter:data2\" content=\"3 minutos\" \/>\n<script type=\"application\/ld+json\" class=\"yoast-schema-graph\">{\"@context\":\"https:\\\/\\\/schema.org\",\"@graph\":[{\"@type\":\"Article\",\"@id\":\"https:\\\/\\\/sindromecharge.es\\\/index.php\\\/2021\\\/06\\\/05\\\/la-junta-refuerza-con-casi-45-millones-las-ayudas-para-favorecer-la-integracion-de-personas-con-discapacidad\\\/#article\",\"isPartOf\":{\"@id\":\"https:\\\/\\\/sindromecharge.es\\\/index.php\\\/2021\\\/06\\\/05\\\/la-junta-refuerza-con-casi-45-millones-las-ayudas-para-favorecer-la-integracion-de-personas-con-discapacidad\\\/\"},\"author\":{\"name\":\"Charge\",\"@id\":\"https:\\\/\\\/sindromecharge.es\\\/#\\\/schema\\\/person\\\/39a60ebe0a2b4d5a11179701e336b039\"},\"headline\":\"La Junta refuerza con casi 4,5 millones las ayudas para favorecer la integraci\u00f3n de personas con discapacidad\",\"datePublished\":\"2021-06-05T11:02:19+00:00\",\"mainEntityOfPage\":{\"@id\":\"https:\\\/\\\/sindromecharge.es\\\/index.php\\\/2021\\\/06\\\/05\\\/la-junta-refuerza-con-casi-45-millones-las-ayudas-para-favorecer-la-integracion-de-personas-con-discapacidad\\\/\"},\"wordCount\":573,\"commentCount\":0,\"keywords\":[\"discapacidad\"],\"articleSection\":[\"noticias\"],\"inLanguage\":\"es\",\"potentialAction\":[{\"@type\":\"CommentAction\",\"name\":\"Comment\",\"target\":[\"https:\\\/\\\/sindromecharge.es\\\/index.php\\\/2021\\\/06\\\/05\\\/la-junta-refuerza-con-casi-45-millones-las-ayudas-para-favorecer-la-integracion-de-personas-con-discapacidad\\\/#respond\"]}]},{\"@type\":\"WebPage\",\"@id\":\"https:\\\/\\\/sindromecharge.es\\\/index.php\\\/2021\\\/06\\\/05\\\/la-junta-refuerza-con-casi-45-millones-las-ayudas-para-favorecer-la-integracion-de-personas-con-discapacidad\\\/\",\"url\":\"https:\\\/\\\/sindromecharge.es\\\/index.php\\\/2021\\\/06\\\/05\\\/la-junta-refuerza-con-casi-45-millones-las-ayudas-para-favorecer-la-integracion-de-personas-con-discapacidad\\\/\",\"name\":\"La Junta refuerza con casi 4,5 millones las ayudas para favorecer la integraci\u00f3n de personas con discapacidad - Asociaci\u00f3n Espa\u00f1ola S\u00edndrome de Charge\",\"isPartOf\":{\"@id\":\"https:\\\/\\\/sindromecharge.es\\\/#website\"},\"datePublished\":\"2021-06-05T11:02:19+00:00\",\"author\":{\"@id\":\"https:\\\/\\\/sindromecharge.es\\\/#\\\/schema\\\/person\\\/39a60ebe0a2b4d5a11179701e336b039\"},\"breadcrumb\":{\"@id\":\"https:\\\/\\\/sindromecharge.es\\\/index.php\\\/2021\\\/06\\\/05\\\/la-junta-refuerza-con-casi-45-millones-las-ayudas-para-favorecer-la-integracion-de-personas-con-discapacidad\\\/#breadcrumb\"},\"inLanguage\":\"es\",\"potentialAction\":[{\"@type\":\"ReadAction\",\"target\":[\"https:\\\/\\\/sindromecharge.es\\\/index.php\\\/2021\\\/06\\\/05\\\/la-junta-refuerza-con-casi-45-millones-las-ayudas-para-favorecer-la-integracion-de-personas-con-discapacidad\\\/\"]}]},{\"@type\":\"BreadcrumbList\",\"@id\":\"https:\\\/\\\/sindromecharge.es\\\/index.php\\\/2021\\\/06\\\/05\\\/la-junta-refuerza-con-casi-45-millones-las-ayudas-para-favorecer-la-integracion-de-personas-con-discapacidad\\\/#breadcrumb\",\"itemListElement\":[{\"@type\":\"ListItem\",\"position\":1,\"name\":\"Portada\",\"item\":\"https:\\\/\\\/sindromecharge.es\\\/\"},{\"@type\":\"ListItem\",\"position\":2,\"name\":\"La Junta refuerza con casi 4,5 millones las ayudas para favorecer la integraci\u00f3n de personas con discapacidad\"}]},{\"@type\":\"WebSite\",\"@id\":\"https:\\\/\\\/sindromecharge.es\\\/#website\",\"url\":\"https:\\\/\\\/sindromecharge.es\\\/\",\"name\":\"Asociaci\u00f3n Espa\u00f1ola S\u00edndrome de Charge\",\"description\":\"\",\"potentialAction\":[{\"@type\":\"SearchAction\",\"target\":{\"@type\":\"EntryPoint\",\"urlTemplate\":\"https:\\\/\\\/sindromecharge.es\\\/?s={search_term_string}\"},\"query-input\":{\"@type\":\"PropertyValueSpecification\",\"valueRequired\":true,\"valueName\":\"search_term_string\"}}],\"inLanguage\":\"es\"},{\"@type\":\"Person\",\"@id\":\"https:\\\/\\\/sindromecharge.es\\\/#\\\/schema\\\/person\\\/39a60ebe0a2b4d5a11179701e336b039\",\"name\":\"Charge\",\"image\":{\"@type\":\"ImageObject\",\"inLanguage\":\"es\",\"@id\":\"https:\\\/\\\/secure.gravatar.com\\\/avatar\\\/c3b46e32a0fc3b093a0873fb767bf3293de856293065e84ef06b7ec7a8acfb98?s=96&d=identicon&r=x\",\"url\":\"https:\\\/\\\/secure.gravatar.com\\\/avatar\\\/c3b46e32a0fc3b093a0873fb767bf3293de856293065e84ef06b7ec7a8acfb98?s=96&d=identicon&r=x\",\"contentUrl\":\"https:\\\/\\\/secure.gravatar.com\\\/avatar\\\/c3b46e32a0fc3b093a0873fb767bf3293de856293065e84ef06b7ec7a8acfb98?s=96&d=identicon&r=x\",\"caption\":\"Charge\"},\"url\":\"https:\\\/\\\/sindromecharge.es\\\/index.php\\\/author\\\/admin\\\/\"}]}<\/script>\n<!-- \/ Yoast SEO plugin. -->","yoast_head_json":{"title":"La Junta refuerza con casi 4,5 millones las ayudas para favorecer la integraci\u00f3n de personas con discapacidad - Asociaci\u00f3n Espa\u00f1ola S\u00edndrome de Charge","robots":{"index":"index","follow":"follow","max-snippet":"max-snippet:-1","max-image-preview":"max-image-preview:large","max-video-preview":"max-video-preview:-1"},"canonical":"https:\/\/sindromecharge.es\/index.php\/2021\/06\/05\/la-junta-refuerza-con-casi-45-millones-las-ayudas-para-favorecer-la-integracion-de-personas-con-discapacidad\/","og_locale":"es_ES","og_type":"article","og_title":"La Junta refuerza con casi 4,5 millones las ayudas para favorecer la integraci\u00f3n de personas con discapacidad - Asociaci\u00f3n Espa\u00f1ola S\u00edndrome de Charge","og_description":"Leemos en 20minutos la siguiente noticia que os reproducimos de forma \u00edntegra: La primera de las l\u00edneas de ayuda cuenta con una dotaci\u00f3n de 4 millones de euros, cofinanciados por el Fondo Social Europeo (FES), una partida que duplica la consignada en la convocatoria anterior. Est\u00e1 dirigida a entidades sin \u00e1nimo de lucro que gestionan [&hellip;]","og_url":"https:\/\/sindromecharge.es\/index.php\/2021\/06\/05\/la-junta-refuerza-con-casi-45-millones-las-ayudas-para-favorecer-la-integracion-de-personas-con-discapacidad\/","og_site_name":"Asociaci\u00f3n Espa\u00f1ola S\u00edndrome de Charge","article_publisher":"https:\/\/www.facebook.com\/asociacionsindromecharge","article_published_time":"2021-06-05T11:02:19+00:00","og_image":[{"width":300,"height":98,"url":"https:\/\/sindromecharge.es\/wp-content\/uploads\/2013\/09\/logodecharge300x98.png","type":"image\/png"}],"author":"Charge","twitter_card":"summary_large_image","twitter_creator":"@sindromecharge","twitter_site":"@sindromecharge","twitter_misc":{"Escrito por":"Charge","Tiempo de lectura":"3 minutos"},"schema":{"@context":"https:\/\/schema.org","@graph":[{"@type":"Article","@id":"https:\/\/sindromecharge.es\/index.php\/2021\/06\/05\/la-junta-refuerza-con-casi-45-millones-las-ayudas-para-favorecer-la-integracion-de-personas-con-discapacidad\/#article","isPartOf":{"@id":"https:\/\/sindromecharge.es\/index.php\/2021\/06\/05\/la-junta-refuerza-con-casi-45-millones-las-ayudas-para-favorecer-la-integracion-de-personas-con-discapacidad\/"},"author":{"name":"Charge","@id":"https:\/\/sindromecharge.es\/#\/schema\/person\/39a60ebe0a2b4d5a11179701e336b039"},"headline":"La Junta refuerza con casi 4,5 millones las ayudas para favorecer la integraci\u00f3n de personas con discapacidad","datePublished":"2021-06-05T11:02:19+00:00","mainEntityOfPage":{"@id":"https:\/\/sindromecharge.es\/index.php\/2021\/06\/05\/la-junta-refuerza-con-casi-45-millones-las-ayudas-para-favorecer-la-integracion-de-personas-con-discapacidad\/"},"wordCount":573,"commentCount":0,"keywords":["discapacidad"],"articleSection":["noticias"],"inLanguage":"es","potentialAction":[{"@type":"CommentAction","name":"Comment","target":["https:\/\/sindromecharge.es\/index.php\/2021\/06\/05\/la-junta-refuerza-con-casi-45-millones-las-ayudas-para-favorecer-la-integracion-de-personas-con-discapacidad\/#respond"]}]},{"@type":"WebPage","@id":"https:\/\/sindromecharge.es\/index.php\/2021\/06\/05\/la-junta-refuerza-con-casi-45-millones-las-ayudas-para-favorecer-la-integracion-de-personas-con-discapacidad\/","url":"https:\/\/sindromecharge.es\/index.php\/2021\/06\/05\/la-junta-refuerza-con-casi-45-millones-las-ayudas-para-favorecer-la-integracion-de-personas-con-discapacidad\/","name":"La Junta refuerza con casi 4,5 millones las ayudas para favorecer la integraci\u00f3n de personas con discapacidad - Asociaci\u00f3n Espa\u00f1ola S\u00edndrome de Charge","isPartOf":{"@id":"https:\/\/sindromecharge.es\/#website"},"datePublished":"2021-06-05T11:02:19+00:00","author":{"@id":"https:\/\/sindromecharge.es\/#\/schema\/person\/39a60ebe0a2b4d5a11179701e336b039"},"breadcrumb":{"@id":"https:\/\/sindromecharge.es\/index.php\/2021\/06\/05\/la-junta-refuerza-con-casi-45-millones-las-ayudas-para-favorecer-la-integracion-de-personas-con-discapacidad\/#breadcrumb"},"inLanguage":"es","potentialAction":[{"@type":"ReadAction","target":["https:\/\/sindromecharge.es\/index.php\/2021\/06\/05\/la-junta-refuerza-con-casi-45-millones-las-ayudas-para-favorecer-la-integracion-de-personas-con-discapacidad\/"]}]},{"@type":"BreadcrumbList","@id":"https:\/\/sindromecharge.es\/index.php\/2021\/06\/05\/la-junta-refuerza-con-casi-45-millones-las-ayudas-para-favorecer-la-integracion-de-personas-con-discapacidad\/#breadcrumb","itemListElement":[{"@type":"ListItem","position":1,"name":"Portada","item":"https:\/\/sindromecharge.es\/"},{"@type":"ListItem","position":2,"name":"La Junta refuerza con casi 4,5 millones las ayudas para favorecer la integraci\u00f3n de personas con discapacidad"}]},{"@type":"WebSite","@id":"https:\/\/sindromecharge.es\/#website","url":"https:\/\/sindromecharge.es\/","name":"Asociaci\u00f3n Espa\u00f1ola S\u00edndrome de Charge","description":"","potentialAction":[{"@type":"SearchAction","target":{"@type":"EntryPoint","urlTemplate":"https:\/\/sindromecharge.es\/?s={search_term_string}"},"query-input":{"@type":"PropertyValueSpecification","valueRequired":true,"valueName":"search_term_string"}}],"inLanguage":"es"},{"@type":"Person","@id":"https:\/\/sindromecharge.es\/#\/schema\/person\/39a60ebe0a2b4d5a11179701e336b039","name":"Charge","image":{"@type":"ImageObject","inLanguage":"es","@id":"https:\/\/secure.gravatar.com\/avatar\/c3b46e32a0fc3b093a0873fb767bf3293de856293065e84ef06b7ec7a8acfb98?s=96&d=identicon&r=x","url":"https:\/\/secure.gravatar.com\/avatar\/c3b46e32a0fc3b093a0873fb767bf3293de856293065e84ef06b7ec7a8acfb98?s=96&d=identicon&r=x","contentUrl":"https:\/\/secure.gravatar.com\/avatar\/c3b46e32a0fc3b093a0873fb767bf3293de856293065e84ef06b7ec7a8acfb98?s=96&d=identicon&r=x","caption":"Charge"},"url":"https:\/\/sindromecharge.es\/index.php\/author\/admin\/"}]}},"_links":{"self":[{"href":"https:\/\/sindromecharge.es\/index.php\/wp-json\/wp\/v2\/posts\/7256","targetHints":{"allow":["GET"]}}],"collection":[{"href":"https:\/\/sindromecharge.es\/index.php\/wp-json\/wp\/v2\/posts"}],"about":[{"href":"https:\/\/sindromecharge.es\/index.php\/wp-json\/wp\/v2\/types\/post"}],"author":[{"embeddable":true,"href":"https:\/\/sindromecharge.es\/index.php\/wp-json\/wp\/v2\/users\/1"}],"replies":[{"embeddable":true,"href":"https:\/\/sindromecharge.es\/index.php\/wp-json\/wp\/v2\/comments?post=7256"}],"version-history":[{"count":0,"href":"https:\/\/sindromecharge.es\/index.php\/wp-json\/wp\/v2\/posts\/7256\/revisions"}],"wp:attachment":[{"href":"https:\/\/sindromecharge.es\/index.php\/wp-json\/wp\/v2\/media?parent=7256"}],"wp:term":[{"taxonomy":"category","embeddable":true,"href":"https:\/\/sindromecharge.es\/index.php\/wp-json\/wp\/v2\/categories?post=7256"},{"taxonomy":"post_tag","embeddable":true,"href":"https:\/\/sindromecharge.es\/index.php\/wp-json\/wp\/v2\/tags?post=7256"}],"curies":[{"name":"wp","href":"https:\/\/api.w.org\/{rel}","templated":true}]}}