{"id":7255,"date":"2021-06-05T08:28:04","date_gmt":"2021-06-05T08:28:04","guid":{"rendered":"https:\/\/sindromecharge.es\/index.php\/2021\/06\/05\/derechos-sociales-creara-15-plazas-publicas-en-5-viviendas-con-apoyo-para-personas-con-discapacidad-fisica-e-intelectual\/"},"modified":"2021-06-05T08:28:04","modified_gmt":"2021-06-05T08:28:04","slug":"derechos-sociales-creara-15-plazas-publicas-en-5-viviendas-con-apoyo-para-personas-con-discapacidad-fisica-e-intelectual","status":"publish","type":"post","link":"https:\/\/sindromecharge.es\/index.php\/2021\/06\/05\/derechos-sociales-creara-15-plazas-publicas-en-5-viviendas-con-apoyo-para-personas-con-discapacidad-fisica-e-intelectual\/","title":{"rendered":"Derechos Sociales crear\u00e1 15 plazas p\u00fablicas en 5 viviendas con apoyo para personas con discapacidad f\u00edsica e intelectual"},"content":{"rendered":"<p>Leemos en 20minutos la siguiente noticia que os reproducimos de forma \u00edntegra: <\/p>\n<p>Hasta ahora, las viviendas eran gestionadas por cinco entidades distintas, del \u00e1mbito de discapacidad, y contaban con financiaci\u00f3n de la Fundaci\u00f3n Cajanavarra y la Fundaci\u00f3n La Caixa.<\/p>\n<p>Derechos sociales toma la titularidad del servicio que se prestar\u00e1 mediante la f\u00f3rmula de concierto social de contrataci\u00f3n p\u00fablica. Para ello ha iniciado el proceso de licitaci\u00f3n, abierto hasta el pr\u00f3ximo 12 de julio, que se puede consultar en el portal de contrataci\u00f3n del Gobierno de Navarra y al que pueden concurrir las entidades sociales solicitantes .<\/p>\n<p>El concierto inicial durar\u00e1 un a\u00f1o, pudi\u00e9ndose prorrogar por otros per\u00edodos de un a\u00f1o, hasta un m\u00e1ximo de tres.<\/p>\n<p>\u00abEs un paso m\u00e1s en la desinstitucionalizaci\u00f3n de los recursos residenciales y se enmarca dentro del modelo de atenci\u00f3n centrado en la persona, que adec\u00faa el servicio a las necesidades particulares en casa caso y cuenta para ello con la participaci\u00f3n de las personas usuarias\u00bb, ha destacado en un comunicado la consejera de Derechos Sociales, M\u00aa Carmen Maeztu.<\/p>\n<p>Estas plazas forman parte de las 42 que el Departamento de Derechos Sociales tiene previsto ofertar este a\u00f1o para personas con distintos grados de discapacidad, un programa de autonom\u00eda personal al que se van a destinar en total 856.883 euros.<\/p>\n<p>Con la puesta en marcha de estos servicios a lo largo de 2021, Navarra contar\u00e1 con 1.442 plazas para personas con discapacidad, de las cuales 899 se encuentran en 18 centros residenciales, mientras que 317 han optado por la f\u00f3rmula de piso tutelado, supervisado, o algunas de las viviendas con apoyo o vinculada a residencia que se pondr\u00e1n a disposici\u00f3n. Otras 226 personas acuden a centros de d\u00eda.<\/p>\n<p>El servicio de vivienda con apoyo se define, seg\u00fan la Cartera de Servicios Sociales de Navarra, como un servicio prestado en una vivienda integrada en la comunidad, que ofrece atenci\u00f3n integral a las necesidades b\u00e1sicas de las personas para \u00abmantener o mejorar su autonom\u00eda, facilitando la inclusi\u00f3n social y la participaci\u00f3n social\u00bb.<\/p>\n<p>Las personas usuarias de estas viviendas \u00abadquieren mayores cotas de autonom\u00eda en las actividades b\u00e1sicas cotidianas y se preparan para dar el paso a la vida independiente\u00bb. Para ello, se establecen los entrenamientos, apoyos y supervisi\u00f3n necesarios, seg\u00fan cada persona, as\u00ed como la intensidad del apoyo en seg\u00fan qu\u00e9 momentos. Para ello, cada persona cuenta con una profesional de referencia.<\/p>\n<p>REQUISITOS PARA ACCEDER A LAS PLAZAS<\/p>\n<p>Se podr\u00e1n beneficiar de estas plazas personas de ambos sexos, mayores de 18 a\u00f1os, que tengan una discapacidad intelectual, f\u00edsica o presenten pluripatolog\u00edas. Tambi\u00e9n ser\u00e1 requisito tener un reconocimiento de un grado de discapacidad igual o superior al 33%, llevar una vida activa, y estar interesada en desarrollar un proyecto de vida independiente, as\u00ed como contar con las capacidades y recursos para ello y apoyo familiar, social o de la comunidad.<\/p>\n<p>El diagn\u00f3stico de una enfermedad mental asociada no ser\u00e1 criterio excluyente para el ingreso en los servicios objeto del contrato.<\/p>\n<p>En todos los casos las personas usuarias ser\u00e1n propuestas por el preceptivo Informe de la Secci\u00f3n de Servicios para personas con discapacidad, del Departamento de Derechos Sociales.<\/p>\n<p>Fuente: 20minutos <a href=\"https:\/\/www.20minutos.es\/noticia\/4719828\/0\/derechos-sociales-creara-15-plazas-publicas-en-5-viviendas-con-apoyo-para-personas-con-discapacidad-fisica-e-intelectual\/\" target=\"_blank\" rel=\"noopener\">Derechos Sociales crear\u00e1 15 plazas p\u00fablicas en 5 viviendas con apoyo para personas con discapacidad f\u00edsica e intelectual<\/a><\/p>\n","protected":false},"excerpt":{"rendered":"<p>Leemos en 20minutos la siguiente noticia que os reproducimos de forma \u00edntegra: Hasta ahora, las viviendas eran gestionadas por cinco entidades distintas, del \u00e1mbito de discapacidad, y contaban con financiaci\u00f3n de la Fundaci\u00f3n Cajanavarra y la Fundaci\u00f3n La Caixa. Derechos sociales toma la titularidad del servicio que se prestar\u00e1 mediante la f\u00f3rmula de concierto social [&hellip;]<\/p>\n","protected":false},"author":1,"featured_media":0,"comment_status":"open","ping_status":"closed","sticky":false,"template":"","format":"standard","meta":{"footnotes":""},"categories":[8],"tags":[31],"class_list":["post-7255","post","type-post","status-publish","format-standard","hentry","category-noticias","tag-discapacidad"],"yoast_head":"<!-- This site is optimized with the Yoast SEO plugin v27.4 - https:\/\/yoast.com\/product\/yoast-seo-wordpress\/ -->\n<title>Derechos Sociales crear\u00e1 15 plazas p\u00fablicas en 5 viviendas con apoyo para personas con discapacidad f\u00edsica e intelectual - Asociaci\u00f3n Espa\u00f1ola S\u00edndrome de Charge<\/title>\n<meta name=\"robots\" content=\"index, follow, max-snippet:-1, max-image-preview:large, max-video-preview:-1\" \/>\n<link rel=\"canonical\" href=\"https:\/\/sindromecharge.es\/index.php\/2021\/06\/05\/derechos-sociales-creara-15-plazas-publicas-en-5-viviendas-con-apoyo-para-personas-con-discapacidad-fisica-e-intelectual\/\" \/>\n<meta property=\"og:locale\" content=\"es_ES\" \/>\n<meta property=\"og:type\" content=\"article\" \/>\n<meta property=\"og:title\" content=\"Derechos Sociales crear\u00e1 15 plazas p\u00fablicas en 5 viviendas con apoyo para personas con discapacidad f\u00edsica e intelectual - Asociaci\u00f3n Espa\u00f1ola S\u00edndrome de Charge\" \/>\n<meta property=\"og:description\" content=\"Leemos en 20minutos la siguiente noticia que os reproducimos de forma \u00edntegra: Hasta ahora, las viviendas eran gestionadas por cinco entidades distintas, del \u00e1mbito de discapacidad, y contaban con financiaci\u00f3n de la Fundaci\u00f3n Cajanavarra y la Fundaci\u00f3n La Caixa. Derechos sociales toma la titularidad del servicio que se prestar\u00e1 mediante la f\u00f3rmula de concierto social [&hellip;]\" \/>\n<meta property=\"og:url\" content=\"https:\/\/sindromecharge.es\/index.php\/2021\/06\/05\/derechos-sociales-creara-15-plazas-publicas-en-5-viviendas-con-apoyo-para-personas-con-discapacidad-fisica-e-intelectual\/\" \/>\n<meta property=\"og:site_name\" content=\"Asociaci\u00f3n Espa\u00f1ola S\u00edndrome de Charge\" \/>\n<meta property=\"article:publisher\" content=\"https:\/\/www.facebook.com\/asociacionsindromecharge\" \/>\n<meta property=\"article:published_time\" content=\"2021-06-05T08:28:04+00:00\" \/>\n<meta property=\"og:image\" content=\"https:\/\/sindromecharge.es\/wp-content\/uploads\/2013\/09\/logodecharge300x98.png\" \/>\n\t<meta property=\"og:image:width\" content=\"300\" \/>\n\t<meta property=\"og:image:height\" content=\"98\" \/>\n\t<meta property=\"og:image:type\" content=\"image\/png\" \/>\n<meta name=\"author\" content=\"Charge\" \/>\n<meta name=\"twitter:card\" content=\"summary_large_image\" \/>\n<meta name=\"twitter:creator\" content=\"@sindromecharge\" \/>\n<meta name=\"twitter:site\" content=\"@sindromecharge\" \/>\n<meta name=\"twitter:label1\" content=\"Escrito por\" \/>\n\t<meta name=\"twitter:data1\" content=\"Charge\" \/>\n\t<meta name=\"twitter:label2\" content=\"Tiempo de lectura\" \/>\n\t<meta name=\"twitter:data2\" content=\"3 minutos\" \/>\n<script type=\"application\/ld+json\" class=\"yoast-schema-graph\">{\"@context\":\"https:\\\/\\\/schema.org\",\"@graph\":[{\"@type\":\"Article\",\"@id\":\"https:\\\/\\\/sindromecharge.es\\\/index.php\\\/2021\\\/06\\\/05\\\/derechos-sociales-creara-15-plazas-publicas-en-5-viviendas-con-apoyo-para-personas-con-discapacidad-fisica-e-intelectual\\\/#article\",\"isPartOf\":{\"@id\":\"https:\\\/\\\/sindromecharge.es\\\/index.php\\\/2021\\\/06\\\/05\\\/derechos-sociales-creara-15-plazas-publicas-en-5-viviendas-con-apoyo-para-personas-con-discapacidad-fisica-e-intelectual\\\/\"},\"author\":{\"name\":\"Charge\",\"@id\":\"https:\\\/\\\/sindromecharge.es\\\/#\\\/schema\\\/person\\\/39a60ebe0a2b4d5a11179701e336b039\"},\"headline\":\"Derechos Sociales crear\u00e1 15 plazas p\u00fablicas en 5 viviendas con apoyo para personas con discapacidad f\u00edsica e intelectual\",\"datePublished\":\"2021-06-05T08:28:04+00:00\",\"mainEntityOfPage\":{\"@id\":\"https:\\\/\\\/sindromecharge.es\\\/index.php\\\/2021\\\/06\\\/05\\\/derechos-sociales-creara-15-plazas-publicas-en-5-viviendas-con-apoyo-para-personas-con-discapacidad-fisica-e-intelectual\\\/\"},\"wordCount\":587,\"commentCount\":0,\"keywords\":[\"discapacidad\"],\"articleSection\":[\"noticias\"],\"inLanguage\":\"es\",\"potentialAction\":[{\"@type\":\"CommentAction\",\"name\":\"Comment\",\"target\":[\"https:\\\/\\\/sindromecharge.es\\\/index.php\\\/2021\\\/06\\\/05\\\/derechos-sociales-creara-15-plazas-publicas-en-5-viviendas-con-apoyo-para-personas-con-discapacidad-fisica-e-intelectual\\\/#respond\"]}]},{\"@type\":\"WebPage\",\"@id\":\"https:\\\/\\\/sindromecharge.es\\\/index.php\\\/2021\\\/06\\\/05\\\/derechos-sociales-creara-15-plazas-publicas-en-5-viviendas-con-apoyo-para-personas-con-discapacidad-fisica-e-intelectual\\\/\",\"url\":\"https:\\\/\\\/sindromecharge.es\\\/index.php\\\/2021\\\/06\\\/05\\\/derechos-sociales-creara-15-plazas-publicas-en-5-viviendas-con-apoyo-para-personas-con-discapacidad-fisica-e-intelectual\\\/\",\"name\":\"Derechos Sociales crear\u00e1 15 plazas p\u00fablicas en 5 viviendas con apoyo para personas con discapacidad f\u00edsica e intelectual - Asociaci\u00f3n Espa\u00f1ola S\u00edndrome de Charge\",\"isPartOf\":{\"@id\":\"https:\\\/\\\/sindromecharge.es\\\/#website\"},\"datePublished\":\"2021-06-05T08:28:04+00:00\",\"author\":{\"@id\":\"https:\\\/\\\/sindromecharge.es\\\/#\\\/schema\\\/person\\\/39a60ebe0a2b4d5a11179701e336b039\"},\"breadcrumb\":{\"@id\":\"https:\\\/\\\/sindromecharge.es\\\/index.php\\\/2021\\\/06\\\/05\\\/derechos-sociales-creara-15-plazas-publicas-en-5-viviendas-con-apoyo-para-personas-con-discapacidad-fisica-e-intelectual\\\/#breadcrumb\"},\"inLanguage\":\"es\",\"potentialAction\":[{\"@type\":\"ReadAction\",\"target\":[\"https:\\\/\\\/sindromecharge.es\\\/index.php\\\/2021\\\/06\\\/05\\\/derechos-sociales-creara-15-plazas-publicas-en-5-viviendas-con-apoyo-para-personas-con-discapacidad-fisica-e-intelectual\\\/\"]}]},{\"@type\":\"BreadcrumbList\",\"@id\":\"https:\\\/\\\/sindromecharge.es\\\/index.php\\\/2021\\\/06\\\/05\\\/derechos-sociales-creara-15-plazas-publicas-en-5-viviendas-con-apoyo-para-personas-con-discapacidad-fisica-e-intelectual\\\/#breadcrumb\",\"itemListElement\":[{\"@type\":\"ListItem\",\"position\":1,\"name\":\"Portada\",\"item\":\"https:\\\/\\\/sindromecharge.es\\\/\"},{\"@type\":\"ListItem\",\"position\":2,\"name\":\"Derechos Sociales crear\u00e1 15 plazas p\u00fablicas en 5 viviendas con apoyo para personas con discapacidad f\u00edsica e intelectual\"}]},{\"@type\":\"WebSite\",\"@id\":\"https:\\\/\\\/sindromecharge.es\\\/#website\",\"url\":\"https:\\\/\\\/sindromecharge.es\\\/\",\"name\":\"Asociaci\u00f3n Espa\u00f1ola S\u00edndrome de Charge\",\"description\":\"\",\"potentialAction\":[{\"@type\":\"SearchAction\",\"target\":{\"@type\":\"EntryPoint\",\"urlTemplate\":\"https:\\\/\\\/sindromecharge.es\\\/?s={search_term_string}\"},\"query-input\":{\"@type\":\"PropertyValueSpecification\",\"valueRequired\":true,\"valueName\":\"search_term_string\"}}],\"inLanguage\":\"es\"},{\"@type\":\"Person\",\"@id\":\"https:\\\/\\\/sindromecharge.es\\\/#\\\/schema\\\/person\\\/39a60ebe0a2b4d5a11179701e336b039\",\"name\":\"Charge\",\"image\":{\"@type\":\"ImageObject\",\"inLanguage\":\"es\",\"@id\":\"https:\\\/\\\/secure.gravatar.com\\\/avatar\\\/c3b46e32a0fc3b093a0873fb767bf3293de856293065e84ef06b7ec7a8acfb98?s=96&d=identicon&r=x\",\"url\":\"https:\\\/\\\/secure.gravatar.com\\\/avatar\\\/c3b46e32a0fc3b093a0873fb767bf3293de856293065e84ef06b7ec7a8acfb98?s=96&d=identicon&r=x\",\"contentUrl\":\"https:\\\/\\\/secure.gravatar.com\\\/avatar\\\/c3b46e32a0fc3b093a0873fb767bf3293de856293065e84ef06b7ec7a8acfb98?s=96&d=identicon&r=x\",\"caption\":\"Charge\"},\"url\":\"https:\\\/\\\/sindromecharge.es\\\/index.php\\\/author\\\/admin\\\/\"}]}<\/script>\n<!-- \/ Yoast SEO plugin. -->","yoast_head_json":{"title":"Derechos Sociales crear\u00e1 15 plazas p\u00fablicas en 5 viviendas con apoyo para personas con discapacidad f\u00edsica e intelectual - Asociaci\u00f3n Espa\u00f1ola S\u00edndrome de Charge","robots":{"index":"index","follow":"follow","max-snippet":"max-snippet:-1","max-image-preview":"max-image-preview:large","max-video-preview":"max-video-preview:-1"},"canonical":"https:\/\/sindromecharge.es\/index.php\/2021\/06\/05\/derechos-sociales-creara-15-plazas-publicas-en-5-viviendas-con-apoyo-para-personas-con-discapacidad-fisica-e-intelectual\/","og_locale":"es_ES","og_type":"article","og_title":"Derechos Sociales crear\u00e1 15 plazas p\u00fablicas en 5 viviendas con apoyo para personas con discapacidad f\u00edsica e intelectual - Asociaci\u00f3n Espa\u00f1ola S\u00edndrome de Charge","og_description":"Leemos en 20minutos la siguiente noticia que os reproducimos de forma \u00edntegra: Hasta ahora, las viviendas eran gestionadas por cinco entidades distintas, del \u00e1mbito de discapacidad, y contaban con financiaci\u00f3n de la Fundaci\u00f3n Cajanavarra y la Fundaci\u00f3n La Caixa. Derechos sociales toma la titularidad del servicio que se prestar\u00e1 mediante la f\u00f3rmula de concierto social [&hellip;]","og_url":"https:\/\/sindromecharge.es\/index.php\/2021\/06\/05\/derechos-sociales-creara-15-plazas-publicas-en-5-viviendas-con-apoyo-para-personas-con-discapacidad-fisica-e-intelectual\/","og_site_name":"Asociaci\u00f3n Espa\u00f1ola S\u00edndrome de Charge","article_publisher":"https:\/\/www.facebook.com\/asociacionsindromecharge","article_published_time":"2021-06-05T08:28:04+00:00","og_image":[{"width":300,"height":98,"url":"https:\/\/sindromecharge.es\/wp-content\/uploads\/2013\/09\/logodecharge300x98.png","type":"image\/png"}],"author":"Charge","twitter_card":"summary_large_image","twitter_creator":"@sindromecharge","twitter_site":"@sindromecharge","twitter_misc":{"Escrito por":"Charge","Tiempo de lectura":"3 minutos"},"schema":{"@context":"https:\/\/schema.org","@graph":[{"@type":"Article","@id":"https:\/\/sindromecharge.es\/index.php\/2021\/06\/05\/derechos-sociales-creara-15-plazas-publicas-en-5-viviendas-con-apoyo-para-personas-con-discapacidad-fisica-e-intelectual\/#article","isPartOf":{"@id":"https:\/\/sindromecharge.es\/index.php\/2021\/06\/05\/derechos-sociales-creara-15-plazas-publicas-en-5-viviendas-con-apoyo-para-personas-con-discapacidad-fisica-e-intelectual\/"},"author":{"name":"Charge","@id":"https:\/\/sindromecharge.es\/#\/schema\/person\/39a60ebe0a2b4d5a11179701e336b039"},"headline":"Derechos Sociales crear\u00e1 15 plazas p\u00fablicas en 5 viviendas con apoyo para personas con discapacidad f\u00edsica e intelectual","datePublished":"2021-06-05T08:28:04+00:00","mainEntityOfPage":{"@id":"https:\/\/sindromecharge.es\/index.php\/2021\/06\/05\/derechos-sociales-creara-15-plazas-publicas-en-5-viviendas-con-apoyo-para-personas-con-discapacidad-fisica-e-intelectual\/"},"wordCount":587,"commentCount":0,"keywords":["discapacidad"],"articleSection":["noticias"],"inLanguage":"es","potentialAction":[{"@type":"CommentAction","name":"Comment","target":["https:\/\/sindromecharge.es\/index.php\/2021\/06\/05\/derechos-sociales-creara-15-plazas-publicas-en-5-viviendas-con-apoyo-para-personas-con-discapacidad-fisica-e-intelectual\/#respond"]}]},{"@type":"WebPage","@id":"https:\/\/sindromecharge.es\/index.php\/2021\/06\/05\/derechos-sociales-creara-15-plazas-publicas-en-5-viviendas-con-apoyo-para-personas-con-discapacidad-fisica-e-intelectual\/","url":"https:\/\/sindromecharge.es\/index.php\/2021\/06\/05\/derechos-sociales-creara-15-plazas-publicas-en-5-viviendas-con-apoyo-para-personas-con-discapacidad-fisica-e-intelectual\/","name":"Derechos Sociales crear\u00e1 15 plazas p\u00fablicas en 5 viviendas con apoyo para personas con discapacidad f\u00edsica e intelectual - Asociaci\u00f3n Espa\u00f1ola S\u00edndrome de Charge","isPartOf":{"@id":"https:\/\/sindromecharge.es\/#website"},"datePublished":"2021-06-05T08:28:04+00:00","author":{"@id":"https:\/\/sindromecharge.es\/#\/schema\/person\/39a60ebe0a2b4d5a11179701e336b039"},"breadcrumb":{"@id":"https:\/\/sindromecharge.es\/index.php\/2021\/06\/05\/derechos-sociales-creara-15-plazas-publicas-en-5-viviendas-con-apoyo-para-personas-con-discapacidad-fisica-e-intelectual\/#breadcrumb"},"inLanguage":"es","potentialAction":[{"@type":"ReadAction","target":["https:\/\/sindromecharge.es\/index.php\/2021\/06\/05\/derechos-sociales-creara-15-plazas-publicas-en-5-viviendas-con-apoyo-para-personas-con-discapacidad-fisica-e-intelectual\/"]}]},{"@type":"BreadcrumbList","@id":"https:\/\/sindromecharge.es\/index.php\/2021\/06\/05\/derechos-sociales-creara-15-plazas-publicas-en-5-viviendas-con-apoyo-para-personas-con-discapacidad-fisica-e-intelectual\/#breadcrumb","itemListElement":[{"@type":"ListItem","position":1,"name":"Portada","item":"https:\/\/sindromecharge.es\/"},{"@type":"ListItem","position":2,"name":"Derechos Sociales crear\u00e1 15 plazas p\u00fablicas en 5 viviendas con apoyo para personas con discapacidad f\u00edsica e intelectual"}]},{"@type":"WebSite","@id":"https:\/\/sindromecharge.es\/#website","url":"https:\/\/sindromecharge.es\/","name":"Asociaci\u00f3n Espa\u00f1ola S\u00edndrome de Charge","description":"","potentialAction":[{"@type":"SearchAction","target":{"@type":"EntryPoint","urlTemplate":"https:\/\/sindromecharge.es\/?s={search_term_string}"},"query-input":{"@type":"PropertyValueSpecification","valueRequired":true,"valueName":"search_term_string"}}],"inLanguage":"es"},{"@type":"Person","@id":"https:\/\/sindromecharge.es\/#\/schema\/person\/39a60ebe0a2b4d5a11179701e336b039","name":"Charge","image":{"@type":"ImageObject","inLanguage":"es","@id":"https:\/\/secure.gravatar.com\/avatar\/c3b46e32a0fc3b093a0873fb767bf3293de856293065e84ef06b7ec7a8acfb98?s=96&d=identicon&r=x","url":"https:\/\/secure.gravatar.com\/avatar\/c3b46e32a0fc3b093a0873fb767bf3293de856293065e84ef06b7ec7a8acfb98?s=96&d=identicon&r=x","contentUrl":"https:\/\/secure.gravatar.com\/avatar\/c3b46e32a0fc3b093a0873fb767bf3293de856293065e84ef06b7ec7a8acfb98?s=96&d=identicon&r=x","caption":"Charge"},"url":"https:\/\/sindromecharge.es\/index.php\/author\/admin\/"}]}},"_links":{"self":[{"href":"https:\/\/sindromecharge.es\/index.php\/wp-json\/wp\/v2\/posts\/7255","targetHints":{"allow":["GET"]}}],"collection":[{"href":"https:\/\/sindromecharge.es\/index.php\/wp-json\/wp\/v2\/posts"}],"about":[{"href":"https:\/\/sindromecharge.es\/index.php\/wp-json\/wp\/v2\/types\/post"}],"author":[{"embeddable":true,"href":"https:\/\/sindromecharge.es\/index.php\/wp-json\/wp\/v2\/users\/1"}],"replies":[{"embeddable":true,"href":"https:\/\/sindromecharge.es\/index.php\/wp-json\/wp\/v2\/comments?post=7255"}],"version-history":[{"count":0,"href":"https:\/\/sindromecharge.es\/index.php\/wp-json\/wp\/v2\/posts\/7255\/revisions"}],"wp:attachment":[{"href":"https:\/\/sindromecharge.es\/index.php\/wp-json\/wp\/v2\/media?parent=7255"}],"wp:term":[{"taxonomy":"category","embeddable":true,"href":"https:\/\/sindromecharge.es\/index.php\/wp-json\/wp\/v2\/categories?post=7255"},{"taxonomy":"post_tag","embeddable":true,"href":"https:\/\/sindromecharge.es\/index.php\/wp-json\/wp\/v2\/tags?post=7255"}],"curies":[{"name":"wp","href":"https:\/\/api.w.org\/{rel}","templated":true}]}}