{"id":7254,"date":"2021-06-04T17:57:08","date_gmt":"2021-06-04T17:57:08","guid":{"rendered":"https:\/\/sindromecharge.es\/index.php\/2021\/06\/04\/ejecutivo-regional-y-alfaro-analizan-las-necesidades-en-materia-de-servicios-sociales-de-la-localidad\/"},"modified":"2021-06-04T17:57:08","modified_gmt":"2021-06-04T17:57:08","slug":"ejecutivo-regional-y-alfaro-analizan-las-necesidades-en-materia-de-servicios-sociales-de-la-localidad","status":"publish","type":"post","link":"https:\/\/sindromecharge.es\/index.php\/2021\/06\/04\/ejecutivo-regional-y-alfaro-analizan-las-necesidades-en-materia-de-servicios-sociales-de-la-localidad\/","title":{"rendered":"Ejecutivo regional y Alfaro analizan las necesidades en materia de servicios sociales de la localidad"},"content":{"rendered":"<p>Leemos en 20minutos la siguiente noticia que os reproducimos de forma \u00edntegra: <\/p>\n<p>El consejero de Servicios Sociales y Gobernanza P\u00fablica ha comenzado una ronda de visitas por los distintos recursos para personas mayores de La Rioja. La semana pasada estuvo en Calahorra y en Alfaro este viernes, Rubio ha querido tambi\u00e9n conversar con los distintos equipos directivos \u00absobre el a\u00f1o tan dif\u00edcil que han pasado usuarios, trabajadores y familiares\u00bb.<\/p>\n<p>Asimismo, el titular de Servicios Sociales y Gobernanza P\u00fablica ha conocido igualmente las demandas y necesidades del municipio en materia de servicios sociales \u00abcon el fin de poder ajustar alguna inversi\u00f3n a lo largo de este a\u00f1o\u00bb.<\/p>\n<p>La directora general de Dependencia, Discapacidad y Mayores, Mar\u00eda Somalo, ha querido agradecer a los equipos directivos de estos centros de personas mayores \u00abel trabajo y la dedicaci\u00f3n que han demostrado durante todos los meses de pandemia\u00bb. Y es que, tal y como ha asegurado, \u00ablas residencias de personas mayores siguen siendo lugares seguros, logro en el que la coordinaci\u00f3n de estos centros con el Gobierno de La Rioja y la responsabilidad de trabajadores y familiares ha tenido mucho que ver\u00bb.<\/p>\n<p>El alcalde de la localidad por su parte, adem\u00e1s de agradecer la visita del consejero de Servicios Sociales y Gobernanza P\u00fablica y de la directora general de Dependencia, Discapacidad y Mayores, ha trasladado las principales necesidades de Alfaro.<\/p>\n<p>En este sentido, Jim\u00e9nez Velilla, ha solicitado al Gobierno de La Rioja \u00abm\u00e1s plazas p\u00fablicas para la residencia de personas mayores de Alfaro, centro que est\u00e1 en un proceso de ampliaci\u00f3n\u00bb. La Residencia de Nuestra Se\u00f1ora del Pilar y San Jorge es un centro privado de 72 plazas de las que 52 son privadas y 20 concertadas. Pero, adem\u00e1s, Jim\u00e9nez Velilla ha puesto sobre la mesa \u00abla necesidad de solucionar diversos problemas que tiene el centro de participaci\u00f3n activa de la localidad\u00bb.<\/p>\n<p>Como proyecto de futuro, y de cara al final de la legislatura, el alcalde de Alfaro ha conversado con Rubio sobre la intenci\u00f3n que tiene la corporaci\u00f3n municipal de trasladar las instalaciones de la Polic\u00eda Local, los Juzgados y los servicios sociales a las instalaciones del antiguo colegio Jos\u00e9 Elorza. \u00abObras que requieren de una inversi\u00f3n importante y para las que solicitaremos la colaboraci\u00f3n del Ejecutivo regional\u00bb.<\/p>\n<p>Fuente: 20minutos <a href=\"https:\/\/www.20minutos.es\/noticia\/4719693\/0\/ejecutivo-regional-y-alfaro-analizan-las-necesidades-en-materia-de-servicios-sociales-de-la-localidad\/\" target=\"_blank\" rel=\"noopener\">Ejecutivo regional y Alfaro analizan las necesidades en materia de servicios sociales de la localidad<\/a><\/p>\n","protected":false},"excerpt":{"rendered":"<p>Leemos en 20minutos la siguiente noticia que os reproducimos de forma \u00edntegra: El consejero de Servicios Sociales y Gobernanza P\u00fablica ha comenzado una ronda de visitas por los distintos recursos para personas mayores de La Rioja. La semana pasada estuvo en Calahorra y en Alfaro este viernes, Rubio ha querido tambi\u00e9n conversar con los distintos [&hellip;]<\/p>\n","protected":false},"author":1,"featured_media":0,"comment_status":"open","ping_status":"closed","sticky":false,"template":"","format":"standard","meta":{"footnotes":""},"categories":[8],"tags":[31],"class_list":["post-7254","post","type-post","status-publish","format-standard","hentry","category-noticias","tag-discapacidad"],"yoast_head":"<!-- This site is optimized with the Yoast SEO plugin v27.4 - https:\/\/yoast.com\/product\/yoast-seo-wordpress\/ -->\n<title>Ejecutivo regional y Alfaro analizan las necesidades en materia de servicios sociales de la localidad - Asociaci\u00f3n Espa\u00f1ola S\u00edndrome de Charge<\/title>\n<meta name=\"robots\" content=\"index, follow, max-snippet:-1, max-image-preview:large, max-video-preview:-1\" \/>\n<link rel=\"canonical\" href=\"https:\/\/sindromecharge.es\/index.php\/2021\/06\/04\/ejecutivo-regional-y-alfaro-analizan-las-necesidades-en-materia-de-servicios-sociales-de-la-localidad\/\" \/>\n<meta property=\"og:locale\" content=\"es_ES\" \/>\n<meta property=\"og:type\" content=\"article\" \/>\n<meta property=\"og:title\" content=\"Ejecutivo regional y Alfaro analizan las necesidades en materia de servicios sociales de la localidad - Asociaci\u00f3n Espa\u00f1ola S\u00edndrome de Charge\" \/>\n<meta property=\"og:description\" content=\"Leemos en 20minutos la siguiente noticia que os reproducimos de forma \u00edntegra: El consejero de Servicios Sociales y Gobernanza P\u00fablica ha comenzado una ronda de visitas por los distintos recursos para personas mayores de La Rioja. La semana pasada estuvo en Calahorra y en Alfaro este viernes, Rubio ha querido tambi\u00e9n conversar con los distintos [&hellip;]\" \/>\n<meta property=\"og:url\" content=\"https:\/\/sindromecharge.es\/index.php\/2021\/06\/04\/ejecutivo-regional-y-alfaro-analizan-las-necesidades-en-materia-de-servicios-sociales-de-la-localidad\/\" \/>\n<meta property=\"og:site_name\" content=\"Asociaci\u00f3n Espa\u00f1ola S\u00edndrome de Charge\" \/>\n<meta property=\"article:publisher\" content=\"https:\/\/www.facebook.com\/asociacionsindromecharge\" \/>\n<meta property=\"article:published_time\" content=\"2021-06-04T17:57:08+00:00\" \/>\n<meta property=\"og:image\" content=\"https:\/\/sindromecharge.es\/wp-content\/uploads\/2013\/09\/logodecharge300x98.png\" \/>\n\t<meta property=\"og:image:width\" content=\"300\" \/>\n\t<meta property=\"og:image:height\" content=\"98\" \/>\n\t<meta property=\"og:image:type\" content=\"image\/png\" \/>\n<meta name=\"author\" content=\"Charge\" \/>\n<meta name=\"twitter:card\" content=\"summary_large_image\" \/>\n<meta name=\"twitter:creator\" content=\"@sindromecharge\" \/>\n<meta name=\"twitter:site\" content=\"@sindromecharge\" \/>\n<meta name=\"twitter:label1\" content=\"Escrito por\" \/>\n\t<meta name=\"twitter:data1\" content=\"Charge\" \/>\n\t<meta name=\"twitter:label2\" content=\"Tiempo de lectura\" \/>\n\t<meta name=\"twitter:data2\" content=\"2 minutos\" \/>\n<script type=\"application\/ld+json\" class=\"yoast-schema-graph\">{\"@context\":\"https:\\\/\\\/schema.org\",\"@graph\":[{\"@type\":\"Article\",\"@id\":\"https:\\\/\\\/sindromecharge.es\\\/index.php\\\/2021\\\/06\\\/04\\\/ejecutivo-regional-y-alfaro-analizan-las-necesidades-en-materia-de-servicios-sociales-de-la-localidad\\\/#article\",\"isPartOf\":{\"@id\":\"https:\\\/\\\/sindromecharge.es\\\/index.php\\\/2021\\\/06\\\/04\\\/ejecutivo-regional-y-alfaro-analizan-las-necesidades-en-materia-de-servicios-sociales-de-la-localidad\\\/\"},\"author\":{\"name\":\"Charge\",\"@id\":\"https:\\\/\\\/sindromecharge.es\\\/#\\\/schema\\\/person\\\/39a60ebe0a2b4d5a11179701e336b039\"},\"headline\":\"Ejecutivo regional y Alfaro analizan las necesidades en materia de servicios sociales de la localidad\",\"datePublished\":\"2021-06-04T17:57:08+00:00\",\"mainEntityOfPage\":{\"@id\":\"https:\\\/\\\/sindromecharge.es\\\/index.php\\\/2021\\\/06\\\/04\\\/ejecutivo-regional-y-alfaro-analizan-las-necesidades-en-materia-de-servicios-sociales-de-la-localidad\\\/\"},\"wordCount\":428,\"commentCount\":0,\"keywords\":[\"discapacidad\"],\"articleSection\":[\"noticias\"],\"inLanguage\":\"es\",\"potentialAction\":[{\"@type\":\"CommentAction\",\"name\":\"Comment\",\"target\":[\"https:\\\/\\\/sindromecharge.es\\\/index.php\\\/2021\\\/06\\\/04\\\/ejecutivo-regional-y-alfaro-analizan-las-necesidades-en-materia-de-servicios-sociales-de-la-localidad\\\/#respond\"]}]},{\"@type\":\"WebPage\",\"@id\":\"https:\\\/\\\/sindromecharge.es\\\/index.php\\\/2021\\\/06\\\/04\\\/ejecutivo-regional-y-alfaro-analizan-las-necesidades-en-materia-de-servicios-sociales-de-la-localidad\\\/\",\"url\":\"https:\\\/\\\/sindromecharge.es\\\/index.php\\\/2021\\\/06\\\/04\\\/ejecutivo-regional-y-alfaro-analizan-las-necesidades-en-materia-de-servicios-sociales-de-la-localidad\\\/\",\"name\":\"Ejecutivo regional y Alfaro analizan las necesidades en materia de servicios sociales de la localidad - Asociaci\u00f3n Espa\u00f1ola S\u00edndrome de Charge\",\"isPartOf\":{\"@id\":\"https:\\\/\\\/sindromecharge.es\\\/#website\"},\"datePublished\":\"2021-06-04T17:57:08+00:00\",\"author\":{\"@id\":\"https:\\\/\\\/sindromecharge.es\\\/#\\\/schema\\\/person\\\/39a60ebe0a2b4d5a11179701e336b039\"},\"breadcrumb\":{\"@id\":\"https:\\\/\\\/sindromecharge.es\\\/index.php\\\/2021\\\/06\\\/04\\\/ejecutivo-regional-y-alfaro-analizan-las-necesidades-en-materia-de-servicios-sociales-de-la-localidad\\\/#breadcrumb\"},\"inLanguage\":\"es\",\"potentialAction\":[{\"@type\":\"ReadAction\",\"target\":[\"https:\\\/\\\/sindromecharge.es\\\/index.php\\\/2021\\\/06\\\/04\\\/ejecutivo-regional-y-alfaro-analizan-las-necesidades-en-materia-de-servicios-sociales-de-la-localidad\\\/\"]}]},{\"@type\":\"BreadcrumbList\",\"@id\":\"https:\\\/\\\/sindromecharge.es\\\/index.php\\\/2021\\\/06\\\/04\\\/ejecutivo-regional-y-alfaro-analizan-las-necesidades-en-materia-de-servicios-sociales-de-la-localidad\\\/#breadcrumb\",\"itemListElement\":[{\"@type\":\"ListItem\",\"position\":1,\"name\":\"Portada\",\"item\":\"https:\\\/\\\/sindromecharge.es\\\/\"},{\"@type\":\"ListItem\",\"position\":2,\"name\":\"Ejecutivo regional y Alfaro analizan las necesidades en materia de servicios sociales de la localidad\"}]},{\"@type\":\"WebSite\",\"@id\":\"https:\\\/\\\/sindromecharge.es\\\/#website\",\"url\":\"https:\\\/\\\/sindromecharge.es\\\/\",\"name\":\"Asociaci\u00f3n Espa\u00f1ola S\u00edndrome de Charge\",\"description\":\"\",\"potentialAction\":[{\"@type\":\"SearchAction\",\"target\":{\"@type\":\"EntryPoint\",\"urlTemplate\":\"https:\\\/\\\/sindromecharge.es\\\/?s={search_term_string}\"},\"query-input\":{\"@type\":\"PropertyValueSpecification\",\"valueRequired\":true,\"valueName\":\"search_term_string\"}}],\"inLanguage\":\"es\"},{\"@type\":\"Person\",\"@id\":\"https:\\\/\\\/sindromecharge.es\\\/#\\\/schema\\\/person\\\/39a60ebe0a2b4d5a11179701e336b039\",\"name\":\"Charge\",\"image\":{\"@type\":\"ImageObject\",\"inLanguage\":\"es\",\"@id\":\"https:\\\/\\\/secure.gravatar.com\\\/avatar\\\/c3b46e32a0fc3b093a0873fb767bf3293de856293065e84ef06b7ec7a8acfb98?s=96&d=identicon&r=x\",\"url\":\"https:\\\/\\\/secure.gravatar.com\\\/avatar\\\/c3b46e32a0fc3b093a0873fb767bf3293de856293065e84ef06b7ec7a8acfb98?s=96&d=identicon&r=x\",\"contentUrl\":\"https:\\\/\\\/secure.gravatar.com\\\/avatar\\\/c3b46e32a0fc3b093a0873fb767bf3293de856293065e84ef06b7ec7a8acfb98?s=96&d=identicon&r=x\",\"caption\":\"Charge\"},\"url\":\"https:\\\/\\\/sindromecharge.es\\\/index.php\\\/author\\\/admin\\\/\"}]}<\/script>\n<!-- \/ Yoast SEO plugin. -->","yoast_head_json":{"title":"Ejecutivo regional y Alfaro analizan las necesidades en materia de servicios sociales de la localidad - Asociaci\u00f3n Espa\u00f1ola S\u00edndrome de Charge","robots":{"index":"index","follow":"follow","max-snippet":"max-snippet:-1","max-image-preview":"max-image-preview:large","max-video-preview":"max-video-preview:-1"},"canonical":"https:\/\/sindromecharge.es\/index.php\/2021\/06\/04\/ejecutivo-regional-y-alfaro-analizan-las-necesidades-en-materia-de-servicios-sociales-de-la-localidad\/","og_locale":"es_ES","og_type":"article","og_title":"Ejecutivo regional y Alfaro analizan las necesidades en materia de servicios sociales de la localidad - Asociaci\u00f3n Espa\u00f1ola S\u00edndrome de Charge","og_description":"Leemos en 20minutos la siguiente noticia que os reproducimos de forma \u00edntegra: El consejero de Servicios Sociales y Gobernanza P\u00fablica ha comenzado una ronda de visitas por los distintos recursos para personas mayores de La Rioja. La semana pasada estuvo en Calahorra y en Alfaro este viernes, Rubio ha querido tambi\u00e9n conversar con los distintos [&hellip;]","og_url":"https:\/\/sindromecharge.es\/index.php\/2021\/06\/04\/ejecutivo-regional-y-alfaro-analizan-las-necesidades-en-materia-de-servicios-sociales-de-la-localidad\/","og_site_name":"Asociaci\u00f3n Espa\u00f1ola S\u00edndrome de Charge","article_publisher":"https:\/\/www.facebook.com\/asociacionsindromecharge","article_published_time":"2021-06-04T17:57:08+00:00","og_image":[{"width":300,"height":98,"url":"https:\/\/sindromecharge.es\/wp-content\/uploads\/2013\/09\/logodecharge300x98.png","type":"image\/png"}],"author":"Charge","twitter_card":"summary_large_image","twitter_creator":"@sindromecharge","twitter_site":"@sindromecharge","twitter_misc":{"Escrito por":"Charge","Tiempo de lectura":"2 minutos"},"schema":{"@context":"https:\/\/schema.org","@graph":[{"@type":"Article","@id":"https:\/\/sindromecharge.es\/index.php\/2021\/06\/04\/ejecutivo-regional-y-alfaro-analizan-las-necesidades-en-materia-de-servicios-sociales-de-la-localidad\/#article","isPartOf":{"@id":"https:\/\/sindromecharge.es\/index.php\/2021\/06\/04\/ejecutivo-regional-y-alfaro-analizan-las-necesidades-en-materia-de-servicios-sociales-de-la-localidad\/"},"author":{"name":"Charge","@id":"https:\/\/sindromecharge.es\/#\/schema\/person\/39a60ebe0a2b4d5a11179701e336b039"},"headline":"Ejecutivo regional y Alfaro analizan las necesidades en materia de servicios sociales de la localidad","datePublished":"2021-06-04T17:57:08+00:00","mainEntityOfPage":{"@id":"https:\/\/sindromecharge.es\/index.php\/2021\/06\/04\/ejecutivo-regional-y-alfaro-analizan-las-necesidades-en-materia-de-servicios-sociales-de-la-localidad\/"},"wordCount":428,"commentCount":0,"keywords":["discapacidad"],"articleSection":["noticias"],"inLanguage":"es","potentialAction":[{"@type":"CommentAction","name":"Comment","target":["https:\/\/sindromecharge.es\/index.php\/2021\/06\/04\/ejecutivo-regional-y-alfaro-analizan-las-necesidades-en-materia-de-servicios-sociales-de-la-localidad\/#respond"]}]},{"@type":"WebPage","@id":"https:\/\/sindromecharge.es\/index.php\/2021\/06\/04\/ejecutivo-regional-y-alfaro-analizan-las-necesidades-en-materia-de-servicios-sociales-de-la-localidad\/","url":"https:\/\/sindromecharge.es\/index.php\/2021\/06\/04\/ejecutivo-regional-y-alfaro-analizan-las-necesidades-en-materia-de-servicios-sociales-de-la-localidad\/","name":"Ejecutivo regional y Alfaro analizan las necesidades en materia de servicios sociales de la localidad - Asociaci\u00f3n Espa\u00f1ola S\u00edndrome de Charge","isPartOf":{"@id":"https:\/\/sindromecharge.es\/#website"},"datePublished":"2021-06-04T17:57:08+00:00","author":{"@id":"https:\/\/sindromecharge.es\/#\/schema\/person\/39a60ebe0a2b4d5a11179701e336b039"},"breadcrumb":{"@id":"https:\/\/sindromecharge.es\/index.php\/2021\/06\/04\/ejecutivo-regional-y-alfaro-analizan-las-necesidades-en-materia-de-servicios-sociales-de-la-localidad\/#breadcrumb"},"inLanguage":"es","potentialAction":[{"@type":"ReadAction","target":["https:\/\/sindromecharge.es\/index.php\/2021\/06\/04\/ejecutivo-regional-y-alfaro-analizan-las-necesidades-en-materia-de-servicios-sociales-de-la-localidad\/"]}]},{"@type":"BreadcrumbList","@id":"https:\/\/sindromecharge.es\/index.php\/2021\/06\/04\/ejecutivo-regional-y-alfaro-analizan-las-necesidades-en-materia-de-servicios-sociales-de-la-localidad\/#breadcrumb","itemListElement":[{"@type":"ListItem","position":1,"name":"Portada","item":"https:\/\/sindromecharge.es\/"},{"@type":"ListItem","position":2,"name":"Ejecutivo regional y Alfaro analizan las necesidades en materia de servicios sociales de la localidad"}]},{"@type":"WebSite","@id":"https:\/\/sindromecharge.es\/#website","url":"https:\/\/sindromecharge.es\/","name":"Asociaci\u00f3n Espa\u00f1ola S\u00edndrome de Charge","description":"","potentialAction":[{"@type":"SearchAction","target":{"@type":"EntryPoint","urlTemplate":"https:\/\/sindromecharge.es\/?s={search_term_string}"},"query-input":{"@type":"PropertyValueSpecification","valueRequired":true,"valueName":"search_term_string"}}],"inLanguage":"es"},{"@type":"Person","@id":"https:\/\/sindromecharge.es\/#\/schema\/person\/39a60ebe0a2b4d5a11179701e336b039","name":"Charge","image":{"@type":"ImageObject","inLanguage":"es","@id":"https:\/\/secure.gravatar.com\/avatar\/c3b46e32a0fc3b093a0873fb767bf3293de856293065e84ef06b7ec7a8acfb98?s=96&d=identicon&r=x","url":"https:\/\/secure.gravatar.com\/avatar\/c3b46e32a0fc3b093a0873fb767bf3293de856293065e84ef06b7ec7a8acfb98?s=96&d=identicon&r=x","contentUrl":"https:\/\/secure.gravatar.com\/avatar\/c3b46e32a0fc3b093a0873fb767bf3293de856293065e84ef06b7ec7a8acfb98?s=96&d=identicon&r=x","caption":"Charge"},"url":"https:\/\/sindromecharge.es\/index.php\/author\/admin\/"}]}},"_links":{"self":[{"href":"https:\/\/sindromecharge.es\/index.php\/wp-json\/wp\/v2\/posts\/7254","targetHints":{"allow":["GET"]}}],"collection":[{"href":"https:\/\/sindromecharge.es\/index.php\/wp-json\/wp\/v2\/posts"}],"about":[{"href":"https:\/\/sindromecharge.es\/index.php\/wp-json\/wp\/v2\/types\/post"}],"author":[{"embeddable":true,"href":"https:\/\/sindromecharge.es\/index.php\/wp-json\/wp\/v2\/users\/1"}],"replies":[{"embeddable":true,"href":"https:\/\/sindromecharge.es\/index.php\/wp-json\/wp\/v2\/comments?post=7254"}],"version-history":[{"count":0,"href":"https:\/\/sindromecharge.es\/index.php\/wp-json\/wp\/v2\/posts\/7254\/revisions"}],"wp:attachment":[{"href":"https:\/\/sindromecharge.es\/index.php\/wp-json\/wp\/v2\/media?parent=7254"}],"wp:term":[{"taxonomy":"category","embeddable":true,"href":"https:\/\/sindromecharge.es\/index.php\/wp-json\/wp\/v2\/categories?post=7254"},{"taxonomy":"post_tag","embeddable":true,"href":"https:\/\/sindromecharge.es\/index.php\/wp-json\/wp\/v2\/tags?post=7254"}],"curies":[{"name":"wp","href":"https:\/\/api.w.org\/{rel}","templated":true}]}}