{"id":7253,"date":"2021-06-04T13:15:25","date_gmt":"2021-06-04T13:15:25","guid":{"rendered":"https:\/\/sindromecharge.es\/index.php\/2021\/06\/04\/diputacion-impulsa-un-taller-de-elaboracion-de-velas-para-usuarios-con-discapacidad-intelectual-de-asprovelez\/"},"modified":"2021-06-04T13:15:25","modified_gmt":"2021-06-04T13:15:25","slug":"diputacion-impulsa-un-taller-de-elaboracion-de-velas-para-usuarios-con-discapacidad-intelectual-de-asprovelez","status":"publish","type":"post","link":"https:\/\/sindromecharge.es\/index.php\/2021\/06\/04\/diputacion-impulsa-un-taller-de-elaboracion-de-velas-para-usuarios-con-discapacidad-intelectual-de-asprovelez\/","title":{"rendered":"Diputaci\u00f3n impulsa un taller de elaboraci\u00f3n de velas para usuarios con discapacidad intelectual de Asprovelez"},"content":{"rendered":"<p>Leemos en 20minutos la siguiente noticia que os reproducimos de forma \u00edntegra: <\/p>\n<p>Esto permite a esta entidad situada en V\u00e9lez-M\u00e1laga pueda ampliar su oferta de actividades que sirvan para fomentar el aprendizaje de peque\u00f1as tareas adaptadas a las habilidades de los usuarios, desarrollando nuevas destrezas que les motiven a seguir aprendiendo, mejorando as\u00ed su autonom\u00eda, bienestar y calidad de vida.<\/p>\n<p>As\u00ed lo ha informado la vicepresidenta cuarta y diputada de Ciudadan\u00eda y Atenci\u00f3n a la despoblaci\u00f3n del Territorio, Natacha Rivas, en su visita a la sede de Asprovelez, donde ha destacado \u00abla importante labor que realiza esta entidad social, que favorece con este tipo de talleres el aprendizaje de una nueva ocupaci\u00f3n, la autonom\u00eda y las relaciones sociales de los usuarios\u00bb.<\/p>\n<p>El proyecto subvencionado consiste en llevar a cabo un taller ocupacional en el que las personas aprendan el proceso de fabricar velas y cirios, fomentando la integraci\u00f3n de las personas con discapacidad intelectual en edad laboral que no puedan acceder a puestos de trabajo ordinarios para contribuir al desarrollo de una vida aut\u00f3noma.<\/p>\n<p>De esta manera, cada persona tendr\u00e1 una tarea o tareas dependiendo de sus habilidades y se fomentar\u00e1 el trabajo en equipo. El taller ha sido dise\u00f1ado en funci\u00f3n de las necesidades, gustos y prioridades de los usuarios y tendr\u00e1 la duraci\u00f3n de un a\u00f1o.<\/p>\n<p>Podr\u00e1n participar en el mismo los usuarios de esta asociaci\u00f3n, que proceden de pueblos como Alcauc\u00edn, Alfarnate, Alfarnatejo, Algarrobo, Alm\u00e1char, \u00c1rechez, Arenas, Benamargosa, Benamocarra, El Borge, Canillas de Aceituno, Canillas de Albaida, Colmenar, Comares, C\u00f3mpeta, C\u00fatar, Frigiliana, Iznate, La Vi\u00f1uela, Macharaviaya, Moclinejo, Nerja, Periana, Rinc\u00f3n de la Victoria, Riogordo, Salares, Sayalonga, Sedella, Torrox y Total\u00e1n.<\/p>\n<p>Asprovelez ofrecer\u00e1 el servicio de transporte a aquellos que vivan en municipios cercanos a V\u00e9lez-M\u00e1laga para facilitar la participaci\u00f3n del  mayor n\u00famero de personas en la actividad.<\/p>\n<p>Fuente: 20minutos <a href=\"https:\/\/www.20minutos.es\/noticia\/4719332\/0\/diputacion-impulsa-un-taller-de-elaboracion-de-velas-para-usuarios-con-discapacidad-intelectual-de-asprovelez\/\" target=\"_blank\" rel=\"noopener\">Diputaci\u00f3n impulsa un taller de elaboraci\u00f3n de velas para usuarios con discapacidad intelectual de Asprovelez<\/a><\/p>\n","protected":false},"excerpt":{"rendered":"<p>Leemos en 20minutos la siguiente noticia que os reproducimos de forma \u00edntegra: Esto permite a esta entidad situada en V\u00e9lez-M\u00e1laga pueda ampliar su oferta de actividades que sirvan para fomentar el aprendizaje de peque\u00f1as tareas adaptadas a las habilidades de los usuarios, desarrollando nuevas destrezas que les motiven a seguir aprendiendo, mejorando as\u00ed su autonom\u00eda, [&hellip;]<\/p>\n","protected":false},"author":1,"featured_media":0,"comment_status":"open","ping_status":"closed","sticky":false,"template":"","format":"standard","meta":{"footnotes":""},"categories":[8],"tags":[31],"class_list":["post-7253","post","type-post","status-publish","format-standard","hentry","category-noticias","tag-discapacidad"],"yoast_head":"<!-- This site is optimized with the Yoast SEO plugin v27.4 - https:\/\/yoast.com\/product\/yoast-seo-wordpress\/ -->\n<title>Diputaci\u00f3n impulsa un taller de elaboraci\u00f3n de velas para usuarios con discapacidad intelectual de Asprovelez - Asociaci\u00f3n Espa\u00f1ola S\u00edndrome de Charge<\/title>\n<meta name=\"robots\" content=\"index, follow, max-snippet:-1, max-image-preview:large, max-video-preview:-1\" \/>\n<link rel=\"canonical\" href=\"https:\/\/sindromecharge.es\/index.php\/2021\/06\/04\/diputacion-impulsa-un-taller-de-elaboracion-de-velas-para-usuarios-con-discapacidad-intelectual-de-asprovelez\/\" \/>\n<meta property=\"og:locale\" content=\"es_ES\" \/>\n<meta property=\"og:type\" content=\"article\" \/>\n<meta property=\"og:title\" content=\"Diputaci\u00f3n impulsa un taller de elaboraci\u00f3n de velas para usuarios con discapacidad intelectual de Asprovelez - Asociaci\u00f3n Espa\u00f1ola S\u00edndrome de Charge\" \/>\n<meta property=\"og:description\" content=\"Leemos en 20minutos la siguiente noticia que os reproducimos de forma \u00edntegra: Esto permite a esta entidad situada en V\u00e9lez-M\u00e1laga pueda ampliar su oferta de actividades que sirvan para fomentar el aprendizaje de peque\u00f1as tareas adaptadas a las habilidades de los usuarios, desarrollando nuevas destrezas que les motiven a seguir aprendiendo, mejorando as\u00ed su autonom\u00eda, [&hellip;]\" \/>\n<meta property=\"og:url\" content=\"https:\/\/sindromecharge.es\/index.php\/2021\/06\/04\/diputacion-impulsa-un-taller-de-elaboracion-de-velas-para-usuarios-con-discapacidad-intelectual-de-asprovelez\/\" \/>\n<meta property=\"og:site_name\" content=\"Asociaci\u00f3n Espa\u00f1ola S\u00edndrome de Charge\" \/>\n<meta property=\"article:publisher\" content=\"https:\/\/www.facebook.com\/asociacionsindromecharge\" \/>\n<meta property=\"article:published_time\" content=\"2021-06-04T13:15:25+00:00\" \/>\n<meta property=\"og:image\" content=\"https:\/\/sindromecharge.es\/wp-content\/uploads\/2013\/09\/logodecharge300x98.png\" \/>\n\t<meta property=\"og:image:width\" content=\"300\" \/>\n\t<meta property=\"og:image:height\" content=\"98\" \/>\n\t<meta property=\"og:image:type\" content=\"image\/png\" \/>\n<meta name=\"author\" content=\"Charge\" \/>\n<meta name=\"twitter:card\" content=\"summary_large_image\" \/>\n<meta name=\"twitter:creator\" content=\"@sindromecharge\" \/>\n<meta name=\"twitter:site\" content=\"@sindromecharge\" \/>\n<meta name=\"twitter:label1\" content=\"Escrito por\" \/>\n\t<meta name=\"twitter:data1\" content=\"Charge\" \/>\n\t<meta name=\"twitter:label2\" content=\"Tiempo de lectura\" \/>\n\t<meta name=\"twitter:data2\" content=\"2 minutos\" \/>\n<script type=\"application\/ld+json\" class=\"yoast-schema-graph\">{\"@context\":\"https:\\\/\\\/schema.org\",\"@graph\":[{\"@type\":\"Article\",\"@id\":\"https:\\\/\\\/sindromecharge.es\\\/index.php\\\/2021\\\/06\\\/04\\\/diputacion-impulsa-un-taller-de-elaboracion-de-velas-para-usuarios-con-discapacidad-intelectual-de-asprovelez\\\/#article\",\"isPartOf\":{\"@id\":\"https:\\\/\\\/sindromecharge.es\\\/index.php\\\/2021\\\/06\\\/04\\\/diputacion-impulsa-un-taller-de-elaboracion-de-velas-para-usuarios-con-discapacidad-intelectual-de-asprovelez\\\/\"},\"author\":{\"name\":\"Charge\",\"@id\":\"https:\\\/\\\/sindromecharge.es\\\/#\\\/schema\\\/person\\\/39a60ebe0a2b4d5a11179701e336b039\"},\"headline\":\"Diputaci\u00f3n impulsa un taller de elaboraci\u00f3n de velas para usuarios con discapacidad intelectual de Asprovelez\",\"datePublished\":\"2021-06-04T13:15:25+00:00\",\"mainEntityOfPage\":{\"@id\":\"https:\\\/\\\/sindromecharge.es\\\/index.php\\\/2021\\\/06\\\/04\\\/diputacion-impulsa-un-taller-de-elaboracion-de-velas-para-usuarios-con-discapacidad-intelectual-de-asprovelez\\\/\"},\"wordCount\":364,\"commentCount\":0,\"keywords\":[\"discapacidad\"],\"articleSection\":[\"noticias\"],\"inLanguage\":\"es\",\"potentialAction\":[{\"@type\":\"CommentAction\",\"name\":\"Comment\",\"target\":[\"https:\\\/\\\/sindromecharge.es\\\/index.php\\\/2021\\\/06\\\/04\\\/diputacion-impulsa-un-taller-de-elaboracion-de-velas-para-usuarios-con-discapacidad-intelectual-de-asprovelez\\\/#respond\"]}]},{\"@type\":\"WebPage\",\"@id\":\"https:\\\/\\\/sindromecharge.es\\\/index.php\\\/2021\\\/06\\\/04\\\/diputacion-impulsa-un-taller-de-elaboracion-de-velas-para-usuarios-con-discapacidad-intelectual-de-asprovelez\\\/\",\"url\":\"https:\\\/\\\/sindromecharge.es\\\/index.php\\\/2021\\\/06\\\/04\\\/diputacion-impulsa-un-taller-de-elaboracion-de-velas-para-usuarios-con-discapacidad-intelectual-de-asprovelez\\\/\",\"name\":\"Diputaci\u00f3n impulsa un taller de elaboraci\u00f3n de velas para usuarios con discapacidad intelectual de Asprovelez - Asociaci\u00f3n Espa\u00f1ola S\u00edndrome de Charge\",\"isPartOf\":{\"@id\":\"https:\\\/\\\/sindromecharge.es\\\/#website\"},\"datePublished\":\"2021-06-04T13:15:25+00:00\",\"author\":{\"@id\":\"https:\\\/\\\/sindromecharge.es\\\/#\\\/schema\\\/person\\\/39a60ebe0a2b4d5a11179701e336b039\"},\"breadcrumb\":{\"@id\":\"https:\\\/\\\/sindromecharge.es\\\/index.php\\\/2021\\\/06\\\/04\\\/diputacion-impulsa-un-taller-de-elaboracion-de-velas-para-usuarios-con-discapacidad-intelectual-de-asprovelez\\\/#breadcrumb\"},\"inLanguage\":\"es\",\"potentialAction\":[{\"@type\":\"ReadAction\",\"target\":[\"https:\\\/\\\/sindromecharge.es\\\/index.php\\\/2021\\\/06\\\/04\\\/diputacion-impulsa-un-taller-de-elaboracion-de-velas-para-usuarios-con-discapacidad-intelectual-de-asprovelez\\\/\"]}]},{\"@type\":\"BreadcrumbList\",\"@id\":\"https:\\\/\\\/sindromecharge.es\\\/index.php\\\/2021\\\/06\\\/04\\\/diputacion-impulsa-un-taller-de-elaboracion-de-velas-para-usuarios-con-discapacidad-intelectual-de-asprovelez\\\/#breadcrumb\",\"itemListElement\":[{\"@type\":\"ListItem\",\"position\":1,\"name\":\"Portada\",\"item\":\"https:\\\/\\\/sindromecharge.es\\\/\"},{\"@type\":\"ListItem\",\"position\":2,\"name\":\"Diputaci\u00f3n impulsa un taller de elaboraci\u00f3n de velas para usuarios con discapacidad intelectual de Asprovelez\"}]},{\"@type\":\"WebSite\",\"@id\":\"https:\\\/\\\/sindromecharge.es\\\/#website\",\"url\":\"https:\\\/\\\/sindromecharge.es\\\/\",\"name\":\"Asociaci\u00f3n Espa\u00f1ola S\u00edndrome de Charge\",\"description\":\"\",\"potentialAction\":[{\"@type\":\"SearchAction\",\"target\":{\"@type\":\"EntryPoint\",\"urlTemplate\":\"https:\\\/\\\/sindromecharge.es\\\/?s={search_term_string}\"},\"query-input\":{\"@type\":\"PropertyValueSpecification\",\"valueRequired\":true,\"valueName\":\"search_term_string\"}}],\"inLanguage\":\"es\"},{\"@type\":\"Person\",\"@id\":\"https:\\\/\\\/sindromecharge.es\\\/#\\\/schema\\\/person\\\/39a60ebe0a2b4d5a11179701e336b039\",\"name\":\"Charge\",\"image\":{\"@type\":\"ImageObject\",\"inLanguage\":\"es\",\"@id\":\"https:\\\/\\\/secure.gravatar.com\\\/avatar\\\/c3b46e32a0fc3b093a0873fb767bf3293de856293065e84ef06b7ec7a8acfb98?s=96&d=identicon&r=x\",\"url\":\"https:\\\/\\\/secure.gravatar.com\\\/avatar\\\/c3b46e32a0fc3b093a0873fb767bf3293de856293065e84ef06b7ec7a8acfb98?s=96&d=identicon&r=x\",\"contentUrl\":\"https:\\\/\\\/secure.gravatar.com\\\/avatar\\\/c3b46e32a0fc3b093a0873fb767bf3293de856293065e84ef06b7ec7a8acfb98?s=96&d=identicon&r=x\",\"caption\":\"Charge\"},\"url\":\"https:\\\/\\\/sindromecharge.es\\\/index.php\\\/author\\\/admin\\\/\"}]}<\/script>\n<!-- \/ Yoast SEO plugin. -->","yoast_head_json":{"title":"Diputaci\u00f3n impulsa un taller de elaboraci\u00f3n de velas para usuarios con discapacidad intelectual de Asprovelez - Asociaci\u00f3n Espa\u00f1ola S\u00edndrome de Charge","robots":{"index":"index","follow":"follow","max-snippet":"max-snippet:-1","max-image-preview":"max-image-preview:large","max-video-preview":"max-video-preview:-1"},"canonical":"https:\/\/sindromecharge.es\/index.php\/2021\/06\/04\/diputacion-impulsa-un-taller-de-elaboracion-de-velas-para-usuarios-con-discapacidad-intelectual-de-asprovelez\/","og_locale":"es_ES","og_type":"article","og_title":"Diputaci\u00f3n impulsa un taller de elaboraci\u00f3n de velas para usuarios con discapacidad intelectual de Asprovelez - Asociaci\u00f3n Espa\u00f1ola S\u00edndrome de Charge","og_description":"Leemos en 20minutos la siguiente noticia que os reproducimos de forma \u00edntegra: Esto permite a esta entidad situada en V\u00e9lez-M\u00e1laga pueda ampliar su oferta de actividades que sirvan para fomentar el aprendizaje de peque\u00f1as tareas adaptadas a las habilidades de los usuarios, desarrollando nuevas destrezas que les motiven a seguir aprendiendo, mejorando as\u00ed su autonom\u00eda, [&hellip;]","og_url":"https:\/\/sindromecharge.es\/index.php\/2021\/06\/04\/diputacion-impulsa-un-taller-de-elaboracion-de-velas-para-usuarios-con-discapacidad-intelectual-de-asprovelez\/","og_site_name":"Asociaci\u00f3n Espa\u00f1ola S\u00edndrome de Charge","article_publisher":"https:\/\/www.facebook.com\/asociacionsindromecharge","article_published_time":"2021-06-04T13:15:25+00:00","og_image":[{"width":300,"height":98,"url":"https:\/\/sindromecharge.es\/wp-content\/uploads\/2013\/09\/logodecharge300x98.png","type":"image\/png"}],"author":"Charge","twitter_card":"summary_large_image","twitter_creator":"@sindromecharge","twitter_site":"@sindromecharge","twitter_misc":{"Escrito por":"Charge","Tiempo de lectura":"2 minutos"},"schema":{"@context":"https:\/\/schema.org","@graph":[{"@type":"Article","@id":"https:\/\/sindromecharge.es\/index.php\/2021\/06\/04\/diputacion-impulsa-un-taller-de-elaboracion-de-velas-para-usuarios-con-discapacidad-intelectual-de-asprovelez\/#article","isPartOf":{"@id":"https:\/\/sindromecharge.es\/index.php\/2021\/06\/04\/diputacion-impulsa-un-taller-de-elaboracion-de-velas-para-usuarios-con-discapacidad-intelectual-de-asprovelez\/"},"author":{"name":"Charge","@id":"https:\/\/sindromecharge.es\/#\/schema\/person\/39a60ebe0a2b4d5a11179701e336b039"},"headline":"Diputaci\u00f3n impulsa un taller de elaboraci\u00f3n de velas para usuarios con discapacidad intelectual de Asprovelez","datePublished":"2021-06-04T13:15:25+00:00","mainEntityOfPage":{"@id":"https:\/\/sindromecharge.es\/index.php\/2021\/06\/04\/diputacion-impulsa-un-taller-de-elaboracion-de-velas-para-usuarios-con-discapacidad-intelectual-de-asprovelez\/"},"wordCount":364,"commentCount":0,"keywords":["discapacidad"],"articleSection":["noticias"],"inLanguage":"es","potentialAction":[{"@type":"CommentAction","name":"Comment","target":["https:\/\/sindromecharge.es\/index.php\/2021\/06\/04\/diputacion-impulsa-un-taller-de-elaboracion-de-velas-para-usuarios-con-discapacidad-intelectual-de-asprovelez\/#respond"]}]},{"@type":"WebPage","@id":"https:\/\/sindromecharge.es\/index.php\/2021\/06\/04\/diputacion-impulsa-un-taller-de-elaboracion-de-velas-para-usuarios-con-discapacidad-intelectual-de-asprovelez\/","url":"https:\/\/sindromecharge.es\/index.php\/2021\/06\/04\/diputacion-impulsa-un-taller-de-elaboracion-de-velas-para-usuarios-con-discapacidad-intelectual-de-asprovelez\/","name":"Diputaci\u00f3n impulsa un taller de elaboraci\u00f3n de velas para usuarios con discapacidad intelectual de Asprovelez - Asociaci\u00f3n Espa\u00f1ola S\u00edndrome de Charge","isPartOf":{"@id":"https:\/\/sindromecharge.es\/#website"},"datePublished":"2021-06-04T13:15:25+00:00","author":{"@id":"https:\/\/sindromecharge.es\/#\/schema\/person\/39a60ebe0a2b4d5a11179701e336b039"},"breadcrumb":{"@id":"https:\/\/sindromecharge.es\/index.php\/2021\/06\/04\/diputacion-impulsa-un-taller-de-elaboracion-de-velas-para-usuarios-con-discapacidad-intelectual-de-asprovelez\/#breadcrumb"},"inLanguage":"es","potentialAction":[{"@type":"ReadAction","target":["https:\/\/sindromecharge.es\/index.php\/2021\/06\/04\/diputacion-impulsa-un-taller-de-elaboracion-de-velas-para-usuarios-con-discapacidad-intelectual-de-asprovelez\/"]}]},{"@type":"BreadcrumbList","@id":"https:\/\/sindromecharge.es\/index.php\/2021\/06\/04\/diputacion-impulsa-un-taller-de-elaboracion-de-velas-para-usuarios-con-discapacidad-intelectual-de-asprovelez\/#breadcrumb","itemListElement":[{"@type":"ListItem","position":1,"name":"Portada","item":"https:\/\/sindromecharge.es\/"},{"@type":"ListItem","position":2,"name":"Diputaci\u00f3n impulsa un taller de elaboraci\u00f3n de velas para usuarios con discapacidad intelectual de Asprovelez"}]},{"@type":"WebSite","@id":"https:\/\/sindromecharge.es\/#website","url":"https:\/\/sindromecharge.es\/","name":"Asociaci\u00f3n Espa\u00f1ola S\u00edndrome de Charge","description":"","potentialAction":[{"@type":"SearchAction","target":{"@type":"EntryPoint","urlTemplate":"https:\/\/sindromecharge.es\/?s={search_term_string}"},"query-input":{"@type":"PropertyValueSpecification","valueRequired":true,"valueName":"search_term_string"}}],"inLanguage":"es"},{"@type":"Person","@id":"https:\/\/sindromecharge.es\/#\/schema\/person\/39a60ebe0a2b4d5a11179701e336b039","name":"Charge","image":{"@type":"ImageObject","inLanguage":"es","@id":"https:\/\/secure.gravatar.com\/avatar\/c3b46e32a0fc3b093a0873fb767bf3293de856293065e84ef06b7ec7a8acfb98?s=96&d=identicon&r=x","url":"https:\/\/secure.gravatar.com\/avatar\/c3b46e32a0fc3b093a0873fb767bf3293de856293065e84ef06b7ec7a8acfb98?s=96&d=identicon&r=x","contentUrl":"https:\/\/secure.gravatar.com\/avatar\/c3b46e32a0fc3b093a0873fb767bf3293de856293065e84ef06b7ec7a8acfb98?s=96&d=identicon&r=x","caption":"Charge"},"url":"https:\/\/sindromecharge.es\/index.php\/author\/admin\/"}]}},"_links":{"self":[{"href":"https:\/\/sindromecharge.es\/index.php\/wp-json\/wp\/v2\/posts\/7253","targetHints":{"allow":["GET"]}}],"collection":[{"href":"https:\/\/sindromecharge.es\/index.php\/wp-json\/wp\/v2\/posts"}],"about":[{"href":"https:\/\/sindromecharge.es\/index.php\/wp-json\/wp\/v2\/types\/post"}],"author":[{"embeddable":true,"href":"https:\/\/sindromecharge.es\/index.php\/wp-json\/wp\/v2\/users\/1"}],"replies":[{"embeddable":true,"href":"https:\/\/sindromecharge.es\/index.php\/wp-json\/wp\/v2\/comments?post=7253"}],"version-history":[{"count":0,"href":"https:\/\/sindromecharge.es\/index.php\/wp-json\/wp\/v2\/posts\/7253\/revisions"}],"wp:attachment":[{"href":"https:\/\/sindromecharge.es\/index.php\/wp-json\/wp\/v2\/media?parent=7253"}],"wp:term":[{"taxonomy":"category","embeddable":true,"href":"https:\/\/sindromecharge.es\/index.php\/wp-json\/wp\/v2\/categories?post=7253"},{"taxonomy":"post_tag","embeddable":true,"href":"https:\/\/sindromecharge.es\/index.php\/wp-json\/wp\/v2\/tags?post=7253"}],"curies":[{"name":"wp","href":"https:\/\/api.w.org\/{rel}","templated":true}]}}