{"id":7252,"date":"2021-06-04T10:27:30","date_gmt":"2021-06-04T10:27:30","guid":{"rendered":"https:\/\/sindromecharge.es\/index.php\/2021\/06\/04\/junta-destina-105-millones-a-modernizar-las-residencias-y-centros-de-atencion-a-la-discapacidad-de-leon\/"},"modified":"2021-06-04T10:27:30","modified_gmt":"2021-06-04T10:27:30","slug":"junta-destina-105-millones-a-modernizar-las-residencias-y-centros-de-atencion-a-la-discapacidad-de-leon","status":"publish","type":"post","link":"https:\/\/sindromecharge.es\/index.php\/2021\/06\/04\/junta-destina-105-millones-a-modernizar-las-residencias-y-centros-de-atencion-a-la-discapacidad-de-leon\/","title":{"rendered":"Junta destina 10,5 millones a modernizar las residencias y centros de atenci\u00f3n a la discapacidad de Le\u00f3n"},"content":{"rendered":"<p>Leemos en 20minutos la siguiente noticia que os reproducimos de forma \u00edntegra: <\/p>\n<p>As\u00ed se ha referido durante la visita que ha mantenido a la Residencia Mixta de Mayores de Armunia en Le\u00f3n donde ha destacado que \u00abla obra de mayor envergadura\u00bb es la edificaci\u00f3n de una nueva unidad de valoraci\u00f3n y atenci\u00f3n a personas con discapacidad y dependencia con un presupuesto de 4,8 millones de euros.<\/p>\n<p>Blanco ha detallado que se han proyectado trabajos para la adaptaci\u00f3n al nuevo modelo de atenci\u00f3n centrado en la persona en las residencias de mayores de Armunia con 3,6 millones de euros de inversi\u00f3n, Villablino con 772.500 euros y Ponferrada 315.000 euros m\u00e1s los 500.000 destinados a equipamiento.<\/p>\n<p>Adem\u00e1s, ha incidido en los 600.000 euros de inversi\u00f3n \u00abprevistos para el Centro Suero de Qui\u00f1ones\u00bb, donde ha indicado que \u00abse acometer\u00e1 una intervenci\u00f3n para la digitalizaci\u00f3n de los espacios con fines educativos.<\/p>\n<p>El principal \u00abprop\u00f3sito\u00bb de estas obras de mejora, ha se\u00f1alado, son \u00abel proceso de modernizaci\u00f3n de los Servicios Sociaes y su consolidaci\u00f3n del sistema de atenci\u00f3n a la Dependencia 5.0 puesto en marcha por la Junta de Castilla y Le\u00f3n\u00bb.<\/p>\n<p>Tambi\u00e9n, ha reconocido que \u00abse acelerar\u00e1 la transformaci\u00f3n de la pol\u00edtica social auton\u00f3mica\u00bb con los 150,74 millones de euros que se recibir\u00e1n del Plan de Recuperaci\u00f3n, Transformaci\u00f3n y Resiliencia de la Comisi\u00f3n Europea, de los cuales, ha reconocido que \u00abun 20 por ciento del total lo gestionar\u00e1n las entidades locales\u00bb.<\/p>\n<p>La titular del \u00e1rea de servicios sociales en la Junta ha explicado que \u00ablos centros base, las nuevas unidades de valoraci\u00f3n dentro de la atenci\u00f3n a la dependencia 5.0 implican aglutinar en un solo recurso distintas prestaciones tanto para las personas con discapacidad como para las dependientes\u00bb.<\/p>\n<p>En este sentido, ha confirmado que en Le\u00f3n \u00abse construir\u00e1 un nuevo centro para dar repuesta a estas demandas en una parcela de 5.300 metros cuadrados cedida por el Ayuntamiento de Le\u00f3n en la calle Juan Pablo II\u00bb y a a\u00f1adido que \u00abya se ha licitado la redacci\u00f3n del proyecto con un presupuesto base de 258.000 euros\u00bb.<\/p>\n<p>Asimismo, ha detallado que el edificio \u00abse organizar\u00e1 en torno a las \u00e1reas de atenci\u00f3n temprana y de valoraci\u00f3n de discapacidad y dependencia, contar\u00e1 con su propio espacio diferenciado para salvaguardar la intimidad y ser\u00e1 un entorno acogedor y pr\u00e1ctico\u00bb.<\/p>\n<p>Por \u00faltimo, ha indicado que se reunir\u00e1 con el presidente de la Diputaci\u00f3n de Le\u00f3n, Eduardo Mor\u00e1n, \u00aben una reuni\u00f3n ordinaria de trabajo en las que se est\u00e1n negociando diversas cuestiones del acuerdo marco entre las comunidades y las entidades locales\u00bb y ha a\u00f1adido que se hablar\u00e1n \u00abde las competencias propias que tiene cada administraci\u00f3n\u00bb.<\/p>\n<p>Fuente: 20minutos <a href=\"https:\/\/www.20minutos.es\/noticia\/4718862\/0\/junta-destina-10-5-millones-a-modernizar-las-residencias-y-centros-de-atencion-a-la-discapacidad-de-leon\/\" target=\"_blank\" rel=\"noopener\">Junta destina 10,5 millones a modernizar las residencias y centros de atenci\u00f3n a la discapacidad de Le\u00f3n<\/a><\/p>\n","protected":false},"excerpt":{"rendered":"<p>Leemos en 20minutos la siguiente noticia que os reproducimos de forma \u00edntegra: As\u00ed se ha referido durante la visita que ha mantenido a la Residencia Mixta de Mayores de Armunia en Le\u00f3n donde ha destacado que \u00abla obra de mayor envergadura\u00bb es la edificaci\u00f3n de una nueva unidad de valoraci\u00f3n y atenci\u00f3n a personas con [&hellip;]<\/p>\n","protected":false},"author":1,"featured_media":0,"comment_status":"open","ping_status":"closed","sticky":false,"template":"","format":"standard","meta":{"footnotes":""},"categories":[8],"tags":[31],"class_list":["post-7252","post","type-post","status-publish","format-standard","hentry","category-noticias","tag-discapacidad"],"yoast_head":"<!-- This site is optimized with the Yoast SEO plugin v27.4 - https:\/\/yoast.com\/product\/yoast-seo-wordpress\/ -->\n<title>Junta destina 10,5 millones a modernizar las residencias y centros de atenci\u00f3n a la discapacidad de Le\u00f3n - Asociaci\u00f3n Espa\u00f1ola S\u00edndrome de Charge<\/title>\n<meta name=\"robots\" content=\"index, follow, max-snippet:-1, max-image-preview:large, max-video-preview:-1\" \/>\n<link rel=\"canonical\" href=\"https:\/\/sindromecharge.es\/index.php\/2021\/06\/04\/junta-destina-105-millones-a-modernizar-las-residencias-y-centros-de-atencion-a-la-discapacidad-de-leon\/\" \/>\n<meta property=\"og:locale\" content=\"es_ES\" \/>\n<meta property=\"og:type\" content=\"article\" \/>\n<meta property=\"og:title\" content=\"Junta destina 10,5 millones a modernizar las residencias y centros de atenci\u00f3n a la discapacidad de Le\u00f3n - Asociaci\u00f3n Espa\u00f1ola S\u00edndrome de Charge\" \/>\n<meta property=\"og:description\" content=\"Leemos en 20minutos la siguiente noticia que os reproducimos de forma \u00edntegra: As\u00ed se ha referido durante la visita que ha mantenido a la Residencia Mixta de Mayores de Armunia en Le\u00f3n donde ha destacado que \u00abla obra de mayor envergadura\u00bb es la edificaci\u00f3n de una nueva unidad de valoraci\u00f3n y atenci\u00f3n a personas con [&hellip;]\" \/>\n<meta property=\"og:url\" content=\"https:\/\/sindromecharge.es\/index.php\/2021\/06\/04\/junta-destina-105-millones-a-modernizar-las-residencias-y-centros-de-atencion-a-la-discapacidad-de-leon\/\" \/>\n<meta property=\"og:site_name\" content=\"Asociaci\u00f3n Espa\u00f1ola S\u00edndrome de Charge\" \/>\n<meta property=\"article:publisher\" content=\"https:\/\/www.facebook.com\/asociacionsindromecharge\" \/>\n<meta property=\"article:published_time\" content=\"2021-06-04T10:27:30+00:00\" \/>\n<meta property=\"og:image\" content=\"https:\/\/sindromecharge.es\/wp-content\/uploads\/2013\/09\/logodecharge300x98.png\" \/>\n\t<meta property=\"og:image:width\" content=\"300\" \/>\n\t<meta property=\"og:image:height\" content=\"98\" \/>\n\t<meta property=\"og:image:type\" content=\"image\/png\" \/>\n<meta name=\"author\" content=\"Charge\" \/>\n<meta name=\"twitter:card\" content=\"summary_large_image\" \/>\n<meta name=\"twitter:creator\" content=\"@sindromecharge\" \/>\n<meta name=\"twitter:site\" content=\"@sindromecharge\" \/>\n<meta name=\"twitter:label1\" content=\"Escrito por\" \/>\n\t<meta name=\"twitter:data1\" content=\"Charge\" \/>\n\t<meta name=\"twitter:label2\" content=\"Tiempo de lectura\" \/>\n\t<meta name=\"twitter:data2\" content=\"2 minutos\" \/>\n<script type=\"application\/ld+json\" class=\"yoast-schema-graph\">{\"@context\":\"https:\\\/\\\/schema.org\",\"@graph\":[{\"@type\":\"Article\",\"@id\":\"https:\\\/\\\/sindromecharge.es\\\/index.php\\\/2021\\\/06\\\/04\\\/junta-destina-105-millones-a-modernizar-las-residencias-y-centros-de-atencion-a-la-discapacidad-de-leon\\\/#article\",\"isPartOf\":{\"@id\":\"https:\\\/\\\/sindromecharge.es\\\/index.php\\\/2021\\\/06\\\/04\\\/junta-destina-105-millones-a-modernizar-las-residencias-y-centros-de-atencion-a-la-discapacidad-de-leon\\\/\"},\"author\":{\"name\":\"Charge\",\"@id\":\"https:\\\/\\\/sindromecharge.es\\\/#\\\/schema\\\/person\\\/39a60ebe0a2b4d5a11179701e336b039\"},\"headline\":\"Junta destina 10,5 millones a modernizar las residencias y centros de atenci\u00f3n a la discapacidad de Le\u00f3n\",\"datePublished\":\"2021-06-04T10:27:30+00:00\",\"mainEntityOfPage\":{\"@id\":\"https:\\\/\\\/sindromecharge.es\\\/index.php\\\/2021\\\/06\\\/04\\\/junta-destina-105-millones-a-modernizar-las-residencias-y-centros-de-atencion-a-la-discapacidad-de-leon\\\/\"},\"wordCount\":507,\"commentCount\":0,\"keywords\":[\"discapacidad\"],\"articleSection\":[\"noticias\"],\"inLanguage\":\"es\",\"potentialAction\":[{\"@type\":\"CommentAction\",\"name\":\"Comment\",\"target\":[\"https:\\\/\\\/sindromecharge.es\\\/index.php\\\/2021\\\/06\\\/04\\\/junta-destina-105-millones-a-modernizar-las-residencias-y-centros-de-atencion-a-la-discapacidad-de-leon\\\/#respond\"]}]},{\"@type\":\"WebPage\",\"@id\":\"https:\\\/\\\/sindromecharge.es\\\/index.php\\\/2021\\\/06\\\/04\\\/junta-destina-105-millones-a-modernizar-las-residencias-y-centros-de-atencion-a-la-discapacidad-de-leon\\\/\",\"url\":\"https:\\\/\\\/sindromecharge.es\\\/index.php\\\/2021\\\/06\\\/04\\\/junta-destina-105-millones-a-modernizar-las-residencias-y-centros-de-atencion-a-la-discapacidad-de-leon\\\/\",\"name\":\"Junta destina 10,5 millones a modernizar las residencias y centros de atenci\u00f3n a la discapacidad de Le\u00f3n - Asociaci\u00f3n Espa\u00f1ola S\u00edndrome de Charge\",\"isPartOf\":{\"@id\":\"https:\\\/\\\/sindromecharge.es\\\/#website\"},\"datePublished\":\"2021-06-04T10:27:30+00:00\",\"author\":{\"@id\":\"https:\\\/\\\/sindromecharge.es\\\/#\\\/schema\\\/person\\\/39a60ebe0a2b4d5a11179701e336b039\"},\"breadcrumb\":{\"@id\":\"https:\\\/\\\/sindromecharge.es\\\/index.php\\\/2021\\\/06\\\/04\\\/junta-destina-105-millones-a-modernizar-las-residencias-y-centros-de-atencion-a-la-discapacidad-de-leon\\\/#breadcrumb\"},\"inLanguage\":\"es\",\"potentialAction\":[{\"@type\":\"ReadAction\",\"target\":[\"https:\\\/\\\/sindromecharge.es\\\/index.php\\\/2021\\\/06\\\/04\\\/junta-destina-105-millones-a-modernizar-las-residencias-y-centros-de-atencion-a-la-discapacidad-de-leon\\\/\"]}]},{\"@type\":\"BreadcrumbList\",\"@id\":\"https:\\\/\\\/sindromecharge.es\\\/index.php\\\/2021\\\/06\\\/04\\\/junta-destina-105-millones-a-modernizar-las-residencias-y-centros-de-atencion-a-la-discapacidad-de-leon\\\/#breadcrumb\",\"itemListElement\":[{\"@type\":\"ListItem\",\"position\":1,\"name\":\"Portada\",\"item\":\"https:\\\/\\\/sindromecharge.es\\\/\"},{\"@type\":\"ListItem\",\"position\":2,\"name\":\"Junta destina 10,5 millones a modernizar las residencias y centros de atenci\u00f3n a la discapacidad de Le\u00f3n\"}]},{\"@type\":\"WebSite\",\"@id\":\"https:\\\/\\\/sindromecharge.es\\\/#website\",\"url\":\"https:\\\/\\\/sindromecharge.es\\\/\",\"name\":\"Asociaci\u00f3n Espa\u00f1ola S\u00edndrome de Charge\",\"description\":\"\",\"potentialAction\":[{\"@type\":\"SearchAction\",\"target\":{\"@type\":\"EntryPoint\",\"urlTemplate\":\"https:\\\/\\\/sindromecharge.es\\\/?s={search_term_string}\"},\"query-input\":{\"@type\":\"PropertyValueSpecification\",\"valueRequired\":true,\"valueName\":\"search_term_string\"}}],\"inLanguage\":\"es\"},{\"@type\":\"Person\",\"@id\":\"https:\\\/\\\/sindromecharge.es\\\/#\\\/schema\\\/person\\\/39a60ebe0a2b4d5a11179701e336b039\",\"name\":\"Charge\",\"image\":{\"@type\":\"ImageObject\",\"inLanguage\":\"es\",\"@id\":\"https:\\\/\\\/secure.gravatar.com\\\/avatar\\\/c3b46e32a0fc3b093a0873fb767bf3293de856293065e84ef06b7ec7a8acfb98?s=96&d=identicon&r=x\",\"url\":\"https:\\\/\\\/secure.gravatar.com\\\/avatar\\\/c3b46e32a0fc3b093a0873fb767bf3293de856293065e84ef06b7ec7a8acfb98?s=96&d=identicon&r=x\",\"contentUrl\":\"https:\\\/\\\/secure.gravatar.com\\\/avatar\\\/c3b46e32a0fc3b093a0873fb767bf3293de856293065e84ef06b7ec7a8acfb98?s=96&d=identicon&r=x\",\"caption\":\"Charge\"},\"url\":\"https:\\\/\\\/sindromecharge.es\\\/index.php\\\/author\\\/admin\\\/\"}]}<\/script>\n<!-- \/ Yoast SEO plugin. -->","yoast_head_json":{"title":"Junta destina 10,5 millones a modernizar las residencias y centros de atenci\u00f3n a la discapacidad de Le\u00f3n - Asociaci\u00f3n Espa\u00f1ola S\u00edndrome de Charge","robots":{"index":"index","follow":"follow","max-snippet":"max-snippet:-1","max-image-preview":"max-image-preview:large","max-video-preview":"max-video-preview:-1"},"canonical":"https:\/\/sindromecharge.es\/index.php\/2021\/06\/04\/junta-destina-105-millones-a-modernizar-las-residencias-y-centros-de-atencion-a-la-discapacidad-de-leon\/","og_locale":"es_ES","og_type":"article","og_title":"Junta destina 10,5 millones a modernizar las residencias y centros de atenci\u00f3n a la discapacidad de Le\u00f3n - Asociaci\u00f3n Espa\u00f1ola S\u00edndrome de Charge","og_description":"Leemos en 20minutos la siguiente noticia que os reproducimos de forma \u00edntegra: As\u00ed se ha referido durante la visita que ha mantenido a la Residencia Mixta de Mayores de Armunia en Le\u00f3n donde ha destacado que \u00abla obra de mayor envergadura\u00bb es la edificaci\u00f3n de una nueva unidad de valoraci\u00f3n y atenci\u00f3n a personas con [&hellip;]","og_url":"https:\/\/sindromecharge.es\/index.php\/2021\/06\/04\/junta-destina-105-millones-a-modernizar-las-residencias-y-centros-de-atencion-a-la-discapacidad-de-leon\/","og_site_name":"Asociaci\u00f3n Espa\u00f1ola S\u00edndrome de Charge","article_publisher":"https:\/\/www.facebook.com\/asociacionsindromecharge","article_published_time":"2021-06-04T10:27:30+00:00","og_image":[{"width":300,"height":98,"url":"https:\/\/sindromecharge.es\/wp-content\/uploads\/2013\/09\/logodecharge300x98.png","type":"image\/png"}],"author":"Charge","twitter_card":"summary_large_image","twitter_creator":"@sindromecharge","twitter_site":"@sindromecharge","twitter_misc":{"Escrito por":"Charge","Tiempo de lectura":"2 minutos"},"schema":{"@context":"https:\/\/schema.org","@graph":[{"@type":"Article","@id":"https:\/\/sindromecharge.es\/index.php\/2021\/06\/04\/junta-destina-105-millones-a-modernizar-las-residencias-y-centros-de-atencion-a-la-discapacidad-de-leon\/#article","isPartOf":{"@id":"https:\/\/sindromecharge.es\/index.php\/2021\/06\/04\/junta-destina-105-millones-a-modernizar-las-residencias-y-centros-de-atencion-a-la-discapacidad-de-leon\/"},"author":{"name":"Charge","@id":"https:\/\/sindromecharge.es\/#\/schema\/person\/39a60ebe0a2b4d5a11179701e336b039"},"headline":"Junta destina 10,5 millones a modernizar las residencias y centros de atenci\u00f3n a la discapacidad de Le\u00f3n","datePublished":"2021-06-04T10:27:30+00:00","mainEntityOfPage":{"@id":"https:\/\/sindromecharge.es\/index.php\/2021\/06\/04\/junta-destina-105-millones-a-modernizar-las-residencias-y-centros-de-atencion-a-la-discapacidad-de-leon\/"},"wordCount":507,"commentCount":0,"keywords":["discapacidad"],"articleSection":["noticias"],"inLanguage":"es","potentialAction":[{"@type":"CommentAction","name":"Comment","target":["https:\/\/sindromecharge.es\/index.php\/2021\/06\/04\/junta-destina-105-millones-a-modernizar-las-residencias-y-centros-de-atencion-a-la-discapacidad-de-leon\/#respond"]}]},{"@type":"WebPage","@id":"https:\/\/sindromecharge.es\/index.php\/2021\/06\/04\/junta-destina-105-millones-a-modernizar-las-residencias-y-centros-de-atencion-a-la-discapacidad-de-leon\/","url":"https:\/\/sindromecharge.es\/index.php\/2021\/06\/04\/junta-destina-105-millones-a-modernizar-las-residencias-y-centros-de-atencion-a-la-discapacidad-de-leon\/","name":"Junta destina 10,5 millones a modernizar las residencias y centros de atenci\u00f3n a la discapacidad de Le\u00f3n - Asociaci\u00f3n Espa\u00f1ola S\u00edndrome de Charge","isPartOf":{"@id":"https:\/\/sindromecharge.es\/#website"},"datePublished":"2021-06-04T10:27:30+00:00","author":{"@id":"https:\/\/sindromecharge.es\/#\/schema\/person\/39a60ebe0a2b4d5a11179701e336b039"},"breadcrumb":{"@id":"https:\/\/sindromecharge.es\/index.php\/2021\/06\/04\/junta-destina-105-millones-a-modernizar-las-residencias-y-centros-de-atencion-a-la-discapacidad-de-leon\/#breadcrumb"},"inLanguage":"es","potentialAction":[{"@type":"ReadAction","target":["https:\/\/sindromecharge.es\/index.php\/2021\/06\/04\/junta-destina-105-millones-a-modernizar-las-residencias-y-centros-de-atencion-a-la-discapacidad-de-leon\/"]}]},{"@type":"BreadcrumbList","@id":"https:\/\/sindromecharge.es\/index.php\/2021\/06\/04\/junta-destina-105-millones-a-modernizar-las-residencias-y-centros-de-atencion-a-la-discapacidad-de-leon\/#breadcrumb","itemListElement":[{"@type":"ListItem","position":1,"name":"Portada","item":"https:\/\/sindromecharge.es\/"},{"@type":"ListItem","position":2,"name":"Junta destina 10,5 millones a modernizar las residencias y centros de atenci\u00f3n a la discapacidad de Le\u00f3n"}]},{"@type":"WebSite","@id":"https:\/\/sindromecharge.es\/#website","url":"https:\/\/sindromecharge.es\/","name":"Asociaci\u00f3n Espa\u00f1ola S\u00edndrome de Charge","description":"","potentialAction":[{"@type":"SearchAction","target":{"@type":"EntryPoint","urlTemplate":"https:\/\/sindromecharge.es\/?s={search_term_string}"},"query-input":{"@type":"PropertyValueSpecification","valueRequired":true,"valueName":"search_term_string"}}],"inLanguage":"es"},{"@type":"Person","@id":"https:\/\/sindromecharge.es\/#\/schema\/person\/39a60ebe0a2b4d5a11179701e336b039","name":"Charge","image":{"@type":"ImageObject","inLanguage":"es","@id":"https:\/\/secure.gravatar.com\/avatar\/c3b46e32a0fc3b093a0873fb767bf3293de856293065e84ef06b7ec7a8acfb98?s=96&d=identicon&r=x","url":"https:\/\/secure.gravatar.com\/avatar\/c3b46e32a0fc3b093a0873fb767bf3293de856293065e84ef06b7ec7a8acfb98?s=96&d=identicon&r=x","contentUrl":"https:\/\/secure.gravatar.com\/avatar\/c3b46e32a0fc3b093a0873fb767bf3293de856293065e84ef06b7ec7a8acfb98?s=96&d=identicon&r=x","caption":"Charge"},"url":"https:\/\/sindromecharge.es\/index.php\/author\/admin\/"}]}},"_links":{"self":[{"href":"https:\/\/sindromecharge.es\/index.php\/wp-json\/wp\/v2\/posts\/7252","targetHints":{"allow":["GET"]}}],"collection":[{"href":"https:\/\/sindromecharge.es\/index.php\/wp-json\/wp\/v2\/posts"}],"about":[{"href":"https:\/\/sindromecharge.es\/index.php\/wp-json\/wp\/v2\/types\/post"}],"author":[{"embeddable":true,"href":"https:\/\/sindromecharge.es\/index.php\/wp-json\/wp\/v2\/users\/1"}],"replies":[{"embeddable":true,"href":"https:\/\/sindromecharge.es\/index.php\/wp-json\/wp\/v2\/comments?post=7252"}],"version-history":[{"count":0,"href":"https:\/\/sindromecharge.es\/index.php\/wp-json\/wp\/v2\/posts\/7252\/revisions"}],"wp:attachment":[{"href":"https:\/\/sindromecharge.es\/index.php\/wp-json\/wp\/v2\/media?parent=7252"}],"wp:term":[{"taxonomy":"category","embeddable":true,"href":"https:\/\/sindromecharge.es\/index.php\/wp-json\/wp\/v2\/categories?post=7252"},{"taxonomy":"post_tag","embeddable":true,"href":"https:\/\/sindromecharge.es\/index.php\/wp-json\/wp\/v2\/tags?post=7252"}],"curies":[{"name":"wp","href":"https:\/\/api.w.org\/{rel}","templated":true}]}}