{"id":7251,"date":"2021-06-04T07:19:30","date_gmt":"2021-06-04T07:19:30","guid":{"rendered":"https:\/\/sindromecharge.es\/index.php\/2021\/06\/04\/el-consejo-asesor-de-enfermedades-raras-de-pais-vasco-se-reactivara-este-2021\/"},"modified":"2021-06-04T07:19:30","modified_gmt":"2021-06-04T07:19:30","slug":"el-consejo-asesor-de-enfermedades-raras-de-pais-vasco-se-reactivara-este-2021","status":"publish","type":"post","link":"https:\/\/sindromecharge.es\/index.php\/2021\/06\/04\/el-consejo-asesor-de-enfermedades-raras-de-pais-vasco-se-reactivara-este-2021\/","title":{"rendered":"El Consejo Asesor de Enfermedades Raras de Pa\u00eds Vasco se reactivar\u00e1 este 2021"},"content":{"rendered":"<p>Leemos en FEDER la siguiente noticia que os reproducimos de forma \u00edntegra: <\/p>\n<p>Mikel S\u00e1nchez, director de Planificaci\u00f3n, Ordenaci\u00f3n y Evaluaci\u00f3n Sanitaria del Gobierno Vasco, ha recibido a la familia FEDER para abordar algunas de las principales preocupaciones de nuestro colectivo a nivel auton\u00f3mico, especialmente las vinculadas a la reactivaci\u00f3n del Consejo Asesor sobre Enfermedades Raras y la vacunaci\u00f3n frente a COVID-19.<\/p>\n<p>La familia FEDER, representada por Juana M\u00aa S\u00e1enz, Representante territorial Pa\u00eds Vasco, y Aida Herranz, T\u00e9cnico SIO, consultaron por la reactivaci\u00f3n del Consejo Asesor sobre Enfermedades Raras, que naci\u00f3 en 2012 como \u00f3rgano consultivo para el asesoramiento t\u00e9cnico e informaci\u00f3n en materia de las denominadas enfermedades raras. Desde entonces hasta ahora, el Consejo ha contado con los pacientes representados a trav\u00e9s de FEDER como entidad que acoge a 17 organizaciones vascas vinculadas al colectivo. <\/p>\n<p>La reuni\u00f3n sirvi\u00f3 para consultar al respecto, ya que lleva paralizado pr\u00e1cticamente dos a\u00f1os debido, estaba prevista una reuni\u00f3n a finales de febrero 2020 con motivo de la despedida de la presidenta de dicho Consejo, Miren Nekane Murga Eizagaechevarria, que pas\u00f3 a ser consejera de Salud y posteriormente, Directoria de Medicina personalizada, de precisi\u00f3n y Terapias Avanzadas. Esta paralizaci\u00f3n ha tenido continuidad con motivo de la pandemia. <\/p>\n<p>A este respecto, desde la Direcci\u00f3n General indic\u00f3 que se ha seguido adelante con el trabajo planificado por el Consejo Asesor y tambi\u00e9n traslad\u00f3 que estaba en su \u00e1nimo y en la medida de lo posible desarrollar la reuni\u00f3n de manera presencial a medio plazo, a ser posible despu\u00e9s del verano  para retomarla.<\/p>\n<p>Asimismo, FEDER traslad\u00f3 de forma prioritaria el estado de situaci\u00f3n de la vacunaci\u00f3n de cuidadores no profesionales de personas con enfermedades raras, as\u00ed como de quienes conviven con ellas y son especialmente sensibles a los efectos del virus. Y es que, si bien la Estrategia estatal ha integrado a personas vulnerables como las trasplantadas o con enfermedades oncohematol\u00f3gicas en sus \u00faltimas actualizaciones, desde FEDER consideran necesario dar continuidad a este paso para cubrir a quienes conviven con morbilidades y enfermedades raras especialmente sensibles a los efectos adversos y consecuencias de la COVID-19.<\/p>\n<p>En este sentido, aluden a los criterios establecidos en el informe desarrollado por los expertos de las Redes Europeas de Referencia, que han proporcionado orientaci\u00f3n espec\u00edfica sobre las enfermedades raras y los grupos de patolog\u00edas que deben priorizarse en los planes de implementaci\u00f3n de vacunas de los diferentes pa\u00edses.<\/p>\n<p>Desde el inicio de la Estrategia, desde FEDER, se ha trasladado desde la problem\u00e1tica del colectivo de forma directa a los \u00f3rganos del Ministerio y de las Comunidades Aut\u00f3nomas. Sin embargo, las \u00faltimas actualizaciones a\u00fan no contemplan esta realidad.<\/p>\n<p>A este respecto, S\u00e1nchez, a pesar de que no es competencia de esta direcci\u00f3n, pudo adelantar que, junto a nuestro colectivo, tienen presentes a otros colectivos vulnerables, de forma que actualmente la vacunaci\u00f3n en Pa\u00eds Vasco sigue las pautas marcadas por la Estrategia implantada por el Ministerio de Sanidad, que aunque tienen las competencias trasladadas, en el caso de la pandemia tienen que seguir las pautas del Ministerio.<\/p>\n<p>\u00daltima actualizaci\u00f3n: 04\/06\/2021.<\/p>\n<p>Fuente: FEDER <a href=\"https:\/\/enfermedades-raras.org\/index.php\/actualidad\/noticias-eventos\/2-feder\/15465-el-consejo-asesor-de-enfermedades-raras-de-pa%C3%ADs-vasco-se-reactivar%C3%A1-este-2021\" target=\"_blank\" rel=\"noopener\">El Consejo Asesor de Enfermedades Raras de Pa\u00eds Vasco se reactivar\u00e1 este 2021<\/a><\/p>\n","protected":false},"excerpt":{"rendered":"<p>Leemos en FEDER la siguiente noticia que os reproducimos de forma \u00edntegra: Mikel S\u00e1nchez, director de Planificaci\u00f3n, Ordenaci\u00f3n y Evaluaci\u00f3n Sanitaria del Gobierno Vasco, ha recibido a la familia FEDER para abordar algunas de las principales preocupaciones de nuestro colectivo a nivel auton\u00f3mico, especialmente las vinculadas a la reactivaci\u00f3n del Consejo Asesor sobre Enfermedades Raras [&hellip;]<\/p>\n","protected":false},"author":1,"featured_media":0,"comment_status":"open","ping_status":"closed","sticky":false,"template":"","format":"standard","meta":{"footnotes":""},"categories":[8],"tags":[36],"class_list":["post-7251","post","type-post","status-publish","format-standard","hentry","category-noticias","tag-enfermedades-raras"],"yoast_head":"<!-- This site is optimized with the Yoast SEO plugin v27.4 - https:\/\/yoast.com\/product\/yoast-seo-wordpress\/ -->\n<title>El Consejo Asesor de Enfermedades Raras de Pa\u00eds Vasco se reactivar\u00e1 este 2021 - Asociaci\u00f3n Espa\u00f1ola S\u00edndrome de Charge<\/title>\n<meta name=\"robots\" content=\"index, follow, max-snippet:-1, max-image-preview:large, max-video-preview:-1\" \/>\n<link rel=\"canonical\" href=\"https:\/\/sindromecharge.es\/index.php\/2021\/06\/04\/el-consejo-asesor-de-enfermedades-raras-de-pais-vasco-se-reactivara-este-2021\/\" \/>\n<meta property=\"og:locale\" content=\"es_ES\" \/>\n<meta property=\"og:type\" content=\"article\" \/>\n<meta property=\"og:title\" content=\"El Consejo Asesor de Enfermedades Raras de Pa\u00eds Vasco se reactivar\u00e1 este 2021 - Asociaci\u00f3n Espa\u00f1ola S\u00edndrome de Charge\" \/>\n<meta property=\"og:description\" content=\"Leemos en FEDER la siguiente noticia que os reproducimos de forma \u00edntegra: Mikel S\u00e1nchez, director de Planificaci\u00f3n, Ordenaci\u00f3n y Evaluaci\u00f3n Sanitaria del Gobierno Vasco, ha recibido a la familia FEDER para abordar algunas de las principales preocupaciones de nuestro colectivo a nivel auton\u00f3mico, especialmente las vinculadas a la reactivaci\u00f3n del Consejo Asesor sobre Enfermedades Raras [&hellip;]\" \/>\n<meta property=\"og:url\" content=\"https:\/\/sindromecharge.es\/index.php\/2021\/06\/04\/el-consejo-asesor-de-enfermedades-raras-de-pais-vasco-se-reactivara-este-2021\/\" \/>\n<meta property=\"og:site_name\" content=\"Asociaci\u00f3n Espa\u00f1ola S\u00edndrome de Charge\" \/>\n<meta property=\"article:publisher\" content=\"https:\/\/www.facebook.com\/asociacionsindromecharge\" \/>\n<meta property=\"article:published_time\" content=\"2021-06-04T07:19:30+00:00\" \/>\n<meta property=\"og:image\" content=\"https:\/\/sindromecharge.es\/wp-content\/uploads\/2013\/09\/logodecharge300x98.png\" \/>\n\t<meta property=\"og:image:width\" content=\"300\" \/>\n\t<meta property=\"og:image:height\" content=\"98\" \/>\n\t<meta property=\"og:image:type\" content=\"image\/png\" \/>\n<meta name=\"author\" content=\"Charge\" \/>\n<meta name=\"twitter:card\" content=\"summary_large_image\" \/>\n<meta name=\"twitter:creator\" content=\"@sindromecharge\" \/>\n<meta name=\"twitter:site\" content=\"@sindromecharge\" \/>\n<meta name=\"twitter:label1\" content=\"Escrito por\" \/>\n\t<meta name=\"twitter:data1\" content=\"Charge\" \/>\n\t<meta name=\"twitter:label2\" content=\"Tiempo de lectura\" \/>\n\t<meta name=\"twitter:data2\" content=\"3 minutos\" \/>\n<script type=\"application\/ld+json\" class=\"yoast-schema-graph\">{\"@context\":\"https:\\\/\\\/schema.org\",\"@graph\":[{\"@type\":\"Article\",\"@id\":\"https:\\\/\\\/sindromecharge.es\\\/index.php\\\/2021\\\/06\\\/04\\\/el-consejo-asesor-de-enfermedades-raras-de-pais-vasco-se-reactivara-este-2021\\\/#article\",\"isPartOf\":{\"@id\":\"https:\\\/\\\/sindromecharge.es\\\/index.php\\\/2021\\\/06\\\/04\\\/el-consejo-asesor-de-enfermedades-raras-de-pais-vasco-se-reactivara-este-2021\\\/\"},\"author\":{\"name\":\"Charge\",\"@id\":\"https:\\\/\\\/sindromecharge.es\\\/#\\\/schema\\\/person\\\/39a60ebe0a2b4d5a11179701e336b039\"},\"headline\":\"El Consejo Asesor de Enfermedades Raras de Pa\u00eds Vasco se reactivar\u00e1 este 2021\",\"datePublished\":\"2021-06-04T07:19:30+00:00\",\"mainEntityOfPage\":{\"@id\":\"https:\\\/\\\/sindromecharge.es\\\/index.php\\\/2021\\\/06\\\/04\\\/el-consejo-asesor-de-enfermedades-raras-de-pais-vasco-se-reactivara-este-2021\\\/\"},\"wordCount\":570,\"commentCount\":0,\"keywords\":[\"enfermedades raras\"],\"articleSection\":[\"noticias\"],\"inLanguage\":\"es\",\"potentialAction\":[{\"@type\":\"CommentAction\",\"name\":\"Comment\",\"target\":[\"https:\\\/\\\/sindromecharge.es\\\/index.php\\\/2021\\\/06\\\/04\\\/el-consejo-asesor-de-enfermedades-raras-de-pais-vasco-se-reactivara-este-2021\\\/#respond\"]}]},{\"@type\":\"WebPage\",\"@id\":\"https:\\\/\\\/sindromecharge.es\\\/index.php\\\/2021\\\/06\\\/04\\\/el-consejo-asesor-de-enfermedades-raras-de-pais-vasco-se-reactivara-este-2021\\\/\",\"url\":\"https:\\\/\\\/sindromecharge.es\\\/index.php\\\/2021\\\/06\\\/04\\\/el-consejo-asesor-de-enfermedades-raras-de-pais-vasco-se-reactivara-este-2021\\\/\",\"name\":\"El Consejo Asesor de Enfermedades Raras de Pa\u00eds Vasco se reactivar\u00e1 este 2021 - Asociaci\u00f3n Espa\u00f1ola S\u00edndrome de Charge\",\"isPartOf\":{\"@id\":\"https:\\\/\\\/sindromecharge.es\\\/#website\"},\"datePublished\":\"2021-06-04T07:19:30+00:00\",\"author\":{\"@id\":\"https:\\\/\\\/sindromecharge.es\\\/#\\\/schema\\\/person\\\/39a60ebe0a2b4d5a11179701e336b039\"},\"breadcrumb\":{\"@id\":\"https:\\\/\\\/sindromecharge.es\\\/index.php\\\/2021\\\/06\\\/04\\\/el-consejo-asesor-de-enfermedades-raras-de-pais-vasco-se-reactivara-este-2021\\\/#breadcrumb\"},\"inLanguage\":\"es\",\"potentialAction\":[{\"@type\":\"ReadAction\",\"target\":[\"https:\\\/\\\/sindromecharge.es\\\/index.php\\\/2021\\\/06\\\/04\\\/el-consejo-asesor-de-enfermedades-raras-de-pais-vasco-se-reactivara-este-2021\\\/\"]}]},{\"@type\":\"BreadcrumbList\",\"@id\":\"https:\\\/\\\/sindromecharge.es\\\/index.php\\\/2021\\\/06\\\/04\\\/el-consejo-asesor-de-enfermedades-raras-de-pais-vasco-se-reactivara-este-2021\\\/#breadcrumb\",\"itemListElement\":[{\"@type\":\"ListItem\",\"position\":1,\"name\":\"Portada\",\"item\":\"https:\\\/\\\/sindromecharge.es\\\/\"},{\"@type\":\"ListItem\",\"position\":2,\"name\":\"El Consejo Asesor de Enfermedades Raras de Pa\u00eds Vasco se reactivar\u00e1 este 2021\"}]},{\"@type\":\"WebSite\",\"@id\":\"https:\\\/\\\/sindromecharge.es\\\/#website\",\"url\":\"https:\\\/\\\/sindromecharge.es\\\/\",\"name\":\"Asociaci\u00f3n Espa\u00f1ola S\u00edndrome de Charge\",\"description\":\"\",\"potentialAction\":[{\"@type\":\"SearchAction\",\"target\":{\"@type\":\"EntryPoint\",\"urlTemplate\":\"https:\\\/\\\/sindromecharge.es\\\/?s={search_term_string}\"},\"query-input\":{\"@type\":\"PropertyValueSpecification\",\"valueRequired\":true,\"valueName\":\"search_term_string\"}}],\"inLanguage\":\"es\"},{\"@type\":\"Person\",\"@id\":\"https:\\\/\\\/sindromecharge.es\\\/#\\\/schema\\\/person\\\/39a60ebe0a2b4d5a11179701e336b039\",\"name\":\"Charge\",\"image\":{\"@type\":\"ImageObject\",\"inLanguage\":\"es\",\"@id\":\"https:\\\/\\\/secure.gravatar.com\\\/avatar\\\/c3b46e32a0fc3b093a0873fb767bf3293de856293065e84ef06b7ec7a8acfb98?s=96&d=identicon&r=x\",\"url\":\"https:\\\/\\\/secure.gravatar.com\\\/avatar\\\/c3b46e32a0fc3b093a0873fb767bf3293de856293065e84ef06b7ec7a8acfb98?s=96&d=identicon&r=x\",\"contentUrl\":\"https:\\\/\\\/secure.gravatar.com\\\/avatar\\\/c3b46e32a0fc3b093a0873fb767bf3293de856293065e84ef06b7ec7a8acfb98?s=96&d=identicon&r=x\",\"caption\":\"Charge\"},\"url\":\"https:\\\/\\\/sindromecharge.es\\\/index.php\\\/author\\\/admin\\\/\"}]}<\/script>\n<!-- \/ Yoast SEO plugin. -->","yoast_head_json":{"title":"El Consejo Asesor de Enfermedades Raras de Pa\u00eds Vasco se reactivar\u00e1 este 2021 - Asociaci\u00f3n Espa\u00f1ola S\u00edndrome de Charge","robots":{"index":"index","follow":"follow","max-snippet":"max-snippet:-1","max-image-preview":"max-image-preview:large","max-video-preview":"max-video-preview:-1"},"canonical":"https:\/\/sindromecharge.es\/index.php\/2021\/06\/04\/el-consejo-asesor-de-enfermedades-raras-de-pais-vasco-se-reactivara-este-2021\/","og_locale":"es_ES","og_type":"article","og_title":"El Consejo Asesor de Enfermedades Raras de Pa\u00eds Vasco se reactivar\u00e1 este 2021 - Asociaci\u00f3n Espa\u00f1ola S\u00edndrome de Charge","og_description":"Leemos en FEDER la siguiente noticia que os reproducimos de forma \u00edntegra: Mikel S\u00e1nchez, director de Planificaci\u00f3n, Ordenaci\u00f3n y Evaluaci\u00f3n Sanitaria del Gobierno Vasco, ha recibido a la familia FEDER para abordar algunas de las principales preocupaciones de nuestro colectivo a nivel auton\u00f3mico, especialmente las vinculadas a la reactivaci\u00f3n del Consejo Asesor sobre Enfermedades Raras [&hellip;]","og_url":"https:\/\/sindromecharge.es\/index.php\/2021\/06\/04\/el-consejo-asesor-de-enfermedades-raras-de-pais-vasco-se-reactivara-este-2021\/","og_site_name":"Asociaci\u00f3n Espa\u00f1ola S\u00edndrome de Charge","article_publisher":"https:\/\/www.facebook.com\/asociacionsindromecharge","article_published_time":"2021-06-04T07:19:30+00:00","og_image":[{"width":300,"height":98,"url":"https:\/\/sindromecharge.es\/wp-content\/uploads\/2013\/09\/logodecharge300x98.png","type":"image\/png"}],"author":"Charge","twitter_card":"summary_large_image","twitter_creator":"@sindromecharge","twitter_site":"@sindromecharge","twitter_misc":{"Escrito por":"Charge","Tiempo de lectura":"3 minutos"},"schema":{"@context":"https:\/\/schema.org","@graph":[{"@type":"Article","@id":"https:\/\/sindromecharge.es\/index.php\/2021\/06\/04\/el-consejo-asesor-de-enfermedades-raras-de-pais-vasco-se-reactivara-este-2021\/#article","isPartOf":{"@id":"https:\/\/sindromecharge.es\/index.php\/2021\/06\/04\/el-consejo-asesor-de-enfermedades-raras-de-pais-vasco-se-reactivara-este-2021\/"},"author":{"name":"Charge","@id":"https:\/\/sindromecharge.es\/#\/schema\/person\/39a60ebe0a2b4d5a11179701e336b039"},"headline":"El Consejo Asesor de Enfermedades Raras de Pa\u00eds Vasco se reactivar\u00e1 este 2021","datePublished":"2021-06-04T07:19:30+00:00","mainEntityOfPage":{"@id":"https:\/\/sindromecharge.es\/index.php\/2021\/06\/04\/el-consejo-asesor-de-enfermedades-raras-de-pais-vasco-se-reactivara-este-2021\/"},"wordCount":570,"commentCount":0,"keywords":["enfermedades raras"],"articleSection":["noticias"],"inLanguage":"es","potentialAction":[{"@type":"CommentAction","name":"Comment","target":["https:\/\/sindromecharge.es\/index.php\/2021\/06\/04\/el-consejo-asesor-de-enfermedades-raras-de-pais-vasco-se-reactivara-este-2021\/#respond"]}]},{"@type":"WebPage","@id":"https:\/\/sindromecharge.es\/index.php\/2021\/06\/04\/el-consejo-asesor-de-enfermedades-raras-de-pais-vasco-se-reactivara-este-2021\/","url":"https:\/\/sindromecharge.es\/index.php\/2021\/06\/04\/el-consejo-asesor-de-enfermedades-raras-de-pais-vasco-se-reactivara-este-2021\/","name":"El Consejo Asesor de Enfermedades Raras de Pa\u00eds Vasco se reactivar\u00e1 este 2021 - Asociaci\u00f3n Espa\u00f1ola S\u00edndrome de Charge","isPartOf":{"@id":"https:\/\/sindromecharge.es\/#website"},"datePublished":"2021-06-04T07:19:30+00:00","author":{"@id":"https:\/\/sindromecharge.es\/#\/schema\/person\/39a60ebe0a2b4d5a11179701e336b039"},"breadcrumb":{"@id":"https:\/\/sindromecharge.es\/index.php\/2021\/06\/04\/el-consejo-asesor-de-enfermedades-raras-de-pais-vasco-se-reactivara-este-2021\/#breadcrumb"},"inLanguage":"es","potentialAction":[{"@type":"ReadAction","target":["https:\/\/sindromecharge.es\/index.php\/2021\/06\/04\/el-consejo-asesor-de-enfermedades-raras-de-pais-vasco-se-reactivara-este-2021\/"]}]},{"@type":"BreadcrumbList","@id":"https:\/\/sindromecharge.es\/index.php\/2021\/06\/04\/el-consejo-asesor-de-enfermedades-raras-de-pais-vasco-se-reactivara-este-2021\/#breadcrumb","itemListElement":[{"@type":"ListItem","position":1,"name":"Portada","item":"https:\/\/sindromecharge.es\/"},{"@type":"ListItem","position":2,"name":"El Consejo Asesor de Enfermedades Raras de Pa\u00eds Vasco se reactivar\u00e1 este 2021"}]},{"@type":"WebSite","@id":"https:\/\/sindromecharge.es\/#website","url":"https:\/\/sindromecharge.es\/","name":"Asociaci\u00f3n Espa\u00f1ola S\u00edndrome de Charge","description":"","potentialAction":[{"@type":"SearchAction","target":{"@type":"EntryPoint","urlTemplate":"https:\/\/sindromecharge.es\/?s={search_term_string}"},"query-input":{"@type":"PropertyValueSpecification","valueRequired":true,"valueName":"search_term_string"}}],"inLanguage":"es"},{"@type":"Person","@id":"https:\/\/sindromecharge.es\/#\/schema\/person\/39a60ebe0a2b4d5a11179701e336b039","name":"Charge","image":{"@type":"ImageObject","inLanguage":"es","@id":"https:\/\/secure.gravatar.com\/avatar\/c3b46e32a0fc3b093a0873fb767bf3293de856293065e84ef06b7ec7a8acfb98?s=96&d=identicon&r=x","url":"https:\/\/secure.gravatar.com\/avatar\/c3b46e32a0fc3b093a0873fb767bf3293de856293065e84ef06b7ec7a8acfb98?s=96&d=identicon&r=x","contentUrl":"https:\/\/secure.gravatar.com\/avatar\/c3b46e32a0fc3b093a0873fb767bf3293de856293065e84ef06b7ec7a8acfb98?s=96&d=identicon&r=x","caption":"Charge"},"url":"https:\/\/sindromecharge.es\/index.php\/author\/admin\/"}]}},"_links":{"self":[{"href":"https:\/\/sindromecharge.es\/index.php\/wp-json\/wp\/v2\/posts\/7251","targetHints":{"allow":["GET"]}}],"collection":[{"href":"https:\/\/sindromecharge.es\/index.php\/wp-json\/wp\/v2\/posts"}],"about":[{"href":"https:\/\/sindromecharge.es\/index.php\/wp-json\/wp\/v2\/types\/post"}],"author":[{"embeddable":true,"href":"https:\/\/sindromecharge.es\/index.php\/wp-json\/wp\/v2\/users\/1"}],"replies":[{"embeddable":true,"href":"https:\/\/sindromecharge.es\/index.php\/wp-json\/wp\/v2\/comments?post=7251"}],"version-history":[{"count":0,"href":"https:\/\/sindromecharge.es\/index.php\/wp-json\/wp\/v2\/posts\/7251\/revisions"}],"wp:attachment":[{"href":"https:\/\/sindromecharge.es\/index.php\/wp-json\/wp\/v2\/media?parent=7251"}],"wp:term":[{"taxonomy":"category","embeddable":true,"href":"https:\/\/sindromecharge.es\/index.php\/wp-json\/wp\/v2\/categories?post=7251"},{"taxonomy":"post_tag","embeddable":true,"href":"https:\/\/sindromecharge.es\/index.php\/wp-json\/wp\/v2\/tags?post=7251"}],"curies":[{"name":"wp","href":"https:\/\/api.w.org\/{rel}","templated":true}]}}