{"id":7250,"date":"2021-06-03T06:58:00","date_gmt":"2021-06-03T06:58:00","guid":{"rendered":"https:\/\/sindromecharge.es\/index.php\/2021\/06\/03\/ya-estan-disponibles-los-nuevos-materiales-para-promover-la-primera-resolucion-de-la-onu-sobre-er\/"},"modified":"2021-06-03T06:58:00","modified_gmt":"2021-06-03T06:58:00","slug":"ya-estan-disponibles-los-nuevos-materiales-para-promover-la-primera-resolucion-de-la-onu-sobre-er","status":"publish","type":"post","link":"https:\/\/sindromecharge.es\/index.php\/2021\/06\/03\/ya-estan-disponibles-los-nuevos-materiales-para-promover-la-primera-resolucion-de-la-onu-sobre-er\/","title":{"rendered":"Ya est\u00e1n disponibles los nuevos materiales para promover la primera resoluci\u00f3n de la ONU sobre ER"},"content":{"rendered":"<p>Leemos en FEDER la siguiente noticia que os reproducimos de forma \u00edntegra: <\/p>\n<p><p>EURORDIS, Rare Diseases International (RDI) y el Comit\u00e9 de ONG para las Enfermedades Raras han desarrollado un conjunto de materiales para apoyar la campa\u00f1a global que pide la primera Resoluci\u00f3n de la ONU sobre las personas que viven con una enfermedad rara y sus familias.<\/p>\n<p>Desde estas entidades y desde FEDER, te invitamos a utilizar estos materiales f\u00e1ciles de descargar, que incluyen un modelo de carta para los responsables pol\u00edticos, mensajes e im\u00e1genes en las redes sociales y otros materiales de apoyo para defender a las personas que viven con una enfermedad rara y crear conciencia entre los responsables pol\u00edticos nacionales y los representantes permanentes en las Naciones Unidas.<\/p>\n<p>Las herramientas de #Resolution4Rare est\u00e1n dise\u00f1adas para empoderar a las personas que viven con una enfermedad rara, a sus familias, a los grupos de la sociedad civil y a todos los que quieran ayudar a amplificar el llamado global para una resoluci\u00f3n de la ONU en 2021. Se cargar\u00e1n nuevos materiales todos los meses.<\/p>\n<p>\u00a1Pr\u00f3ximamente en junio, herramientas en m\u00e1s idiomas, nuevas im\u00e1genes de redes sociales y un kit de reuniones en l\u00ednea!<\/p>\n<p>\u00daltima actualizaci\u00f3n 10\/05\/2021<\/p>\n<\/p>\n<p>Fuente: FEDER <a href=\"https:\/\/enfermedades-raras.org\/index.php\/actualidad\/noticias-eventos\/2-feder\/15327-ya-est%C3%A1n-disponibles-los-nuevos-materiales-para-promover-la-primera-resoluci%C3%B3n-de-la-onu-sobre-er\" target=\"_blank\" rel=\"noopener\">Ya est\u00e1n disponibles los nuevos materiales para promover la primera resoluci\u00f3n de la ONU sobre ER<\/a><\/p>\n","protected":false},"excerpt":{"rendered":"<p>Leemos en FEDER la siguiente noticia que os reproducimos de forma \u00edntegra: EURORDIS, Rare Diseases International (RDI) y el Comit\u00e9 de ONG para las Enfermedades Raras han desarrollado un conjunto de materiales para apoyar la campa\u00f1a global que pide la primera Resoluci\u00f3n de la ONU sobre las personas que viven con una enfermedad rara y [&hellip;]<\/p>\n","protected":false},"author":1,"featured_media":0,"comment_status":"open","ping_status":"closed","sticky":false,"template":"","format":"standard","meta":{"footnotes":""},"categories":[8],"tags":[36],"class_list":["post-7250","post","type-post","status-publish","format-standard","hentry","category-noticias","tag-enfermedades-raras"],"yoast_head":"<!-- This site is optimized with the Yoast SEO plugin v27.4 - https:\/\/yoast.com\/product\/yoast-seo-wordpress\/ -->\n<title>Ya est\u00e1n disponibles los nuevos materiales para promover la primera resoluci\u00f3n de la ONU sobre ER - Asociaci\u00f3n Espa\u00f1ola S\u00edndrome de Charge<\/title>\n<meta name=\"robots\" content=\"index, follow, max-snippet:-1, max-image-preview:large, max-video-preview:-1\" \/>\n<link rel=\"canonical\" href=\"https:\/\/sindromecharge.es\/index.php\/2021\/06\/03\/ya-estan-disponibles-los-nuevos-materiales-para-promover-la-primera-resolucion-de-la-onu-sobre-er\/\" \/>\n<meta property=\"og:locale\" content=\"es_ES\" \/>\n<meta property=\"og:type\" content=\"article\" \/>\n<meta property=\"og:title\" content=\"Ya est\u00e1n disponibles los nuevos materiales para promover la primera resoluci\u00f3n de la ONU sobre ER - Asociaci\u00f3n Espa\u00f1ola S\u00edndrome de Charge\" \/>\n<meta property=\"og:description\" content=\"Leemos en FEDER la siguiente noticia que os reproducimos de forma \u00edntegra: EURORDIS, Rare Diseases International (RDI) y el Comit\u00e9 de ONG para las Enfermedades Raras han desarrollado un conjunto de materiales para apoyar la campa\u00f1a global que pide la primera Resoluci\u00f3n de la ONU sobre las personas que viven con una enfermedad rara y [&hellip;]\" \/>\n<meta property=\"og:url\" content=\"https:\/\/sindromecharge.es\/index.php\/2021\/06\/03\/ya-estan-disponibles-los-nuevos-materiales-para-promover-la-primera-resolucion-de-la-onu-sobre-er\/\" \/>\n<meta property=\"og:site_name\" content=\"Asociaci\u00f3n Espa\u00f1ola S\u00edndrome de Charge\" \/>\n<meta property=\"article:publisher\" content=\"https:\/\/www.facebook.com\/asociacionsindromecharge\" \/>\n<meta property=\"article:published_time\" content=\"2021-06-03T06:58:00+00:00\" \/>\n<meta property=\"og:image\" content=\"https:\/\/sindromecharge.es\/wp-content\/uploads\/2013\/09\/logodecharge300x98.png\" \/>\n\t<meta property=\"og:image:width\" content=\"300\" \/>\n\t<meta property=\"og:image:height\" content=\"98\" \/>\n\t<meta property=\"og:image:type\" content=\"image\/png\" \/>\n<meta name=\"author\" content=\"Charge\" \/>\n<meta name=\"twitter:card\" content=\"summary_large_image\" \/>\n<meta name=\"twitter:creator\" content=\"@sindromecharge\" \/>\n<meta name=\"twitter:site\" content=\"@sindromecharge\" \/>\n<meta name=\"twitter:label1\" content=\"Escrito por\" \/>\n\t<meta name=\"twitter:data1\" content=\"Charge\" \/>\n\t<meta name=\"twitter:label2\" content=\"Tiempo de lectura\" \/>\n\t<meta name=\"twitter:data2\" content=\"1 minuto\" \/>\n<script type=\"application\/ld+json\" class=\"yoast-schema-graph\">{\"@context\":\"https:\\\/\\\/schema.org\",\"@graph\":[{\"@type\":\"Article\",\"@id\":\"https:\\\/\\\/sindromecharge.es\\\/index.php\\\/2021\\\/06\\\/03\\\/ya-estan-disponibles-los-nuevos-materiales-para-promover-la-primera-resolucion-de-la-onu-sobre-er\\\/#article\",\"isPartOf\":{\"@id\":\"https:\\\/\\\/sindromecharge.es\\\/index.php\\\/2021\\\/06\\\/03\\\/ya-estan-disponibles-los-nuevos-materiales-para-promover-la-primera-resolucion-de-la-onu-sobre-er\\\/\"},\"author\":{\"name\":\"Charge\",\"@id\":\"https:\\\/\\\/sindromecharge.es\\\/#\\\/schema\\\/person\\\/39a60ebe0a2b4d5a11179701e336b039\"},\"headline\":\"Ya est\u00e1n disponibles los nuevos materiales para promover la primera resoluci\u00f3n de la ONU sobre ER\",\"datePublished\":\"2021-06-03T06:58:00+00:00\",\"mainEntityOfPage\":{\"@id\":\"https:\\\/\\\/sindromecharge.es\\\/index.php\\\/2021\\\/06\\\/03\\\/ya-estan-disponibles-los-nuevos-materiales-para-promover-la-primera-resolucion-de-la-onu-sobre-er\\\/\"},\"wordCount\":249,\"commentCount\":0,\"keywords\":[\"enfermedades raras\"],\"articleSection\":[\"noticias\"],\"inLanguage\":\"es\",\"potentialAction\":[{\"@type\":\"CommentAction\",\"name\":\"Comment\",\"target\":[\"https:\\\/\\\/sindromecharge.es\\\/index.php\\\/2021\\\/06\\\/03\\\/ya-estan-disponibles-los-nuevos-materiales-para-promover-la-primera-resolucion-de-la-onu-sobre-er\\\/#respond\"]}]},{\"@type\":\"WebPage\",\"@id\":\"https:\\\/\\\/sindromecharge.es\\\/index.php\\\/2021\\\/06\\\/03\\\/ya-estan-disponibles-los-nuevos-materiales-para-promover-la-primera-resolucion-de-la-onu-sobre-er\\\/\",\"url\":\"https:\\\/\\\/sindromecharge.es\\\/index.php\\\/2021\\\/06\\\/03\\\/ya-estan-disponibles-los-nuevos-materiales-para-promover-la-primera-resolucion-de-la-onu-sobre-er\\\/\",\"name\":\"Ya est\u00e1n disponibles los nuevos materiales para promover la primera resoluci\u00f3n de la ONU sobre ER - Asociaci\u00f3n Espa\u00f1ola S\u00edndrome de Charge\",\"isPartOf\":{\"@id\":\"https:\\\/\\\/sindromecharge.es\\\/#website\"},\"datePublished\":\"2021-06-03T06:58:00+00:00\",\"author\":{\"@id\":\"https:\\\/\\\/sindromecharge.es\\\/#\\\/schema\\\/person\\\/39a60ebe0a2b4d5a11179701e336b039\"},\"breadcrumb\":{\"@id\":\"https:\\\/\\\/sindromecharge.es\\\/index.php\\\/2021\\\/06\\\/03\\\/ya-estan-disponibles-los-nuevos-materiales-para-promover-la-primera-resolucion-de-la-onu-sobre-er\\\/#breadcrumb\"},\"inLanguage\":\"es\",\"potentialAction\":[{\"@type\":\"ReadAction\",\"target\":[\"https:\\\/\\\/sindromecharge.es\\\/index.php\\\/2021\\\/06\\\/03\\\/ya-estan-disponibles-los-nuevos-materiales-para-promover-la-primera-resolucion-de-la-onu-sobre-er\\\/\"]}]},{\"@type\":\"BreadcrumbList\",\"@id\":\"https:\\\/\\\/sindromecharge.es\\\/index.php\\\/2021\\\/06\\\/03\\\/ya-estan-disponibles-los-nuevos-materiales-para-promover-la-primera-resolucion-de-la-onu-sobre-er\\\/#breadcrumb\",\"itemListElement\":[{\"@type\":\"ListItem\",\"position\":1,\"name\":\"Portada\",\"item\":\"https:\\\/\\\/sindromecharge.es\\\/\"},{\"@type\":\"ListItem\",\"position\":2,\"name\":\"Ya est\u00e1n disponibles los nuevos materiales para promover la primera resoluci\u00f3n de la ONU sobre ER\"}]},{\"@type\":\"WebSite\",\"@id\":\"https:\\\/\\\/sindromecharge.es\\\/#website\",\"url\":\"https:\\\/\\\/sindromecharge.es\\\/\",\"name\":\"Asociaci\u00f3n Espa\u00f1ola S\u00edndrome de Charge\",\"description\":\"\",\"potentialAction\":[{\"@type\":\"SearchAction\",\"target\":{\"@type\":\"EntryPoint\",\"urlTemplate\":\"https:\\\/\\\/sindromecharge.es\\\/?s={search_term_string}\"},\"query-input\":{\"@type\":\"PropertyValueSpecification\",\"valueRequired\":true,\"valueName\":\"search_term_string\"}}],\"inLanguage\":\"es\"},{\"@type\":\"Person\",\"@id\":\"https:\\\/\\\/sindromecharge.es\\\/#\\\/schema\\\/person\\\/39a60ebe0a2b4d5a11179701e336b039\",\"name\":\"Charge\",\"image\":{\"@type\":\"ImageObject\",\"inLanguage\":\"es\",\"@id\":\"https:\\\/\\\/secure.gravatar.com\\\/avatar\\\/c3b46e32a0fc3b093a0873fb767bf3293de856293065e84ef06b7ec7a8acfb98?s=96&d=identicon&r=x\",\"url\":\"https:\\\/\\\/secure.gravatar.com\\\/avatar\\\/c3b46e32a0fc3b093a0873fb767bf3293de856293065e84ef06b7ec7a8acfb98?s=96&d=identicon&r=x\",\"contentUrl\":\"https:\\\/\\\/secure.gravatar.com\\\/avatar\\\/c3b46e32a0fc3b093a0873fb767bf3293de856293065e84ef06b7ec7a8acfb98?s=96&d=identicon&r=x\",\"caption\":\"Charge\"},\"url\":\"https:\\\/\\\/sindromecharge.es\\\/index.php\\\/author\\\/admin\\\/\"}]}<\/script>\n<!-- \/ Yoast SEO plugin. -->","yoast_head_json":{"title":"Ya est\u00e1n disponibles los nuevos materiales para promover la primera resoluci\u00f3n de la ONU sobre ER - Asociaci\u00f3n Espa\u00f1ola S\u00edndrome de Charge","robots":{"index":"index","follow":"follow","max-snippet":"max-snippet:-1","max-image-preview":"max-image-preview:large","max-video-preview":"max-video-preview:-1"},"canonical":"https:\/\/sindromecharge.es\/index.php\/2021\/06\/03\/ya-estan-disponibles-los-nuevos-materiales-para-promover-la-primera-resolucion-de-la-onu-sobre-er\/","og_locale":"es_ES","og_type":"article","og_title":"Ya est\u00e1n disponibles los nuevos materiales para promover la primera resoluci\u00f3n de la ONU sobre ER - Asociaci\u00f3n Espa\u00f1ola S\u00edndrome de Charge","og_description":"Leemos en FEDER la siguiente noticia que os reproducimos de forma \u00edntegra: EURORDIS, Rare Diseases International (RDI) y el Comit\u00e9 de ONG para las Enfermedades Raras han desarrollado un conjunto de materiales para apoyar la campa\u00f1a global que pide la primera Resoluci\u00f3n de la ONU sobre las personas que viven con una enfermedad rara y [&hellip;]","og_url":"https:\/\/sindromecharge.es\/index.php\/2021\/06\/03\/ya-estan-disponibles-los-nuevos-materiales-para-promover-la-primera-resolucion-de-la-onu-sobre-er\/","og_site_name":"Asociaci\u00f3n Espa\u00f1ola S\u00edndrome de Charge","article_publisher":"https:\/\/www.facebook.com\/asociacionsindromecharge","article_published_time":"2021-06-03T06:58:00+00:00","og_image":[{"width":300,"height":98,"url":"https:\/\/sindromecharge.es\/wp-content\/uploads\/2013\/09\/logodecharge300x98.png","type":"image\/png"}],"author":"Charge","twitter_card":"summary_large_image","twitter_creator":"@sindromecharge","twitter_site":"@sindromecharge","twitter_misc":{"Escrito por":"Charge","Tiempo de lectura":"1 minuto"},"schema":{"@context":"https:\/\/schema.org","@graph":[{"@type":"Article","@id":"https:\/\/sindromecharge.es\/index.php\/2021\/06\/03\/ya-estan-disponibles-los-nuevos-materiales-para-promover-la-primera-resolucion-de-la-onu-sobre-er\/#article","isPartOf":{"@id":"https:\/\/sindromecharge.es\/index.php\/2021\/06\/03\/ya-estan-disponibles-los-nuevos-materiales-para-promover-la-primera-resolucion-de-la-onu-sobre-er\/"},"author":{"name":"Charge","@id":"https:\/\/sindromecharge.es\/#\/schema\/person\/39a60ebe0a2b4d5a11179701e336b039"},"headline":"Ya est\u00e1n disponibles los nuevos materiales para promover la primera resoluci\u00f3n de la ONU sobre ER","datePublished":"2021-06-03T06:58:00+00:00","mainEntityOfPage":{"@id":"https:\/\/sindromecharge.es\/index.php\/2021\/06\/03\/ya-estan-disponibles-los-nuevos-materiales-para-promover-la-primera-resolucion-de-la-onu-sobre-er\/"},"wordCount":249,"commentCount":0,"keywords":["enfermedades raras"],"articleSection":["noticias"],"inLanguage":"es","potentialAction":[{"@type":"CommentAction","name":"Comment","target":["https:\/\/sindromecharge.es\/index.php\/2021\/06\/03\/ya-estan-disponibles-los-nuevos-materiales-para-promover-la-primera-resolucion-de-la-onu-sobre-er\/#respond"]}]},{"@type":"WebPage","@id":"https:\/\/sindromecharge.es\/index.php\/2021\/06\/03\/ya-estan-disponibles-los-nuevos-materiales-para-promover-la-primera-resolucion-de-la-onu-sobre-er\/","url":"https:\/\/sindromecharge.es\/index.php\/2021\/06\/03\/ya-estan-disponibles-los-nuevos-materiales-para-promover-la-primera-resolucion-de-la-onu-sobre-er\/","name":"Ya est\u00e1n disponibles los nuevos materiales para promover la primera resoluci\u00f3n de la ONU sobre ER - Asociaci\u00f3n Espa\u00f1ola S\u00edndrome de Charge","isPartOf":{"@id":"https:\/\/sindromecharge.es\/#website"},"datePublished":"2021-06-03T06:58:00+00:00","author":{"@id":"https:\/\/sindromecharge.es\/#\/schema\/person\/39a60ebe0a2b4d5a11179701e336b039"},"breadcrumb":{"@id":"https:\/\/sindromecharge.es\/index.php\/2021\/06\/03\/ya-estan-disponibles-los-nuevos-materiales-para-promover-la-primera-resolucion-de-la-onu-sobre-er\/#breadcrumb"},"inLanguage":"es","potentialAction":[{"@type":"ReadAction","target":["https:\/\/sindromecharge.es\/index.php\/2021\/06\/03\/ya-estan-disponibles-los-nuevos-materiales-para-promover-la-primera-resolucion-de-la-onu-sobre-er\/"]}]},{"@type":"BreadcrumbList","@id":"https:\/\/sindromecharge.es\/index.php\/2021\/06\/03\/ya-estan-disponibles-los-nuevos-materiales-para-promover-la-primera-resolucion-de-la-onu-sobre-er\/#breadcrumb","itemListElement":[{"@type":"ListItem","position":1,"name":"Portada","item":"https:\/\/sindromecharge.es\/"},{"@type":"ListItem","position":2,"name":"Ya est\u00e1n disponibles los nuevos materiales para promover la primera resoluci\u00f3n de la ONU sobre ER"}]},{"@type":"WebSite","@id":"https:\/\/sindromecharge.es\/#website","url":"https:\/\/sindromecharge.es\/","name":"Asociaci\u00f3n Espa\u00f1ola S\u00edndrome de Charge","description":"","potentialAction":[{"@type":"SearchAction","target":{"@type":"EntryPoint","urlTemplate":"https:\/\/sindromecharge.es\/?s={search_term_string}"},"query-input":{"@type":"PropertyValueSpecification","valueRequired":true,"valueName":"search_term_string"}}],"inLanguage":"es"},{"@type":"Person","@id":"https:\/\/sindromecharge.es\/#\/schema\/person\/39a60ebe0a2b4d5a11179701e336b039","name":"Charge","image":{"@type":"ImageObject","inLanguage":"es","@id":"https:\/\/secure.gravatar.com\/avatar\/c3b46e32a0fc3b093a0873fb767bf3293de856293065e84ef06b7ec7a8acfb98?s=96&d=identicon&r=x","url":"https:\/\/secure.gravatar.com\/avatar\/c3b46e32a0fc3b093a0873fb767bf3293de856293065e84ef06b7ec7a8acfb98?s=96&d=identicon&r=x","contentUrl":"https:\/\/secure.gravatar.com\/avatar\/c3b46e32a0fc3b093a0873fb767bf3293de856293065e84ef06b7ec7a8acfb98?s=96&d=identicon&r=x","caption":"Charge"},"url":"https:\/\/sindromecharge.es\/index.php\/author\/admin\/"}]}},"_links":{"self":[{"href":"https:\/\/sindromecharge.es\/index.php\/wp-json\/wp\/v2\/posts\/7250","targetHints":{"allow":["GET"]}}],"collection":[{"href":"https:\/\/sindromecharge.es\/index.php\/wp-json\/wp\/v2\/posts"}],"about":[{"href":"https:\/\/sindromecharge.es\/index.php\/wp-json\/wp\/v2\/types\/post"}],"author":[{"embeddable":true,"href":"https:\/\/sindromecharge.es\/index.php\/wp-json\/wp\/v2\/users\/1"}],"replies":[{"embeddable":true,"href":"https:\/\/sindromecharge.es\/index.php\/wp-json\/wp\/v2\/comments?post=7250"}],"version-history":[{"count":0,"href":"https:\/\/sindromecharge.es\/index.php\/wp-json\/wp\/v2\/posts\/7250\/revisions"}],"wp:attachment":[{"href":"https:\/\/sindromecharge.es\/index.php\/wp-json\/wp\/v2\/media?parent=7250"}],"wp:term":[{"taxonomy":"category","embeddable":true,"href":"https:\/\/sindromecharge.es\/index.php\/wp-json\/wp\/v2\/categories?post=7250"},{"taxonomy":"post_tag","embeddable":true,"href":"https:\/\/sindromecharge.es\/index.php\/wp-json\/wp\/v2\/tags?post=7250"}],"curies":[{"name":"wp","href":"https:\/\/api.w.org\/{rel}","templated":true}]}}