{"id":7249,"date":"2021-06-01T22:21:39","date_gmt":"2021-06-01T22:21:39","guid":{"rendered":"https:\/\/sindromecharge.es\/index.php\/2021\/06\/01\/campamentos-aice-2021\/"},"modified":"2021-06-01T22:21:39","modified_gmt":"2021-06-01T22:21:39","slug":"campamentos-aice-2021","status":"publish","type":"post","link":"https:\/\/sindromecharge.es\/index.php\/2021\/06\/01\/campamentos-aice-2021\/","title":{"rendered":"Campamentos AICE 2021"},"content":{"rendered":"<p>Leemos en Federaci\u00f3n Aice la siguiente noticia que os reproducimos de forma \u00edntegra: <\/p>\n<p style=\"text-align: center\"><strong>\u00a1 LLEGA EL CAMPAMENTO AICE 2021 ! <\/strong><\/p>\n<p>Este a\u00f1o nos encontraremos del: <strong>17 de julio al 25 de julio <\/strong>en una casa cercana a Barcelona en&nbsp;<strong>grupo reducido<\/strong> y sin compartir espacio con ning\u00fan otro grupo para poder as\u00ed seguir con las indicaciones COVID y mantener el campamento de implantados cocleares exclusivamente.<\/p>\n<p><strong>Os adjuntamos el documento de inscripci\u00f3n. Debe devolverse rellenado y con la documentaci\u00f3n adjunta. (7 p\u00e1ginas y varios documentos personales como esc\u00e1ner&nbsp;del dni, etc.)<\/strong><\/p>\n<p><a href=\"http:\/\/www.implantecoclear.org\/images\/Campamento\/2021\/2021_CAMP AICE INSCRIPCI\u00d3N.pdf\" title=\"Descarga del documento en pdf\">Descarga del documento en pdf<\/a><\/p>\n<p>Con accesibilidad a la comunicaci\u00f3n, mascarillas comunicativas para los participantes y actividades siempre pensadas por y para nuestro colectivo, los implantados cocleares encontrar\u00e1n amistades y tendr\u00e1n ocio al aire libre y talleres donde mejorar\u00e1n sus conocimientos as\u00ed como extender\u00e1n su independencia. Nuestro objetivo es el empoderamiento de nuestros adolescentes.<\/p>\n<p>Monitores profesionales de la Fundaci\u00f3n Pere Tarr\u00e9s conjuntamente con personal de Federaci\u00f3n AICE y voluntarios relacionados con la sordera o propiamente implantados cocleares, cuidar\u00e1n de vuestros hijos para que pasen&nbsp;<strong>9 d\u00edas<\/strong> de ensue\u00f1o.<\/p>\n<p><strong>El precio del evento es de 400 euros por participante*. <\/strong>*Descuento para Familias con condiciones especiales, contactar con&nbsp;<a href=\"mailto:campamentos@implantecoclear.org\" target=\"_blank\" rel=\"noopener\">campamentos@implantecoclear.org<\/a><\/p>\n<p>El punto de encuentro es:   Estaci\u00f3n de Sants, Barcelona<br \/> &#8211; Habr\u00e1 voluntarios que saldr\u00e1n desde distintas partes de Espa\u00f1a, por lo que se puede contactar para organizar una salida.<br \/> &#8211; El coste desde el punto de residencia hasta Barcelona, va a cargo de la familia.<\/p>\n<p><a href=\"https:\/\/www.peretarres.org\/es\/casas-colonias-albergues\/casas-colonias-albergues-cataluna-baleares\/busca-tu-casa-colonias-albergue\/casa-de-colonias-mas-po-canyado-tiana-barcelona\" target=\"_blank\" rel=\"noopener\">Casa de Colonias Fundaci\u00f3n Pere Terr\u00e9s<\/a><\/p>\n<p>Fuente: Federaci\u00f3n Aice <a href=\"http:\/\/implantecoclear.org\/index.php?option=com_content&#038;view=article&#038;id=624:campamentos-aice-2021&#038;catid=1:latest-news\" target=\"_blank\" rel=\"noopener\">Campamentos AICE 2021<\/a><\/p>\n","protected":false},"excerpt":{"rendered":"<p>Leemos en Federaci\u00f3n Aice la siguiente noticia que os reproducimos de forma \u00edntegra: \u00a1 LLEGA EL CAMPAMENTO AICE 2021 ! Este a\u00f1o nos encontraremos del: 17 de julio al 25 de julio en una casa cercana a Barcelona en&nbsp;grupo reducido y sin compartir espacio con ning\u00fan otro grupo para poder as\u00ed seguir con las indicaciones [&hellip;]<\/p>\n","protected":false},"author":1,"featured_media":0,"comment_status":"open","ping_status":"closed","sticky":false,"template":"","format":"standard","meta":{"footnotes":""},"categories":[8],"tags":[31],"class_list":["post-7249","post","type-post","status-publish","format-standard","hentry","category-noticias","tag-discapacidad"],"yoast_head":"<!-- This site is optimized with the Yoast SEO plugin v27.4 - https:\/\/yoast.com\/product\/yoast-seo-wordpress\/ -->\n<title>Campamentos AICE 2021 - Asociaci\u00f3n Espa\u00f1ola S\u00edndrome de Charge<\/title>\n<meta name=\"robots\" content=\"index, follow, max-snippet:-1, max-image-preview:large, max-video-preview:-1\" \/>\n<link rel=\"canonical\" href=\"https:\/\/sindromecharge.es\/index.php\/2021\/06\/01\/campamentos-aice-2021\/\" \/>\n<meta property=\"og:locale\" content=\"es_ES\" \/>\n<meta property=\"og:type\" content=\"article\" \/>\n<meta property=\"og:title\" content=\"Campamentos AICE 2021 - Asociaci\u00f3n Espa\u00f1ola S\u00edndrome de Charge\" \/>\n<meta property=\"og:description\" content=\"Leemos en Federaci\u00f3n Aice la siguiente noticia que os reproducimos de forma \u00edntegra: \u00a1 LLEGA EL CAMPAMENTO AICE 2021 ! Este a\u00f1o nos encontraremos del: 17 de julio al 25 de julio en una casa cercana a Barcelona en&nbsp;grupo reducido y sin compartir espacio con ning\u00fan otro grupo para poder as\u00ed seguir con las indicaciones [&hellip;]\" \/>\n<meta property=\"og:url\" content=\"https:\/\/sindromecharge.es\/index.php\/2021\/06\/01\/campamentos-aice-2021\/\" \/>\n<meta property=\"og:site_name\" content=\"Asociaci\u00f3n Espa\u00f1ola S\u00edndrome de Charge\" \/>\n<meta property=\"article:publisher\" content=\"https:\/\/www.facebook.com\/asociacionsindromecharge\" \/>\n<meta property=\"article:published_time\" content=\"2021-06-01T22:21:39+00:00\" \/>\n<meta property=\"og:image\" content=\"https:\/\/sindromecharge.es\/wp-content\/uploads\/2013\/09\/logodecharge300x98.png\" \/>\n\t<meta property=\"og:image:width\" content=\"300\" \/>\n\t<meta property=\"og:image:height\" content=\"98\" \/>\n\t<meta property=\"og:image:type\" content=\"image\/png\" \/>\n<meta name=\"author\" content=\"Charge\" \/>\n<meta name=\"twitter:card\" content=\"summary_large_image\" \/>\n<meta name=\"twitter:creator\" content=\"@sindromecharge\" \/>\n<meta name=\"twitter:site\" content=\"@sindromecharge\" \/>\n<meta name=\"twitter:label1\" content=\"Escrito por\" \/>\n\t<meta name=\"twitter:data1\" content=\"Charge\" \/>\n\t<meta name=\"twitter:label2\" content=\"Tiempo de lectura\" \/>\n\t<meta name=\"twitter:data2\" content=\"1 minuto\" \/>\n<script type=\"application\/ld+json\" class=\"yoast-schema-graph\">{\"@context\":\"https:\\\/\\\/schema.org\",\"@graph\":[{\"@type\":\"Article\",\"@id\":\"https:\\\/\\\/sindromecharge.es\\\/index.php\\\/2021\\\/06\\\/01\\\/campamentos-aice-2021\\\/#article\",\"isPartOf\":{\"@id\":\"https:\\\/\\\/sindromecharge.es\\\/index.php\\\/2021\\\/06\\\/01\\\/campamentos-aice-2021\\\/\"},\"author\":{\"name\":\"Charge\",\"@id\":\"https:\\\/\\\/sindromecharge.es\\\/#\\\/schema\\\/person\\\/39a60ebe0a2b4d5a11179701e336b039\"},\"headline\":\"Campamentos AICE 2021\",\"datePublished\":\"2021-06-01T22:21:39+00:00\",\"mainEntityOfPage\":{\"@id\":\"https:\\\/\\\/sindromecharge.es\\\/index.php\\\/2021\\\/06\\\/01\\\/campamentos-aice-2021\\\/\"},\"wordCount\":277,\"commentCount\":0,\"keywords\":[\"discapacidad\"],\"articleSection\":[\"noticias\"],\"inLanguage\":\"es\",\"potentialAction\":[{\"@type\":\"CommentAction\",\"name\":\"Comment\",\"target\":[\"https:\\\/\\\/sindromecharge.es\\\/index.php\\\/2021\\\/06\\\/01\\\/campamentos-aice-2021\\\/#respond\"]}]},{\"@type\":\"WebPage\",\"@id\":\"https:\\\/\\\/sindromecharge.es\\\/index.php\\\/2021\\\/06\\\/01\\\/campamentos-aice-2021\\\/\",\"url\":\"https:\\\/\\\/sindromecharge.es\\\/index.php\\\/2021\\\/06\\\/01\\\/campamentos-aice-2021\\\/\",\"name\":\"Campamentos AICE 2021 - Asociaci\u00f3n Espa\u00f1ola S\u00edndrome de Charge\",\"isPartOf\":{\"@id\":\"https:\\\/\\\/sindromecharge.es\\\/#website\"},\"datePublished\":\"2021-06-01T22:21:39+00:00\",\"author\":{\"@id\":\"https:\\\/\\\/sindromecharge.es\\\/#\\\/schema\\\/person\\\/39a60ebe0a2b4d5a11179701e336b039\"},\"breadcrumb\":{\"@id\":\"https:\\\/\\\/sindromecharge.es\\\/index.php\\\/2021\\\/06\\\/01\\\/campamentos-aice-2021\\\/#breadcrumb\"},\"inLanguage\":\"es\",\"potentialAction\":[{\"@type\":\"ReadAction\",\"target\":[\"https:\\\/\\\/sindromecharge.es\\\/index.php\\\/2021\\\/06\\\/01\\\/campamentos-aice-2021\\\/\"]}]},{\"@type\":\"BreadcrumbList\",\"@id\":\"https:\\\/\\\/sindromecharge.es\\\/index.php\\\/2021\\\/06\\\/01\\\/campamentos-aice-2021\\\/#breadcrumb\",\"itemListElement\":[{\"@type\":\"ListItem\",\"position\":1,\"name\":\"Portada\",\"item\":\"https:\\\/\\\/sindromecharge.es\\\/\"},{\"@type\":\"ListItem\",\"position\":2,\"name\":\"Campamentos AICE 2021\"}]},{\"@type\":\"WebSite\",\"@id\":\"https:\\\/\\\/sindromecharge.es\\\/#website\",\"url\":\"https:\\\/\\\/sindromecharge.es\\\/\",\"name\":\"Asociaci\u00f3n Espa\u00f1ola S\u00edndrome de Charge\",\"description\":\"\",\"potentialAction\":[{\"@type\":\"SearchAction\",\"target\":{\"@type\":\"EntryPoint\",\"urlTemplate\":\"https:\\\/\\\/sindromecharge.es\\\/?s={search_term_string}\"},\"query-input\":{\"@type\":\"PropertyValueSpecification\",\"valueRequired\":true,\"valueName\":\"search_term_string\"}}],\"inLanguage\":\"es\"},{\"@type\":\"Person\",\"@id\":\"https:\\\/\\\/sindromecharge.es\\\/#\\\/schema\\\/person\\\/39a60ebe0a2b4d5a11179701e336b039\",\"name\":\"Charge\",\"image\":{\"@type\":\"ImageObject\",\"inLanguage\":\"es\",\"@id\":\"https:\\\/\\\/secure.gravatar.com\\\/avatar\\\/c3b46e32a0fc3b093a0873fb767bf3293de856293065e84ef06b7ec7a8acfb98?s=96&d=identicon&r=x\",\"url\":\"https:\\\/\\\/secure.gravatar.com\\\/avatar\\\/c3b46e32a0fc3b093a0873fb767bf3293de856293065e84ef06b7ec7a8acfb98?s=96&d=identicon&r=x\",\"contentUrl\":\"https:\\\/\\\/secure.gravatar.com\\\/avatar\\\/c3b46e32a0fc3b093a0873fb767bf3293de856293065e84ef06b7ec7a8acfb98?s=96&d=identicon&r=x\",\"caption\":\"Charge\"},\"url\":\"https:\\\/\\\/sindromecharge.es\\\/index.php\\\/author\\\/admin\\\/\"}]}<\/script>\n<!-- \/ Yoast SEO plugin. -->","yoast_head_json":{"title":"Campamentos AICE 2021 - Asociaci\u00f3n Espa\u00f1ola S\u00edndrome de Charge","robots":{"index":"index","follow":"follow","max-snippet":"max-snippet:-1","max-image-preview":"max-image-preview:large","max-video-preview":"max-video-preview:-1"},"canonical":"https:\/\/sindromecharge.es\/index.php\/2021\/06\/01\/campamentos-aice-2021\/","og_locale":"es_ES","og_type":"article","og_title":"Campamentos AICE 2021 - Asociaci\u00f3n Espa\u00f1ola S\u00edndrome de Charge","og_description":"Leemos en Federaci\u00f3n Aice la siguiente noticia que os reproducimos de forma \u00edntegra: \u00a1 LLEGA EL CAMPAMENTO AICE 2021 ! Este a\u00f1o nos encontraremos del: 17 de julio al 25 de julio en una casa cercana a Barcelona en&nbsp;grupo reducido y sin compartir espacio con ning\u00fan otro grupo para poder as\u00ed seguir con las indicaciones [&hellip;]","og_url":"https:\/\/sindromecharge.es\/index.php\/2021\/06\/01\/campamentos-aice-2021\/","og_site_name":"Asociaci\u00f3n Espa\u00f1ola S\u00edndrome de Charge","article_publisher":"https:\/\/www.facebook.com\/asociacionsindromecharge","article_published_time":"2021-06-01T22:21:39+00:00","og_image":[{"width":300,"height":98,"url":"https:\/\/sindromecharge.es\/wp-content\/uploads\/2013\/09\/logodecharge300x98.png","type":"image\/png"}],"author":"Charge","twitter_card":"summary_large_image","twitter_creator":"@sindromecharge","twitter_site":"@sindromecharge","twitter_misc":{"Escrito por":"Charge","Tiempo de lectura":"1 minuto"},"schema":{"@context":"https:\/\/schema.org","@graph":[{"@type":"Article","@id":"https:\/\/sindromecharge.es\/index.php\/2021\/06\/01\/campamentos-aice-2021\/#article","isPartOf":{"@id":"https:\/\/sindromecharge.es\/index.php\/2021\/06\/01\/campamentos-aice-2021\/"},"author":{"name":"Charge","@id":"https:\/\/sindromecharge.es\/#\/schema\/person\/39a60ebe0a2b4d5a11179701e336b039"},"headline":"Campamentos AICE 2021","datePublished":"2021-06-01T22:21:39+00:00","mainEntityOfPage":{"@id":"https:\/\/sindromecharge.es\/index.php\/2021\/06\/01\/campamentos-aice-2021\/"},"wordCount":277,"commentCount":0,"keywords":["discapacidad"],"articleSection":["noticias"],"inLanguage":"es","potentialAction":[{"@type":"CommentAction","name":"Comment","target":["https:\/\/sindromecharge.es\/index.php\/2021\/06\/01\/campamentos-aice-2021\/#respond"]}]},{"@type":"WebPage","@id":"https:\/\/sindromecharge.es\/index.php\/2021\/06\/01\/campamentos-aice-2021\/","url":"https:\/\/sindromecharge.es\/index.php\/2021\/06\/01\/campamentos-aice-2021\/","name":"Campamentos AICE 2021 - Asociaci\u00f3n Espa\u00f1ola S\u00edndrome de Charge","isPartOf":{"@id":"https:\/\/sindromecharge.es\/#website"},"datePublished":"2021-06-01T22:21:39+00:00","author":{"@id":"https:\/\/sindromecharge.es\/#\/schema\/person\/39a60ebe0a2b4d5a11179701e336b039"},"breadcrumb":{"@id":"https:\/\/sindromecharge.es\/index.php\/2021\/06\/01\/campamentos-aice-2021\/#breadcrumb"},"inLanguage":"es","potentialAction":[{"@type":"ReadAction","target":["https:\/\/sindromecharge.es\/index.php\/2021\/06\/01\/campamentos-aice-2021\/"]}]},{"@type":"BreadcrumbList","@id":"https:\/\/sindromecharge.es\/index.php\/2021\/06\/01\/campamentos-aice-2021\/#breadcrumb","itemListElement":[{"@type":"ListItem","position":1,"name":"Portada","item":"https:\/\/sindromecharge.es\/"},{"@type":"ListItem","position":2,"name":"Campamentos AICE 2021"}]},{"@type":"WebSite","@id":"https:\/\/sindromecharge.es\/#website","url":"https:\/\/sindromecharge.es\/","name":"Asociaci\u00f3n Espa\u00f1ola S\u00edndrome de Charge","description":"","potentialAction":[{"@type":"SearchAction","target":{"@type":"EntryPoint","urlTemplate":"https:\/\/sindromecharge.es\/?s={search_term_string}"},"query-input":{"@type":"PropertyValueSpecification","valueRequired":true,"valueName":"search_term_string"}}],"inLanguage":"es"},{"@type":"Person","@id":"https:\/\/sindromecharge.es\/#\/schema\/person\/39a60ebe0a2b4d5a11179701e336b039","name":"Charge","image":{"@type":"ImageObject","inLanguage":"es","@id":"https:\/\/secure.gravatar.com\/avatar\/c3b46e32a0fc3b093a0873fb767bf3293de856293065e84ef06b7ec7a8acfb98?s=96&d=identicon&r=x","url":"https:\/\/secure.gravatar.com\/avatar\/c3b46e32a0fc3b093a0873fb767bf3293de856293065e84ef06b7ec7a8acfb98?s=96&d=identicon&r=x","contentUrl":"https:\/\/secure.gravatar.com\/avatar\/c3b46e32a0fc3b093a0873fb767bf3293de856293065e84ef06b7ec7a8acfb98?s=96&d=identicon&r=x","caption":"Charge"},"url":"https:\/\/sindromecharge.es\/index.php\/author\/admin\/"}]}},"_links":{"self":[{"href":"https:\/\/sindromecharge.es\/index.php\/wp-json\/wp\/v2\/posts\/7249","targetHints":{"allow":["GET"]}}],"collection":[{"href":"https:\/\/sindromecharge.es\/index.php\/wp-json\/wp\/v2\/posts"}],"about":[{"href":"https:\/\/sindromecharge.es\/index.php\/wp-json\/wp\/v2\/types\/post"}],"author":[{"embeddable":true,"href":"https:\/\/sindromecharge.es\/index.php\/wp-json\/wp\/v2\/users\/1"}],"replies":[{"embeddable":true,"href":"https:\/\/sindromecharge.es\/index.php\/wp-json\/wp\/v2\/comments?post=7249"}],"version-history":[{"count":0,"href":"https:\/\/sindromecharge.es\/index.php\/wp-json\/wp\/v2\/posts\/7249\/revisions"}],"wp:attachment":[{"href":"https:\/\/sindromecharge.es\/index.php\/wp-json\/wp\/v2\/media?parent=7249"}],"wp:term":[{"taxonomy":"category","embeddable":true,"href":"https:\/\/sindromecharge.es\/index.php\/wp-json\/wp\/v2\/categories?post=7249"},{"taxonomy":"post_tag","embeddable":true,"href":"https:\/\/sindromecharge.es\/index.php\/wp-json\/wp\/v2\/tags?post=7249"}],"curies":[{"name":"wp","href":"https:\/\/api.w.org\/{rel}","templated":true}]}}