{"id":7248,"date":"2021-06-02T18:19:04","date_gmt":"2021-06-02T18:19:04","guid":{"rendered":"https:\/\/sindromecharge.es\/index.php\/2021\/06\/02\/hermoso-de-mendoza-recibe-a-los-deportistas-de-la-federacion-de-deportes-para-personas-con-discapacidad-intelectual\/"},"modified":"2021-06-02T18:19:04","modified_gmt":"2021-06-02T18:19:04","slug":"hermoso-de-mendoza-recibe-a-los-deportistas-de-la-federacion-de-deportes-para-personas-con-discapacidad-intelectual","status":"publish","type":"post","link":"https:\/\/sindromecharge.es\/index.php\/2021\/06\/02\/hermoso-de-mendoza-recibe-a-los-deportistas-de-la-federacion-de-deportes-para-personas-con-discapacidad-intelectual\/","title":{"rendered":"Hermoso de Mendoza recibe a los deportistas de la Federaci\u00f3n de Deportes para personas con discapacidad intelectual"},"content":{"rendered":"<p>Leemos en 20minutos la siguiente noticia que os reproducimos de forma \u00edntegra: <\/p>\n<p>Junto al alcalde han participado tambi\u00e9n los concejales de Deportes, Rub\u00e9n Anto\u00f1anzas, y de Servicios Sociales y Desarrollo Comunitario, Iv\u00e1n Reinares. Todos ellos han mantenido un encuentro distendido con el equipo riojano.<\/p>\n<p>Los d\u00edas 28 y 29 de mayo se realizaron en Albacete los campeonatos de Espa\u00f1a de Atletismo para personas con discapacidad intelectual. En total, han participado 45 equipos de 16 Comunidades Aut\u00f3noma con un total de 291 deportistas.<\/p>\n<p>La Rioja estuvo representada por 6 chicos y una chica que participaron en diversas modalidades deportivas. Lorena G\u00f3mez consigui\u00f3 una medalla de oro en lanzamiento de disco y una de bronce en jabalina. Javier Gentico, la medalla de oro en la carrera de 800 metros adaptada. Y, finalmente, David Plaza, la medalla de plata en lanzamiento de martillo. Los otros deportistas han estado igualmente en alto nivel como Sebasti\u00e1n P\u00e9rez que ha quedado quinto en la carrera de 5.000 metros y finalista en la de 1.500 metros. Por \u00faltimo, defendieron sus pruebas Jos\u00e9 Ram\u00edrez, Asier Morales y Jica Garz\u00f3n.<\/p>\n<p>La Federaci\u00f3n de Deportes para Personas con Discapacidad Intelectual tambi\u00e9n tiene otras disciplinas como la nataci\u00f3n, baloncesto, f\u00fatbol sala, entre otros deportes. La pr\u00f3xima semana se realizar\u00e1 en San Fernando (C\u00e1diz) el Campeonato Nacional de Selecciones Auton\u00f3micas para las diferentes disciplinas deportivas al que acudir tambi\u00e9n La Rioja.<\/p>\n<p>Fuente: 20minutos <a href=\"https:\/\/www.20minutos.es\/noticia\/4717127\/0\/hermoso-de-mendoza-recibe-a-los-deportistas-de-la-federacion-de-deportes-para-personas-con-discapacidad-intelectual\/\" target=\"_blank\" rel=\"noopener\">Hermoso de Mendoza recibe a los deportistas de la Federaci\u00f3n de Deportes para personas con discapacidad intelectual<\/a><\/p>\n","protected":false},"excerpt":{"rendered":"<p>Leemos en 20minutos la siguiente noticia que os reproducimos de forma \u00edntegra: Junto al alcalde han participado tambi\u00e9n los concejales de Deportes, Rub\u00e9n Anto\u00f1anzas, y de Servicios Sociales y Desarrollo Comunitario, Iv\u00e1n Reinares. Todos ellos han mantenido un encuentro distendido con el equipo riojano. Los d\u00edas 28 y 29 de mayo se realizaron en Albacete [&hellip;]<\/p>\n","protected":false},"author":1,"featured_media":0,"comment_status":"open","ping_status":"closed","sticky":false,"template":"","format":"standard","meta":{"footnotes":""},"categories":[8],"tags":[31],"class_list":["post-7248","post","type-post","status-publish","format-standard","hentry","category-noticias","tag-discapacidad"],"yoast_head":"<!-- This site is optimized with the Yoast SEO plugin v27.4 - https:\/\/yoast.com\/product\/yoast-seo-wordpress\/ -->\n<title>Hermoso de Mendoza recibe a los deportistas de la Federaci\u00f3n de Deportes para personas con discapacidad intelectual - Asociaci\u00f3n Espa\u00f1ola S\u00edndrome de Charge<\/title>\n<meta name=\"robots\" content=\"index, follow, max-snippet:-1, max-image-preview:large, max-video-preview:-1\" \/>\n<link rel=\"canonical\" href=\"https:\/\/sindromecharge.es\/index.php\/2021\/06\/02\/hermoso-de-mendoza-recibe-a-los-deportistas-de-la-federacion-de-deportes-para-personas-con-discapacidad-intelectual\/\" \/>\n<meta property=\"og:locale\" content=\"es_ES\" \/>\n<meta property=\"og:type\" content=\"article\" \/>\n<meta property=\"og:title\" content=\"Hermoso de Mendoza recibe a los deportistas de la Federaci\u00f3n de Deportes para personas con discapacidad intelectual - Asociaci\u00f3n Espa\u00f1ola S\u00edndrome de Charge\" \/>\n<meta property=\"og:description\" content=\"Leemos en 20minutos la siguiente noticia que os reproducimos de forma \u00edntegra: Junto al alcalde han participado tambi\u00e9n los concejales de Deportes, Rub\u00e9n Anto\u00f1anzas, y de Servicios Sociales y Desarrollo Comunitario, Iv\u00e1n Reinares. Todos ellos han mantenido un encuentro distendido con el equipo riojano. Los d\u00edas 28 y 29 de mayo se realizaron en Albacete [&hellip;]\" \/>\n<meta property=\"og:url\" content=\"https:\/\/sindromecharge.es\/index.php\/2021\/06\/02\/hermoso-de-mendoza-recibe-a-los-deportistas-de-la-federacion-de-deportes-para-personas-con-discapacidad-intelectual\/\" \/>\n<meta property=\"og:site_name\" content=\"Asociaci\u00f3n Espa\u00f1ola S\u00edndrome de Charge\" \/>\n<meta property=\"article:publisher\" content=\"https:\/\/www.facebook.com\/asociacionsindromecharge\" \/>\n<meta property=\"article:published_time\" content=\"2021-06-02T18:19:04+00:00\" \/>\n<meta property=\"og:image\" content=\"https:\/\/sindromecharge.es\/wp-content\/uploads\/2013\/09\/logodecharge300x98.png\" \/>\n\t<meta property=\"og:image:width\" content=\"300\" \/>\n\t<meta property=\"og:image:height\" content=\"98\" \/>\n\t<meta property=\"og:image:type\" content=\"image\/png\" \/>\n<meta name=\"author\" content=\"Charge\" \/>\n<meta name=\"twitter:card\" content=\"summary_large_image\" \/>\n<meta name=\"twitter:creator\" content=\"@sindromecharge\" \/>\n<meta name=\"twitter:site\" content=\"@sindromecharge\" \/>\n<meta name=\"twitter:label1\" content=\"Escrito por\" \/>\n\t<meta name=\"twitter:data1\" content=\"Charge\" \/>\n\t<meta name=\"twitter:label2\" content=\"Tiempo de lectura\" \/>\n\t<meta name=\"twitter:data2\" content=\"1 minuto\" \/>\n<script type=\"application\/ld+json\" class=\"yoast-schema-graph\">{\"@context\":\"https:\\\/\\\/schema.org\",\"@graph\":[{\"@type\":\"Article\",\"@id\":\"https:\\\/\\\/sindromecharge.es\\\/index.php\\\/2021\\\/06\\\/02\\\/hermoso-de-mendoza-recibe-a-los-deportistas-de-la-federacion-de-deportes-para-personas-con-discapacidad-intelectual\\\/#article\",\"isPartOf\":{\"@id\":\"https:\\\/\\\/sindromecharge.es\\\/index.php\\\/2021\\\/06\\\/02\\\/hermoso-de-mendoza-recibe-a-los-deportistas-de-la-federacion-de-deportes-para-personas-con-discapacidad-intelectual\\\/\"},\"author\":{\"name\":\"Charge\",\"@id\":\"https:\\\/\\\/sindromecharge.es\\\/#\\\/schema\\\/person\\\/39a60ebe0a2b4d5a11179701e336b039\"},\"headline\":\"Hermoso de Mendoza recibe a los deportistas de la Federaci\u00f3n de Deportes para personas con discapacidad intelectual\",\"datePublished\":\"2021-06-02T18:19:04+00:00\",\"mainEntityOfPage\":{\"@id\":\"https:\\\/\\\/sindromecharge.es\\\/index.php\\\/2021\\\/06\\\/02\\\/hermoso-de-mendoza-recibe-a-los-deportistas-de-la-federacion-de-deportes-para-personas-con-discapacidad-intelectual\\\/\"},\"wordCount\":278,\"commentCount\":0,\"keywords\":[\"discapacidad\"],\"articleSection\":[\"noticias\"],\"inLanguage\":\"es\",\"potentialAction\":[{\"@type\":\"CommentAction\",\"name\":\"Comment\",\"target\":[\"https:\\\/\\\/sindromecharge.es\\\/index.php\\\/2021\\\/06\\\/02\\\/hermoso-de-mendoza-recibe-a-los-deportistas-de-la-federacion-de-deportes-para-personas-con-discapacidad-intelectual\\\/#respond\"]}]},{\"@type\":\"WebPage\",\"@id\":\"https:\\\/\\\/sindromecharge.es\\\/index.php\\\/2021\\\/06\\\/02\\\/hermoso-de-mendoza-recibe-a-los-deportistas-de-la-federacion-de-deportes-para-personas-con-discapacidad-intelectual\\\/\",\"url\":\"https:\\\/\\\/sindromecharge.es\\\/index.php\\\/2021\\\/06\\\/02\\\/hermoso-de-mendoza-recibe-a-los-deportistas-de-la-federacion-de-deportes-para-personas-con-discapacidad-intelectual\\\/\",\"name\":\"Hermoso de Mendoza recibe a los deportistas de la Federaci\u00f3n de Deportes para personas con discapacidad intelectual - Asociaci\u00f3n Espa\u00f1ola S\u00edndrome de Charge\",\"isPartOf\":{\"@id\":\"https:\\\/\\\/sindromecharge.es\\\/#website\"},\"datePublished\":\"2021-06-02T18:19:04+00:00\",\"author\":{\"@id\":\"https:\\\/\\\/sindromecharge.es\\\/#\\\/schema\\\/person\\\/39a60ebe0a2b4d5a11179701e336b039\"},\"breadcrumb\":{\"@id\":\"https:\\\/\\\/sindromecharge.es\\\/index.php\\\/2021\\\/06\\\/02\\\/hermoso-de-mendoza-recibe-a-los-deportistas-de-la-federacion-de-deportes-para-personas-con-discapacidad-intelectual\\\/#breadcrumb\"},\"inLanguage\":\"es\",\"potentialAction\":[{\"@type\":\"ReadAction\",\"target\":[\"https:\\\/\\\/sindromecharge.es\\\/index.php\\\/2021\\\/06\\\/02\\\/hermoso-de-mendoza-recibe-a-los-deportistas-de-la-federacion-de-deportes-para-personas-con-discapacidad-intelectual\\\/\"]}]},{\"@type\":\"BreadcrumbList\",\"@id\":\"https:\\\/\\\/sindromecharge.es\\\/index.php\\\/2021\\\/06\\\/02\\\/hermoso-de-mendoza-recibe-a-los-deportistas-de-la-federacion-de-deportes-para-personas-con-discapacidad-intelectual\\\/#breadcrumb\",\"itemListElement\":[{\"@type\":\"ListItem\",\"position\":1,\"name\":\"Portada\",\"item\":\"https:\\\/\\\/sindromecharge.es\\\/\"},{\"@type\":\"ListItem\",\"position\":2,\"name\":\"Hermoso de Mendoza recibe a los deportistas de la Federaci\u00f3n de Deportes para personas con discapacidad intelectual\"}]},{\"@type\":\"WebSite\",\"@id\":\"https:\\\/\\\/sindromecharge.es\\\/#website\",\"url\":\"https:\\\/\\\/sindromecharge.es\\\/\",\"name\":\"Asociaci\u00f3n Espa\u00f1ola S\u00edndrome de Charge\",\"description\":\"\",\"potentialAction\":[{\"@type\":\"SearchAction\",\"target\":{\"@type\":\"EntryPoint\",\"urlTemplate\":\"https:\\\/\\\/sindromecharge.es\\\/?s={search_term_string}\"},\"query-input\":{\"@type\":\"PropertyValueSpecification\",\"valueRequired\":true,\"valueName\":\"search_term_string\"}}],\"inLanguage\":\"es\"},{\"@type\":\"Person\",\"@id\":\"https:\\\/\\\/sindromecharge.es\\\/#\\\/schema\\\/person\\\/39a60ebe0a2b4d5a11179701e336b039\",\"name\":\"Charge\",\"image\":{\"@type\":\"ImageObject\",\"inLanguage\":\"es\",\"@id\":\"https:\\\/\\\/secure.gravatar.com\\\/avatar\\\/c3b46e32a0fc3b093a0873fb767bf3293de856293065e84ef06b7ec7a8acfb98?s=96&d=identicon&r=x\",\"url\":\"https:\\\/\\\/secure.gravatar.com\\\/avatar\\\/c3b46e32a0fc3b093a0873fb767bf3293de856293065e84ef06b7ec7a8acfb98?s=96&d=identicon&r=x\",\"contentUrl\":\"https:\\\/\\\/secure.gravatar.com\\\/avatar\\\/c3b46e32a0fc3b093a0873fb767bf3293de856293065e84ef06b7ec7a8acfb98?s=96&d=identicon&r=x\",\"caption\":\"Charge\"},\"url\":\"https:\\\/\\\/sindromecharge.es\\\/index.php\\\/author\\\/admin\\\/\"}]}<\/script>\n<!-- \/ Yoast SEO plugin. -->","yoast_head_json":{"title":"Hermoso de Mendoza recibe a los deportistas de la Federaci\u00f3n de Deportes para personas con discapacidad intelectual - Asociaci\u00f3n Espa\u00f1ola S\u00edndrome de Charge","robots":{"index":"index","follow":"follow","max-snippet":"max-snippet:-1","max-image-preview":"max-image-preview:large","max-video-preview":"max-video-preview:-1"},"canonical":"https:\/\/sindromecharge.es\/index.php\/2021\/06\/02\/hermoso-de-mendoza-recibe-a-los-deportistas-de-la-federacion-de-deportes-para-personas-con-discapacidad-intelectual\/","og_locale":"es_ES","og_type":"article","og_title":"Hermoso de Mendoza recibe a los deportistas de la Federaci\u00f3n de Deportes para personas con discapacidad intelectual - Asociaci\u00f3n Espa\u00f1ola S\u00edndrome de Charge","og_description":"Leemos en 20minutos la siguiente noticia que os reproducimos de forma \u00edntegra: Junto al alcalde han participado tambi\u00e9n los concejales de Deportes, Rub\u00e9n Anto\u00f1anzas, y de Servicios Sociales y Desarrollo Comunitario, Iv\u00e1n Reinares. Todos ellos han mantenido un encuentro distendido con el equipo riojano. Los d\u00edas 28 y 29 de mayo se realizaron en Albacete [&hellip;]","og_url":"https:\/\/sindromecharge.es\/index.php\/2021\/06\/02\/hermoso-de-mendoza-recibe-a-los-deportistas-de-la-federacion-de-deportes-para-personas-con-discapacidad-intelectual\/","og_site_name":"Asociaci\u00f3n Espa\u00f1ola S\u00edndrome de Charge","article_publisher":"https:\/\/www.facebook.com\/asociacionsindromecharge","article_published_time":"2021-06-02T18:19:04+00:00","og_image":[{"width":300,"height":98,"url":"https:\/\/sindromecharge.es\/wp-content\/uploads\/2013\/09\/logodecharge300x98.png","type":"image\/png"}],"author":"Charge","twitter_card":"summary_large_image","twitter_creator":"@sindromecharge","twitter_site":"@sindromecharge","twitter_misc":{"Escrito por":"Charge","Tiempo de lectura":"1 minuto"},"schema":{"@context":"https:\/\/schema.org","@graph":[{"@type":"Article","@id":"https:\/\/sindromecharge.es\/index.php\/2021\/06\/02\/hermoso-de-mendoza-recibe-a-los-deportistas-de-la-federacion-de-deportes-para-personas-con-discapacidad-intelectual\/#article","isPartOf":{"@id":"https:\/\/sindromecharge.es\/index.php\/2021\/06\/02\/hermoso-de-mendoza-recibe-a-los-deportistas-de-la-federacion-de-deportes-para-personas-con-discapacidad-intelectual\/"},"author":{"name":"Charge","@id":"https:\/\/sindromecharge.es\/#\/schema\/person\/39a60ebe0a2b4d5a11179701e336b039"},"headline":"Hermoso de Mendoza recibe a los deportistas de la Federaci\u00f3n de Deportes para personas con discapacidad intelectual","datePublished":"2021-06-02T18:19:04+00:00","mainEntityOfPage":{"@id":"https:\/\/sindromecharge.es\/index.php\/2021\/06\/02\/hermoso-de-mendoza-recibe-a-los-deportistas-de-la-federacion-de-deportes-para-personas-con-discapacidad-intelectual\/"},"wordCount":278,"commentCount":0,"keywords":["discapacidad"],"articleSection":["noticias"],"inLanguage":"es","potentialAction":[{"@type":"CommentAction","name":"Comment","target":["https:\/\/sindromecharge.es\/index.php\/2021\/06\/02\/hermoso-de-mendoza-recibe-a-los-deportistas-de-la-federacion-de-deportes-para-personas-con-discapacidad-intelectual\/#respond"]}]},{"@type":"WebPage","@id":"https:\/\/sindromecharge.es\/index.php\/2021\/06\/02\/hermoso-de-mendoza-recibe-a-los-deportistas-de-la-federacion-de-deportes-para-personas-con-discapacidad-intelectual\/","url":"https:\/\/sindromecharge.es\/index.php\/2021\/06\/02\/hermoso-de-mendoza-recibe-a-los-deportistas-de-la-federacion-de-deportes-para-personas-con-discapacidad-intelectual\/","name":"Hermoso de Mendoza recibe a los deportistas de la Federaci\u00f3n de Deportes para personas con discapacidad intelectual - Asociaci\u00f3n Espa\u00f1ola S\u00edndrome de Charge","isPartOf":{"@id":"https:\/\/sindromecharge.es\/#website"},"datePublished":"2021-06-02T18:19:04+00:00","author":{"@id":"https:\/\/sindromecharge.es\/#\/schema\/person\/39a60ebe0a2b4d5a11179701e336b039"},"breadcrumb":{"@id":"https:\/\/sindromecharge.es\/index.php\/2021\/06\/02\/hermoso-de-mendoza-recibe-a-los-deportistas-de-la-federacion-de-deportes-para-personas-con-discapacidad-intelectual\/#breadcrumb"},"inLanguage":"es","potentialAction":[{"@type":"ReadAction","target":["https:\/\/sindromecharge.es\/index.php\/2021\/06\/02\/hermoso-de-mendoza-recibe-a-los-deportistas-de-la-federacion-de-deportes-para-personas-con-discapacidad-intelectual\/"]}]},{"@type":"BreadcrumbList","@id":"https:\/\/sindromecharge.es\/index.php\/2021\/06\/02\/hermoso-de-mendoza-recibe-a-los-deportistas-de-la-federacion-de-deportes-para-personas-con-discapacidad-intelectual\/#breadcrumb","itemListElement":[{"@type":"ListItem","position":1,"name":"Portada","item":"https:\/\/sindromecharge.es\/"},{"@type":"ListItem","position":2,"name":"Hermoso de Mendoza recibe a los deportistas de la Federaci\u00f3n de Deportes para personas con discapacidad intelectual"}]},{"@type":"WebSite","@id":"https:\/\/sindromecharge.es\/#website","url":"https:\/\/sindromecharge.es\/","name":"Asociaci\u00f3n Espa\u00f1ola S\u00edndrome de Charge","description":"","potentialAction":[{"@type":"SearchAction","target":{"@type":"EntryPoint","urlTemplate":"https:\/\/sindromecharge.es\/?s={search_term_string}"},"query-input":{"@type":"PropertyValueSpecification","valueRequired":true,"valueName":"search_term_string"}}],"inLanguage":"es"},{"@type":"Person","@id":"https:\/\/sindromecharge.es\/#\/schema\/person\/39a60ebe0a2b4d5a11179701e336b039","name":"Charge","image":{"@type":"ImageObject","inLanguage":"es","@id":"https:\/\/secure.gravatar.com\/avatar\/c3b46e32a0fc3b093a0873fb767bf3293de856293065e84ef06b7ec7a8acfb98?s=96&d=identicon&r=x","url":"https:\/\/secure.gravatar.com\/avatar\/c3b46e32a0fc3b093a0873fb767bf3293de856293065e84ef06b7ec7a8acfb98?s=96&d=identicon&r=x","contentUrl":"https:\/\/secure.gravatar.com\/avatar\/c3b46e32a0fc3b093a0873fb767bf3293de856293065e84ef06b7ec7a8acfb98?s=96&d=identicon&r=x","caption":"Charge"},"url":"https:\/\/sindromecharge.es\/index.php\/author\/admin\/"}]}},"_links":{"self":[{"href":"https:\/\/sindromecharge.es\/index.php\/wp-json\/wp\/v2\/posts\/7248","targetHints":{"allow":["GET"]}}],"collection":[{"href":"https:\/\/sindromecharge.es\/index.php\/wp-json\/wp\/v2\/posts"}],"about":[{"href":"https:\/\/sindromecharge.es\/index.php\/wp-json\/wp\/v2\/types\/post"}],"author":[{"embeddable":true,"href":"https:\/\/sindromecharge.es\/index.php\/wp-json\/wp\/v2\/users\/1"}],"replies":[{"embeddable":true,"href":"https:\/\/sindromecharge.es\/index.php\/wp-json\/wp\/v2\/comments?post=7248"}],"version-history":[{"count":0,"href":"https:\/\/sindromecharge.es\/index.php\/wp-json\/wp\/v2\/posts\/7248\/revisions"}],"wp:attachment":[{"href":"https:\/\/sindromecharge.es\/index.php\/wp-json\/wp\/v2\/media?parent=7248"}],"wp:term":[{"taxonomy":"category","embeddable":true,"href":"https:\/\/sindromecharge.es\/index.php\/wp-json\/wp\/v2\/categories?post=7248"},{"taxonomy":"post_tag","embeddable":true,"href":"https:\/\/sindromecharge.es\/index.php\/wp-json\/wp\/v2\/tags?post=7248"}],"curies":[{"name":"wp","href":"https:\/\/api.w.org\/{rel}","templated":true}]}}