{"id":7247,"date":"2021-06-02T14:02:22","date_gmt":"2021-06-02T14:02:22","guid":{"rendered":"https:\/\/sindromecharge.es\/index.php\/2021\/06\/02\/teresa-perales-dedica-el-princesa-de-los-deportes-a-todos-los-que-sonamos-con-subir-a-lo-mas-alto-del-podium\/"},"modified":"2021-06-02T14:02:22","modified_gmt":"2021-06-02T14:02:22","slug":"teresa-perales-dedica-el-princesa-de-los-deportes-a-todos-los-que-sonamos-con-subir-a-lo-mas-alto-del-podium","status":"publish","type":"post","link":"https:\/\/sindromecharge.es\/index.php\/2021\/06\/02\/teresa-perales-dedica-el-princesa-de-los-deportes-a-todos-los-que-sonamos-con-subir-a-lo-mas-alto-del-podium\/","title":{"rendered":"Teresa Perales dedica el Princesa de los Deportes &quot;a todos los que so\u00f1amos con subir a lo m\u00e1s alto del p\u00f3dium&quot;"},"content":{"rendered":"<p>Leemos en 20minutos la siguiente noticia que os reproducimos de forma \u00edntegra: <\/p>\n<p>\u00abHa sido una ma\u00f1ana de much\u00edsimas emociones. Nadie se puede imaginar la emoci\u00f3n tan intensa que siento ahora mismo dentro de m\u00ed y el agradecimiento tan profundo, de verdad, a la Fundaci\u00f3n por concederme este Premio\u00bb, ha indicado Perales a trav\u00e9s de unas declaraciones distribuidas por la Fundaci\u00f3n.<\/p>\n<p>La deportista ha recordado que este a\u00f1o ha sido \u00abmuy dif\u00edcil para todos\u00bb, pero que \u00abestamos en este barco juntos de la pandemia y sabemos lo complicado que se nos ha puesto todo\u00bb. Tambi\u00e9n para los deportistas que estamos preparando los Juegos Ol\u00edmpicos y los Juegos Paral\u00edmpicos de Tokio, ha a\u00f1adido, para compartir el galard\u00f3n con todos ellos.<\/p>\n<p>\u00abCon todos los que en alg\u00fan momento, con esos deportistas paral\u00edmpicos, con todas esas personas con discapacidad, con todas esas mujeres deportistas, con todas las mujeres deportistas mam\u00e1s, con todos los que so\u00f1amos en alg\u00fan momento con subir a lo m\u00e1s alto del p\u00f3dium o con mejorar cada d\u00eda en cada una de las cosas que hacemos\u00bb, ha sentenciado.<\/p>\n<p>Fuente: 20minutos <a href=\"https:\/\/www.20minutos.es\/noticia\/4716716\/0\/teresa-perales-dedica-el-princesa-de-los-deportes-a-todos-los-que-sonamos-con-subir-a-lo-mas-alto-del-podium\/\" target=\"_blank\" rel=\"noopener\">Teresa Perales dedica el Princesa de los Deportes &quot;a todos los que so\u00f1amos con subir a lo m\u00e1s alto del p\u00f3dium&quot;<\/a><\/p>\n","protected":false},"excerpt":{"rendered":"<p>Leemos en 20minutos la siguiente noticia que os reproducimos de forma \u00edntegra: \u00abHa sido una ma\u00f1ana de much\u00edsimas emociones. Nadie se puede imaginar la emoci\u00f3n tan intensa que siento ahora mismo dentro de m\u00ed y el agradecimiento tan profundo, de verdad, a la Fundaci\u00f3n por concederme este Premio\u00bb, ha indicado Perales a trav\u00e9s de unas [&hellip;]<\/p>\n","protected":false},"author":1,"featured_media":0,"comment_status":"open","ping_status":"closed","sticky":false,"template":"","format":"standard","meta":{"footnotes":""},"categories":[8],"tags":[31],"class_list":["post-7247","post","type-post","status-publish","format-standard","hentry","category-noticias","tag-discapacidad"],"yoast_head":"<!-- This site is optimized with the Yoast SEO plugin v27.4 - https:\/\/yoast.com\/product\/yoast-seo-wordpress\/ -->\n<title>Teresa Perales dedica el Princesa de los Deportes &quot;a todos los que so\u00f1amos con subir a lo m\u00e1s alto del p\u00f3dium&quot; - Asociaci\u00f3n Espa\u00f1ola S\u00edndrome de Charge<\/title>\n<meta name=\"robots\" content=\"index, follow, max-snippet:-1, max-image-preview:large, max-video-preview:-1\" \/>\n<link rel=\"canonical\" href=\"https:\/\/sindromecharge.es\/index.php\/2021\/06\/02\/teresa-perales-dedica-el-princesa-de-los-deportes-a-todos-los-que-sonamos-con-subir-a-lo-mas-alto-del-podium\/\" \/>\n<meta property=\"og:locale\" content=\"es_ES\" \/>\n<meta property=\"og:type\" content=\"article\" \/>\n<meta property=\"og:title\" content=\"Teresa Perales dedica el Princesa de los Deportes &quot;a todos los que so\u00f1amos con subir a lo m\u00e1s alto del p\u00f3dium&quot; - Asociaci\u00f3n Espa\u00f1ola S\u00edndrome de Charge\" \/>\n<meta property=\"og:description\" content=\"Leemos en 20minutos la siguiente noticia que os reproducimos de forma \u00edntegra: \u00abHa sido una ma\u00f1ana de much\u00edsimas emociones. Nadie se puede imaginar la emoci\u00f3n tan intensa que siento ahora mismo dentro de m\u00ed y el agradecimiento tan profundo, de verdad, a la Fundaci\u00f3n por concederme este Premio\u00bb, ha indicado Perales a trav\u00e9s de unas [&hellip;]\" \/>\n<meta property=\"og:url\" content=\"https:\/\/sindromecharge.es\/index.php\/2021\/06\/02\/teresa-perales-dedica-el-princesa-de-los-deportes-a-todos-los-que-sonamos-con-subir-a-lo-mas-alto-del-podium\/\" \/>\n<meta property=\"og:site_name\" content=\"Asociaci\u00f3n Espa\u00f1ola S\u00edndrome de Charge\" \/>\n<meta property=\"article:publisher\" content=\"https:\/\/www.facebook.com\/asociacionsindromecharge\" \/>\n<meta property=\"article:published_time\" content=\"2021-06-02T14:02:22+00:00\" \/>\n<meta property=\"og:image\" content=\"https:\/\/sindromecharge.es\/wp-content\/uploads\/2013\/09\/logodecharge300x98.png\" \/>\n\t<meta property=\"og:image:width\" content=\"300\" \/>\n\t<meta property=\"og:image:height\" content=\"98\" \/>\n\t<meta property=\"og:image:type\" content=\"image\/png\" \/>\n<meta name=\"author\" content=\"Charge\" \/>\n<meta name=\"twitter:card\" content=\"summary_large_image\" \/>\n<meta name=\"twitter:creator\" content=\"@sindromecharge\" \/>\n<meta name=\"twitter:site\" content=\"@sindromecharge\" \/>\n<meta name=\"twitter:label1\" content=\"Escrito por\" \/>\n\t<meta name=\"twitter:data1\" content=\"Charge\" \/>\n\t<meta name=\"twitter:label2\" content=\"Tiempo de lectura\" \/>\n\t<meta name=\"twitter:data2\" content=\"1 minuto\" \/>\n<script type=\"application\/ld+json\" class=\"yoast-schema-graph\">{\"@context\":\"https:\\\/\\\/schema.org\",\"@graph\":[{\"@type\":\"Article\",\"@id\":\"https:\\\/\\\/sindromecharge.es\\\/index.php\\\/2021\\\/06\\\/02\\\/teresa-perales-dedica-el-princesa-de-los-deportes-a-todos-los-que-sonamos-con-subir-a-lo-mas-alto-del-podium\\\/#article\",\"isPartOf\":{\"@id\":\"https:\\\/\\\/sindromecharge.es\\\/index.php\\\/2021\\\/06\\\/02\\\/teresa-perales-dedica-el-princesa-de-los-deportes-a-todos-los-que-sonamos-con-subir-a-lo-mas-alto-del-podium\\\/\"},\"author\":{\"name\":\"Charge\",\"@id\":\"https:\\\/\\\/sindromecharge.es\\\/#\\\/schema\\\/person\\\/39a60ebe0a2b4d5a11179701e336b039\"},\"headline\":\"Teresa Perales dedica el Princesa de los Deportes &quot;a todos los que so\u00f1amos con subir a lo m\u00e1s alto del p\u00f3dium&quot;\",\"datePublished\":\"2021-06-02T14:02:22+00:00\",\"mainEntityOfPage\":{\"@id\":\"https:\\\/\\\/sindromecharge.es\\\/index.php\\\/2021\\\/06\\\/02\\\/teresa-perales-dedica-el-princesa-de-los-deportes-a-todos-los-que-sonamos-con-subir-a-lo-mas-alto-del-podium\\\/\"},\"wordCount\":252,\"commentCount\":0,\"keywords\":[\"discapacidad\"],\"articleSection\":[\"noticias\"],\"inLanguage\":\"es\",\"potentialAction\":[{\"@type\":\"CommentAction\",\"name\":\"Comment\",\"target\":[\"https:\\\/\\\/sindromecharge.es\\\/index.php\\\/2021\\\/06\\\/02\\\/teresa-perales-dedica-el-princesa-de-los-deportes-a-todos-los-que-sonamos-con-subir-a-lo-mas-alto-del-podium\\\/#respond\"]}]},{\"@type\":\"WebPage\",\"@id\":\"https:\\\/\\\/sindromecharge.es\\\/index.php\\\/2021\\\/06\\\/02\\\/teresa-perales-dedica-el-princesa-de-los-deportes-a-todos-los-que-sonamos-con-subir-a-lo-mas-alto-del-podium\\\/\",\"url\":\"https:\\\/\\\/sindromecharge.es\\\/index.php\\\/2021\\\/06\\\/02\\\/teresa-perales-dedica-el-princesa-de-los-deportes-a-todos-los-que-sonamos-con-subir-a-lo-mas-alto-del-podium\\\/\",\"name\":\"Teresa Perales dedica el Princesa de los Deportes &quot;a todos los que so\u00f1amos con subir a lo m\u00e1s alto del p\u00f3dium&quot; - Asociaci\u00f3n Espa\u00f1ola S\u00edndrome de Charge\",\"isPartOf\":{\"@id\":\"https:\\\/\\\/sindromecharge.es\\\/#website\"},\"datePublished\":\"2021-06-02T14:02:22+00:00\",\"author\":{\"@id\":\"https:\\\/\\\/sindromecharge.es\\\/#\\\/schema\\\/person\\\/39a60ebe0a2b4d5a11179701e336b039\"},\"breadcrumb\":{\"@id\":\"https:\\\/\\\/sindromecharge.es\\\/index.php\\\/2021\\\/06\\\/02\\\/teresa-perales-dedica-el-princesa-de-los-deportes-a-todos-los-que-sonamos-con-subir-a-lo-mas-alto-del-podium\\\/#breadcrumb\"},\"inLanguage\":\"es\",\"potentialAction\":[{\"@type\":\"ReadAction\",\"target\":[\"https:\\\/\\\/sindromecharge.es\\\/index.php\\\/2021\\\/06\\\/02\\\/teresa-perales-dedica-el-princesa-de-los-deportes-a-todos-los-que-sonamos-con-subir-a-lo-mas-alto-del-podium\\\/\"]}]},{\"@type\":\"BreadcrumbList\",\"@id\":\"https:\\\/\\\/sindromecharge.es\\\/index.php\\\/2021\\\/06\\\/02\\\/teresa-perales-dedica-el-princesa-de-los-deportes-a-todos-los-que-sonamos-con-subir-a-lo-mas-alto-del-podium\\\/#breadcrumb\",\"itemListElement\":[{\"@type\":\"ListItem\",\"position\":1,\"name\":\"Portada\",\"item\":\"https:\\\/\\\/sindromecharge.es\\\/\"},{\"@type\":\"ListItem\",\"position\":2,\"name\":\"Teresa Perales dedica el Princesa de los Deportes &quot;a todos los que so\u00f1amos con subir a lo m\u00e1s alto del p\u00f3dium&quot;\"}]},{\"@type\":\"WebSite\",\"@id\":\"https:\\\/\\\/sindromecharge.es\\\/#website\",\"url\":\"https:\\\/\\\/sindromecharge.es\\\/\",\"name\":\"Asociaci\u00f3n Espa\u00f1ola S\u00edndrome de Charge\",\"description\":\"\",\"potentialAction\":[{\"@type\":\"SearchAction\",\"target\":{\"@type\":\"EntryPoint\",\"urlTemplate\":\"https:\\\/\\\/sindromecharge.es\\\/?s={search_term_string}\"},\"query-input\":{\"@type\":\"PropertyValueSpecification\",\"valueRequired\":true,\"valueName\":\"search_term_string\"}}],\"inLanguage\":\"es\"},{\"@type\":\"Person\",\"@id\":\"https:\\\/\\\/sindromecharge.es\\\/#\\\/schema\\\/person\\\/39a60ebe0a2b4d5a11179701e336b039\",\"name\":\"Charge\",\"image\":{\"@type\":\"ImageObject\",\"inLanguage\":\"es\",\"@id\":\"https:\\\/\\\/secure.gravatar.com\\\/avatar\\\/c3b46e32a0fc3b093a0873fb767bf3293de856293065e84ef06b7ec7a8acfb98?s=96&d=identicon&r=x\",\"url\":\"https:\\\/\\\/secure.gravatar.com\\\/avatar\\\/c3b46e32a0fc3b093a0873fb767bf3293de856293065e84ef06b7ec7a8acfb98?s=96&d=identicon&r=x\",\"contentUrl\":\"https:\\\/\\\/secure.gravatar.com\\\/avatar\\\/c3b46e32a0fc3b093a0873fb767bf3293de856293065e84ef06b7ec7a8acfb98?s=96&d=identicon&r=x\",\"caption\":\"Charge\"},\"url\":\"https:\\\/\\\/sindromecharge.es\\\/index.php\\\/author\\\/admin\\\/\"}]}<\/script>\n<!-- \/ Yoast SEO plugin. -->","yoast_head_json":{"title":"Teresa Perales dedica el Princesa de los Deportes &quot;a todos los que so\u00f1amos con subir a lo m\u00e1s alto del p\u00f3dium&quot; - Asociaci\u00f3n Espa\u00f1ola S\u00edndrome de Charge","robots":{"index":"index","follow":"follow","max-snippet":"max-snippet:-1","max-image-preview":"max-image-preview:large","max-video-preview":"max-video-preview:-1"},"canonical":"https:\/\/sindromecharge.es\/index.php\/2021\/06\/02\/teresa-perales-dedica-el-princesa-de-los-deportes-a-todos-los-que-sonamos-con-subir-a-lo-mas-alto-del-podium\/","og_locale":"es_ES","og_type":"article","og_title":"Teresa Perales dedica el Princesa de los Deportes &quot;a todos los que so\u00f1amos con subir a lo m\u00e1s alto del p\u00f3dium&quot; - Asociaci\u00f3n Espa\u00f1ola S\u00edndrome de Charge","og_description":"Leemos en 20minutos la siguiente noticia que os reproducimos de forma \u00edntegra: \u00abHa sido una ma\u00f1ana de much\u00edsimas emociones. Nadie se puede imaginar la emoci\u00f3n tan intensa que siento ahora mismo dentro de m\u00ed y el agradecimiento tan profundo, de verdad, a la Fundaci\u00f3n por concederme este Premio\u00bb, ha indicado Perales a trav\u00e9s de unas [&hellip;]","og_url":"https:\/\/sindromecharge.es\/index.php\/2021\/06\/02\/teresa-perales-dedica-el-princesa-de-los-deportes-a-todos-los-que-sonamos-con-subir-a-lo-mas-alto-del-podium\/","og_site_name":"Asociaci\u00f3n Espa\u00f1ola S\u00edndrome de Charge","article_publisher":"https:\/\/www.facebook.com\/asociacionsindromecharge","article_published_time":"2021-06-02T14:02:22+00:00","og_image":[{"width":300,"height":98,"url":"https:\/\/sindromecharge.es\/wp-content\/uploads\/2013\/09\/logodecharge300x98.png","type":"image\/png"}],"author":"Charge","twitter_card":"summary_large_image","twitter_creator":"@sindromecharge","twitter_site":"@sindromecharge","twitter_misc":{"Escrito por":"Charge","Tiempo de lectura":"1 minuto"},"schema":{"@context":"https:\/\/schema.org","@graph":[{"@type":"Article","@id":"https:\/\/sindromecharge.es\/index.php\/2021\/06\/02\/teresa-perales-dedica-el-princesa-de-los-deportes-a-todos-los-que-sonamos-con-subir-a-lo-mas-alto-del-podium\/#article","isPartOf":{"@id":"https:\/\/sindromecharge.es\/index.php\/2021\/06\/02\/teresa-perales-dedica-el-princesa-de-los-deportes-a-todos-los-que-sonamos-con-subir-a-lo-mas-alto-del-podium\/"},"author":{"name":"Charge","@id":"https:\/\/sindromecharge.es\/#\/schema\/person\/39a60ebe0a2b4d5a11179701e336b039"},"headline":"Teresa Perales dedica el Princesa de los Deportes &quot;a todos los que so\u00f1amos con subir a lo m\u00e1s alto del p\u00f3dium&quot;","datePublished":"2021-06-02T14:02:22+00:00","mainEntityOfPage":{"@id":"https:\/\/sindromecharge.es\/index.php\/2021\/06\/02\/teresa-perales-dedica-el-princesa-de-los-deportes-a-todos-los-que-sonamos-con-subir-a-lo-mas-alto-del-podium\/"},"wordCount":252,"commentCount":0,"keywords":["discapacidad"],"articleSection":["noticias"],"inLanguage":"es","potentialAction":[{"@type":"CommentAction","name":"Comment","target":["https:\/\/sindromecharge.es\/index.php\/2021\/06\/02\/teresa-perales-dedica-el-princesa-de-los-deportes-a-todos-los-que-sonamos-con-subir-a-lo-mas-alto-del-podium\/#respond"]}]},{"@type":"WebPage","@id":"https:\/\/sindromecharge.es\/index.php\/2021\/06\/02\/teresa-perales-dedica-el-princesa-de-los-deportes-a-todos-los-que-sonamos-con-subir-a-lo-mas-alto-del-podium\/","url":"https:\/\/sindromecharge.es\/index.php\/2021\/06\/02\/teresa-perales-dedica-el-princesa-de-los-deportes-a-todos-los-que-sonamos-con-subir-a-lo-mas-alto-del-podium\/","name":"Teresa Perales dedica el Princesa de los Deportes &quot;a todos los que so\u00f1amos con subir a lo m\u00e1s alto del p\u00f3dium&quot; - Asociaci\u00f3n Espa\u00f1ola S\u00edndrome de Charge","isPartOf":{"@id":"https:\/\/sindromecharge.es\/#website"},"datePublished":"2021-06-02T14:02:22+00:00","author":{"@id":"https:\/\/sindromecharge.es\/#\/schema\/person\/39a60ebe0a2b4d5a11179701e336b039"},"breadcrumb":{"@id":"https:\/\/sindromecharge.es\/index.php\/2021\/06\/02\/teresa-perales-dedica-el-princesa-de-los-deportes-a-todos-los-que-sonamos-con-subir-a-lo-mas-alto-del-podium\/#breadcrumb"},"inLanguage":"es","potentialAction":[{"@type":"ReadAction","target":["https:\/\/sindromecharge.es\/index.php\/2021\/06\/02\/teresa-perales-dedica-el-princesa-de-los-deportes-a-todos-los-que-sonamos-con-subir-a-lo-mas-alto-del-podium\/"]}]},{"@type":"BreadcrumbList","@id":"https:\/\/sindromecharge.es\/index.php\/2021\/06\/02\/teresa-perales-dedica-el-princesa-de-los-deportes-a-todos-los-que-sonamos-con-subir-a-lo-mas-alto-del-podium\/#breadcrumb","itemListElement":[{"@type":"ListItem","position":1,"name":"Portada","item":"https:\/\/sindromecharge.es\/"},{"@type":"ListItem","position":2,"name":"Teresa Perales dedica el Princesa de los Deportes &quot;a todos los que so\u00f1amos con subir a lo m\u00e1s alto del p\u00f3dium&quot;"}]},{"@type":"WebSite","@id":"https:\/\/sindromecharge.es\/#website","url":"https:\/\/sindromecharge.es\/","name":"Asociaci\u00f3n Espa\u00f1ola S\u00edndrome de Charge","description":"","potentialAction":[{"@type":"SearchAction","target":{"@type":"EntryPoint","urlTemplate":"https:\/\/sindromecharge.es\/?s={search_term_string}"},"query-input":{"@type":"PropertyValueSpecification","valueRequired":true,"valueName":"search_term_string"}}],"inLanguage":"es"},{"@type":"Person","@id":"https:\/\/sindromecharge.es\/#\/schema\/person\/39a60ebe0a2b4d5a11179701e336b039","name":"Charge","image":{"@type":"ImageObject","inLanguage":"es","@id":"https:\/\/secure.gravatar.com\/avatar\/c3b46e32a0fc3b093a0873fb767bf3293de856293065e84ef06b7ec7a8acfb98?s=96&d=identicon&r=x","url":"https:\/\/secure.gravatar.com\/avatar\/c3b46e32a0fc3b093a0873fb767bf3293de856293065e84ef06b7ec7a8acfb98?s=96&d=identicon&r=x","contentUrl":"https:\/\/secure.gravatar.com\/avatar\/c3b46e32a0fc3b093a0873fb767bf3293de856293065e84ef06b7ec7a8acfb98?s=96&d=identicon&r=x","caption":"Charge"},"url":"https:\/\/sindromecharge.es\/index.php\/author\/admin\/"}]}},"_links":{"self":[{"href":"https:\/\/sindromecharge.es\/index.php\/wp-json\/wp\/v2\/posts\/7247","targetHints":{"allow":["GET"]}}],"collection":[{"href":"https:\/\/sindromecharge.es\/index.php\/wp-json\/wp\/v2\/posts"}],"about":[{"href":"https:\/\/sindromecharge.es\/index.php\/wp-json\/wp\/v2\/types\/post"}],"author":[{"embeddable":true,"href":"https:\/\/sindromecharge.es\/index.php\/wp-json\/wp\/v2\/users\/1"}],"replies":[{"embeddable":true,"href":"https:\/\/sindromecharge.es\/index.php\/wp-json\/wp\/v2\/comments?post=7247"}],"version-history":[{"count":0,"href":"https:\/\/sindromecharge.es\/index.php\/wp-json\/wp\/v2\/posts\/7247\/revisions"}],"wp:attachment":[{"href":"https:\/\/sindromecharge.es\/index.php\/wp-json\/wp\/v2\/media?parent=7247"}],"wp:term":[{"taxonomy":"category","embeddable":true,"href":"https:\/\/sindromecharge.es\/index.php\/wp-json\/wp\/v2\/categories?post=7247"},{"taxonomy":"post_tag","embeddable":true,"href":"https:\/\/sindromecharge.es\/index.php\/wp-json\/wp\/v2\/tags?post=7247"}],"curies":[{"name":"wp","href":"https:\/\/api.w.org\/{rel}","templated":true}]}}