{"id":7246,"date":"2021-06-02T13:14:46","date_gmt":"2021-06-02T13:14:46","guid":{"rendered":"https:\/\/sindromecharge.es\/index.php\/2021\/06\/02\/anfas-pide-al-parlamento-estabilidad-y-apoyo-economico-para-poder-seguir-prestando-sus-servicios-por-zonas\/"},"modified":"2021-06-02T13:14:46","modified_gmt":"2021-06-02T13:14:46","slug":"anfas-pide-al-parlamento-estabilidad-y-apoyo-economico-para-poder-seguir-prestando-sus-servicios-por-zonas","status":"publish","type":"post","link":"https:\/\/sindromecharge.es\/index.php\/2021\/06\/02\/anfas-pide-al-parlamento-estabilidad-y-apoyo-economico-para-poder-seguir-prestando-sus-servicios-por-zonas\/","title":{"rendered":"Anfas pide al Parlamento &quot;estabilidad y apoyo econ\u00f3mico&quot; para poder seguir prestando sus servicios por zonas"},"content":{"rendered":"<p>Leemos en 20minutos la siguiente noticia que os reproducimos de forma \u00edntegra: <\/p>\n<p>En el transcurso del encuentro, Gold\u00e1raz y Gallego han trasladado al presidente de la C\u00e1mara foral \u00abla necesidad de dar estabilidad y apoyo econ\u00f3mico\u00bb a la entidad para poder seguir prestando sus servicios por zonas, \u00aben riesgo\u00bb hoy en d\u00eda dada la \u00abcomplicada situaci\u00f3n financiera\u00bb que atraviesa.<\/p>\n<p>Por \u00abjusticia social, por derecho y para hacer frente a la despoblaci\u00f3n\u00bb, desde Anfas entienden que la presencia y la intervenci\u00f3n descentralizada en toda Navarra es \u00abimprescindible\u00bb. \u00abNo podemos hacer que las personas que viven a 100 kil\u00f3metros de Pamplona tengan que venir hasta aqu\u00ed para recibir servicios que promocionan su autonom\u00eda\u00bb, han remarcado los representantes de la entidad.<\/p>\n<p>Seg\u00fan han expuesto, el \u00abfomento del asociacionismo no valora nuestra implantaci\u00f3n en zonas, ni nuestra historia ni el n\u00famero de personas a las que atendemos\u00bb. \u00abNo queremos enfrentarnos a otras asociaciones ni dividir Anfas para concurrir a la convocatoria con sus siete sedes de forma independiente, pero s\u00ed que se nos trate con la particularidad que tenemos. La soluci\u00f3n es f\u00e1cil, depende \u00fanicamente de la voluntad pol\u00edtica\u00bb, han se\u00f1alado.<\/p>\n<p>Por otra parte, han reivindicado la atenci\u00f3n temprana de 3-6 a\u00f1os, programa que potencia el desarrollo cognitivo, psicomotor, social y del lenguaje del ni\u00f1o o ni\u00f1a con discapacidad o riesgo de padecerla, puesto que \u00abning\u00fan departamento se hace cargo de ella porque la Cartera de Servicios Sociales reconoce este servicio solo hasta los 3 a\u00f1os\u00bb.<\/p>\n<p>El presidente del Parlamento, Unai Hualde, por su parte, se ha comprometido a canalizar las demandas de esta entidad a los grupos parlamentarios de la C\u00e1mara para que sean expuestas directamente en una futura sesi\u00f3n de trabajo de la Comisi\u00f3n de Derechos Sociales.<\/p>\n<p>Unai Hualde ha destacado que Anfas, entidad que ahora cumple 60 a\u00f1os, ha realizado durante su trayectoria \u00abuna labor vital en favor de las personas con discapacidad intelectual en nuestra comunidad\u00bb. \u00abEsta realidad, adem\u00e1s de reconocimiento y agradecimiento por parte de las instituciones navarras, merece atender su situaci\u00f3n para poder buscar soluciones\u00bb, ha resaltado.<\/p>\n<p>La asociaci\u00f3n navarra en favor de las personas con discapacidad intelectual o con trastornos del desarrollo y sus familias Anfas, que acaba de cumplir 60 a\u00f1os de andadura desde su fundaci\u00f3n en 1961, atiende a m\u00e1s de 1.300 personas con discapacidad intelectual en sus 7 delegaciones en todo Navarra, con 139 personas trabajadoras, moviliza a 650 personas voluntarias, y presta 30 programas o servicios, ha explicado el Parlamento en una nota.<\/p>\n<p>Fuente: 20minutos <a href=\"https:\/\/www.20minutos.es\/noticia\/4716588\/0\/anfas-pide-al-parlamento-estabilidad-y-apoyo-economico-para-poder-seguir-prestando-sus-servicios-por-zonas\/\" target=\"_blank\" rel=\"noopener\">Anfas pide al Parlamento &quot;estabilidad y apoyo econ\u00f3mico&quot; para poder seguir prestando sus servicios por zonas<\/a><\/p>\n","protected":false},"excerpt":{"rendered":"<p>Leemos en 20minutos la siguiente noticia que os reproducimos de forma \u00edntegra: En el transcurso del encuentro, Gold\u00e1raz y Gallego han trasladado al presidente de la C\u00e1mara foral \u00abla necesidad de dar estabilidad y apoyo econ\u00f3mico\u00bb a la entidad para poder seguir prestando sus servicios por zonas, \u00aben riesgo\u00bb hoy en d\u00eda dada la \u00abcomplicada [&hellip;]<\/p>\n","protected":false},"author":1,"featured_media":0,"comment_status":"open","ping_status":"closed","sticky":false,"template":"","format":"standard","meta":{"footnotes":""},"categories":[8],"tags":[31],"class_list":["post-7246","post","type-post","status-publish","format-standard","hentry","category-noticias","tag-discapacidad"],"yoast_head":"<!-- This site is optimized with the Yoast SEO plugin v27.4 - https:\/\/yoast.com\/product\/yoast-seo-wordpress\/ -->\n<title>Anfas pide al Parlamento &quot;estabilidad y apoyo econ\u00f3mico&quot; para poder seguir prestando sus servicios por zonas - Asociaci\u00f3n Espa\u00f1ola S\u00edndrome de Charge<\/title>\n<meta name=\"robots\" content=\"index, follow, max-snippet:-1, max-image-preview:large, max-video-preview:-1\" \/>\n<link rel=\"canonical\" href=\"https:\/\/sindromecharge.es\/index.php\/2021\/06\/02\/anfas-pide-al-parlamento-estabilidad-y-apoyo-economico-para-poder-seguir-prestando-sus-servicios-por-zonas\/\" \/>\n<meta property=\"og:locale\" content=\"es_ES\" \/>\n<meta property=\"og:type\" content=\"article\" \/>\n<meta property=\"og:title\" content=\"Anfas pide al Parlamento &quot;estabilidad y apoyo econ\u00f3mico&quot; para poder seguir prestando sus servicios por zonas - Asociaci\u00f3n Espa\u00f1ola S\u00edndrome de Charge\" \/>\n<meta property=\"og:description\" content=\"Leemos en 20minutos la siguiente noticia que os reproducimos de forma \u00edntegra: En el transcurso del encuentro, Gold\u00e1raz y Gallego han trasladado al presidente de la C\u00e1mara foral \u00abla necesidad de dar estabilidad y apoyo econ\u00f3mico\u00bb a la entidad para poder seguir prestando sus servicios por zonas, \u00aben riesgo\u00bb hoy en d\u00eda dada la \u00abcomplicada [&hellip;]\" \/>\n<meta property=\"og:url\" content=\"https:\/\/sindromecharge.es\/index.php\/2021\/06\/02\/anfas-pide-al-parlamento-estabilidad-y-apoyo-economico-para-poder-seguir-prestando-sus-servicios-por-zonas\/\" \/>\n<meta property=\"og:site_name\" content=\"Asociaci\u00f3n Espa\u00f1ola S\u00edndrome de Charge\" \/>\n<meta property=\"article:publisher\" content=\"https:\/\/www.facebook.com\/asociacionsindromecharge\" \/>\n<meta property=\"article:published_time\" content=\"2021-06-02T13:14:46+00:00\" \/>\n<meta property=\"og:image\" content=\"https:\/\/sindromecharge.es\/wp-content\/uploads\/2013\/09\/logodecharge300x98.png\" \/>\n\t<meta property=\"og:image:width\" content=\"300\" \/>\n\t<meta property=\"og:image:height\" content=\"98\" \/>\n\t<meta property=\"og:image:type\" content=\"image\/png\" \/>\n<meta name=\"author\" content=\"Charge\" \/>\n<meta name=\"twitter:card\" content=\"summary_large_image\" \/>\n<meta name=\"twitter:creator\" content=\"@sindromecharge\" \/>\n<meta name=\"twitter:site\" content=\"@sindromecharge\" \/>\n<meta name=\"twitter:label1\" content=\"Escrito por\" \/>\n\t<meta name=\"twitter:data1\" content=\"Charge\" \/>\n\t<meta name=\"twitter:label2\" content=\"Tiempo de lectura\" \/>\n\t<meta name=\"twitter:data2\" content=\"2 minutos\" \/>\n<script type=\"application\/ld+json\" class=\"yoast-schema-graph\">{\"@context\":\"https:\\\/\\\/schema.org\",\"@graph\":[{\"@type\":\"Article\",\"@id\":\"https:\\\/\\\/sindromecharge.es\\\/index.php\\\/2021\\\/06\\\/02\\\/anfas-pide-al-parlamento-estabilidad-y-apoyo-economico-para-poder-seguir-prestando-sus-servicios-por-zonas\\\/#article\",\"isPartOf\":{\"@id\":\"https:\\\/\\\/sindromecharge.es\\\/index.php\\\/2021\\\/06\\\/02\\\/anfas-pide-al-parlamento-estabilidad-y-apoyo-economico-para-poder-seguir-prestando-sus-servicios-por-zonas\\\/\"},\"author\":{\"name\":\"Charge\",\"@id\":\"https:\\\/\\\/sindromecharge.es\\\/#\\\/schema\\\/person\\\/39a60ebe0a2b4d5a11179701e336b039\"},\"headline\":\"Anfas pide al Parlamento &quot;estabilidad y apoyo econ\u00f3mico&quot; para poder seguir prestando sus servicios por zonas\",\"datePublished\":\"2021-06-02T13:14:46+00:00\",\"mainEntityOfPage\":{\"@id\":\"https:\\\/\\\/sindromecharge.es\\\/index.php\\\/2021\\\/06\\\/02\\\/anfas-pide-al-parlamento-estabilidad-y-apoyo-economico-para-poder-seguir-prestando-sus-servicios-por-zonas\\\/\"},\"wordCount\":472,\"commentCount\":0,\"keywords\":[\"discapacidad\"],\"articleSection\":[\"noticias\"],\"inLanguage\":\"es\",\"potentialAction\":[{\"@type\":\"CommentAction\",\"name\":\"Comment\",\"target\":[\"https:\\\/\\\/sindromecharge.es\\\/index.php\\\/2021\\\/06\\\/02\\\/anfas-pide-al-parlamento-estabilidad-y-apoyo-economico-para-poder-seguir-prestando-sus-servicios-por-zonas\\\/#respond\"]}]},{\"@type\":\"WebPage\",\"@id\":\"https:\\\/\\\/sindromecharge.es\\\/index.php\\\/2021\\\/06\\\/02\\\/anfas-pide-al-parlamento-estabilidad-y-apoyo-economico-para-poder-seguir-prestando-sus-servicios-por-zonas\\\/\",\"url\":\"https:\\\/\\\/sindromecharge.es\\\/index.php\\\/2021\\\/06\\\/02\\\/anfas-pide-al-parlamento-estabilidad-y-apoyo-economico-para-poder-seguir-prestando-sus-servicios-por-zonas\\\/\",\"name\":\"Anfas pide al Parlamento &quot;estabilidad y apoyo econ\u00f3mico&quot; para poder seguir prestando sus servicios por zonas - Asociaci\u00f3n Espa\u00f1ola S\u00edndrome de Charge\",\"isPartOf\":{\"@id\":\"https:\\\/\\\/sindromecharge.es\\\/#website\"},\"datePublished\":\"2021-06-02T13:14:46+00:00\",\"author\":{\"@id\":\"https:\\\/\\\/sindromecharge.es\\\/#\\\/schema\\\/person\\\/39a60ebe0a2b4d5a11179701e336b039\"},\"breadcrumb\":{\"@id\":\"https:\\\/\\\/sindromecharge.es\\\/index.php\\\/2021\\\/06\\\/02\\\/anfas-pide-al-parlamento-estabilidad-y-apoyo-economico-para-poder-seguir-prestando-sus-servicios-por-zonas\\\/#breadcrumb\"},\"inLanguage\":\"es\",\"potentialAction\":[{\"@type\":\"ReadAction\",\"target\":[\"https:\\\/\\\/sindromecharge.es\\\/index.php\\\/2021\\\/06\\\/02\\\/anfas-pide-al-parlamento-estabilidad-y-apoyo-economico-para-poder-seguir-prestando-sus-servicios-por-zonas\\\/\"]}]},{\"@type\":\"BreadcrumbList\",\"@id\":\"https:\\\/\\\/sindromecharge.es\\\/index.php\\\/2021\\\/06\\\/02\\\/anfas-pide-al-parlamento-estabilidad-y-apoyo-economico-para-poder-seguir-prestando-sus-servicios-por-zonas\\\/#breadcrumb\",\"itemListElement\":[{\"@type\":\"ListItem\",\"position\":1,\"name\":\"Portada\",\"item\":\"https:\\\/\\\/sindromecharge.es\\\/\"},{\"@type\":\"ListItem\",\"position\":2,\"name\":\"Anfas pide al Parlamento &quot;estabilidad y apoyo econ\u00f3mico&quot; para poder seguir prestando sus servicios por zonas\"}]},{\"@type\":\"WebSite\",\"@id\":\"https:\\\/\\\/sindromecharge.es\\\/#website\",\"url\":\"https:\\\/\\\/sindromecharge.es\\\/\",\"name\":\"Asociaci\u00f3n Espa\u00f1ola S\u00edndrome de Charge\",\"description\":\"\",\"potentialAction\":[{\"@type\":\"SearchAction\",\"target\":{\"@type\":\"EntryPoint\",\"urlTemplate\":\"https:\\\/\\\/sindromecharge.es\\\/?s={search_term_string}\"},\"query-input\":{\"@type\":\"PropertyValueSpecification\",\"valueRequired\":true,\"valueName\":\"search_term_string\"}}],\"inLanguage\":\"es\"},{\"@type\":\"Person\",\"@id\":\"https:\\\/\\\/sindromecharge.es\\\/#\\\/schema\\\/person\\\/39a60ebe0a2b4d5a11179701e336b039\",\"name\":\"Charge\",\"image\":{\"@type\":\"ImageObject\",\"inLanguage\":\"es\",\"@id\":\"https:\\\/\\\/secure.gravatar.com\\\/avatar\\\/c3b46e32a0fc3b093a0873fb767bf3293de856293065e84ef06b7ec7a8acfb98?s=96&d=identicon&r=x\",\"url\":\"https:\\\/\\\/secure.gravatar.com\\\/avatar\\\/c3b46e32a0fc3b093a0873fb767bf3293de856293065e84ef06b7ec7a8acfb98?s=96&d=identicon&r=x\",\"contentUrl\":\"https:\\\/\\\/secure.gravatar.com\\\/avatar\\\/c3b46e32a0fc3b093a0873fb767bf3293de856293065e84ef06b7ec7a8acfb98?s=96&d=identicon&r=x\",\"caption\":\"Charge\"},\"url\":\"https:\\\/\\\/sindromecharge.es\\\/index.php\\\/author\\\/admin\\\/\"}]}<\/script>\n<!-- \/ Yoast SEO plugin. -->","yoast_head_json":{"title":"Anfas pide al Parlamento &quot;estabilidad y apoyo econ\u00f3mico&quot; para poder seguir prestando sus servicios por zonas - Asociaci\u00f3n Espa\u00f1ola S\u00edndrome de Charge","robots":{"index":"index","follow":"follow","max-snippet":"max-snippet:-1","max-image-preview":"max-image-preview:large","max-video-preview":"max-video-preview:-1"},"canonical":"https:\/\/sindromecharge.es\/index.php\/2021\/06\/02\/anfas-pide-al-parlamento-estabilidad-y-apoyo-economico-para-poder-seguir-prestando-sus-servicios-por-zonas\/","og_locale":"es_ES","og_type":"article","og_title":"Anfas pide al Parlamento &quot;estabilidad y apoyo econ\u00f3mico&quot; para poder seguir prestando sus servicios por zonas - Asociaci\u00f3n Espa\u00f1ola S\u00edndrome de Charge","og_description":"Leemos en 20minutos la siguiente noticia que os reproducimos de forma \u00edntegra: En el transcurso del encuentro, Gold\u00e1raz y Gallego han trasladado al presidente de la C\u00e1mara foral \u00abla necesidad de dar estabilidad y apoyo econ\u00f3mico\u00bb a la entidad para poder seguir prestando sus servicios por zonas, \u00aben riesgo\u00bb hoy en d\u00eda dada la \u00abcomplicada [&hellip;]","og_url":"https:\/\/sindromecharge.es\/index.php\/2021\/06\/02\/anfas-pide-al-parlamento-estabilidad-y-apoyo-economico-para-poder-seguir-prestando-sus-servicios-por-zonas\/","og_site_name":"Asociaci\u00f3n Espa\u00f1ola S\u00edndrome de Charge","article_publisher":"https:\/\/www.facebook.com\/asociacionsindromecharge","article_published_time":"2021-06-02T13:14:46+00:00","og_image":[{"width":300,"height":98,"url":"https:\/\/sindromecharge.es\/wp-content\/uploads\/2013\/09\/logodecharge300x98.png","type":"image\/png"}],"author":"Charge","twitter_card":"summary_large_image","twitter_creator":"@sindromecharge","twitter_site":"@sindromecharge","twitter_misc":{"Escrito por":"Charge","Tiempo de lectura":"2 minutos"},"schema":{"@context":"https:\/\/schema.org","@graph":[{"@type":"Article","@id":"https:\/\/sindromecharge.es\/index.php\/2021\/06\/02\/anfas-pide-al-parlamento-estabilidad-y-apoyo-economico-para-poder-seguir-prestando-sus-servicios-por-zonas\/#article","isPartOf":{"@id":"https:\/\/sindromecharge.es\/index.php\/2021\/06\/02\/anfas-pide-al-parlamento-estabilidad-y-apoyo-economico-para-poder-seguir-prestando-sus-servicios-por-zonas\/"},"author":{"name":"Charge","@id":"https:\/\/sindromecharge.es\/#\/schema\/person\/39a60ebe0a2b4d5a11179701e336b039"},"headline":"Anfas pide al Parlamento &quot;estabilidad y apoyo econ\u00f3mico&quot; para poder seguir prestando sus servicios por zonas","datePublished":"2021-06-02T13:14:46+00:00","mainEntityOfPage":{"@id":"https:\/\/sindromecharge.es\/index.php\/2021\/06\/02\/anfas-pide-al-parlamento-estabilidad-y-apoyo-economico-para-poder-seguir-prestando-sus-servicios-por-zonas\/"},"wordCount":472,"commentCount":0,"keywords":["discapacidad"],"articleSection":["noticias"],"inLanguage":"es","potentialAction":[{"@type":"CommentAction","name":"Comment","target":["https:\/\/sindromecharge.es\/index.php\/2021\/06\/02\/anfas-pide-al-parlamento-estabilidad-y-apoyo-economico-para-poder-seguir-prestando-sus-servicios-por-zonas\/#respond"]}]},{"@type":"WebPage","@id":"https:\/\/sindromecharge.es\/index.php\/2021\/06\/02\/anfas-pide-al-parlamento-estabilidad-y-apoyo-economico-para-poder-seguir-prestando-sus-servicios-por-zonas\/","url":"https:\/\/sindromecharge.es\/index.php\/2021\/06\/02\/anfas-pide-al-parlamento-estabilidad-y-apoyo-economico-para-poder-seguir-prestando-sus-servicios-por-zonas\/","name":"Anfas pide al Parlamento &quot;estabilidad y apoyo econ\u00f3mico&quot; para poder seguir prestando sus servicios por zonas - Asociaci\u00f3n Espa\u00f1ola S\u00edndrome de Charge","isPartOf":{"@id":"https:\/\/sindromecharge.es\/#website"},"datePublished":"2021-06-02T13:14:46+00:00","author":{"@id":"https:\/\/sindromecharge.es\/#\/schema\/person\/39a60ebe0a2b4d5a11179701e336b039"},"breadcrumb":{"@id":"https:\/\/sindromecharge.es\/index.php\/2021\/06\/02\/anfas-pide-al-parlamento-estabilidad-y-apoyo-economico-para-poder-seguir-prestando-sus-servicios-por-zonas\/#breadcrumb"},"inLanguage":"es","potentialAction":[{"@type":"ReadAction","target":["https:\/\/sindromecharge.es\/index.php\/2021\/06\/02\/anfas-pide-al-parlamento-estabilidad-y-apoyo-economico-para-poder-seguir-prestando-sus-servicios-por-zonas\/"]}]},{"@type":"BreadcrumbList","@id":"https:\/\/sindromecharge.es\/index.php\/2021\/06\/02\/anfas-pide-al-parlamento-estabilidad-y-apoyo-economico-para-poder-seguir-prestando-sus-servicios-por-zonas\/#breadcrumb","itemListElement":[{"@type":"ListItem","position":1,"name":"Portada","item":"https:\/\/sindromecharge.es\/"},{"@type":"ListItem","position":2,"name":"Anfas pide al Parlamento &quot;estabilidad y apoyo econ\u00f3mico&quot; para poder seguir prestando sus servicios por zonas"}]},{"@type":"WebSite","@id":"https:\/\/sindromecharge.es\/#website","url":"https:\/\/sindromecharge.es\/","name":"Asociaci\u00f3n Espa\u00f1ola S\u00edndrome de Charge","description":"","potentialAction":[{"@type":"SearchAction","target":{"@type":"EntryPoint","urlTemplate":"https:\/\/sindromecharge.es\/?s={search_term_string}"},"query-input":{"@type":"PropertyValueSpecification","valueRequired":true,"valueName":"search_term_string"}}],"inLanguage":"es"},{"@type":"Person","@id":"https:\/\/sindromecharge.es\/#\/schema\/person\/39a60ebe0a2b4d5a11179701e336b039","name":"Charge","image":{"@type":"ImageObject","inLanguage":"es","@id":"https:\/\/secure.gravatar.com\/avatar\/c3b46e32a0fc3b093a0873fb767bf3293de856293065e84ef06b7ec7a8acfb98?s=96&d=identicon&r=x","url":"https:\/\/secure.gravatar.com\/avatar\/c3b46e32a0fc3b093a0873fb767bf3293de856293065e84ef06b7ec7a8acfb98?s=96&d=identicon&r=x","contentUrl":"https:\/\/secure.gravatar.com\/avatar\/c3b46e32a0fc3b093a0873fb767bf3293de856293065e84ef06b7ec7a8acfb98?s=96&d=identicon&r=x","caption":"Charge"},"url":"https:\/\/sindromecharge.es\/index.php\/author\/admin\/"}]}},"_links":{"self":[{"href":"https:\/\/sindromecharge.es\/index.php\/wp-json\/wp\/v2\/posts\/7246","targetHints":{"allow":["GET"]}}],"collection":[{"href":"https:\/\/sindromecharge.es\/index.php\/wp-json\/wp\/v2\/posts"}],"about":[{"href":"https:\/\/sindromecharge.es\/index.php\/wp-json\/wp\/v2\/types\/post"}],"author":[{"embeddable":true,"href":"https:\/\/sindromecharge.es\/index.php\/wp-json\/wp\/v2\/users\/1"}],"replies":[{"embeddable":true,"href":"https:\/\/sindromecharge.es\/index.php\/wp-json\/wp\/v2\/comments?post=7246"}],"version-history":[{"count":0,"href":"https:\/\/sindromecharge.es\/index.php\/wp-json\/wp\/v2\/posts\/7246\/revisions"}],"wp:attachment":[{"href":"https:\/\/sindromecharge.es\/index.php\/wp-json\/wp\/v2\/media?parent=7246"}],"wp:term":[{"taxonomy":"category","embeddable":true,"href":"https:\/\/sindromecharge.es\/index.php\/wp-json\/wp\/v2\/categories?post=7246"},{"taxonomy":"post_tag","embeddable":true,"href":"https:\/\/sindromecharge.es\/index.php\/wp-json\/wp\/v2\/tags?post=7246"}],"curies":[{"name":"wp","href":"https:\/\/api.w.org\/{rel}","templated":true}]}}