{"id":7245,"date":"2021-06-02T11:29:28","date_gmt":"2021-06-02T11:29:28","guid":{"rendered":"https:\/\/sindromecharge.es\/index.php\/2021\/06\/02\/acepta-nueve-anos-de-prision-por-abusar-sexualmente-de-una-menor-con-discapacidad-en-santiago\/"},"modified":"2021-06-02T11:29:28","modified_gmt":"2021-06-02T11:29:28","slug":"acepta-nueve-anos-de-prision-por-abusar-sexualmente-de-una-menor-con-discapacidad-en-santiago","status":"publish","type":"post","link":"https:\/\/sindromecharge.es\/index.php\/2021\/06\/02\/acepta-nueve-anos-de-prision-por-abusar-sexualmente-de-una-menor-con-discapacidad-en-santiago\/","title":{"rendered":"Acepta nueve a\u00f1os de prisi\u00f3n por abusar sexualmente de una menor con discapacidad en Santiago"},"content":{"rendered":"<p>Leemos en 20minutos la siguiente noticia que os reproducimos de forma \u00edntegra: <\/p>\n<p>El juicio, previsto para este mi\u00e9rcoles y este jueves en la secci\u00f3n sexta de la Audiencia Provincial de A Coru\u00f1a, con sede en la capital gallega, no se ha celebrado tras alcanzar una conformidad la defensa y la Fiscal\u00eda, seg\u00fan han detallado fuentes judiciales.<\/p>\n<p>De este modo, el procesado ha sido condenado a dos a\u00f1os de prisi\u00f3n por la comisi\u00f3n de un delito de abuso sexual; seis, por un delito de abuso sexual con intento de penetraci\u00f3n; y otro, por un delito de corrupci\u00f3n de menores.<\/p>\n<p>Adem\u00e1s, se le han impuesto diez a\u00f1os de libertad vigilada y la prohibici\u00f3n de aproximarse a menos de 500 metros de la v\u00edctima y de comunicarse con ella por cualquier medio durante el mismo periodo, as\u00ed como el pago de una indemnizaci\u00f3n de 30.000 euros.<\/p>\n<p>PETICI\u00d3N DE PENAS<\/p>\n<p>En concreto, la Fiscal\u00eda pidi\u00f3 que fuese condenado a 15 a\u00f1os de prisi\u00f3n por abusar sexualmente de la menor con discapacidad en varias ocasiones en las que se encontraron a solas en el domicilio de este, situado en Santiago, entre 2017 y 2018.<\/p>\n<p>En su escrito de acusaci\u00f3n, el Ministerio P\u00fablico se\u00f1al\u00f3 que durante las visitas de la menor a la vivienda, el acusado, que cuenta con carta de identidad portuguesa, aprovechaba los momentos en que se quedaba a solas con ella \u00abpara satisfacer con esta sus instintos sexuales\u00bb.<\/p>\n<p>En una ocasi\u00f3n en la que ambos se encontraban solos en la vivienda, el procesado \u00abmeti\u00f3 su mano por debajo de la camiseta de la menor, manose\u00e1ndole los pechos\u00bb. En una fecha posterior y en las mismas circunstancias, comenz\u00f3 a tocarla y le pidi\u00f3 que se bajara el pantal\u00f3n y la ropa interior \u00abpara proceder a introducir su pene en el ano\u00bb de esta, tras lo que le advirti\u00f3 de que \u00abno contara nada\u00bb o \u00able pegar\u00eda\u00bb.<\/p>\n<p>Durante el mismo periodo, pidi\u00f3 a la ni\u00f1a su n\u00famero de tel\u00e9fono, tras lo que se establecieron comunicaciones entre ambos en las que \u00e9l le solicit\u00f3 que le enviase fotograf\u00edas suyas de car\u00e1cter sexual. Ella accedi\u00f3 al requerimiento y recibi\u00f3 im\u00e1genes similares del procesado, que \u00abtrataba en todo momento de que la menor no contara estos hechos a sus familiares\u00bb.<\/p>\n<p>Posteriormente, se adopt\u00f3 la medida de privaci\u00f3n de libertad el 5 de diciembre de 2018 y, tras decretarse la puesta en libertad el 4 de marzo de 2019, se prohibi\u00f3 a este hombre comunicarse con la menor o acercarse a ella.<\/p>\n<p>Fuente: 20minutos <a href=\"https:\/\/www.20minutos.es\/noticia\/4716284\/0\/acepta-nueve-anos-de-prision-por-abusar-sexualmente-de-una-menor-con-discapacidad-en-santiago\/\" target=\"_blank\" rel=\"noopener\">Acepta nueve a\u00f1os de prisi\u00f3n por abusar sexualmente de una menor con discapacidad en Santiago<\/a><\/p>\n","protected":false},"excerpt":{"rendered":"<p>Leemos en 20minutos la siguiente noticia que os reproducimos de forma \u00edntegra: El juicio, previsto para este mi\u00e9rcoles y este jueves en la secci\u00f3n sexta de la Audiencia Provincial de A Coru\u00f1a, con sede en la capital gallega, no se ha celebrado tras alcanzar una conformidad la defensa y la Fiscal\u00eda, seg\u00fan han detallado fuentes [&hellip;]<\/p>\n","protected":false},"author":1,"featured_media":0,"comment_status":"open","ping_status":"closed","sticky":false,"template":"","format":"standard","meta":{"footnotes":""},"categories":[8],"tags":[31],"class_list":["post-7245","post","type-post","status-publish","format-standard","hentry","category-noticias","tag-discapacidad"],"yoast_head":"<!-- This site is optimized with the Yoast SEO plugin v27.4 - https:\/\/yoast.com\/product\/yoast-seo-wordpress\/ -->\n<title>Acepta nueve a\u00f1os de prisi\u00f3n por abusar sexualmente de una menor con discapacidad en Santiago - Asociaci\u00f3n Espa\u00f1ola S\u00edndrome de Charge<\/title>\n<meta name=\"robots\" content=\"index, follow, max-snippet:-1, max-image-preview:large, max-video-preview:-1\" \/>\n<link rel=\"canonical\" href=\"https:\/\/sindromecharge.es\/index.php\/2021\/06\/02\/acepta-nueve-anos-de-prision-por-abusar-sexualmente-de-una-menor-con-discapacidad-en-santiago\/\" \/>\n<meta property=\"og:locale\" content=\"es_ES\" \/>\n<meta property=\"og:type\" content=\"article\" \/>\n<meta property=\"og:title\" content=\"Acepta nueve a\u00f1os de prisi\u00f3n por abusar sexualmente de una menor con discapacidad en Santiago - Asociaci\u00f3n Espa\u00f1ola S\u00edndrome de Charge\" \/>\n<meta property=\"og:description\" content=\"Leemos en 20minutos la siguiente noticia que os reproducimos de forma \u00edntegra: El juicio, previsto para este mi\u00e9rcoles y este jueves en la secci\u00f3n sexta de la Audiencia Provincial de A Coru\u00f1a, con sede en la capital gallega, no se ha celebrado tras alcanzar una conformidad la defensa y la Fiscal\u00eda, seg\u00fan han detallado fuentes [&hellip;]\" \/>\n<meta property=\"og:url\" content=\"https:\/\/sindromecharge.es\/index.php\/2021\/06\/02\/acepta-nueve-anos-de-prision-por-abusar-sexualmente-de-una-menor-con-discapacidad-en-santiago\/\" \/>\n<meta property=\"og:site_name\" content=\"Asociaci\u00f3n Espa\u00f1ola S\u00edndrome de Charge\" \/>\n<meta property=\"article:publisher\" content=\"https:\/\/www.facebook.com\/asociacionsindromecharge\" \/>\n<meta property=\"article:published_time\" content=\"2021-06-02T11:29:28+00:00\" \/>\n<meta property=\"og:image\" content=\"https:\/\/sindromecharge.es\/wp-content\/uploads\/2013\/09\/logodecharge300x98.png\" \/>\n\t<meta property=\"og:image:width\" content=\"300\" \/>\n\t<meta property=\"og:image:height\" content=\"98\" \/>\n\t<meta property=\"og:image:type\" content=\"image\/png\" \/>\n<meta name=\"author\" content=\"Charge\" \/>\n<meta name=\"twitter:card\" content=\"summary_large_image\" \/>\n<meta name=\"twitter:creator\" content=\"@sindromecharge\" \/>\n<meta name=\"twitter:site\" content=\"@sindromecharge\" \/>\n<meta name=\"twitter:label1\" content=\"Escrito por\" \/>\n\t<meta name=\"twitter:data1\" content=\"Charge\" \/>\n\t<meta name=\"twitter:label2\" content=\"Tiempo de lectura\" \/>\n\t<meta name=\"twitter:data2\" content=\"2 minutos\" \/>\n<script type=\"application\/ld+json\" class=\"yoast-schema-graph\">{\"@context\":\"https:\\\/\\\/schema.org\",\"@graph\":[{\"@type\":\"Article\",\"@id\":\"https:\\\/\\\/sindromecharge.es\\\/index.php\\\/2021\\\/06\\\/02\\\/acepta-nueve-anos-de-prision-por-abusar-sexualmente-de-una-menor-con-discapacidad-en-santiago\\\/#article\",\"isPartOf\":{\"@id\":\"https:\\\/\\\/sindromecharge.es\\\/index.php\\\/2021\\\/06\\\/02\\\/acepta-nueve-anos-de-prision-por-abusar-sexualmente-de-una-menor-con-discapacidad-en-santiago\\\/\"},\"author\":{\"name\":\"Charge\",\"@id\":\"https:\\\/\\\/sindromecharge.es\\\/#\\\/schema\\\/person\\\/39a60ebe0a2b4d5a11179701e336b039\"},\"headline\":\"Acepta nueve a\u00f1os de prisi\u00f3n por abusar sexualmente de una menor con discapacidad en Santiago\",\"datePublished\":\"2021-06-02T11:29:28+00:00\",\"mainEntityOfPage\":{\"@id\":\"https:\\\/\\\/sindromecharge.es\\\/index.php\\\/2021\\\/06\\\/02\\\/acepta-nueve-anos-de-prision-por-abusar-sexualmente-de-una-menor-con-discapacidad-en-santiago\\\/\"},\"wordCount\":473,\"commentCount\":0,\"keywords\":[\"discapacidad\"],\"articleSection\":[\"noticias\"],\"inLanguage\":\"es\",\"potentialAction\":[{\"@type\":\"CommentAction\",\"name\":\"Comment\",\"target\":[\"https:\\\/\\\/sindromecharge.es\\\/index.php\\\/2021\\\/06\\\/02\\\/acepta-nueve-anos-de-prision-por-abusar-sexualmente-de-una-menor-con-discapacidad-en-santiago\\\/#respond\"]}]},{\"@type\":\"WebPage\",\"@id\":\"https:\\\/\\\/sindromecharge.es\\\/index.php\\\/2021\\\/06\\\/02\\\/acepta-nueve-anos-de-prision-por-abusar-sexualmente-de-una-menor-con-discapacidad-en-santiago\\\/\",\"url\":\"https:\\\/\\\/sindromecharge.es\\\/index.php\\\/2021\\\/06\\\/02\\\/acepta-nueve-anos-de-prision-por-abusar-sexualmente-de-una-menor-con-discapacidad-en-santiago\\\/\",\"name\":\"Acepta nueve a\u00f1os de prisi\u00f3n por abusar sexualmente de una menor con discapacidad en Santiago - Asociaci\u00f3n Espa\u00f1ola S\u00edndrome de Charge\",\"isPartOf\":{\"@id\":\"https:\\\/\\\/sindromecharge.es\\\/#website\"},\"datePublished\":\"2021-06-02T11:29:28+00:00\",\"author\":{\"@id\":\"https:\\\/\\\/sindromecharge.es\\\/#\\\/schema\\\/person\\\/39a60ebe0a2b4d5a11179701e336b039\"},\"breadcrumb\":{\"@id\":\"https:\\\/\\\/sindromecharge.es\\\/index.php\\\/2021\\\/06\\\/02\\\/acepta-nueve-anos-de-prision-por-abusar-sexualmente-de-una-menor-con-discapacidad-en-santiago\\\/#breadcrumb\"},\"inLanguage\":\"es\",\"potentialAction\":[{\"@type\":\"ReadAction\",\"target\":[\"https:\\\/\\\/sindromecharge.es\\\/index.php\\\/2021\\\/06\\\/02\\\/acepta-nueve-anos-de-prision-por-abusar-sexualmente-de-una-menor-con-discapacidad-en-santiago\\\/\"]}]},{\"@type\":\"BreadcrumbList\",\"@id\":\"https:\\\/\\\/sindromecharge.es\\\/index.php\\\/2021\\\/06\\\/02\\\/acepta-nueve-anos-de-prision-por-abusar-sexualmente-de-una-menor-con-discapacidad-en-santiago\\\/#breadcrumb\",\"itemListElement\":[{\"@type\":\"ListItem\",\"position\":1,\"name\":\"Portada\",\"item\":\"https:\\\/\\\/sindromecharge.es\\\/\"},{\"@type\":\"ListItem\",\"position\":2,\"name\":\"Acepta nueve a\u00f1os de prisi\u00f3n por abusar sexualmente de una menor con discapacidad en Santiago\"}]},{\"@type\":\"WebSite\",\"@id\":\"https:\\\/\\\/sindromecharge.es\\\/#website\",\"url\":\"https:\\\/\\\/sindromecharge.es\\\/\",\"name\":\"Asociaci\u00f3n Espa\u00f1ola S\u00edndrome de Charge\",\"description\":\"\",\"potentialAction\":[{\"@type\":\"SearchAction\",\"target\":{\"@type\":\"EntryPoint\",\"urlTemplate\":\"https:\\\/\\\/sindromecharge.es\\\/?s={search_term_string}\"},\"query-input\":{\"@type\":\"PropertyValueSpecification\",\"valueRequired\":true,\"valueName\":\"search_term_string\"}}],\"inLanguage\":\"es\"},{\"@type\":\"Person\",\"@id\":\"https:\\\/\\\/sindromecharge.es\\\/#\\\/schema\\\/person\\\/39a60ebe0a2b4d5a11179701e336b039\",\"name\":\"Charge\",\"image\":{\"@type\":\"ImageObject\",\"inLanguage\":\"es\",\"@id\":\"https:\\\/\\\/secure.gravatar.com\\\/avatar\\\/c3b46e32a0fc3b093a0873fb767bf3293de856293065e84ef06b7ec7a8acfb98?s=96&d=identicon&r=x\",\"url\":\"https:\\\/\\\/secure.gravatar.com\\\/avatar\\\/c3b46e32a0fc3b093a0873fb767bf3293de856293065e84ef06b7ec7a8acfb98?s=96&d=identicon&r=x\",\"contentUrl\":\"https:\\\/\\\/secure.gravatar.com\\\/avatar\\\/c3b46e32a0fc3b093a0873fb767bf3293de856293065e84ef06b7ec7a8acfb98?s=96&d=identicon&r=x\",\"caption\":\"Charge\"},\"url\":\"https:\\\/\\\/sindromecharge.es\\\/index.php\\\/author\\\/admin\\\/\"}]}<\/script>\n<!-- \/ Yoast SEO plugin. -->","yoast_head_json":{"title":"Acepta nueve a\u00f1os de prisi\u00f3n por abusar sexualmente de una menor con discapacidad en Santiago - Asociaci\u00f3n Espa\u00f1ola S\u00edndrome de Charge","robots":{"index":"index","follow":"follow","max-snippet":"max-snippet:-1","max-image-preview":"max-image-preview:large","max-video-preview":"max-video-preview:-1"},"canonical":"https:\/\/sindromecharge.es\/index.php\/2021\/06\/02\/acepta-nueve-anos-de-prision-por-abusar-sexualmente-de-una-menor-con-discapacidad-en-santiago\/","og_locale":"es_ES","og_type":"article","og_title":"Acepta nueve a\u00f1os de prisi\u00f3n por abusar sexualmente de una menor con discapacidad en Santiago - Asociaci\u00f3n Espa\u00f1ola S\u00edndrome de Charge","og_description":"Leemos en 20minutos la siguiente noticia que os reproducimos de forma \u00edntegra: El juicio, previsto para este mi\u00e9rcoles y este jueves en la secci\u00f3n sexta de la Audiencia Provincial de A Coru\u00f1a, con sede en la capital gallega, no se ha celebrado tras alcanzar una conformidad la defensa y la Fiscal\u00eda, seg\u00fan han detallado fuentes [&hellip;]","og_url":"https:\/\/sindromecharge.es\/index.php\/2021\/06\/02\/acepta-nueve-anos-de-prision-por-abusar-sexualmente-de-una-menor-con-discapacidad-en-santiago\/","og_site_name":"Asociaci\u00f3n Espa\u00f1ola S\u00edndrome de Charge","article_publisher":"https:\/\/www.facebook.com\/asociacionsindromecharge","article_published_time":"2021-06-02T11:29:28+00:00","og_image":[{"width":300,"height":98,"url":"https:\/\/sindromecharge.es\/wp-content\/uploads\/2013\/09\/logodecharge300x98.png","type":"image\/png"}],"author":"Charge","twitter_card":"summary_large_image","twitter_creator":"@sindromecharge","twitter_site":"@sindromecharge","twitter_misc":{"Escrito por":"Charge","Tiempo de lectura":"2 minutos"},"schema":{"@context":"https:\/\/schema.org","@graph":[{"@type":"Article","@id":"https:\/\/sindromecharge.es\/index.php\/2021\/06\/02\/acepta-nueve-anos-de-prision-por-abusar-sexualmente-de-una-menor-con-discapacidad-en-santiago\/#article","isPartOf":{"@id":"https:\/\/sindromecharge.es\/index.php\/2021\/06\/02\/acepta-nueve-anos-de-prision-por-abusar-sexualmente-de-una-menor-con-discapacidad-en-santiago\/"},"author":{"name":"Charge","@id":"https:\/\/sindromecharge.es\/#\/schema\/person\/39a60ebe0a2b4d5a11179701e336b039"},"headline":"Acepta nueve a\u00f1os de prisi\u00f3n por abusar sexualmente de una menor con discapacidad en Santiago","datePublished":"2021-06-02T11:29:28+00:00","mainEntityOfPage":{"@id":"https:\/\/sindromecharge.es\/index.php\/2021\/06\/02\/acepta-nueve-anos-de-prision-por-abusar-sexualmente-de-una-menor-con-discapacidad-en-santiago\/"},"wordCount":473,"commentCount":0,"keywords":["discapacidad"],"articleSection":["noticias"],"inLanguage":"es","potentialAction":[{"@type":"CommentAction","name":"Comment","target":["https:\/\/sindromecharge.es\/index.php\/2021\/06\/02\/acepta-nueve-anos-de-prision-por-abusar-sexualmente-de-una-menor-con-discapacidad-en-santiago\/#respond"]}]},{"@type":"WebPage","@id":"https:\/\/sindromecharge.es\/index.php\/2021\/06\/02\/acepta-nueve-anos-de-prision-por-abusar-sexualmente-de-una-menor-con-discapacidad-en-santiago\/","url":"https:\/\/sindromecharge.es\/index.php\/2021\/06\/02\/acepta-nueve-anos-de-prision-por-abusar-sexualmente-de-una-menor-con-discapacidad-en-santiago\/","name":"Acepta nueve a\u00f1os de prisi\u00f3n por abusar sexualmente de una menor con discapacidad en Santiago - Asociaci\u00f3n Espa\u00f1ola S\u00edndrome de Charge","isPartOf":{"@id":"https:\/\/sindromecharge.es\/#website"},"datePublished":"2021-06-02T11:29:28+00:00","author":{"@id":"https:\/\/sindromecharge.es\/#\/schema\/person\/39a60ebe0a2b4d5a11179701e336b039"},"breadcrumb":{"@id":"https:\/\/sindromecharge.es\/index.php\/2021\/06\/02\/acepta-nueve-anos-de-prision-por-abusar-sexualmente-de-una-menor-con-discapacidad-en-santiago\/#breadcrumb"},"inLanguage":"es","potentialAction":[{"@type":"ReadAction","target":["https:\/\/sindromecharge.es\/index.php\/2021\/06\/02\/acepta-nueve-anos-de-prision-por-abusar-sexualmente-de-una-menor-con-discapacidad-en-santiago\/"]}]},{"@type":"BreadcrumbList","@id":"https:\/\/sindromecharge.es\/index.php\/2021\/06\/02\/acepta-nueve-anos-de-prision-por-abusar-sexualmente-de-una-menor-con-discapacidad-en-santiago\/#breadcrumb","itemListElement":[{"@type":"ListItem","position":1,"name":"Portada","item":"https:\/\/sindromecharge.es\/"},{"@type":"ListItem","position":2,"name":"Acepta nueve a\u00f1os de prisi\u00f3n por abusar sexualmente de una menor con discapacidad en Santiago"}]},{"@type":"WebSite","@id":"https:\/\/sindromecharge.es\/#website","url":"https:\/\/sindromecharge.es\/","name":"Asociaci\u00f3n Espa\u00f1ola S\u00edndrome de Charge","description":"","potentialAction":[{"@type":"SearchAction","target":{"@type":"EntryPoint","urlTemplate":"https:\/\/sindromecharge.es\/?s={search_term_string}"},"query-input":{"@type":"PropertyValueSpecification","valueRequired":true,"valueName":"search_term_string"}}],"inLanguage":"es"},{"@type":"Person","@id":"https:\/\/sindromecharge.es\/#\/schema\/person\/39a60ebe0a2b4d5a11179701e336b039","name":"Charge","image":{"@type":"ImageObject","inLanguage":"es","@id":"https:\/\/secure.gravatar.com\/avatar\/c3b46e32a0fc3b093a0873fb767bf3293de856293065e84ef06b7ec7a8acfb98?s=96&d=identicon&r=x","url":"https:\/\/secure.gravatar.com\/avatar\/c3b46e32a0fc3b093a0873fb767bf3293de856293065e84ef06b7ec7a8acfb98?s=96&d=identicon&r=x","contentUrl":"https:\/\/secure.gravatar.com\/avatar\/c3b46e32a0fc3b093a0873fb767bf3293de856293065e84ef06b7ec7a8acfb98?s=96&d=identicon&r=x","caption":"Charge"},"url":"https:\/\/sindromecharge.es\/index.php\/author\/admin\/"}]}},"_links":{"self":[{"href":"https:\/\/sindromecharge.es\/index.php\/wp-json\/wp\/v2\/posts\/7245","targetHints":{"allow":["GET"]}}],"collection":[{"href":"https:\/\/sindromecharge.es\/index.php\/wp-json\/wp\/v2\/posts"}],"about":[{"href":"https:\/\/sindromecharge.es\/index.php\/wp-json\/wp\/v2\/types\/post"}],"author":[{"embeddable":true,"href":"https:\/\/sindromecharge.es\/index.php\/wp-json\/wp\/v2\/users\/1"}],"replies":[{"embeddable":true,"href":"https:\/\/sindromecharge.es\/index.php\/wp-json\/wp\/v2\/comments?post=7245"}],"version-history":[{"count":0,"href":"https:\/\/sindromecharge.es\/index.php\/wp-json\/wp\/v2\/posts\/7245\/revisions"}],"wp:attachment":[{"href":"https:\/\/sindromecharge.es\/index.php\/wp-json\/wp\/v2\/media?parent=7245"}],"wp:term":[{"taxonomy":"category","embeddable":true,"href":"https:\/\/sindromecharge.es\/index.php\/wp-json\/wp\/v2\/categories?post=7245"},{"taxonomy":"post_tag","embeddable":true,"href":"https:\/\/sindromecharge.es\/index.php\/wp-json\/wp\/v2\/tags?post=7245"}],"curies":[{"name":"wp","href":"https:\/\/api.w.org\/{rel}","templated":true}]}}