{"id":7244,"date":"2021-06-02T09:45:20","date_gmt":"2021-06-02T09:45:20","guid":{"rendered":"https:\/\/sindromecharge.es\/index.php\/2021\/06\/02\/cermin-expresa-su-malestar-por-la-estrategia-de-vacunacion-y-pide-que-se-incluyan-todos-los-colectivos-vulnerables\/"},"modified":"2021-06-02T09:45:20","modified_gmt":"2021-06-02T09:45:20","slug":"cermin-expresa-su-malestar-por-la-estrategia-de-vacunacion-y-pide-que-se-incluyan-todos-los-colectivos-vulnerables","status":"publish","type":"post","link":"https:\/\/sindromecharge.es\/index.php\/2021\/06\/02\/cermin-expresa-su-malestar-por-la-estrategia-de-vacunacion-y-pide-que-se-incluyan-todos-los-colectivos-vulnerables\/","title":{"rendered":"Cermin expresa su &quot;malestar&quot; por la estrategia de vacunaci\u00f3n y pide que se incluyan todos los colectivos vulnerables"},"content":{"rendered":"<p>Leemos en 20minutos la siguiente noticia que os reproducimos de forma \u00edntegra: <\/p>\n<p>As\u00ed lo han se\u00f1alado este mi\u00e9rcoles en rueda de prensa la presidenta de Cermin, Mariluz Sanz, y el vicepresidente de la entidad, Manuel Arellano, quienes han reclamado que se incluya en la estrategia de vacunaci\u00f3n a todos los colectivos vulnerables por cuestiones de salud que a\u00fan no han sido a\u00f1adidos a los grupos prioritarios.<\/p>\n<p>Han pedido as\u00ed al Departamento de Salud que \u00abhaga caso a las evidencias m\u00e9dico-cient\u00edficas que son la pauta que tienen que seguir para tomar decisiones\u00bb. \u00abNo es una cuesti\u00f3n pol\u00edtica, es una cuesti\u00f3n sanitaria y lo hemos dicho desde el primer momento. Las personas vulnerables por cuestiones de salud tienen mayor riesgo de contagio y de desarrollar una sintomatolog\u00eda mucho m\u00e1s grave\u00bb, ha remarcado Arellano.<\/p>\n<p>En concreto, el Cermin pide incluir en el grupo de alto riesgo de la estrategia de vacunaci\u00f3n a personas con discapacidad que no est\u00e1n obligadas al uso de la mascarilla, personas con enfermedades neuromusculares, personas laringectomizadas, con espina b\u00edfida e hidocrefalia, esclerosis m\u00faltiple, ELA, diabetes, personas con enfermedades raras, con enfermedades reumatol\u00f3gicas graves, par\u00e1lisis cerebral, encefalopat\u00edas graves y parkinson.<\/p>\n<p>Igualmente, la entidad ha defendido la necesidad de priorizar la vacunaci\u00f3n del entorno habitual y directo de las personas con discapacidad. As\u00ed, ha reclamado que sean vacunadas las familias y personas convivientes, personas cuidadoras, profesionales de las entidades sociales que trabajan en atenci\u00f3n directa con las personas con discapacidad, personal voluntario y estudiantes de pr\u00e1cticas ante \u00abel mayor riesgo de exposici\u00f3n y de transmisi\u00f3n al que se enfrentan\u00bb.<\/p>\n<p>Con respecto al tipo de vacuna a administrar a los colectivos vulnerables, los representantes del CERMIN han pedido que se primen aquellas vacunas que no requieran mucho plazo de tiempo entre dosis para alcanzar la cota m\u00e1xima de efectividad o inmunidad, ya que hasta no completar la pauta de vacunaci\u00f3n estas personas seguir\u00edan en situaci\u00f3n de alto riesgo de contagio.<\/p>\n<p>\u00abLa semana que viene empiezan a vacunar a personas de entre 40 a 49 a\u00f1os, que se vacune a una persona de esta edad sin patolog\u00edas antes que una persona con 20 a\u00f1os en una situaci\u00f3n cr\u00edtica de salud es un aut\u00e9ntico desprop\u00f3sito\u00bb, ha sostenido Arellano.<\/p>\n<p>En este mismo sentido, Mariluz Sanz ha reivindicado que \u00abhay personas con discapacidad que por sus caracter\u00edsticas deber\u00edan haber estado incluidas desde hace mucho tiempo en la estrategia de vacunaci\u00f3n y todav\u00eda no se ha hecho\u00bb. Y ha considerado \u00abincomprensible\u00bb que las prioridades de la vacunaci\u00f3n \u00abse hayan basado s\u00f3lo en criterios de edad\u00bb.<\/p>\n<p>\u00abEl criterio de la edad por s\u00ed solo no es un criterio efectivo. Estamos sacando de la ecuaci\u00f3n toda la parte de las enfermedades a\u00f1adidas que tienen las personas que es lo que realmente les provoca una situaci\u00f3n m\u00e1s grave\u00bb, ha subrayado.<\/p>\n<p>A este respecto, la presidenta del Cermin ha defendido que el Gobierno foral \u00abten\u00eda herramientas\u00bb para haber incluido a estos colectivos vulnerables en la estrategia de vacunaci\u00f3n aunque no se hubiera aprobado en el Consejo Interterritorial y ha considerado que \u00absi lo hubiera hecho podr\u00eda haberlo abanderado tambi\u00e9n para el resto del Estado\u00bb.<\/p>\n<p>\u00abMALESTAR\u00bb CON SALUD<\/p>\n<p>Por otro lado, los representantes del Cermin han expresado su \u00abmalestar\u00bb por la \u00abfalta de respuesta\u00bb por parte de Salud a sus comunicaciones. Seg\u00fan ha indicado Arellano, el 26 de febrero ya empezaron a mandar comunicaciones al Departamento de Salud para tratar el tema de vacunaci\u00f3n, \u00absin respuesta\u00bb, hasta \u00abcasualmente\u00bb este martes, a las 21.10 horas, cuando recibieron un correo de Marian Nuin, directora del Instituto de Salud P\u00fablica y Laboral de Navarra (ISPLN).<\/p>\n<p>\u00abSuena a broma de mal gusto, continuamos con esa sensaci\u00f3n de malestar ya que justamente el d\u00eda anterior a una rueda de prensa es cuando nos dicen\u00bb, ha se\u00f1alado el representante del Cermin, para quien \u00abha habido meses suficientes para plantear una conversaci\u00f3n\u00bb. \u00abSentirnos escuchados es una cosa importante y en la pandemia las personas con discapacidad lo hemos echado de menos, se ha generado una situaci\u00f3n de falta de empat\u00eda y una falta de vacuna emocional\u00bb, ha planteado.<\/p>\n<p>Tambi\u00e9n Mariluz Sanz ha manifestado que \u00abel malestar existe\u00bb y \u00abno se pasa porque ayer nos pidieran disculpas por el retraso en la contestaci\u00f3n\u00bb. Y ha solicitado a Salud que \u00abse apoye en el Cermin y sus entidades\u00bb como \u00abcanal de difusi\u00f3n de la informaci\u00f3n y comunicados oficiales\u00bb que emiten en materia de salud. \u00abSi tanto hablamos de cogobernanza, tambi\u00e9n la tenemos que poner en pr\u00e1ctica\u00bb, ha aseverado.<\/p>\n<p>Fuente: 20minutos <a href=\"https:\/\/www.20minutos.es\/noticia\/4716006\/0\/cermin-expresa-su-malestar-por-la-estrategia-de-vacunacion-y-pide-que-se-incluyan-todos-los-colectivos-vulnerables\/\" target=\"_blank\" rel=\"noopener\">Cermin expresa su &quot;malestar&quot; por la estrategia de vacunaci\u00f3n y pide que se incluyan todos los colectivos vulnerables<\/a><\/p>\n","protected":false},"excerpt":{"rendered":"<p>Leemos en 20minutos la siguiente noticia que os reproducimos de forma \u00edntegra: As\u00ed lo han se\u00f1alado este mi\u00e9rcoles en rueda de prensa la presidenta de Cermin, Mariluz Sanz, y el vicepresidente de la entidad, Manuel Arellano, quienes han reclamado que se incluya en la estrategia de vacunaci\u00f3n a todos los colectivos vulnerables por cuestiones de [&hellip;]<\/p>\n","protected":false},"author":1,"featured_media":0,"comment_status":"open","ping_status":"closed","sticky":false,"template":"","format":"standard","meta":{"footnotes":""},"categories":[8],"tags":[31],"class_list":["post-7244","post","type-post","status-publish","format-standard","hentry","category-noticias","tag-discapacidad"],"yoast_head":"<!-- This site is optimized with the Yoast SEO plugin v27.4 - https:\/\/yoast.com\/product\/yoast-seo-wordpress\/ -->\n<title>Cermin expresa su &quot;malestar&quot; por la estrategia de vacunaci\u00f3n y pide que se incluyan todos los colectivos vulnerables - Asociaci\u00f3n Espa\u00f1ola S\u00edndrome de Charge<\/title>\n<meta name=\"robots\" content=\"index, follow, max-snippet:-1, max-image-preview:large, max-video-preview:-1\" \/>\n<link rel=\"canonical\" href=\"https:\/\/sindromecharge.es\/index.php\/2021\/06\/02\/cermin-expresa-su-malestar-por-la-estrategia-de-vacunacion-y-pide-que-se-incluyan-todos-los-colectivos-vulnerables\/\" \/>\n<meta property=\"og:locale\" content=\"es_ES\" \/>\n<meta property=\"og:type\" content=\"article\" \/>\n<meta property=\"og:title\" content=\"Cermin expresa su &quot;malestar&quot; por la estrategia de vacunaci\u00f3n y pide que se incluyan todos los colectivos vulnerables - Asociaci\u00f3n Espa\u00f1ola S\u00edndrome de Charge\" \/>\n<meta property=\"og:description\" content=\"Leemos en 20minutos la siguiente noticia que os reproducimos de forma \u00edntegra: As\u00ed lo han se\u00f1alado este mi\u00e9rcoles en rueda de prensa la presidenta de Cermin, Mariluz Sanz, y el vicepresidente de la entidad, Manuel Arellano, quienes han reclamado que se incluya en la estrategia de vacunaci\u00f3n a todos los colectivos vulnerables por cuestiones de [&hellip;]\" \/>\n<meta property=\"og:url\" content=\"https:\/\/sindromecharge.es\/index.php\/2021\/06\/02\/cermin-expresa-su-malestar-por-la-estrategia-de-vacunacion-y-pide-que-se-incluyan-todos-los-colectivos-vulnerables\/\" \/>\n<meta property=\"og:site_name\" content=\"Asociaci\u00f3n Espa\u00f1ola S\u00edndrome de Charge\" \/>\n<meta property=\"article:publisher\" content=\"https:\/\/www.facebook.com\/asociacionsindromecharge\" \/>\n<meta property=\"article:published_time\" content=\"2021-06-02T09:45:20+00:00\" \/>\n<meta property=\"og:image\" content=\"https:\/\/sindromecharge.es\/wp-content\/uploads\/2013\/09\/logodecharge300x98.png\" \/>\n\t<meta property=\"og:image:width\" content=\"300\" \/>\n\t<meta property=\"og:image:height\" content=\"98\" \/>\n\t<meta property=\"og:image:type\" content=\"image\/png\" \/>\n<meta name=\"author\" content=\"Charge\" \/>\n<meta name=\"twitter:card\" content=\"summary_large_image\" \/>\n<meta name=\"twitter:creator\" content=\"@sindromecharge\" \/>\n<meta name=\"twitter:site\" content=\"@sindromecharge\" \/>\n<meta name=\"twitter:label1\" content=\"Escrito por\" \/>\n\t<meta name=\"twitter:data1\" content=\"Charge\" \/>\n\t<meta name=\"twitter:label2\" content=\"Tiempo de lectura\" \/>\n\t<meta name=\"twitter:data2\" content=\"4 minutos\" \/>\n<script type=\"application\/ld+json\" class=\"yoast-schema-graph\">{\"@context\":\"https:\\\/\\\/schema.org\",\"@graph\":[{\"@type\":\"Article\",\"@id\":\"https:\\\/\\\/sindromecharge.es\\\/index.php\\\/2021\\\/06\\\/02\\\/cermin-expresa-su-malestar-por-la-estrategia-de-vacunacion-y-pide-que-se-incluyan-todos-los-colectivos-vulnerables\\\/#article\",\"isPartOf\":{\"@id\":\"https:\\\/\\\/sindromecharge.es\\\/index.php\\\/2021\\\/06\\\/02\\\/cermin-expresa-su-malestar-por-la-estrategia-de-vacunacion-y-pide-que-se-incluyan-todos-los-colectivos-vulnerables\\\/\"},\"author\":{\"name\":\"Charge\",\"@id\":\"https:\\\/\\\/sindromecharge.es\\\/#\\\/schema\\\/person\\\/39a60ebe0a2b4d5a11179701e336b039\"},\"headline\":\"Cermin expresa su &quot;malestar&quot; por la estrategia de vacunaci\u00f3n y pide que se incluyan todos los colectivos vulnerables\",\"datePublished\":\"2021-06-02T09:45:20+00:00\",\"mainEntityOfPage\":{\"@id\":\"https:\\\/\\\/sindromecharge.es\\\/index.php\\\/2021\\\/06\\\/02\\\/cermin-expresa-su-malestar-por-la-estrategia-de-vacunacion-y-pide-que-se-incluyan-todos-los-colectivos-vulnerables\\\/\"},\"wordCount\":840,\"commentCount\":0,\"keywords\":[\"discapacidad\"],\"articleSection\":[\"noticias\"],\"inLanguage\":\"es\",\"potentialAction\":[{\"@type\":\"CommentAction\",\"name\":\"Comment\",\"target\":[\"https:\\\/\\\/sindromecharge.es\\\/index.php\\\/2021\\\/06\\\/02\\\/cermin-expresa-su-malestar-por-la-estrategia-de-vacunacion-y-pide-que-se-incluyan-todos-los-colectivos-vulnerables\\\/#respond\"]}]},{\"@type\":\"WebPage\",\"@id\":\"https:\\\/\\\/sindromecharge.es\\\/index.php\\\/2021\\\/06\\\/02\\\/cermin-expresa-su-malestar-por-la-estrategia-de-vacunacion-y-pide-que-se-incluyan-todos-los-colectivos-vulnerables\\\/\",\"url\":\"https:\\\/\\\/sindromecharge.es\\\/index.php\\\/2021\\\/06\\\/02\\\/cermin-expresa-su-malestar-por-la-estrategia-de-vacunacion-y-pide-que-se-incluyan-todos-los-colectivos-vulnerables\\\/\",\"name\":\"Cermin expresa su &quot;malestar&quot; por la estrategia de vacunaci\u00f3n y pide que se incluyan todos los colectivos vulnerables - Asociaci\u00f3n Espa\u00f1ola S\u00edndrome de Charge\",\"isPartOf\":{\"@id\":\"https:\\\/\\\/sindromecharge.es\\\/#website\"},\"datePublished\":\"2021-06-02T09:45:20+00:00\",\"author\":{\"@id\":\"https:\\\/\\\/sindromecharge.es\\\/#\\\/schema\\\/person\\\/39a60ebe0a2b4d5a11179701e336b039\"},\"breadcrumb\":{\"@id\":\"https:\\\/\\\/sindromecharge.es\\\/index.php\\\/2021\\\/06\\\/02\\\/cermin-expresa-su-malestar-por-la-estrategia-de-vacunacion-y-pide-que-se-incluyan-todos-los-colectivos-vulnerables\\\/#breadcrumb\"},\"inLanguage\":\"es\",\"potentialAction\":[{\"@type\":\"ReadAction\",\"target\":[\"https:\\\/\\\/sindromecharge.es\\\/index.php\\\/2021\\\/06\\\/02\\\/cermin-expresa-su-malestar-por-la-estrategia-de-vacunacion-y-pide-que-se-incluyan-todos-los-colectivos-vulnerables\\\/\"]}]},{\"@type\":\"BreadcrumbList\",\"@id\":\"https:\\\/\\\/sindromecharge.es\\\/index.php\\\/2021\\\/06\\\/02\\\/cermin-expresa-su-malestar-por-la-estrategia-de-vacunacion-y-pide-que-se-incluyan-todos-los-colectivos-vulnerables\\\/#breadcrumb\",\"itemListElement\":[{\"@type\":\"ListItem\",\"position\":1,\"name\":\"Portada\",\"item\":\"https:\\\/\\\/sindromecharge.es\\\/\"},{\"@type\":\"ListItem\",\"position\":2,\"name\":\"Cermin expresa su &quot;malestar&quot; por la estrategia de vacunaci\u00f3n y pide que se incluyan todos los colectivos vulnerables\"}]},{\"@type\":\"WebSite\",\"@id\":\"https:\\\/\\\/sindromecharge.es\\\/#website\",\"url\":\"https:\\\/\\\/sindromecharge.es\\\/\",\"name\":\"Asociaci\u00f3n Espa\u00f1ola S\u00edndrome de Charge\",\"description\":\"\",\"potentialAction\":[{\"@type\":\"SearchAction\",\"target\":{\"@type\":\"EntryPoint\",\"urlTemplate\":\"https:\\\/\\\/sindromecharge.es\\\/?s={search_term_string}\"},\"query-input\":{\"@type\":\"PropertyValueSpecification\",\"valueRequired\":true,\"valueName\":\"search_term_string\"}}],\"inLanguage\":\"es\"},{\"@type\":\"Person\",\"@id\":\"https:\\\/\\\/sindromecharge.es\\\/#\\\/schema\\\/person\\\/39a60ebe0a2b4d5a11179701e336b039\",\"name\":\"Charge\",\"image\":{\"@type\":\"ImageObject\",\"inLanguage\":\"es\",\"@id\":\"https:\\\/\\\/secure.gravatar.com\\\/avatar\\\/c3b46e32a0fc3b093a0873fb767bf3293de856293065e84ef06b7ec7a8acfb98?s=96&d=identicon&r=x\",\"url\":\"https:\\\/\\\/secure.gravatar.com\\\/avatar\\\/c3b46e32a0fc3b093a0873fb767bf3293de856293065e84ef06b7ec7a8acfb98?s=96&d=identicon&r=x\",\"contentUrl\":\"https:\\\/\\\/secure.gravatar.com\\\/avatar\\\/c3b46e32a0fc3b093a0873fb767bf3293de856293065e84ef06b7ec7a8acfb98?s=96&d=identicon&r=x\",\"caption\":\"Charge\"},\"url\":\"https:\\\/\\\/sindromecharge.es\\\/index.php\\\/author\\\/admin\\\/\"}]}<\/script>\n<!-- \/ Yoast SEO plugin. -->","yoast_head_json":{"title":"Cermin expresa su &quot;malestar&quot; por la estrategia de vacunaci\u00f3n y pide que se incluyan todos los colectivos vulnerables - Asociaci\u00f3n Espa\u00f1ola S\u00edndrome de Charge","robots":{"index":"index","follow":"follow","max-snippet":"max-snippet:-1","max-image-preview":"max-image-preview:large","max-video-preview":"max-video-preview:-1"},"canonical":"https:\/\/sindromecharge.es\/index.php\/2021\/06\/02\/cermin-expresa-su-malestar-por-la-estrategia-de-vacunacion-y-pide-que-se-incluyan-todos-los-colectivos-vulnerables\/","og_locale":"es_ES","og_type":"article","og_title":"Cermin expresa su &quot;malestar&quot; por la estrategia de vacunaci\u00f3n y pide que se incluyan todos los colectivos vulnerables - Asociaci\u00f3n Espa\u00f1ola S\u00edndrome de Charge","og_description":"Leemos en 20minutos la siguiente noticia que os reproducimos de forma \u00edntegra: As\u00ed lo han se\u00f1alado este mi\u00e9rcoles en rueda de prensa la presidenta de Cermin, Mariluz Sanz, y el vicepresidente de la entidad, Manuel Arellano, quienes han reclamado que se incluya en la estrategia de vacunaci\u00f3n a todos los colectivos vulnerables por cuestiones de [&hellip;]","og_url":"https:\/\/sindromecharge.es\/index.php\/2021\/06\/02\/cermin-expresa-su-malestar-por-la-estrategia-de-vacunacion-y-pide-que-se-incluyan-todos-los-colectivos-vulnerables\/","og_site_name":"Asociaci\u00f3n Espa\u00f1ola S\u00edndrome de Charge","article_publisher":"https:\/\/www.facebook.com\/asociacionsindromecharge","article_published_time":"2021-06-02T09:45:20+00:00","og_image":[{"width":300,"height":98,"url":"https:\/\/sindromecharge.es\/wp-content\/uploads\/2013\/09\/logodecharge300x98.png","type":"image\/png"}],"author":"Charge","twitter_card":"summary_large_image","twitter_creator":"@sindromecharge","twitter_site":"@sindromecharge","twitter_misc":{"Escrito por":"Charge","Tiempo de lectura":"4 minutos"},"schema":{"@context":"https:\/\/schema.org","@graph":[{"@type":"Article","@id":"https:\/\/sindromecharge.es\/index.php\/2021\/06\/02\/cermin-expresa-su-malestar-por-la-estrategia-de-vacunacion-y-pide-que-se-incluyan-todos-los-colectivos-vulnerables\/#article","isPartOf":{"@id":"https:\/\/sindromecharge.es\/index.php\/2021\/06\/02\/cermin-expresa-su-malestar-por-la-estrategia-de-vacunacion-y-pide-que-se-incluyan-todos-los-colectivos-vulnerables\/"},"author":{"name":"Charge","@id":"https:\/\/sindromecharge.es\/#\/schema\/person\/39a60ebe0a2b4d5a11179701e336b039"},"headline":"Cermin expresa su &quot;malestar&quot; por la estrategia de vacunaci\u00f3n y pide que se incluyan todos los colectivos vulnerables","datePublished":"2021-06-02T09:45:20+00:00","mainEntityOfPage":{"@id":"https:\/\/sindromecharge.es\/index.php\/2021\/06\/02\/cermin-expresa-su-malestar-por-la-estrategia-de-vacunacion-y-pide-que-se-incluyan-todos-los-colectivos-vulnerables\/"},"wordCount":840,"commentCount":0,"keywords":["discapacidad"],"articleSection":["noticias"],"inLanguage":"es","potentialAction":[{"@type":"CommentAction","name":"Comment","target":["https:\/\/sindromecharge.es\/index.php\/2021\/06\/02\/cermin-expresa-su-malestar-por-la-estrategia-de-vacunacion-y-pide-que-se-incluyan-todos-los-colectivos-vulnerables\/#respond"]}]},{"@type":"WebPage","@id":"https:\/\/sindromecharge.es\/index.php\/2021\/06\/02\/cermin-expresa-su-malestar-por-la-estrategia-de-vacunacion-y-pide-que-se-incluyan-todos-los-colectivos-vulnerables\/","url":"https:\/\/sindromecharge.es\/index.php\/2021\/06\/02\/cermin-expresa-su-malestar-por-la-estrategia-de-vacunacion-y-pide-que-se-incluyan-todos-los-colectivos-vulnerables\/","name":"Cermin expresa su &quot;malestar&quot; por la estrategia de vacunaci\u00f3n y pide que se incluyan todos los colectivos vulnerables - Asociaci\u00f3n Espa\u00f1ola S\u00edndrome de Charge","isPartOf":{"@id":"https:\/\/sindromecharge.es\/#website"},"datePublished":"2021-06-02T09:45:20+00:00","author":{"@id":"https:\/\/sindromecharge.es\/#\/schema\/person\/39a60ebe0a2b4d5a11179701e336b039"},"breadcrumb":{"@id":"https:\/\/sindromecharge.es\/index.php\/2021\/06\/02\/cermin-expresa-su-malestar-por-la-estrategia-de-vacunacion-y-pide-que-se-incluyan-todos-los-colectivos-vulnerables\/#breadcrumb"},"inLanguage":"es","potentialAction":[{"@type":"ReadAction","target":["https:\/\/sindromecharge.es\/index.php\/2021\/06\/02\/cermin-expresa-su-malestar-por-la-estrategia-de-vacunacion-y-pide-que-se-incluyan-todos-los-colectivos-vulnerables\/"]}]},{"@type":"BreadcrumbList","@id":"https:\/\/sindromecharge.es\/index.php\/2021\/06\/02\/cermin-expresa-su-malestar-por-la-estrategia-de-vacunacion-y-pide-que-se-incluyan-todos-los-colectivos-vulnerables\/#breadcrumb","itemListElement":[{"@type":"ListItem","position":1,"name":"Portada","item":"https:\/\/sindromecharge.es\/"},{"@type":"ListItem","position":2,"name":"Cermin expresa su &quot;malestar&quot; por la estrategia de vacunaci\u00f3n y pide que se incluyan todos los colectivos vulnerables"}]},{"@type":"WebSite","@id":"https:\/\/sindromecharge.es\/#website","url":"https:\/\/sindromecharge.es\/","name":"Asociaci\u00f3n Espa\u00f1ola S\u00edndrome de Charge","description":"","potentialAction":[{"@type":"SearchAction","target":{"@type":"EntryPoint","urlTemplate":"https:\/\/sindromecharge.es\/?s={search_term_string}"},"query-input":{"@type":"PropertyValueSpecification","valueRequired":true,"valueName":"search_term_string"}}],"inLanguage":"es"},{"@type":"Person","@id":"https:\/\/sindromecharge.es\/#\/schema\/person\/39a60ebe0a2b4d5a11179701e336b039","name":"Charge","image":{"@type":"ImageObject","inLanguage":"es","@id":"https:\/\/secure.gravatar.com\/avatar\/c3b46e32a0fc3b093a0873fb767bf3293de856293065e84ef06b7ec7a8acfb98?s=96&d=identicon&r=x","url":"https:\/\/secure.gravatar.com\/avatar\/c3b46e32a0fc3b093a0873fb767bf3293de856293065e84ef06b7ec7a8acfb98?s=96&d=identicon&r=x","contentUrl":"https:\/\/secure.gravatar.com\/avatar\/c3b46e32a0fc3b093a0873fb767bf3293de856293065e84ef06b7ec7a8acfb98?s=96&d=identicon&r=x","caption":"Charge"},"url":"https:\/\/sindromecharge.es\/index.php\/author\/admin\/"}]}},"_links":{"self":[{"href":"https:\/\/sindromecharge.es\/index.php\/wp-json\/wp\/v2\/posts\/7244","targetHints":{"allow":["GET"]}}],"collection":[{"href":"https:\/\/sindromecharge.es\/index.php\/wp-json\/wp\/v2\/posts"}],"about":[{"href":"https:\/\/sindromecharge.es\/index.php\/wp-json\/wp\/v2\/types\/post"}],"author":[{"embeddable":true,"href":"https:\/\/sindromecharge.es\/index.php\/wp-json\/wp\/v2\/users\/1"}],"replies":[{"embeddable":true,"href":"https:\/\/sindromecharge.es\/index.php\/wp-json\/wp\/v2\/comments?post=7244"}],"version-history":[{"count":0,"href":"https:\/\/sindromecharge.es\/index.php\/wp-json\/wp\/v2\/posts\/7244\/revisions"}],"wp:attachment":[{"href":"https:\/\/sindromecharge.es\/index.php\/wp-json\/wp\/v2\/media?parent=7244"}],"wp:term":[{"taxonomy":"category","embeddable":true,"href":"https:\/\/sindromecharge.es\/index.php\/wp-json\/wp\/v2\/categories?post=7244"},{"taxonomy":"post_tag","embeddable":true,"href":"https:\/\/sindromecharge.es\/index.php\/wp-json\/wp\/v2\/tags?post=7244"}],"curies":[{"name":"wp","href":"https:\/\/api.w.org\/{rel}","templated":true}]}}