{"id":7242,"date":"2021-06-02T08:42:22","date_gmt":"2021-06-02T08:42:22","guid":{"rendered":"https:\/\/sindromecharge.es\/index.php\/2021\/06\/02\/el-travieso-y-alegre-aimar\/"},"modified":"2021-06-02T08:42:22","modified_gmt":"2021-06-02T08:42:22","slug":"el-travieso-y-alegre-aimar","status":"publish","type":"post","link":"https:\/\/sindromecharge.es\/index.php\/2021\/06\/02\/el-travieso-y-alegre-aimar\/","title":{"rendered":"El travieso y alegre Aimar"},"content":{"rendered":"<p>Leemos en Menudos Corazones la siguiente noticia que os reproducimos de forma \u00edntegra: <\/p>\n<h5><strong>Somos Agus y Diana, los padres de Aimar. Nacido el 12 de junio de 2018, es el segundo de nuestros hijos; Mara, su hermana mayor, tiene 6 a\u00f1os. Somos de Segovia, donde tambi\u00e9n vivimos. En verano, nos vamos a Hontanares de Eresma, un pueblo de la misma provincia.<\/strong><\/h5>\n<p><img decoding=\"async\" loading=\"lazy\" class=\"aligncenter wp-image-29225 size-large\" src=\"https:\/\/www.menudoscorazones.org\/wp-content\/uploads\/2021\/06\/IMG_20210415_091226-768x1024.jpg\" alt=\"Aimar\" width=\"702\" height=\"936\" \/><\/p>\n<p><strong>Aimar fue un ni\u00f1o muy deseado.<\/strong> Tras el nacimiento de Mara, siempre quisimos un chico, ya que en la familia predominaban las chicas.<\/p>\n<p>Durante el embarazo, result\u00f3 todo fenomenal. El parto, sin embargo, fue provocado y muy duro: <strong>Aimar vino con vuelta de cord\u00f3n y estuvo unos minutos sin respirar, pero nada parec\u00eda indicar lo que descubrimos m\u00e1s tarde.<\/strong><\/p>\n<p>Con dos meses de vida, en una revisi\u00f3n rutinaria, la pediatra nos comunic\u00f3 que <strong>ten\u00eda un soplo en el coraz\u00f3n<\/strong> y que deb\u00eda ir al Hospital General de Segovia para hacerle una ecograf\u00eda y ver mejor lo que le pasaba. All\u00ed, la doctora Jim\u00e9nez nos dio <a href=\"https:\/\/www.menudoscorazones.org\/2020\/estrategias-para-afrontar-miedos-e-incertidumbres-en-el-dia-a-dia-con-las-cardiopatias\/\">el primer susto:<\/a> \u00ab<strong>Vuestro hijo no tiene bien el coraz\u00f3n,<\/strong> sus funciones no son buenas, as\u00ed que os voy a derivar al Hospital Ram\u00f3n y Cajal de Madrid para que le hagan m\u00e1s pruebas\u00bb.<\/p>\n<p><img decoding=\"async\" loading=\"lazy\" class=\"size-large wp-image-29230 aligncenter\" src=\"https:\/\/www.menudoscorazones.org\/wp-content\/uploads\/2021\/06\/IMG_20180812_143911-768x1024.jpg\" alt=\"Aimar a los dos meses de vida.\" width=\"702\" height=\"936\" \/><\/p>\n<p>Una vez all\u00ed, pas\u00f3 <a href=\"https:\/\/www.menudoscorazones.org\/servicios\/hospitalizacion\/\">unos d\u00edas ingresado.<\/a> Vivimos momentos de <strong>muchos nervios y miedos,<\/strong> ya que nadie nos dec\u00eda nada concreto. En una consulta con la doctora Toledano, nos inform\u00f3 de que Aimar ten\u00eda una hipertrofia ventricular biventricular, que no era una cosa tan rara, pero s\u00ed en una edad tan temprana. As\u00ed que <strong>siguieron haci\u00e9ndole pruebas&#8230; Y en enero de 2019 empez\u00f3 el calvario.<\/strong><\/p>\n<p>Nos llam\u00f3 la doctora Jim\u00e9nez y nos comunic\u00f3 que ya ten\u00eda los resultados del estudio gen\u00e9tico: <a href=\"https:\/\/www.menudoscorazones.org\/servicios\/diagnostico-reciente\/\">el diagn\u00f3stico<\/a> fue \u00ab<strong>miocardiopat\u00eda hipertr\u00f3fica biventricular con disfunci\u00f3n severa por variante gen\u00e9tica del gen MYH7,<\/strong> con pron\u00f3stico de empeoramiento progresivo en los primeros a\u00f1os de vida\u00bb. <strong>Como \u00e9l solo hab\u00eda cuatro casos en estudio en el mundo y la \u00fanica soluci\u00f3n era hacerle un trasplante de coraz\u00f3n.<\/strong><\/p>\n<p>Nos cay\u00f3 como un jarro de agua fr\u00eda. <a href=\"https:\/\/www.menudoscorazones.org\/cardiopatias-congenitas\/recursos\/como-te-sientes-al-recibir-la-noticia-del-diagnostico-de-una-cardiopatia\/\">Sin palabras, sin respiraci\u00f3n, se nos vino el mundo encima,<\/a> <strong>no nos lo pod\u00edamos creer. Y es que Aimar, aparentemente, era un ni\u00f1o sano.<\/strong><\/p>\n<p>De ah\u00ed, nos derivaron al Hospital La Paz. All\u00ed conocimos al doctor Guereta y fue \u00e9l quien nos cont\u00f3 c\u00f3mo ser\u00eda el trasplante, sus pros y sus contras\u2026 todo. Pero nosotros segu\u00edamos sin poder asimilarlo.<\/p>\n<figure id=\"attachment_29231\" aria-describedby=\"caption-attachment-29231\" style=\"width: 702px\" class=\"wp-caption aligncenter\"><img decoding=\"async\" loading=\"lazy\" class=\"size-large wp-image-29231\" src=\"https:\/\/www.menudoscorazones.org\/wp-content\/uploads\/2021\/06\/IMG-20210327-WA0004-1024x758.jpg\" alt=\"Aimar y su hermana, Mara\" width=\"702\" height=\"520\" \/><figcaption id=\"caption-attachment-29231\" class=\"wp-caption-text\">Aimar y su hermana, Mara<\/figcaption><\/figure>\n<p>Hasta que, tras un mont\u00f3n de pruebas, le hicieron un cat\u00e9ter y <strong>nos dimos cuenta de que estaba muy mal: el coraz\u00f3n de Aimar no era capaz de aguantar una anestesia<\/strong> y casi no lo cuenta.<\/p>\n<p>Y as\u00ed, el 8 de abril de 2019, <strong>entr\u00f3 en la lista de trasplante cardiaco. A partir de ah\u00ed, cambi\u00f3 toda nuestra forma de vida.<\/strong> No pod\u00edamos irnos a ning\u00fan lado, siempre pendientes de un tel\u00e9fono por si nos llamaban para la operaci\u00f3n; ni llevarle a la guarder\u00eda ni arriesgarnos a que se pusiera malo; ni dejarle llorar, ya que para su coraz\u00f3n supon\u00eda much\u00edsimo esfuerzo. Empez\u00f3 a tomar mucha medicaci\u00f3n porque ten\u00eda un gran porcentaje de probabilidades de sufrir una muerte s\u00fabita.<\/p>\n<p>Un d\u00eda, despu\u00e9s de dar tantas vueltas a lo que nos estaba pasando, <strong>decidimos llamar a Menudos Corazones&#8230; \u00a1Y en qu\u00e9 hora no lo hicimos antes!<\/strong> <a href=\"https:\/\/www.menudoscorazones.org\/quienes\/que-hacemos\/apoyo-psicologico-dia-a-dia\/\">Nos ayudaron much\u00edsimo psicol\u00f3gicamente,<\/a> nos ofrecieron apoyo y tambi\u00e9n <a href=\"https:\/\/www.menudoscorazones.org\/quienes\/que-hacemos\/alojamiento-gratuito-ninos-hospitalizados\/\">una casa para trasladarnos a la capital<\/a> (por suerte, no la necesitamos, ya que el doctor nos permiti\u00f3 quedarnos en Segovia y eso fue un alivio).<\/p>\n<p><strong>Uno de los dos, concretamente Diana, tuvo que dejar de trabajar<\/strong> para dedicarse a Aimar por completo. Ten\u00edamos much\u00edsimas limitaciones.<\/p>\n<figure id=\"attachment_29226\" aria-describedby=\"caption-attachment-29226\" style=\"width: 702px\" class=\"wp-caption aligncenter\"><img decoding=\"async\" loading=\"lazy\" class=\"size-large wp-image-29226\" src=\"https:\/\/www.menudoscorazones.org\/wp-content\/uploads\/2021\/06\/IMG_20200413_131746-768x1024.jpg\" alt=\"Mara y Aimar, durante el confinamiento.\" width=\"702\" height=\"936\" \/><figcaption id=\"caption-attachment-29226\" class=\"wp-caption-text\">Mara y Aimar, durante el confinamiento.<\/figcaption><\/figure>\n<p>Mientras continu\u00e1bamos esperando su coraz\u00f3n,<strong> lleg\u00f3 el dichoso <a href=\"https:\/\/www.menudoscorazones.org\/coronavirus-y-cardiopatias-congenitas\/\">coronavirus.<\/a><\/strong> Pasamos much\u00edsimo miedo, dado que <strong>no sab\u00edamos c\u00f3mo le pod\u00eda afectar, y tuvimos que dejar de ir a sus consultas mensuales en Madrid.<\/strong> Le segu\u00edamos viendo bien, pero no estaba tan controlado. Durante el confinamiento nos dec\u00edamos: \u201cCon el virus este no nos van a llamar\u201d.<\/p>\n<p>Unos d\u00edas antes de la declaraci\u00f3n del estado de alarma, nos fuimos al pueblo, por recomendaci\u00f3n de la cardi\u00f3loga, y estuvimos muy bien. All\u00ed tenemos una casa con patio y tanto nuestros hijos como nosotros no lo llevamos mal.<\/p>\n<figure id=\"attachment_29228\" aria-describedby=\"caption-attachment-29228\" style=\"width: 702px\" class=\"wp-caption aligncenter\"><img decoding=\"async\" loading=\"lazy\" class=\"size-large wp-image-29228\" src=\"https:\/\/www.menudoscorazones.org\/wp-content\/uploads\/2021\/06\/IMG_20200609_171207_1-768x1024.jpg\" alt=\"Aimar, 6 d\u00edas despu\u00e9s del trasplante.\" width=\"702\" height=\"936\" \/><figcaption id=\"caption-attachment-29228\" class=\"wp-caption-text\">Aimar, 6 d\u00edas despu\u00e9s del trasplante.<\/figcaption><\/figure>\n<p>El 3 de junio de 2020, el primer d\u00eda que salimos de casa y fuimos a una terraza de un bar a tomar algo, nos llamaron. <strong>Hab\u00eda un coraz\u00f3n completamente compatible para Aimar. Sent\u00edamos una mezcla de alegr\u00eda y miedo,<\/strong> algo indescriptible.<\/p>\n<p>Tras la cirug\u00eda, estuvo <strong>21 d\u00edas ingresado, 4 de ellos <a href=\"https:\/\/www.menudoscorazones.org\/2019\/hay-que-vivir-el-presente\/\">en la UCI.<\/a><\/strong> <strong>El peor fue el que cumpli\u00f3 2 a\u00f1itos, cuando nos dijeron que ten\u00eda s\u00edntomas de rechazo.<\/strong> Parec\u00eda que todo lo que se hab\u00eda hecho no hab\u00eda valido para nada\u2026 Lo pasamos fatal, pero, afortunadamente, sali\u00f3 todo superbi\u00e9n.<\/p>\n<p><strong>Tras el alta, seg\u00fan han ido pasando los meses, Aimar ha mejorado.<\/strong> Es superalegre y superfuerte, tiene pasi\u00f3n por su hermana Mara y su prima Jimena; y le encantan los animales. <strong>Siempre est\u00e1 contento y es muy travieso, \u00a1da gusto verle despu\u00e9s de todo lo que ha pasado!<\/strong> Gracias a lo que hemos superado, nos hemos dado cuenta de que <strong>la vida es demasiado maravillosa como para dejarla escapar.<\/strong><\/p>\n<figure id=\"attachment_29232\" aria-describedby=\"caption-attachment-29232\" style=\"width: 702px\" class=\"wp-caption aligncenter\"><img decoding=\"async\" loading=\"lazy\" class=\"size-large wp-image-29232\" src=\"https:\/\/www.menudoscorazones.org\/wp-content\/uploads\/2021\/06\/IMG_20200624_130605-766x1024.jpg\" alt=\"Celebrando el alta hospitalaria de Aimar\" width=\"702\" height=\"938\" \/><figcaption id=\"caption-attachment-29232\" class=\"wp-caption-text\">Celebrando el alta hospitalaria de Aimar.<\/figcaption><\/figure>\n<p>Lo m\u00e1s bonito que se puede dar en este mundo es la vida, y <strong>no hay gracias suficientes para unos padres an\u00f3nimos que, en el peor momento, decidieron dar a nuestro hijo la posibilidad de tener un futuro.<\/strong><\/p>\n<p><strong>Donar \u00f3rganos es donar vida<\/strong> y desde nuestra familia animamos a todo el mundo a hacerlo.<\/p>\n<p>Muchas gracias por todo.<\/p>\n<p><img decoding=\"async\" loading=\"lazy\" class=\"size-large wp-image-29227 aligncenter\" src=\"https:\/\/www.menudoscorazones.org\/wp-content\/uploads\/2021\/06\/IMG_20201001_110344-1024x766.jpg\" alt=\"Foto de familia\" width=\"702\" height=\"525\" \/><\/p>\n<p><strong>Agus y Diana<\/strong><\/p>\n<p><em>Junio de 2021<\/em><\/p>\n<p>&nbsp;<\/p>\n<p>La entrada <a rel=\"nofollow\" href=\"https:\/\/www.menudoscorazones.org\/2021\/el-travieso-y-alegre-aimar\/\">El travieso y alegre Aimar<\/a> aparece primero en <a rel=\"nofollow\" href=\"https:\/\/www.menudoscorazones.org\">Menudos Corazones<\/a>.<\/p>\n<p>Fuente: Menudos Corazones <a href=\"https:\/\/www.menudoscorazones.org\/2021\/el-travieso-y-alegre-aimar\/\" target=\"_blank\" rel=\"noopener\">El travieso y alegre Aimar<\/a><\/p>\n","protected":false},"excerpt":{"rendered":"<p>Leemos en Menudos Corazones la siguiente noticia que os reproducimos de forma \u00edntegra: Somos Agus y Diana, los padres de Aimar. Nacido el 12 de junio de 2018, es el segundo de nuestros hijos; Mara, su hermana mayor, tiene 6 a\u00f1os. Somos de Segovia, donde tambi\u00e9n vivimos. En verano, nos vamos a Hontanares de Eresma, [&hellip;]<\/p>\n","protected":false},"author":1,"featured_media":0,"comment_status":"open","ping_status":"closed","sticky":false,"template":"","format":"standard","meta":{"footnotes":""},"categories":[8],"tags":[113],"class_list":["post-7242","post","type-post","status-publish","format-standard","hentry","category-noticias","tag-corazon"],"yoast_head":"<!-- This site is optimized with the Yoast SEO plugin v27.4 - https:\/\/yoast.com\/product\/yoast-seo-wordpress\/ -->\n<title>El travieso y alegre Aimar - Asociaci\u00f3n Espa\u00f1ola S\u00edndrome de Charge<\/title>\n<meta name=\"robots\" content=\"index, follow, max-snippet:-1, max-image-preview:large, max-video-preview:-1\" \/>\n<link rel=\"canonical\" href=\"https:\/\/sindromecharge.es\/index.php\/2021\/06\/02\/el-travieso-y-alegre-aimar\/\" \/>\n<meta property=\"og:locale\" content=\"es_ES\" \/>\n<meta property=\"og:type\" content=\"article\" \/>\n<meta property=\"og:title\" content=\"El travieso y alegre Aimar - Asociaci\u00f3n Espa\u00f1ola S\u00edndrome de Charge\" \/>\n<meta property=\"og:description\" content=\"Leemos en Menudos Corazones la siguiente noticia que os reproducimos de forma \u00edntegra: Somos Agus y Diana, los padres de Aimar. Nacido el 12 de junio de 2018, es el segundo de nuestros hijos; Mara, su hermana mayor, tiene 6 a\u00f1os. Somos de Segovia, donde tambi\u00e9n vivimos. En verano, nos vamos a Hontanares de Eresma, [&hellip;]\" \/>\n<meta property=\"og:url\" content=\"https:\/\/sindromecharge.es\/index.php\/2021\/06\/02\/el-travieso-y-alegre-aimar\/\" \/>\n<meta property=\"og:site_name\" content=\"Asociaci\u00f3n Espa\u00f1ola S\u00edndrome de Charge\" \/>\n<meta property=\"article:publisher\" content=\"https:\/\/www.facebook.com\/asociacionsindromecharge\" \/>\n<meta property=\"article:published_time\" content=\"2021-06-02T08:42:22+00:00\" \/>\n<meta property=\"og:image\" content=\"https:\/\/www.menudoscorazones.org\/wp-content\/uploads\/2021\/06\/IMG_20210415_091226-768x1024.jpg\" \/>\n<meta name=\"author\" content=\"Charge\" \/>\n<meta name=\"twitter:card\" content=\"summary_large_image\" \/>\n<meta name=\"twitter:creator\" content=\"@sindromecharge\" \/>\n<meta name=\"twitter:site\" content=\"@sindromecharge\" \/>\n<meta name=\"twitter:label1\" content=\"Escrito por\" \/>\n\t<meta name=\"twitter:data1\" content=\"Charge\" \/>\n\t<meta name=\"twitter:label2\" content=\"Tiempo de lectura\" \/>\n\t<meta name=\"twitter:data2\" content=\"5 minutos\" \/>\n<script type=\"application\/ld+json\" class=\"yoast-schema-graph\">{\"@context\":\"https:\\\/\\\/schema.org\",\"@graph\":[{\"@type\":\"Article\",\"@id\":\"https:\\\/\\\/sindromecharge.es\\\/index.php\\\/2021\\\/06\\\/02\\\/el-travieso-y-alegre-aimar\\\/#article\",\"isPartOf\":{\"@id\":\"https:\\\/\\\/sindromecharge.es\\\/index.php\\\/2021\\\/06\\\/02\\\/el-travieso-y-alegre-aimar\\\/\"},\"author\":{\"name\":\"Charge\",\"@id\":\"https:\\\/\\\/sindromecharge.es\\\/#\\\/schema\\\/person\\\/39a60ebe0a2b4d5a11179701e336b039\"},\"headline\":\"El travieso y alegre Aimar\",\"datePublished\":\"2021-06-02T08:42:22+00:00\",\"mainEntityOfPage\":{\"@id\":\"https:\\\/\\\/sindromecharge.es\\\/index.php\\\/2021\\\/06\\\/02\\\/el-travieso-y-alegre-aimar\\\/\"},\"wordCount\":1043,\"commentCount\":0,\"image\":{\"@id\":\"https:\\\/\\\/sindromecharge.es\\\/index.php\\\/2021\\\/06\\\/02\\\/el-travieso-y-alegre-aimar\\\/#primaryimage\"},\"thumbnailUrl\":\"https:\\\/\\\/www.menudoscorazones.org\\\/wp-content\\\/uploads\\\/2021\\\/06\\\/IMG_20210415_091226-768x1024.jpg\",\"keywords\":[\"corazon\"],\"articleSection\":[\"noticias\"],\"inLanguage\":\"es\",\"potentialAction\":[{\"@type\":\"CommentAction\",\"name\":\"Comment\",\"target\":[\"https:\\\/\\\/sindromecharge.es\\\/index.php\\\/2021\\\/06\\\/02\\\/el-travieso-y-alegre-aimar\\\/#respond\"]}]},{\"@type\":\"WebPage\",\"@id\":\"https:\\\/\\\/sindromecharge.es\\\/index.php\\\/2021\\\/06\\\/02\\\/el-travieso-y-alegre-aimar\\\/\",\"url\":\"https:\\\/\\\/sindromecharge.es\\\/index.php\\\/2021\\\/06\\\/02\\\/el-travieso-y-alegre-aimar\\\/\",\"name\":\"El travieso y alegre Aimar - Asociaci\u00f3n Espa\u00f1ola S\u00edndrome de Charge\",\"isPartOf\":{\"@id\":\"https:\\\/\\\/sindromecharge.es\\\/#website\"},\"primaryImageOfPage\":{\"@id\":\"https:\\\/\\\/sindromecharge.es\\\/index.php\\\/2021\\\/06\\\/02\\\/el-travieso-y-alegre-aimar\\\/#primaryimage\"},\"image\":{\"@id\":\"https:\\\/\\\/sindromecharge.es\\\/index.php\\\/2021\\\/06\\\/02\\\/el-travieso-y-alegre-aimar\\\/#primaryimage\"},\"thumbnailUrl\":\"https:\\\/\\\/www.menudoscorazones.org\\\/wp-content\\\/uploads\\\/2021\\\/06\\\/IMG_20210415_091226-768x1024.jpg\",\"datePublished\":\"2021-06-02T08:42:22+00:00\",\"author\":{\"@id\":\"https:\\\/\\\/sindromecharge.es\\\/#\\\/schema\\\/person\\\/39a60ebe0a2b4d5a11179701e336b039\"},\"breadcrumb\":{\"@id\":\"https:\\\/\\\/sindromecharge.es\\\/index.php\\\/2021\\\/06\\\/02\\\/el-travieso-y-alegre-aimar\\\/#breadcrumb\"},\"inLanguage\":\"es\",\"potentialAction\":[{\"@type\":\"ReadAction\",\"target\":[\"https:\\\/\\\/sindromecharge.es\\\/index.php\\\/2021\\\/06\\\/02\\\/el-travieso-y-alegre-aimar\\\/\"]}]},{\"@type\":\"ImageObject\",\"inLanguage\":\"es\",\"@id\":\"https:\\\/\\\/sindromecharge.es\\\/index.php\\\/2021\\\/06\\\/02\\\/el-travieso-y-alegre-aimar\\\/#primaryimage\",\"url\":\"https:\\\/\\\/www.menudoscorazones.org\\\/wp-content\\\/uploads\\\/2021\\\/06\\\/IMG_20210415_091226-768x1024.jpg\",\"contentUrl\":\"https:\\\/\\\/www.menudoscorazones.org\\\/wp-content\\\/uploads\\\/2021\\\/06\\\/IMG_20210415_091226-768x1024.jpg\"},{\"@type\":\"BreadcrumbList\",\"@id\":\"https:\\\/\\\/sindromecharge.es\\\/index.php\\\/2021\\\/06\\\/02\\\/el-travieso-y-alegre-aimar\\\/#breadcrumb\",\"itemListElement\":[{\"@type\":\"ListItem\",\"position\":1,\"name\":\"Portada\",\"item\":\"https:\\\/\\\/sindromecharge.es\\\/\"},{\"@type\":\"ListItem\",\"position\":2,\"name\":\"El travieso y alegre Aimar\"}]},{\"@type\":\"WebSite\",\"@id\":\"https:\\\/\\\/sindromecharge.es\\\/#website\",\"url\":\"https:\\\/\\\/sindromecharge.es\\\/\",\"name\":\"Asociaci\u00f3n Espa\u00f1ola S\u00edndrome de Charge\",\"description\":\"\",\"potentialAction\":[{\"@type\":\"SearchAction\",\"target\":{\"@type\":\"EntryPoint\",\"urlTemplate\":\"https:\\\/\\\/sindromecharge.es\\\/?s={search_term_string}\"},\"query-input\":{\"@type\":\"PropertyValueSpecification\",\"valueRequired\":true,\"valueName\":\"search_term_string\"}}],\"inLanguage\":\"es\"},{\"@type\":\"Person\",\"@id\":\"https:\\\/\\\/sindromecharge.es\\\/#\\\/schema\\\/person\\\/39a60ebe0a2b4d5a11179701e336b039\",\"name\":\"Charge\",\"image\":{\"@type\":\"ImageObject\",\"inLanguage\":\"es\",\"@id\":\"https:\\\/\\\/secure.gravatar.com\\\/avatar\\\/c3b46e32a0fc3b093a0873fb767bf3293de856293065e84ef06b7ec7a8acfb98?s=96&d=identicon&r=x\",\"url\":\"https:\\\/\\\/secure.gravatar.com\\\/avatar\\\/c3b46e32a0fc3b093a0873fb767bf3293de856293065e84ef06b7ec7a8acfb98?s=96&d=identicon&r=x\",\"contentUrl\":\"https:\\\/\\\/secure.gravatar.com\\\/avatar\\\/c3b46e32a0fc3b093a0873fb767bf3293de856293065e84ef06b7ec7a8acfb98?s=96&d=identicon&r=x\",\"caption\":\"Charge\"},\"url\":\"https:\\\/\\\/sindromecharge.es\\\/index.php\\\/author\\\/admin\\\/\"}]}<\/script>\n<!-- \/ Yoast SEO plugin. -->","yoast_head_json":{"title":"El travieso y alegre Aimar - Asociaci\u00f3n Espa\u00f1ola S\u00edndrome de Charge","robots":{"index":"index","follow":"follow","max-snippet":"max-snippet:-1","max-image-preview":"max-image-preview:large","max-video-preview":"max-video-preview:-1"},"canonical":"https:\/\/sindromecharge.es\/index.php\/2021\/06\/02\/el-travieso-y-alegre-aimar\/","og_locale":"es_ES","og_type":"article","og_title":"El travieso y alegre Aimar - Asociaci\u00f3n Espa\u00f1ola S\u00edndrome de Charge","og_description":"Leemos en Menudos Corazones la siguiente noticia que os reproducimos de forma \u00edntegra: Somos Agus y Diana, los padres de Aimar. Nacido el 12 de junio de 2018, es el segundo de nuestros hijos; Mara, su hermana mayor, tiene 6 a\u00f1os. Somos de Segovia, donde tambi\u00e9n vivimos. En verano, nos vamos a Hontanares de Eresma, [&hellip;]","og_url":"https:\/\/sindromecharge.es\/index.php\/2021\/06\/02\/el-travieso-y-alegre-aimar\/","og_site_name":"Asociaci\u00f3n Espa\u00f1ola S\u00edndrome de Charge","article_publisher":"https:\/\/www.facebook.com\/asociacionsindromecharge","article_published_time":"2021-06-02T08:42:22+00:00","og_image":[{"url":"https:\/\/www.menudoscorazones.org\/wp-content\/uploads\/2021\/06\/IMG_20210415_091226-768x1024.jpg","type":"","width":"","height":""}],"author":"Charge","twitter_card":"summary_large_image","twitter_creator":"@sindromecharge","twitter_site":"@sindromecharge","twitter_misc":{"Escrito por":"Charge","Tiempo de lectura":"5 minutos"},"schema":{"@context":"https:\/\/schema.org","@graph":[{"@type":"Article","@id":"https:\/\/sindromecharge.es\/index.php\/2021\/06\/02\/el-travieso-y-alegre-aimar\/#article","isPartOf":{"@id":"https:\/\/sindromecharge.es\/index.php\/2021\/06\/02\/el-travieso-y-alegre-aimar\/"},"author":{"name":"Charge","@id":"https:\/\/sindromecharge.es\/#\/schema\/person\/39a60ebe0a2b4d5a11179701e336b039"},"headline":"El travieso y alegre Aimar","datePublished":"2021-06-02T08:42:22+00:00","mainEntityOfPage":{"@id":"https:\/\/sindromecharge.es\/index.php\/2021\/06\/02\/el-travieso-y-alegre-aimar\/"},"wordCount":1043,"commentCount":0,"image":{"@id":"https:\/\/sindromecharge.es\/index.php\/2021\/06\/02\/el-travieso-y-alegre-aimar\/#primaryimage"},"thumbnailUrl":"https:\/\/www.menudoscorazones.org\/wp-content\/uploads\/2021\/06\/IMG_20210415_091226-768x1024.jpg","keywords":["corazon"],"articleSection":["noticias"],"inLanguage":"es","potentialAction":[{"@type":"CommentAction","name":"Comment","target":["https:\/\/sindromecharge.es\/index.php\/2021\/06\/02\/el-travieso-y-alegre-aimar\/#respond"]}]},{"@type":"WebPage","@id":"https:\/\/sindromecharge.es\/index.php\/2021\/06\/02\/el-travieso-y-alegre-aimar\/","url":"https:\/\/sindromecharge.es\/index.php\/2021\/06\/02\/el-travieso-y-alegre-aimar\/","name":"El travieso y alegre Aimar - Asociaci\u00f3n Espa\u00f1ola S\u00edndrome de Charge","isPartOf":{"@id":"https:\/\/sindromecharge.es\/#website"},"primaryImageOfPage":{"@id":"https:\/\/sindromecharge.es\/index.php\/2021\/06\/02\/el-travieso-y-alegre-aimar\/#primaryimage"},"image":{"@id":"https:\/\/sindromecharge.es\/index.php\/2021\/06\/02\/el-travieso-y-alegre-aimar\/#primaryimage"},"thumbnailUrl":"https:\/\/www.menudoscorazones.org\/wp-content\/uploads\/2021\/06\/IMG_20210415_091226-768x1024.jpg","datePublished":"2021-06-02T08:42:22+00:00","author":{"@id":"https:\/\/sindromecharge.es\/#\/schema\/person\/39a60ebe0a2b4d5a11179701e336b039"},"breadcrumb":{"@id":"https:\/\/sindromecharge.es\/index.php\/2021\/06\/02\/el-travieso-y-alegre-aimar\/#breadcrumb"},"inLanguage":"es","potentialAction":[{"@type":"ReadAction","target":["https:\/\/sindromecharge.es\/index.php\/2021\/06\/02\/el-travieso-y-alegre-aimar\/"]}]},{"@type":"ImageObject","inLanguage":"es","@id":"https:\/\/sindromecharge.es\/index.php\/2021\/06\/02\/el-travieso-y-alegre-aimar\/#primaryimage","url":"https:\/\/www.menudoscorazones.org\/wp-content\/uploads\/2021\/06\/IMG_20210415_091226-768x1024.jpg","contentUrl":"https:\/\/www.menudoscorazones.org\/wp-content\/uploads\/2021\/06\/IMG_20210415_091226-768x1024.jpg"},{"@type":"BreadcrumbList","@id":"https:\/\/sindromecharge.es\/index.php\/2021\/06\/02\/el-travieso-y-alegre-aimar\/#breadcrumb","itemListElement":[{"@type":"ListItem","position":1,"name":"Portada","item":"https:\/\/sindromecharge.es\/"},{"@type":"ListItem","position":2,"name":"El travieso y alegre Aimar"}]},{"@type":"WebSite","@id":"https:\/\/sindromecharge.es\/#website","url":"https:\/\/sindromecharge.es\/","name":"Asociaci\u00f3n Espa\u00f1ola S\u00edndrome de Charge","description":"","potentialAction":[{"@type":"SearchAction","target":{"@type":"EntryPoint","urlTemplate":"https:\/\/sindromecharge.es\/?s={search_term_string}"},"query-input":{"@type":"PropertyValueSpecification","valueRequired":true,"valueName":"search_term_string"}}],"inLanguage":"es"},{"@type":"Person","@id":"https:\/\/sindromecharge.es\/#\/schema\/person\/39a60ebe0a2b4d5a11179701e336b039","name":"Charge","image":{"@type":"ImageObject","inLanguage":"es","@id":"https:\/\/secure.gravatar.com\/avatar\/c3b46e32a0fc3b093a0873fb767bf3293de856293065e84ef06b7ec7a8acfb98?s=96&d=identicon&r=x","url":"https:\/\/secure.gravatar.com\/avatar\/c3b46e32a0fc3b093a0873fb767bf3293de856293065e84ef06b7ec7a8acfb98?s=96&d=identicon&r=x","contentUrl":"https:\/\/secure.gravatar.com\/avatar\/c3b46e32a0fc3b093a0873fb767bf3293de856293065e84ef06b7ec7a8acfb98?s=96&d=identicon&r=x","caption":"Charge"},"url":"https:\/\/sindromecharge.es\/index.php\/author\/admin\/"}]}},"_links":{"self":[{"href":"https:\/\/sindromecharge.es\/index.php\/wp-json\/wp\/v2\/posts\/7242","targetHints":{"allow":["GET"]}}],"collection":[{"href":"https:\/\/sindromecharge.es\/index.php\/wp-json\/wp\/v2\/posts"}],"about":[{"href":"https:\/\/sindromecharge.es\/index.php\/wp-json\/wp\/v2\/types\/post"}],"author":[{"embeddable":true,"href":"https:\/\/sindromecharge.es\/index.php\/wp-json\/wp\/v2\/users\/1"}],"replies":[{"embeddable":true,"href":"https:\/\/sindromecharge.es\/index.php\/wp-json\/wp\/v2\/comments?post=7242"}],"version-history":[{"count":0,"href":"https:\/\/sindromecharge.es\/index.php\/wp-json\/wp\/v2\/posts\/7242\/revisions"}],"wp:attachment":[{"href":"https:\/\/sindromecharge.es\/index.php\/wp-json\/wp\/v2\/media?parent=7242"}],"wp:term":[{"taxonomy":"category","embeddable":true,"href":"https:\/\/sindromecharge.es\/index.php\/wp-json\/wp\/v2\/categories?post=7242"},{"taxonomy":"post_tag","embeddable":true,"href":"https:\/\/sindromecharge.es\/index.php\/wp-json\/wp\/v2\/tags?post=7242"}],"curies":[{"name":"wp","href":"https:\/\/api.w.org\/{rel}","templated":true}]}}