{"id":7240,"date":"2021-06-02T04:25:18","date_gmt":"2021-06-02T04:25:18","guid":{"rendered":"https:\/\/sindromecharge.es\/index.php\/2021\/06\/02\/se-conmemora-a-las-mas-de-50-000-personas-que-han-donado-organos-en-espana\/"},"modified":"2021-06-02T04:25:18","modified_gmt":"2021-06-02T04:25:18","slug":"se-conmemora-a-las-mas-de-50-000-personas-que-han-donado-organos-en-espana","status":"publish","type":"post","link":"https:\/\/sindromecharge.es\/index.php\/2021\/06\/02\/se-conmemora-a-las-mas-de-50-000-personas-que-han-donado-organos-en-espana\/","title":{"rendered":"Se conmemora a las m\u00e1s de 50.000 personas que han donado \u00f3rganos en Espa\u00f1a"},"content":{"rendered":"<p>Leemos en FEDER la siguiente noticia que os reproducimos de forma \u00edntegra: <\/p>\n<p>&nbsp;<\/p>\n<p><a href=\"http:\/\/www.ont.es\/Documents\/20210601_CD_D%C3%8DA_DONANTE_ONT.pdf\" target=\"_blank\" rel=\"noopener\">Fuente: Ministerio de Sanidad.<\/a> M\u00e1s de 50.000 personas han donado sus \u00f3rganos en nuestro pa\u00eds desde que se cre\u00f3 la Organizaci\u00f3n Nacional de Trasplantes (ONT) en 1989, lo que ha permitido salvar o mejorar la calidad de vida de cerca de 116.000 pacientes.<\/p>\n<p>As\u00ed lo ha dado a conocer la ministra de Sanidad, Carolina Darias, durante el acto de homenaje a las personas que han donado \u00f3rganos y tejidos, celebrado esta ma\u00f1ana en el Ministerio de Sanidad, con motivo del D\u00eda Nacional del Donante de \u00f3rganos, cuya efem\u00e9ride se conmemora este mi\u00e9rcoles 2 de junio.<\/p>\n<p>Tal y como ha detallado Darias, en Espa\u00f1a, 9 de cada 10 familias dice s\u00ed a la donaci\u00f3n en el momento m\u00e1s dram\u00e1tico de sus vidas, el de la p\u00e9rdida de un ser querido, lo que nos hace sentirnos muy orgullosos de nuestro pa\u00eds y de su Sanidad P\u00fablica.<\/p>\n<p>La ministra de Sanidad ha destacado como principales caracter\u00edsticas del Modelo Espa\u00f1ol de Donaci\u00f3n y Trasplante la excelencia del Sistema Nacional de Salud, su universalidad, junto a la solidaridad de la sociedad que tenemos.<\/p>\n<p>En esta misma l\u00ednea, ha subrayado el papel que desempe\u00f1an tanto los profesionales sanitarios, como columna vertebral del SNS, como de las familias y colectivos que trabajan con los pacientes.<\/p>\n<p>El acto de este martes, ha continuado la ministra de Sanidad, representa un homenaje a las 51.132 personas que han donado sus \u00f3rganos desde que se creara la ONT; 45.828 personas donaron sus \u00f3rganos tras su fallecimiento y 5.304 decidieron donar en vida uno de sus ri\u00f1ones (4.803) o parte de su h\u00edgado (501). De los donantes vivos, el 98% eran familiares del paciente que necesitaba el trasplante.<\/p>\n<p>Junto a Carolina Darias, en este homenaje a los donantes han participado la directora general de la ONT, Beatriz Dom\u00ednguez-Gil, el coordinador de trasplantes del Hospital Virgen de la Arrixaca de Murcia, Mario RoyoVillanova, el nefr\u00f3logo del Hospital Doce de Octubre de Madrid, Amado Andr\u00e9s, en representaci\u00f3n de los profesionales de la red de donaci\u00f3n y trasplante, y la presidenta de la Federaci\u00f3n Nacional de Enfermos y Trasplantados Hep\u00e1ticos (FNETH), Eva P\u00e9rez Bech, en representaci\u00f3n de la Uni\u00f3n de Trasplantados de \u00d3rganos S\u00f3lidos.<\/p>\n<p>En este acto, el Ministerio de Sanidad, la ONT, la red trasplantadora y las asociaciones de pacientes trasplantados han rendido homenaje a la sociedad espa\u00f1ola, a trav\u00e9s de la campa\u00f1a #dejahuella en la que se incorporan huellas dactilares a diferentes \u00f3rganos, tejidos y c\u00e9lulas.<\/p>\n<p>La campa\u00f1a, creada por la ONT, es una alegor\u00eda a la marca que deja cada donante y, en cierta medida, a su forma de trascender. 56 a\u00f1os de vida, el mejor regalo \u201cLa cultura de la donaci\u00f3n de \u00f3rganos est\u00e1 muy arraigada en nuestro pa\u00eds. As\u00ed lo vivimos cada d\u00eda en los hospitales espa\u00f1oles, con lo que esto supone para los pacientes que esperan un trasplante. Un donante que permite la realizaci\u00f3n de tres trasplantes regala 31 a\u00f1os de vida, cifra que se eleva a los 56 a\u00f1os cuando hace posible la realizaci\u00f3n de seis trasplantes\u201d, ha remarcado la directora general de la ONT, Beatriz Dom\u00ednguez-Gil.<\/p>\n<p>Seg\u00fan los datos hist\u00f3ricos de la ONT, en los \u00faltimos 31 a\u00f1os, en Espa\u00f1a se han realizado 116.007 trasplantes de \u00f3rganos. De ellos, 70.038 han sido trasplantes de ri\u00f1\u00f3n, 29.407 de h\u00edgado, 8.868 de coraz\u00f3n, 5.575 de pulm\u00f3n, 1.973 de p\u00e1ncreas y 149 de intestino. A los injertos de \u00f3rganos se a\u00f1aden los m\u00e1s de 400.000 trasplantes de tejidos y c\u00e9lulas realizados hasta la fecha, lo que eleva al medio mill\u00f3n el total de pacientes que se han podido beneficiar de la donaci\u00f3n de \u00f3rganos y tejidos. \u201cLa sociedad espa\u00f1ola #dejahuella\u201d, ha asegurado Dom\u00ednguez-Gil. As\u00ed lo reflejan los testimonios de las familias donantes que quisieron estar presentes en el acto a trav\u00e9s de tres v\u00eddeos en los que han narrado sus experiencias.<\/p>\n<p>Eva P\u00e9rez Bech, presidenta de la FNETH, ha hecho hincapi\u00e9 en \u201cla necesidad de realizar un homenaje a todos aquellos donantes y a sus familias que, sin pedir nada a cambio, tomaron una decisi\u00f3n por la que hoy pueden seguir viviendo miles de personas. Solidaridad de los donantes que se hace efectiva gracias a nuestro Sistema de Salud P\u00fablica y a sus trabajadores quienes, d\u00eda a d\u00eda, se dejan la piel por salvar vidas, haciendo del Modelo Espa\u00f1ol una referencia mundial\u201d, ha afirmado.<\/p>\n<p><span style=\"font-size: 14pt\">Hitos en la donaci\u00f3n y el trasplante<\/span><\/p>\n<ul>\n<li>Alcanzar este nivel de actividad tambi\u00e9n ha sido posible gracias a iniciativas puestas en marcha a trav\u00e9s de sucesivos planes estrat\u00e9gicos, como el Plan 50&#215;22, que concibi\u00f3 la ONT junto a las Comunidades Aut\u00f3nomas, y que persigue alcanzar los 50 donantes por mill\u00f3n de poblaci\u00f3n y superar los 5.500 trasplantes en 2022. Entre las l\u00edneas desarrolladas destacan:\u00e7<\/li>\n<li>La donaci\u00f3n en asistolia o donaci\u00f3n tras parada cardio-respiratoria, que se ha constituido como la principal v\u00eda de expansi\u00f3n de la donaci\u00f3n en nuestro pa\u00eds. Aunque este tipo de donaci\u00f3n existe en Espa\u00f1a desde la d\u00e9cada de los ochenta, fue en 2009 cuando comenz\u00f3 a aumentar exponencialmente, de manera que el 35% de los donantes hoy lo son en asistolia. Desde 1989, se han registrado m\u00e1s de 5.000 donantes en asistolia. La innovaci\u00f3n en t\u00e9cnicas de preservaci\u00f3n ha posibilitado trasplantar con \u00e9xito todo tipo de \u00f3rganos a partir de estos donantes. El trasplante card\u00edaco de asistolia comenz\u00f3 en Espa\u00f1a en 2020 y ya se han realizado ocho procedimientos.<\/li>\n<li>La necesaria expansi\u00f3n de los criterios de aceptaci\u00f3n de los donantes. Desde el a\u00f1o 2000, han sido m\u00e1s de 5.000 los donantes fallecidos que superaban los 75 a\u00f1os de edad y, de acuerdo con datos de la ONT, el de mayor edad ten\u00eda 94 a\u00f1os. Asimismo, gracias al desarrollo de los antivirales de acci\u00f3n directa, los pacientes con anticuerpos frente al virus de la hepatitis C (VHC) tambi\u00e9n pueden ser donantes, incluso para receptores no infectados por este virus. Ya son 94 donantes VHC positivos los que han permitido trasplantar todo tipo de \u00f3rganos a 190 pacientes VHC negativos.<\/li>\n<li>La colaboraci\u00f3n de intensivistas y coordinadores de trasplantes con otras unidades del hospital, sobre todo con los servicios de urgencias, que contribuye al 24% de la donaci\u00f3n de personas fallecidas.<\/li>\n<li>Para aumentar la opci\u00f3n del trasplante renal de donante vivo entre parejas donante-receptor incompatible, en 2009 se inici\u00f3 en Espa\u00f1a el programa de trasplante renal cruzado, en el que participan 25 hospitales y 18 laboratorios de histocompatibilidad de todo el pa\u00eds. Este programa ha propiciado 265 trasplantes renales de vivo hasta el momento (cuatro de ellos dentro del Programa Internacional de la Alianza de Trasplantes del Sur de Europa: tres con Italia y uno con Portugal). Dentro de este programa de intercambio renal, 18 donantes altruistas (o buenos samaritanos) han posibilitado con su gesto desinteresado y solidario que 55 personas con enfermedad renal avanzada se trasplantasen en nuestro pa\u00eds.<\/li>\n<\/ul>\n<p><span style=\"font-size: 14pt\">Logros en pandemia<\/span><\/p>\n<p>Dom\u00ednguez-Gil tambi\u00e9n ha recordado que la pandemia merm\u00f3 la actividad del sistema espa\u00f1ol de trasplantes, especialmente en la primera ola, aunque empez\u00f3 a recuperarse paulatinamente a partir del mes de junio del pasado a\u00f1o y finaliz\u00f3 2020 con una tasa de 37,4 donantes por mill\u00f3n de poblaci\u00f3n. La recuperaci\u00f3n ha sido posible gracias al esfuerzo de los profesionales y el plan de reconstrucci\u00f3n dise\u00f1ado por la ONT y las Comunidades Aut\u00f3nomas. Pese a las dificultades, en esta etapa se han alcanzado los siguientes logros, que ponen de manifiesto la excelencia de la sociedad espa\u00f1ola y la fortaleza de nuestro sistema de trasplantes:<\/p>\n<ul>\n<li>219 pacientes trasplantados en urgencia cero en 2020<\/li>\n<li>En ese mismo a\u00f1o, se realizaron 197 trasplantes pedi\u00e1tricos, un r\u00e9cord hist\u00f3rico<\/li>\n<li>Se realiza el primer trasplante cardiaco de un donante en asistolia.<\/li>\n<li>Espa\u00f1a y Portugal efect\u00faan un trasplante renal internacional cruzado en 2020 y hace unos meses se realiz\u00f3 otro entre Italia y Espa\u00f1a.<\/li>\n<li>El Hospital Gregorio Mara\u00f1\u00f3n realiza el primer trasplante card\u00edaco pedi\u00e1trico de asistolia a una ni\u00f1a de dos meses, con incompatibilidad de grupo sangu\u00edneo donante\/receptor. El coraz\u00f3n tuvo que ser trasladado desde otro centro.<\/li>\n<\/ul>\n<p>Para descargar todo el material tanto de la campa\u00f1a #dejahuella as\u00ed como los testimonios de las familias donantes pueden acceder a este enlace: <a href=\"https:\/\/we.tl\/t-aP9L7FeZsQ\">https:\/\/we.tl\/t-aP9L7FeZsQ<\/a><\/p>\n<p>\u00daltima actualizaci\u00f3n 02\/06\/2021<\/p>\n<p>&nbsp;<\/p>\n<p>Fuente: FEDER <a href=\"https:\/\/enfermedades-raras.org\/index.php\/actualidad\/noticias-eventos\/2-feder\/15458-m%C3%A1s-de-50-000-personas-han-donado-sus-%C3%B3rganos-en-nuestro-pa%C3%ADs%2C-lo-que-ha-permitido-salvar-o-mejorar-la-vida-de-m%C3%A1s-de-116-000-pacientes\" target=\"_blank\" rel=\"noopener\">Se conmemora a las m\u00e1s de 50.000 personas que han donado \u00f3rganos en Espa\u00f1a<\/a><\/p>\n","protected":false},"excerpt":{"rendered":"<p>Leemos en FEDER la siguiente noticia que os reproducimos de forma \u00edntegra: &nbsp; Fuente: Ministerio de Sanidad. M\u00e1s de 50.000 personas han donado sus \u00f3rganos en nuestro pa\u00eds desde que se cre\u00f3 la Organizaci\u00f3n Nacional de Trasplantes (ONT) en 1989, lo que ha permitido salvar o mejorar la calidad de vida de cerca de 116.000 [&hellip;]<\/p>\n","protected":false},"author":1,"featured_media":0,"comment_status":"open","ping_status":"closed","sticky":false,"template":"","format":"standard","meta":{"footnotes":""},"categories":[8],"tags":[36],"class_list":["post-7240","post","type-post","status-publish","format-standard","hentry","category-noticias","tag-enfermedades-raras"],"yoast_head":"<!-- This site is optimized with the Yoast SEO plugin v27.4 - https:\/\/yoast.com\/product\/yoast-seo-wordpress\/ -->\n<title>Se conmemora a las m\u00e1s de 50.000 personas que han donado \u00f3rganos en Espa\u00f1a - Asociaci\u00f3n Espa\u00f1ola S\u00edndrome de Charge<\/title>\n<meta name=\"robots\" content=\"index, follow, max-snippet:-1, max-image-preview:large, max-video-preview:-1\" \/>\n<link rel=\"canonical\" href=\"https:\/\/sindromecharge.es\/index.php\/2021\/06\/02\/se-conmemora-a-las-mas-de-50-000-personas-que-han-donado-organos-en-espana\/\" \/>\n<meta property=\"og:locale\" content=\"es_ES\" \/>\n<meta property=\"og:type\" content=\"article\" \/>\n<meta property=\"og:title\" content=\"Se conmemora a las m\u00e1s de 50.000 personas que han donado \u00f3rganos en Espa\u00f1a - Asociaci\u00f3n Espa\u00f1ola S\u00edndrome de Charge\" \/>\n<meta property=\"og:description\" content=\"Leemos en FEDER la siguiente noticia que os reproducimos de forma \u00edntegra: &nbsp; Fuente: Ministerio de Sanidad. M\u00e1s de 50.000 personas han donado sus \u00f3rganos en nuestro pa\u00eds desde que se cre\u00f3 la Organizaci\u00f3n Nacional de Trasplantes (ONT) en 1989, lo que ha permitido salvar o mejorar la calidad de vida de cerca de 116.000 [&hellip;]\" \/>\n<meta property=\"og:url\" content=\"https:\/\/sindromecharge.es\/index.php\/2021\/06\/02\/se-conmemora-a-las-mas-de-50-000-personas-que-han-donado-organos-en-espana\/\" \/>\n<meta property=\"og:site_name\" content=\"Asociaci\u00f3n Espa\u00f1ola S\u00edndrome de Charge\" \/>\n<meta property=\"article:publisher\" content=\"https:\/\/www.facebook.com\/asociacionsindromecharge\" \/>\n<meta property=\"article:published_time\" content=\"2021-06-02T04:25:18+00:00\" \/>\n<meta property=\"og:image\" content=\"https:\/\/sindromecharge.es\/wp-content\/uploads\/2013\/09\/logodecharge300x98.png\" \/>\n\t<meta property=\"og:image:width\" content=\"300\" \/>\n\t<meta property=\"og:image:height\" content=\"98\" \/>\n\t<meta property=\"og:image:type\" content=\"image\/png\" \/>\n<meta name=\"author\" content=\"Charge\" \/>\n<meta name=\"twitter:card\" content=\"summary_large_image\" \/>\n<meta name=\"twitter:creator\" content=\"@sindromecharge\" \/>\n<meta name=\"twitter:site\" content=\"@sindromecharge\" \/>\n<meta name=\"twitter:label1\" content=\"Escrito por\" \/>\n\t<meta name=\"twitter:data1\" content=\"Charge\" \/>\n\t<meta name=\"twitter:label2\" content=\"Tiempo de lectura\" \/>\n\t<meta name=\"twitter:data2\" content=\"7 minutos\" \/>\n<script type=\"application\/ld+json\" class=\"yoast-schema-graph\">{\"@context\":\"https:\\\/\\\/schema.org\",\"@graph\":[{\"@type\":\"Article\",\"@id\":\"https:\\\/\\\/sindromecharge.es\\\/index.php\\\/2021\\\/06\\\/02\\\/se-conmemora-a-las-mas-de-50-000-personas-que-han-donado-organos-en-espana\\\/#article\",\"isPartOf\":{\"@id\":\"https:\\\/\\\/sindromecharge.es\\\/index.php\\\/2021\\\/06\\\/02\\\/se-conmemora-a-las-mas-de-50-000-personas-que-han-donado-organos-en-espana\\\/\"},\"author\":{\"name\":\"Charge\",\"@id\":\"https:\\\/\\\/sindromecharge.es\\\/#\\\/schema\\\/person\\\/39a60ebe0a2b4d5a11179701e336b039\"},\"headline\":\"Se conmemora a las m\u00e1s de 50.000 personas que han donado \u00f3rganos en Espa\u00f1a\",\"datePublished\":\"2021-06-02T04:25:18+00:00\",\"mainEntityOfPage\":{\"@id\":\"https:\\\/\\\/sindromecharge.es\\\/index.php\\\/2021\\\/06\\\/02\\\/se-conmemora-a-las-mas-de-50-000-personas-que-han-donado-organos-en-espana\\\/\"},\"wordCount\":1478,\"commentCount\":0,\"keywords\":[\"enfermedades raras\"],\"articleSection\":[\"noticias\"],\"inLanguage\":\"es\",\"potentialAction\":[{\"@type\":\"CommentAction\",\"name\":\"Comment\",\"target\":[\"https:\\\/\\\/sindromecharge.es\\\/index.php\\\/2021\\\/06\\\/02\\\/se-conmemora-a-las-mas-de-50-000-personas-que-han-donado-organos-en-espana\\\/#respond\"]}]},{\"@type\":\"WebPage\",\"@id\":\"https:\\\/\\\/sindromecharge.es\\\/index.php\\\/2021\\\/06\\\/02\\\/se-conmemora-a-las-mas-de-50-000-personas-que-han-donado-organos-en-espana\\\/\",\"url\":\"https:\\\/\\\/sindromecharge.es\\\/index.php\\\/2021\\\/06\\\/02\\\/se-conmemora-a-las-mas-de-50-000-personas-que-han-donado-organos-en-espana\\\/\",\"name\":\"Se conmemora a las m\u00e1s de 50.000 personas que han donado \u00f3rganos en Espa\u00f1a - Asociaci\u00f3n Espa\u00f1ola S\u00edndrome de Charge\",\"isPartOf\":{\"@id\":\"https:\\\/\\\/sindromecharge.es\\\/#website\"},\"datePublished\":\"2021-06-02T04:25:18+00:00\",\"author\":{\"@id\":\"https:\\\/\\\/sindromecharge.es\\\/#\\\/schema\\\/person\\\/39a60ebe0a2b4d5a11179701e336b039\"},\"breadcrumb\":{\"@id\":\"https:\\\/\\\/sindromecharge.es\\\/index.php\\\/2021\\\/06\\\/02\\\/se-conmemora-a-las-mas-de-50-000-personas-que-han-donado-organos-en-espana\\\/#breadcrumb\"},\"inLanguage\":\"es\",\"potentialAction\":[{\"@type\":\"ReadAction\",\"target\":[\"https:\\\/\\\/sindromecharge.es\\\/index.php\\\/2021\\\/06\\\/02\\\/se-conmemora-a-las-mas-de-50-000-personas-que-han-donado-organos-en-espana\\\/\"]}]},{\"@type\":\"BreadcrumbList\",\"@id\":\"https:\\\/\\\/sindromecharge.es\\\/index.php\\\/2021\\\/06\\\/02\\\/se-conmemora-a-las-mas-de-50-000-personas-que-han-donado-organos-en-espana\\\/#breadcrumb\",\"itemListElement\":[{\"@type\":\"ListItem\",\"position\":1,\"name\":\"Portada\",\"item\":\"https:\\\/\\\/sindromecharge.es\\\/\"},{\"@type\":\"ListItem\",\"position\":2,\"name\":\"Se conmemora a las m\u00e1s de 50.000 personas que han donado \u00f3rganos en Espa\u00f1a\"}]},{\"@type\":\"WebSite\",\"@id\":\"https:\\\/\\\/sindromecharge.es\\\/#website\",\"url\":\"https:\\\/\\\/sindromecharge.es\\\/\",\"name\":\"Asociaci\u00f3n Espa\u00f1ola S\u00edndrome de Charge\",\"description\":\"\",\"potentialAction\":[{\"@type\":\"SearchAction\",\"target\":{\"@type\":\"EntryPoint\",\"urlTemplate\":\"https:\\\/\\\/sindromecharge.es\\\/?s={search_term_string}\"},\"query-input\":{\"@type\":\"PropertyValueSpecification\",\"valueRequired\":true,\"valueName\":\"search_term_string\"}}],\"inLanguage\":\"es\"},{\"@type\":\"Person\",\"@id\":\"https:\\\/\\\/sindromecharge.es\\\/#\\\/schema\\\/person\\\/39a60ebe0a2b4d5a11179701e336b039\",\"name\":\"Charge\",\"image\":{\"@type\":\"ImageObject\",\"inLanguage\":\"es\",\"@id\":\"https:\\\/\\\/secure.gravatar.com\\\/avatar\\\/c3b46e32a0fc3b093a0873fb767bf3293de856293065e84ef06b7ec7a8acfb98?s=96&d=identicon&r=x\",\"url\":\"https:\\\/\\\/secure.gravatar.com\\\/avatar\\\/c3b46e32a0fc3b093a0873fb767bf3293de856293065e84ef06b7ec7a8acfb98?s=96&d=identicon&r=x\",\"contentUrl\":\"https:\\\/\\\/secure.gravatar.com\\\/avatar\\\/c3b46e32a0fc3b093a0873fb767bf3293de856293065e84ef06b7ec7a8acfb98?s=96&d=identicon&r=x\",\"caption\":\"Charge\"},\"url\":\"https:\\\/\\\/sindromecharge.es\\\/index.php\\\/author\\\/admin\\\/\"}]}<\/script>\n<!-- \/ Yoast SEO plugin. -->","yoast_head_json":{"title":"Se conmemora a las m\u00e1s de 50.000 personas que han donado \u00f3rganos en Espa\u00f1a - Asociaci\u00f3n Espa\u00f1ola S\u00edndrome de Charge","robots":{"index":"index","follow":"follow","max-snippet":"max-snippet:-1","max-image-preview":"max-image-preview:large","max-video-preview":"max-video-preview:-1"},"canonical":"https:\/\/sindromecharge.es\/index.php\/2021\/06\/02\/se-conmemora-a-las-mas-de-50-000-personas-que-han-donado-organos-en-espana\/","og_locale":"es_ES","og_type":"article","og_title":"Se conmemora a las m\u00e1s de 50.000 personas que han donado \u00f3rganos en Espa\u00f1a - Asociaci\u00f3n Espa\u00f1ola S\u00edndrome de Charge","og_description":"Leemos en FEDER la siguiente noticia que os reproducimos de forma \u00edntegra: &nbsp; Fuente: Ministerio de Sanidad. M\u00e1s de 50.000 personas han donado sus \u00f3rganos en nuestro pa\u00eds desde que se cre\u00f3 la Organizaci\u00f3n Nacional de Trasplantes (ONT) en 1989, lo que ha permitido salvar o mejorar la calidad de vida de cerca de 116.000 [&hellip;]","og_url":"https:\/\/sindromecharge.es\/index.php\/2021\/06\/02\/se-conmemora-a-las-mas-de-50-000-personas-que-han-donado-organos-en-espana\/","og_site_name":"Asociaci\u00f3n Espa\u00f1ola S\u00edndrome de Charge","article_publisher":"https:\/\/www.facebook.com\/asociacionsindromecharge","article_published_time":"2021-06-02T04:25:18+00:00","og_image":[{"width":300,"height":98,"url":"https:\/\/sindromecharge.es\/wp-content\/uploads\/2013\/09\/logodecharge300x98.png","type":"image\/png"}],"author":"Charge","twitter_card":"summary_large_image","twitter_creator":"@sindromecharge","twitter_site":"@sindromecharge","twitter_misc":{"Escrito por":"Charge","Tiempo de lectura":"7 minutos"},"schema":{"@context":"https:\/\/schema.org","@graph":[{"@type":"Article","@id":"https:\/\/sindromecharge.es\/index.php\/2021\/06\/02\/se-conmemora-a-las-mas-de-50-000-personas-que-han-donado-organos-en-espana\/#article","isPartOf":{"@id":"https:\/\/sindromecharge.es\/index.php\/2021\/06\/02\/se-conmemora-a-las-mas-de-50-000-personas-que-han-donado-organos-en-espana\/"},"author":{"name":"Charge","@id":"https:\/\/sindromecharge.es\/#\/schema\/person\/39a60ebe0a2b4d5a11179701e336b039"},"headline":"Se conmemora a las m\u00e1s de 50.000 personas que han donado \u00f3rganos en Espa\u00f1a","datePublished":"2021-06-02T04:25:18+00:00","mainEntityOfPage":{"@id":"https:\/\/sindromecharge.es\/index.php\/2021\/06\/02\/se-conmemora-a-las-mas-de-50-000-personas-que-han-donado-organos-en-espana\/"},"wordCount":1478,"commentCount":0,"keywords":["enfermedades raras"],"articleSection":["noticias"],"inLanguage":"es","potentialAction":[{"@type":"CommentAction","name":"Comment","target":["https:\/\/sindromecharge.es\/index.php\/2021\/06\/02\/se-conmemora-a-las-mas-de-50-000-personas-que-han-donado-organos-en-espana\/#respond"]}]},{"@type":"WebPage","@id":"https:\/\/sindromecharge.es\/index.php\/2021\/06\/02\/se-conmemora-a-las-mas-de-50-000-personas-que-han-donado-organos-en-espana\/","url":"https:\/\/sindromecharge.es\/index.php\/2021\/06\/02\/se-conmemora-a-las-mas-de-50-000-personas-que-han-donado-organos-en-espana\/","name":"Se conmemora a las m\u00e1s de 50.000 personas que han donado \u00f3rganos en Espa\u00f1a - Asociaci\u00f3n Espa\u00f1ola S\u00edndrome de Charge","isPartOf":{"@id":"https:\/\/sindromecharge.es\/#website"},"datePublished":"2021-06-02T04:25:18+00:00","author":{"@id":"https:\/\/sindromecharge.es\/#\/schema\/person\/39a60ebe0a2b4d5a11179701e336b039"},"breadcrumb":{"@id":"https:\/\/sindromecharge.es\/index.php\/2021\/06\/02\/se-conmemora-a-las-mas-de-50-000-personas-que-han-donado-organos-en-espana\/#breadcrumb"},"inLanguage":"es","potentialAction":[{"@type":"ReadAction","target":["https:\/\/sindromecharge.es\/index.php\/2021\/06\/02\/se-conmemora-a-las-mas-de-50-000-personas-que-han-donado-organos-en-espana\/"]}]},{"@type":"BreadcrumbList","@id":"https:\/\/sindromecharge.es\/index.php\/2021\/06\/02\/se-conmemora-a-las-mas-de-50-000-personas-que-han-donado-organos-en-espana\/#breadcrumb","itemListElement":[{"@type":"ListItem","position":1,"name":"Portada","item":"https:\/\/sindromecharge.es\/"},{"@type":"ListItem","position":2,"name":"Se conmemora a las m\u00e1s de 50.000 personas que han donado \u00f3rganos en Espa\u00f1a"}]},{"@type":"WebSite","@id":"https:\/\/sindromecharge.es\/#website","url":"https:\/\/sindromecharge.es\/","name":"Asociaci\u00f3n Espa\u00f1ola S\u00edndrome de Charge","description":"","potentialAction":[{"@type":"SearchAction","target":{"@type":"EntryPoint","urlTemplate":"https:\/\/sindromecharge.es\/?s={search_term_string}"},"query-input":{"@type":"PropertyValueSpecification","valueRequired":true,"valueName":"search_term_string"}}],"inLanguage":"es"},{"@type":"Person","@id":"https:\/\/sindromecharge.es\/#\/schema\/person\/39a60ebe0a2b4d5a11179701e336b039","name":"Charge","image":{"@type":"ImageObject","inLanguage":"es","@id":"https:\/\/secure.gravatar.com\/avatar\/c3b46e32a0fc3b093a0873fb767bf3293de856293065e84ef06b7ec7a8acfb98?s=96&d=identicon&r=x","url":"https:\/\/secure.gravatar.com\/avatar\/c3b46e32a0fc3b093a0873fb767bf3293de856293065e84ef06b7ec7a8acfb98?s=96&d=identicon&r=x","contentUrl":"https:\/\/secure.gravatar.com\/avatar\/c3b46e32a0fc3b093a0873fb767bf3293de856293065e84ef06b7ec7a8acfb98?s=96&d=identicon&r=x","caption":"Charge"},"url":"https:\/\/sindromecharge.es\/index.php\/author\/admin\/"}]}},"_links":{"self":[{"href":"https:\/\/sindromecharge.es\/index.php\/wp-json\/wp\/v2\/posts\/7240","targetHints":{"allow":["GET"]}}],"collection":[{"href":"https:\/\/sindromecharge.es\/index.php\/wp-json\/wp\/v2\/posts"}],"about":[{"href":"https:\/\/sindromecharge.es\/index.php\/wp-json\/wp\/v2\/types\/post"}],"author":[{"embeddable":true,"href":"https:\/\/sindromecharge.es\/index.php\/wp-json\/wp\/v2\/users\/1"}],"replies":[{"embeddable":true,"href":"https:\/\/sindromecharge.es\/index.php\/wp-json\/wp\/v2\/comments?post=7240"}],"version-history":[{"count":0,"href":"https:\/\/sindromecharge.es\/index.php\/wp-json\/wp\/v2\/posts\/7240\/revisions"}],"wp:attachment":[{"href":"https:\/\/sindromecharge.es\/index.php\/wp-json\/wp\/v2\/media?parent=7240"}],"wp:term":[{"taxonomy":"category","embeddable":true,"href":"https:\/\/sindromecharge.es\/index.php\/wp-json\/wp\/v2\/categories?post=7240"},{"taxonomy":"post_tag","embeddable":true,"href":"https:\/\/sindromecharge.es\/index.php\/wp-json\/wp\/v2\/tags?post=7240"}],"curies":[{"name":"wp","href":"https:\/\/api.w.org\/{rel}","templated":true}]}}