{"id":7238,"date":"2021-06-01T21:51:22","date_gmt":"2021-06-01T21:51:22","guid":{"rendered":"https:\/\/sindromecharge.es\/index.php\/2021\/06\/01\/pruebas-ebau-2021-accesibles\/"},"modified":"2021-06-01T21:51:22","modified_gmt":"2021-06-01T21:51:22","slug":"pruebas-ebau-2021-accesibles","status":"publish","type":"post","link":"https:\/\/sindromecharge.es\/index.php\/2021\/06\/01\/pruebas-ebau-2021-accesibles\/","title":{"rendered":"Pruebas EBAU 2021 Accesibles"},"content":{"rendered":"<p>Leemos en Federaci\u00f3n Aice la siguiente noticia que os reproducimos de forma \u00edntegra: <\/p>\n<p><img loading=\"lazy\" decoding=\"async\" style=\"margin: 10px;float: left\" src=\"http:\/\/www.implantecoclear.org\/images\/stories\/Centro_Formacion_Altavirana.JPG\" alt=\"Mascarillas comunicativas Centro Formaci\u00f3n Altavirana\" width=\"133\" height=\"200\" \/><img loading=\"lazy\" decoding=\"async\" style=\"margin: 10px;float: right\" src=\"http:\/\/www.implantecoclear.org\/images\/stories\/Charla_Mayores_IC%20-%20CEISAL.JPG\" alt=\"Mascarillas comunicativas Charla a Mayores en CeIsAL\" width=\"200\" height=\"133\" \/>Con la situaci\u00f3n de emergencia sanitaria y el uso obligatorio de la mascarilla, la accesibilidad a la comunicaci\u00f3n y a la informaci\u00f3n se ha visto muy afectada para todas las personas sordas que se apoyan en la lectura labiofacial. Algo que venimos reclamando desde los inicios de esta crisis.<\/p>\n<p>Ante esta situaci\u00f3n, y con la llegada de las pruebas EBAU, desde la Federaci\u00f3n AICE queremos ayudar a mejorar la accesibilidad a la comunicaci\u00f3n y prevenir estas situaciones de desigualdad, facilit\u00e1ndoles, mediante env\u00edo gratuito, mascarillas comunicativas (con ventana transparente) para el profesorado encargado de estas pruebas, as\u00ed como para el personal no docente que participe en el proceso, para garantizar la igualdad de trato y la inclusi\u00f3n (que por derecho les pertenece) del colectivo estudiantil con problemas auditivos. Esta acci\u00f3n y mejora de accesibilidad a la comunicaci\u00f3n la iniciamos este curso 2020-21, en colaboraci\u00f3n con Universia, a trav\u00e9s de la campa\u00f1a #universidadconsentido, en la que se distribuyeron m\u00e1s de 15.000 mascarillas comunicativas por todas las Universidades de la geograf\u00eda espa\u00f1ola.<\/p>\n<p>Si est\u00e1n interesados\/as en transformar las EBAU en una prueba inclusiva y accesible pueden remitir un e-mail con sus datos (nombre y apellidos, persona responsable, facultad, ciudad, direcci\u00f3n y tel\u00e9fono) a la direcci\u00f3n: <a href=\"mailto:audiovisual@implantecoclear.org\">audiovisual@implantecoclear.org<\/a> y se las haremos llegar a la mayor brevedad.<\/p>\n<p>Fuente: Federaci\u00f3n Aice <a href=\"http:\/\/implantecoclear.org\/index.php?option=com_content&#038;view=article&#038;id=623:pruebas-ebau-2021-accesibles&#038;catid=1:latest-news\" target=\"_blank\" rel=\"noopener\">Pruebas EBAU 2021 Accesibles<\/a><\/p>\n","protected":false},"excerpt":{"rendered":"<p>Leemos en Federaci\u00f3n Aice la siguiente noticia que os reproducimos de forma \u00edntegra: Con la situaci\u00f3n de emergencia sanitaria y el uso obligatorio de la mascarilla, la accesibilidad a la comunicaci\u00f3n y a la informaci\u00f3n se ha visto muy afectada para todas las personas sordas que se apoyan en la lectura labiofacial. Algo que venimos [&hellip;]<\/p>\n","protected":false},"author":1,"featured_media":0,"comment_status":"open","ping_status":"closed","sticky":false,"template":"","format":"standard","meta":{"footnotes":""},"categories":[8],"tags":[31],"class_list":["post-7238","post","type-post","status-publish","format-standard","hentry","category-noticias","tag-discapacidad"],"yoast_head":"<!-- This site is optimized with the Yoast SEO plugin v27.4 - https:\/\/yoast.com\/product\/yoast-seo-wordpress\/ -->\n<title>Pruebas EBAU 2021 Accesibles - Asociaci\u00f3n Espa\u00f1ola S\u00edndrome de Charge<\/title>\n<meta name=\"robots\" content=\"index, follow, max-snippet:-1, max-image-preview:large, max-video-preview:-1\" \/>\n<link rel=\"canonical\" href=\"https:\/\/sindromecharge.es\/index.php\/2021\/06\/01\/pruebas-ebau-2021-accesibles\/\" \/>\n<meta property=\"og:locale\" content=\"es_ES\" \/>\n<meta property=\"og:type\" content=\"article\" \/>\n<meta property=\"og:title\" content=\"Pruebas EBAU 2021 Accesibles - Asociaci\u00f3n Espa\u00f1ola S\u00edndrome de Charge\" \/>\n<meta property=\"og:description\" content=\"Leemos en Federaci\u00f3n Aice la siguiente noticia que os reproducimos de forma \u00edntegra: Con la situaci\u00f3n de emergencia sanitaria y el uso obligatorio de la mascarilla, la accesibilidad a la comunicaci\u00f3n y a la informaci\u00f3n se ha visto muy afectada para todas las personas sordas que se apoyan en la lectura labiofacial. Algo que venimos [&hellip;]\" \/>\n<meta property=\"og:url\" content=\"https:\/\/sindromecharge.es\/index.php\/2021\/06\/01\/pruebas-ebau-2021-accesibles\/\" \/>\n<meta property=\"og:site_name\" content=\"Asociaci\u00f3n Espa\u00f1ola S\u00edndrome de Charge\" \/>\n<meta property=\"article:publisher\" content=\"https:\/\/www.facebook.com\/asociacionsindromecharge\" \/>\n<meta property=\"article:published_time\" content=\"2021-06-01T21:51:22+00:00\" \/>\n<meta property=\"og:image\" content=\"http:\/\/www.implantecoclear.org\/images\/stories\/Centro_Formacion_Altavirana.JPG\" \/>\n<meta name=\"author\" content=\"Charge\" \/>\n<meta name=\"twitter:card\" content=\"summary_large_image\" \/>\n<meta name=\"twitter:creator\" content=\"@sindromecharge\" \/>\n<meta name=\"twitter:site\" content=\"@sindromecharge\" \/>\n<meta name=\"twitter:label1\" content=\"Escrito por\" \/>\n\t<meta name=\"twitter:data1\" content=\"Charge\" \/>\n\t<meta name=\"twitter:label2\" content=\"Tiempo de lectura\" \/>\n\t<meta name=\"twitter:data2\" content=\"1 minuto\" \/>\n<script type=\"application\/ld+json\" class=\"yoast-schema-graph\">{\"@context\":\"https:\\\/\\\/schema.org\",\"@graph\":[{\"@type\":\"Article\",\"@id\":\"https:\\\/\\\/sindromecharge.es\\\/index.php\\\/2021\\\/06\\\/01\\\/pruebas-ebau-2021-accesibles\\\/#article\",\"isPartOf\":{\"@id\":\"https:\\\/\\\/sindromecharge.es\\\/index.php\\\/2021\\\/06\\\/01\\\/pruebas-ebau-2021-accesibles\\\/\"},\"author\":{\"name\":\"Charge\",\"@id\":\"https:\\\/\\\/sindromecharge.es\\\/#\\\/schema\\\/person\\\/39a60ebe0a2b4d5a11179701e336b039\"},\"headline\":\"Pruebas EBAU 2021 Accesibles\",\"datePublished\":\"2021-06-01T21:51:22+00:00\",\"mainEntityOfPage\":{\"@id\":\"https:\\\/\\\/sindromecharge.es\\\/index.php\\\/2021\\\/06\\\/01\\\/pruebas-ebau-2021-accesibles\\\/\"},\"wordCount\":259,\"commentCount\":0,\"image\":{\"@id\":\"https:\\\/\\\/sindromecharge.es\\\/index.php\\\/2021\\\/06\\\/01\\\/pruebas-ebau-2021-accesibles\\\/#primaryimage\"},\"thumbnailUrl\":\"http:\\\/\\\/www.implantecoclear.org\\\/images\\\/stories\\\/Centro_Formacion_Altavirana.JPG\",\"keywords\":[\"discapacidad\"],\"articleSection\":[\"noticias\"],\"inLanguage\":\"es\",\"potentialAction\":[{\"@type\":\"CommentAction\",\"name\":\"Comment\",\"target\":[\"https:\\\/\\\/sindromecharge.es\\\/index.php\\\/2021\\\/06\\\/01\\\/pruebas-ebau-2021-accesibles\\\/#respond\"]}]},{\"@type\":\"WebPage\",\"@id\":\"https:\\\/\\\/sindromecharge.es\\\/index.php\\\/2021\\\/06\\\/01\\\/pruebas-ebau-2021-accesibles\\\/\",\"url\":\"https:\\\/\\\/sindromecharge.es\\\/index.php\\\/2021\\\/06\\\/01\\\/pruebas-ebau-2021-accesibles\\\/\",\"name\":\"Pruebas EBAU 2021 Accesibles - Asociaci\u00f3n Espa\u00f1ola S\u00edndrome de Charge\",\"isPartOf\":{\"@id\":\"https:\\\/\\\/sindromecharge.es\\\/#website\"},\"primaryImageOfPage\":{\"@id\":\"https:\\\/\\\/sindromecharge.es\\\/index.php\\\/2021\\\/06\\\/01\\\/pruebas-ebau-2021-accesibles\\\/#primaryimage\"},\"image\":{\"@id\":\"https:\\\/\\\/sindromecharge.es\\\/index.php\\\/2021\\\/06\\\/01\\\/pruebas-ebau-2021-accesibles\\\/#primaryimage\"},\"thumbnailUrl\":\"http:\\\/\\\/www.implantecoclear.org\\\/images\\\/stories\\\/Centro_Formacion_Altavirana.JPG\",\"datePublished\":\"2021-06-01T21:51:22+00:00\",\"author\":{\"@id\":\"https:\\\/\\\/sindromecharge.es\\\/#\\\/schema\\\/person\\\/39a60ebe0a2b4d5a11179701e336b039\"},\"breadcrumb\":{\"@id\":\"https:\\\/\\\/sindromecharge.es\\\/index.php\\\/2021\\\/06\\\/01\\\/pruebas-ebau-2021-accesibles\\\/#breadcrumb\"},\"inLanguage\":\"es\",\"potentialAction\":[{\"@type\":\"ReadAction\",\"target\":[\"https:\\\/\\\/sindromecharge.es\\\/index.php\\\/2021\\\/06\\\/01\\\/pruebas-ebau-2021-accesibles\\\/\"]}]},{\"@type\":\"ImageObject\",\"inLanguage\":\"es\",\"@id\":\"https:\\\/\\\/sindromecharge.es\\\/index.php\\\/2021\\\/06\\\/01\\\/pruebas-ebau-2021-accesibles\\\/#primaryimage\",\"url\":\"http:\\\/\\\/www.implantecoclear.org\\\/images\\\/stories\\\/Centro_Formacion_Altavirana.JPG\",\"contentUrl\":\"http:\\\/\\\/www.implantecoclear.org\\\/images\\\/stories\\\/Centro_Formacion_Altavirana.JPG\"},{\"@type\":\"BreadcrumbList\",\"@id\":\"https:\\\/\\\/sindromecharge.es\\\/index.php\\\/2021\\\/06\\\/01\\\/pruebas-ebau-2021-accesibles\\\/#breadcrumb\",\"itemListElement\":[{\"@type\":\"ListItem\",\"position\":1,\"name\":\"Portada\",\"item\":\"https:\\\/\\\/sindromecharge.es\\\/\"},{\"@type\":\"ListItem\",\"position\":2,\"name\":\"Pruebas EBAU 2021 Accesibles\"}]},{\"@type\":\"WebSite\",\"@id\":\"https:\\\/\\\/sindromecharge.es\\\/#website\",\"url\":\"https:\\\/\\\/sindromecharge.es\\\/\",\"name\":\"Asociaci\u00f3n Espa\u00f1ola S\u00edndrome de Charge\",\"description\":\"\",\"potentialAction\":[{\"@type\":\"SearchAction\",\"target\":{\"@type\":\"EntryPoint\",\"urlTemplate\":\"https:\\\/\\\/sindromecharge.es\\\/?s={search_term_string}\"},\"query-input\":{\"@type\":\"PropertyValueSpecification\",\"valueRequired\":true,\"valueName\":\"search_term_string\"}}],\"inLanguage\":\"es\"},{\"@type\":\"Person\",\"@id\":\"https:\\\/\\\/sindromecharge.es\\\/#\\\/schema\\\/person\\\/39a60ebe0a2b4d5a11179701e336b039\",\"name\":\"Charge\",\"image\":{\"@type\":\"ImageObject\",\"inLanguage\":\"es\",\"@id\":\"https:\\\/\\\/secure.gravatar.com\\\/avatar\\\/c3b46e32a0fc3b093a0873fb767bf3293de856293065e84ef06b7ec7a8acfb98?s=96&d=identicon&r=x\",\"url\":\"https:\\\/\\\/secure.gravatar.com\\\/avatar\\\/c3b46e32a0fc3b093a0873fb767bf3293de856293065e84ef06b7ec7a8acfb98?s=96&d=identicon&r=x\",\"contentUrl\":\"https:\\\/\\\/secure.gravatar.com\\\/avatar\\\/c3b46e32a0fc3b093a0873fb767bf3293de856293065e84ef06b7ec7a8acfb98?s=96&d=identicon&r=x\",\"caption\":\"Charge\"},\"url\":\"https:\\\/\\\/sindromecharge.es\\\/index.php\\\/author\\\/admin\\\/\"}]}<\/script>\n<!-- \/ Yoast SEO plugin. -->","yoast_head_json":{"title":"Pruebas EBAU 2021 Accesibles - Asociaci\u00f3n Espa\u00f1ola S\u00edndrome de Charge","robots":{"index":"index","follow":"follow","max-snippet":"max-snippet:-1","max-image-preview":"max-image-preview:large","max-video-preview":"max-video-preview:-1"},"canonical":"https:\/\/sindromecharge.es\/index.php\/2021\/06\/01\/pruebas-ebau-2021-accesibles\/","og_locale":"es_ES","og_type":"article","og_title":"Pruebas EBAU 2021 Accesibles - Asociaci\u00f3n Espa\u00f1ola S\u00edndrome de Charge","og_description":"Leemos en Federaci\u00f3n Aice la siguiente noticia que os reproducimos de forma \u00edntegra: Con la situaci\u00f3n de emergencia sanitaria y el uso obligatorio de la mascarilla, la accesibilidad a la comunicaci\u00f3n y a la informaci\u00f3n se ha visto muy afectada para todas las personas sordas que se apoyan en la lectura labiofacial. Algo que venimos [&hellip;]","og_url":"https:\/\/sindromecharge.es\/index.php\/2021\/06\/01\/pruebas-ebau-2021-accesibles\/","og_site_name":"Asociaci\u00f3n Espa\u00f1ola S\u00edndrome de Charge","article_publisher":"https:\/\/www.facebook.com\/asociacionsindromecharge","article_published_time":"2021-06-01T21:51:22+00:00","og_image":[{"url":"http:\/\/www.implantecoclear.org\/images\/stories\/Centro_Formacion_Altavirana.JPG","type":"","width":"","height":""}],"author":"Charge","twitter_card":"summary_large_image","twitter_creator":"@sindromecharge","twitter_site":"@sindromecharge","twitter_misc":{"Escrito por":"Charge","Tiempo de lectura":"1 minuto"},"schema":{"@context":"https:\/\/schema.org","@graph":[{"@type":"Article","@id":"https:\/\/sindromecharge.es\/index.php\/2021\/06\/01\/pruebas-ebau-2021-accesibles\/#article","isPartOf":{"@id":"https:\/\/sindromecharge.es\/index.php\/2021\/06\/01\/pruebas-ebau-2021-accesibles\/"},"author":{"name":"Charge","@id":"https:\/\/sindromecharge.es\/#\/schema\/person\/39a60ebe0a2b4d5a11179701e336b039"},"headline":"Pruebas EBAU 2021 Accesibles","datePublished":"2021-06-01T21:51:22+00:00","mainEntityOfPage":{"@id":"https:\/\/sindromecharge.es\/index.php\/2021\/06\/01\/pruebas-ebau-2021-accesibles\/"},"wordCount":259,"commentCount":0,"image":{"@id":"https:\/\/sindromecharge.es\/index.php\/2021\/06\/01\/pruebas-ebau-2021-accesibles\/#primaryimage"},"thumbnailUrl":"http:\/\/www.implantecoclear.org\/images\/stories\/Centro_Formacion_Altavirana.JPG","keywords":["discapacidad"],"articleSection":["noticias"],"inLanguage":"es","potentialAction":[{"@type":"CommentAction","name":"Comment","target":["https:\/\/sindromecharge.es\/index.php\/2021\/06\/01\/pruebas-ebau-2021-accesibles\/#respond"]}]},{"@type":"WebPage","@id":"https:\/\/sindromecharge.es\/index.php\/2021\/06\/01\/pruebas-ebau-2021-accesibles\/","url":"https:\/\/sindromecharge.es\/index.php\/2021\/06\/01\/pruebas-ebau-2021-accesibles\/","name":"Pruebas EBAU 2021 Accesibles - Asociaci\u00f3n Espa\u00f1ola S\u00edndrome de Charge","isPartOf":{"@id":"https:\/\/sindromecharge.es\/#website"},"primaryImageOfPage":{"@id":"https:\/\/sindromecharge.es\/index.php\/2021\/06\/01\/pruebas-ebau-2021-accesibles\/#primaryimage"},"image":{"@id":"https:\/\/sindromecharge.es\/index.php\/2021\/06\/01\/pruebas-ebau-2021-accesibles\/#primaryimage"},"thumbnailUrl":"http:\/\/www.implantecoclear.org\/images\/stories\/Centro_Formacion_Altavirana.JPG","datePublished":"2021-06-01T21:51:22+00:00","author":{"@id":"https:\/\/sindromecharge.es\/#\/schema\/person\/39a60ebe0a2b4d5a11179701e336b039"},"breadcrumb":{"@id":"https:\/\/sindromecharge.es\/index.php\/2021\/06\/01\/pruebas-ebau-2021-accesibles\/#breadcrumb"},"inLanguage":"es","potentialAction":[{"@type":"ReadAction","target":["https:\/\/sindromecharge.es\/index.php\/2021\/06\/01\/pruebas-ebau-2021-accesibles\/"]}]},{"@type":"ImageObject","inLanguage":"es","@id":"https:\/\/sindromecharge.es\/index.php\/2021\/06\/01\/pruebas-ebau-2021-accesibles\/#primaryimage","url":"http:\/\/www.implantecoclear.org\/images\/stories\/Centro_Formacion_Altavirana.JPG","contentUrl":"http:\/\/www.implantecoclear.org\/images\/stories\/Centro_Formacion_Altavirana.JPG"},{"@type":"BreadcrumbList","@id":"https:\/\/sindromecharge.es\/index.php\/2021\/06\/01\/pruebas-ebau-2021-accesibles\/#breadcrumb","itemListElement":[{"@type":"ListItem","position":1,"name":"Portada","item":"https:\/\/sindromecharge.es\/"},{"@type":"ListItem","position":2,"name":"Pruebas EBAU 2021 Accesibles"}]},{"@type":"WebSite","@id":"https:\/\/sindromecharge.es\/#website","url":"https:\/\/sindromecharge.es\/","name":"Asociaci\u00f3n Espa\u00f1ola S\u00edndrome de Charge","description":"","potentialAction":[{"@type":"SearchAction","target":{"@type":"EntryPoint","urlTemplate":"https:\/\/sindromecharge.es\/?s={search_term_string}"},"query-input":{"@type":"PropertyValueSpecification","valueRequired":true,"valueName":"search_term_string"}}],"inLanguage":"es"},{"@type":"Person","@id":"https:\/\/sindromecharge.es\/#\/schema\/person\/39a60ebe0a2b4d5a11179701e336b039","name":"Charge","image":{"@type":"ImageObject","inLanguage":"es","@id":"https:\/\/secure.gravatar.com\/avatar\/c3b46e32a0fc3b093a0873fb767bf3293de856293065e84ef06b7ec7a8acfb98?s=96&d=identicon&r=x","url":"https:\/\/secure.gravatar.com\/avatar\/c3b46e32a0fc3b093a0873fb767bf3293de856293065e84ef06b7ec7a8acfb98?s=96&d=identicon&r=x","contentUrl":"https:\/\/secure.gravatar.com\/avatar\/c3b46e32a0fc3b093a0873fb767bf3293de856293065e84ef06b7ec7a8acfb98?s=96&d=identicon&r=x","caption":"Charge"},"url":"https:\/\/sindromecharge.es\/index.php\/author\/admin\/"}]}},"_links":{"self":[{"href":"https:\/\/sindromecharge.es\/index.php\/wp-json\/wp\/v2\/posts\/7238","targetHints":{"allow":["GET"]}}],"collection":[{"href":"https:\/\/sindromecharge.es\/index.php\/wp-json\/wp\/v2\/posts"}],"about":[{"href":"https:\/\/sindromecharge.es\/index.php\/wp-json\/wp\/v2\/types\/post"}],"author":[{"embeddable":true,"href":"https:\/\/sindromecharge.es\/index.php\/wp-json\/wp\/v2\/users\/1"}],"replies":[{"embeddable":true,"href":"https:\/\/sindromecharge.es\/index.php\/wp-json\/wp\/v2\/comments?post=7238"}],"version-history":[{"count":0,"href":"https:\/\/sindromecharge.es\/index.php\/wp-json\/wp\/v2\/posts\/7238\/revisions"}],"wp:attachment":[{"href":"https:\/\/sindromecharge.es\/index.php\/wp-json\/wp\/v2\/media?parent=7238"}],"wp:term":[{"taxonomy":"category","embeddable":true,"href":"https:\/\/sindromecharge.es\/index.php\/wp-json\/wp\/v2\/categories?post=7238"},{"taxonomy":"post_tag","embeddable":true,"href":"https:\/\/sindromecharge.es\/index.php\/wp-json\/wp\/v2\/tags?post=7238"}],"curies":[{"name":"wp","href":"https:\/\/api.w.org\/{rel}","templated":true}]}}