{"id":7237,"date":"2021-06-01T16:08:10","date_gmt":"2021-06-01T16:08:10","guid":{"rendered":"https:\/\/sindromecharge.es\/index.php\/2021\/06\/01\/giner-exige-mas-puntos-de-ayuda-al-bano-para-personas-con-movilidad-reducida-en-las-playas\/"},"modified":"2021-06-01T16:08:10","modified_gmt":"2021-06-01T16:08:10","slug":"giner-exige-mas-puntos-de-ayuda-al-bano-para-personas-con-movilidad-reducida-en-las-playas","status":"publish","type":"post","link":"https:\/\/sindromecharge.es\/index.php\/2021\/06\/01\/giner-exige-mas-puntos-de-ayuda-al-bano-para-personas-con-movilidad-reducida-en-las-playas\/","title":{"rendered":"Giner exige m\u00e1s puntos de ayuda al ba\u00f1o para personas con movilidad reducida en las playas"},"content":{"rendered":"<p>Leemos en 20minutos la siguiente noticia que os reproducimos de forma \u00edntegra: <\/p>\n<p>\u00abHoy se abren las playas pero no para las personas con movilidad reducida\u00bb, ha criticado Giner en un comunicado, en el que ha se\u00f1alado que \u00abseg\u00fan el Plan de Contingencia de este a\u00f1o, que todav\u00eda no se ha aprobado en la Junta de Gobierno, se reducen por segundo a\u00f1o consecutivo los puntos de acceso a las playas que hasta 2019 eran cuatro\u00bb.<\/p>\n<p>\u00abSolo habr\u00e1 tres playas accesibles de las nueve que tiene la ciudad\u00bb, ha lamentado el portavoz de Cs, que ha criticado que \u00aben Val\u00e8ncia haya dinero para un monolito, dedicado a la ideolog\u00eda del alcalde, pero no para facilitar el acceso al derecho al ba\u00f1o a las personas con movilidad reducida\u00bb.<\/p>\n<p>Sobre este asunto, el portavoz de Cs ha recordado que \u00abla mejora de la accesibilidad en la ciudad y en las playas es un compromiso del gobierno municipal adoptado, tanto en el Acuerdo de Reconstrucci\u00f3n, como en el Marco Estrat\u00e9gico 2030\u00bb.<\/p>\n<p>\u00abGrezzi lo est\u00e1 incumpliendo claramente, ya que este a\u00f1o el servicio de ayuda al ba\u00f1o se inicia el 15 de junio en la playa del Cabanyal, de 11.00 a 15.00 horas, y en el mes de julio en Malvarrosa y Pinedo, a esto se une que se debe pedir cita previa para ejercer un derecho que es el del ba\u00f1o\u00bb, ha detallado.<\/p>\n<p>Por su parte, el concejal de Ciudadanos Javier Copov\u00ed ha lamentado que \u00abestas restricciones y la falta de puntos accesibles hacen que para 19,5 kil\u00f3metros de litoral tengamos aforo para s\u00f3lo 50 personas que necesiten ayuda al ba\u00f1o\u00bb.<\/p>\n<p>Ha recordado que \u00aben Val\u00e8ncia hay 800.000 habitantes y casi un 12% tienen el certificado de discapacidad\u00bb. \u00abHay m\u00e1s de 90.000 personas que pueden precisar de puntos accesibles para ba\u00f1arse\u00bb, ha advertido.<\/p>\n<p>Para concluir, Copov\u00ed ha calificado de \u00abincomprensible\u00bb que una persona que necesite ayuda para ba\u00f1arse en playas con n\u00facleos de poblaci\u00f3n cercanos como la de El Saler o El Perellonet tenga que desplazarse hasta Pinedo para poder ba\u00f1arse. \u00abEs una merma de derechos para ellos y para los familiares que les acompa\u00f1an y hace que en Valencia haya ciudadanos de primera y de segunda\u00bb, ha a\u00f1adido.<\/p>\n<p>Fuente: 20minutos <a href=\"https:\/\/www.20minutos.es\/noticia\/4715412\/0\/giner-exige-mas-puntos-de-ayuda-al-bano-para-personas-con-movilidad-reducida-en-las-playas\/\" target=\"_blank\" rel=\"noopener\">Giner exige m\u00e1s puntos de ayuda al ba\u00f1o para personas con movilidad reducida en las playas<\/a><\/p>\n","protected":false},"excerpt":{"rendered":"<p>Leemos en 20minutos la siguiente noticia que os reproducimos de forma \u00edntegra: \u00abHoy se abren las playas pero no para las personas con movilidad reducida\u00bb, ha criticado Giner en un comunicado, en el que ha se\u00f1alado que \u00abseg\u00fan el Plan de Contingencia de este a\u00f1o, que todav\u00eda no se ha aprobado en la Junta de [&hellip;]<\/p>\n","protected":false},"author":1,"featured_media":0,"comment_status":"open","ping_status":"closed","sticky":false,"template":"","format":"standard","meta":{"footnotes":""},"categories":[8],"tags":[31],"class_list":["post-7237","post","type-post","status-publish","format-standard","hentry","category-noticias","tag-discapacidad"],"yoast_head":"<!-- This site is optimized with the Yoast SEO plugin v27.4 - https:\/\/yoast.com\/product\/yoast-seo-wordpress\/ -->\n<title>Giner exige m\u00e1s puntos de ayuda al ba\u00f1o para personas con movilidad reducida en las playas - Asociaci\u00f3n Espa\u00f1ola S\u00edndrome de Charge<\/title>\n<meta name=\"robots\" content=\"index, follow, max-snippet:-1, max-image-preview:large, max-video-preview:-1\" \/>\n<link rel=\"canonical\" href=\"https:\/\/sindromecharge.es\/index.php\/2021\/06\/01\/giner-exige-mas-puntos-de-ayuda-al-bano-para-personas-con-movilidad-reducida-en-las-playas\/\" \/>\n<meta property=\"og:locale\" content=\"es_ES\" \/>\n<meta property=\"og:type\" content=\"article\" \/>\n<meta property=\"og:title\" content=\"Giner exige m\u00e1s puntos de ayuda al ba\u00f1o para personas con movilidad reducida en las playas - Asociaci\u00f3n Espa\u00f1ola S\u00edndrome de Charge\" \/>\n<meta property=\"og:description\" content=\"Leemos en 20minutos la siguiente noticia que os reproducimos de forma \u00edntegra: \u00abHoy se abren las playas pero no para las personas con movilidad reducida\u00bb, ha criticado Giner en un comunicado, en el que ha se\u00f1alado que \u00abseg\u00fan el Plan de Contingencia de este a\u00f1o, que todav\u00eda no se ha aprobado en la Junta de [&hellip;]\" \/>\n<meta property=\"og:url\" content=\"https:\/\/sindromecharge.es\/index.php\/2021\/06\/01\/giner-exige-mas-puntos-de-ayuda-al-bano-para-personas-con-movilidad-reducida-en-las-playas\/\" \/>\n<meta property=\"og:site_name\" content=\"Asociaci\u00f3n Espa\u00f1ola S\u00edndrome de Charge\" \/>\n<meta property=\"article:publisher\" content=\"https:\/\/www.facebook.com\/asociacionsindromecharge\" \/>\n<meta property=\"article:published_time\" content=\"2021-06-01T16:08:10+00:00\" \/>\n<meta property=\"og:image\" content=\"https:\/\/sindromecharge.es\/wp-content\/uploads\/2013\/09\/logodecharge300x98.png\" \/>\n\t<meta property=\"og:image:width\" content=\"300\" \/>\n\t<meta property=\"og:image:height\" content=\"98\" \/>\n\t<meta property=\"og:image:type\" content=\"image\/png\" \/>\n<meta name=\"author\" content=\"Charge\" \/>\n<meta name=\"twitter:card\" content=\"summary_large_image\" \/>\n<meta name=\"twitter:creator\" content=\"@sindromecharge\" \/>\n<meta name=\"twitter:site\" content=\"@sindromecharge\" \/>\n<meta name=\"twitter:label1\" content=\"Escrito por\" \/>\n\t<meta name=\"twitter:data1\" content=\"Charge\" \/>\n\t<meta name=\"twitter:label2\" content=\"Tiempo de lectura\" \/>\n\t<meta name=\"twitter:data2\" content=\"2 minutos\" \/>\n<script type=\"application\/ld+json\" class=\"yoast-schema-graph\">{\"@context\":\"https:\\\/\\\/schema.org\",\"@graph\":[{\"@type\":\"Article\",\"@id\":\"https:\\\/\\\/sindromecharge.es\\\/index.php\\\/2021\\\/06\\\/01\\\/giner-exige-mas-puntos-de-ayuda-al-bano-para-personas-con-movilidad-reducida-en-las-playas\\\/#article\",\"isPartOf\":{\"@id\":\"https:\\\/\\\/sindromecharge.es\\\/index.php\\\/2021\\\/06\\\/01\\\/giner-exige-mas-puntos-de-ayuda-al-bano-para-personas-con-movilidad-reducida-en-las-playas\\\/\"},\"author\":{\"name\":\"Charge\",\"@id\":\"https:\\\/\\\/sindromecharge.es\\\/#\\\/schema\\\/person\\\/39a60ebe0a2b4d5a11179701e336b039\"},\"headline\":\"Giner exige m\u00e1s puntos de ayuda al ba\u00f1o para personas con movilidad reducida en las playas\",\"datePublished\":\"2021-06-01T16:08:10+00:00\",\"mainEntityOfPage\":{\"@id\":\"https:\\\/\\\/sindromecharge.es\\\/index.php\\\/2021\\\/06\\\/01\\\/giner-exige-mas-puntos-de-ayuda-al-bano-para-personas-con-movilidad-reducida-en-las-playas\\\/\"},\"wordCount\":417,\"commentCount\":0,\"keywords\":[\"discapacidad\"],\"articleSection\":[\"noticias\"],\"inLanguage\":\"es\",\"potentialAction\":[{\"@type\":\"CommentAction\",\"name\":\"Comment\",\"target\":[\"https:\\\/\\\/sindromecharge.es\\\/index.php\\\/2021\\\/06\\\/01\\\/giner-exige-mas-puntos-de-ayuda-al-bano-para-personas-con-movilidad-reducida-en-las-playas\\\/#respond\"]}]},{\"@type\":\"WebPage\",\"@id\":\"https:\\\/\\\/sindromecharge.es\\\/index.php\\\/2021\\\/06\\\/01\\\/giner-exige-mas-puntos-de-ayuda-al-bano-para-personas-con-movilidad-reducida-en-las-playas\\\/\",\"url\":\"https:\\\/\\\/sindromecharge.es\\\/index.php\\\/2021\\\/06\\\/01\\\/giner-exige-mas-puntos-de-ayuda-al-bano-para-personas-con-movilidad-reducida-en-las-playas\\\/\",\"name\":\"Giner exige m\u00e1s puntos de ayuda al ba\u00f1o para personas con movilidad reducida en las playas - Asociaci\u00f3n Espa\u00f1ola S\u00edndrome de Charge\",\"isPartOf\":{\"@id\":\"https:\\\/\\\/sindromecharge.es\\\/#website\"},\"datePublished\":\"2021-06-01T16:08:10+00:00\",\"author\":{\"@id\":\"https:\\\/\\\/sindromecharge.es\\\/#\\\/schema\\\/person\\\/39a60ebe0a2b4d5a11179701e336b039\"},\"breadcrumb\":{\"@id\":\"https:\\\/\\\/sindromecharge.es\\\/index.php\\\/2021\\\/06\\\/01\\\/giner-exige-mas-puntos-de-ayuda-al-bano-para-personas-con-movilidad-reducida-en-las-playas\\\/#breadcrumb\"},\"inLanguage\":\"es\",\"potentialAction\":[{\"@type\":\"ReadAction\",\"target\":[\"https:\\\/\\\/sindromecharge.es\\\/index.php\\\/2021\\\/06\\\/01\\\/giner-exige-mas-puntos-de-ayuda-al-bano-para-personas-con-movilidad-reducida-en-las-playas\\\/\"]}]},{\"@type\":\"BreadcrumbList\",\"@id\":\"https:\\\/\\\/sindromecharge.es\\\/index.php\\\/2021\\\/06\\\/01\\\/giner-exige-mas-puntos-de-ayuda-al-bano-para-personas-con-movilidad-reducida-en-las-playas\\\/#breadcrumb\",\"itemListElement\":[{\"@type\":\"ListItem\",\"position\":1,\"name\":\"Portada\",\"item\":\"https:\\\/\\\/sindromecharge.es\\\/\"},{\"@type\":\"ListItem\",\"position\":2,\"name\":\"Giner exige m\u00e1s puntos de ayuda al ba\u00f1o para personas con movilidad reducida en las playas\"}]},{\"@type\":\"WebSite\",\"@id\":\"https:\\\/\\\/sindromecharge.es\\\/#website\",\"url\":\"https:\\\/\\\/sindromecharge.es\\\/\",\"name\":\"Asociaci\u00f3n Espa\u00f1ola S\u00edndrome de Charge\",\"description\":\"\",\"potentialAction\":[{\"@type\":\"SearchAction\",\"target\":{\"@type\":\"EntryPoint\",\"urlTemplate\":\"https:\\\/\\\/sindromecharge.es\\\/?s={search_term_string}\"},\"query-input\":{\"@type\":\"PropertyValueSpecification\",\"valueRequired\":true,\"valueName\":\"search_term_string\"}}],\"inLanguage\":\"es\"},{\"@type\":\"Person\",\"@id\":\"https:\\\/\\\/sindromecharge.es\\\/#\\\/schema\\\/person\\\/39a60ebe0a2b4d5a11179701e336b039\",\"name\":\"Charge\",\"image\":{\"@type\":\"ImageObject\",\"inLanguage\":\"es\",\"@id\":\"https:\\\/\\\/secure.gravatar.com\\\/avatar\\\/c3b46e32a0fc3b093a0873fb767bf3293de856293065e84ef06b7ec7a8acfb98?s=96&d=identicon&r=x\",\"url\":\"https:\\\/\\\/secure.gravatar.com\\\/avatar\\\/c3b46e32a0fc3b093a0873fb767bf3293de856293065e84ef06b7ec7a8acfb98?s=96&d=identicon&r=x\",\"contentUrl\":\"https:\\\/\\\/secure.gravatar.com\\\/avatar\\\/c3b46e32a0fc3b093a0873fb767bf3293de856293065e84ef06b7ec7a8acfb98?s=96&d=identicon&r=x\",\"caption\":\"Charge\"},\"url\":\"https:\\\/\\\/sindromecharge.es\\\/index.php\\\/author\\\/admin\\\/\"}]}<\/script>\n<!-- \/ Yoast SEO plugin. -->","yoast_head_json":{"title":"Giner exige m\u00e1s puntos de ayuda al ba\u00f1o para personas con movilidad reducida en las playas - Asociaci\u00f3n Espa\u00f1ola S\u00edndrome de Charge","robots":{"index":"index","follow":"follow","max-snippet":"max-snippet:-1","max-image-preview":"max-image-preview:large","max-video-preview":"max-video-preview:-1"},"canonical":"https:\/\/sindromecharge.es\/index.php\/2021\/06\/01\/giner-exige-mas-puntos-de-ayuda-al-bano-para-personas-con-movilidad-reducida-en-las-playas\/","og_locale":"es_ES","og_type":"article","og_title":"Giner exige m\u00e1s puntos de ayuda al ba\u00f1o para personas con movilidad reducida en las playas - Asociaci\u00f3n Espa\u00f1ola S\u00edndrome de Charge","og_description":"Leemos en 20minutos la siguiente noticia que os reproducimos de forma \u00edntegra: \u00abHoy se abren las playas pero no para las personas con movilidad reducida\u00bb, ha criticado Giner en un comunicado, en el que ha se\u00f1alado que \u00abseg\u00fan el Plan de Contingencia de este a\u00f1o, que todav\u00eda no se ha aprobado en la Junta de [&hellip;]","og_url":"https:\/\/sindromecharge.es\/index.php\/2021\/06\/01\/giner-exige-mas-puntos-de-ayuda-al-bano-para-personas-con-movilidad-reducida-en-las-playas\/","og_site_name":"Asociaci\u00f3n Espa\u00f1ola S\u00edndrome de Charge","article_publisher":"https:\/\/www.facebook.com\/asociacionsindromecharge","article_published_time":"2021-06-01T16:08:10+00:00","og_image":[{"width":300,"height":98,"url":"https:\/\/sindromecharge.es\/wp-content\/uploads\/2013\/09\/logodecharge300x98.png","type":"image\/png"}],"author":"Charge","twitter_card":"summary_large_image","twitter_creator":"@sindromecharge","twitter_site":"@sindromecharge","twitter_misc":{"Escrito por":"Charge","Tiempo de lectura":"2 minutos"},"schema":{"@context":"https:\/\/schema.org","@graph":[{"@type":"Article","@id":"https:\/\/sindromecharge.es\/index.php\/2021\/06\/01\/giner-exige-mas-puntos-de-ayuda-al-bano-para-personas-con-movilidad-reducida-en-las-playas\/#article","isPartOf":{"@id":"https:\/\/sindromecharge.es\/index.php\/2021\/06\/01\/giner-exige-mas-puntos-de-ayuda-al-bano-para-personas-con-movilidad-reducida-en-las-playas\/"},"author":{"name":"Charge","@id":"https:\/\/sindromecharge.es\/#\/schema\/person\/39a60ebe0a2b4d5a11179701e336b039"},"headline":"Giner exige m\u00e1s puntos de ayuda al ba\u00f1o para personas con movilidad reducida en las playas","datePublished":"2021-06-01T16:08:10+00:00","mainEntityOfPage":{"@id":"https:\/\/sindromecharge.es\/index.php\/2021\/06\/01\/giner-exige-mas-puntos-de-ayuda-al-bano-para-personas-con-movilidad-reducida-en-las-playas\/"},"wordCount":417,"commentCount":0,"keywords":["discapacidad"],"articleSection":["noticias"],"inLanguage":"es","potentialAction":[{"@type":"CommentAction","name":"Comment","target":["https:\/\/sindromecharge.es\/index.php\/2021\/06\/01\/giner-exige-mas-puntos-de-ayuda-al-bano-para-personas-con-movilidad-reducida-en-las-playas\/#respond"]}]},{"@type":"WebPage","@id":"https:\/\/sindromecharge.es\/index.php\/2021\/06\/01\/giner-exige-mas-puntos-de-ayuda-al-bano-para-personas-con-movilidad-reducida-en-las-playas\/","url":"https:\/\/sindromecharge.es\/index.php\/2021\/06\/01\/giner-exige-mas-puntos-de-ayuda-al-bano-para-personas-con-movilidad-reducida-en-las-playas\/","name":"Giner exige m\u00e1s puntos de ayuda al ba\u00f1o para personas con movilidad reducida en las playas - Asociaci\u00f3n Espa\u00f1ola S\u00edndrome de Charge","isPartOf":{"@id":"https:\/\/sindromecharge.es\/#website"},"datePublished":"2021-06-01T16:08:10+00:00","author":{"@id":"https:\/\/sindromecharge.es\/#\/schema\/person\/39a60ebe0a2b4d5a11179701e336b039"},"breadcrumb":{"@id":"https:\/\/sindromecharge.es\/index.php\/2021\/06\/01\/giner-exige-mas-puntos-de-ayuda-al-bano-para-personas-con-movilidad-reducida-en-las-playas\/#breadcrumb"},"inLanguage":"es","potentialAction":[{"@type":"ReadAction","target":["https:\/\/sindromecharge.es\/index.php\/2021\/06\/01\/giner-exige-mas-puntos-de-ayuda-al-bano-para-personas-con-movilidad-reducida-en-las-playas\/"]}]},{"@type":"BreadcrumbList","@id":"https:\/\/sindromecharge.es\/index.php\/2021\/06\/01\/giner-exige-mas-puntos-de-ayuda-al-bano-para-personas-con-movilidad-reducida-en-las-playas\/#breadcrumb","itemListElement":[{"@type":"ListItem","position":1,"name":"Portada","item":"https:\/\/sindromecharge.es\/"},{"@type":"ListItem","position":2,"name":"Giner exige m\u00e1s puntos de ayuda al ba\u00f1o para personas con movilidad reducida en las playas"}]},{"@type":"WebSite","@id":"https:\/\/sindromecharge.es\/#website","url":"https:\/\/sindromecharge.es\/","name":"Asociaci\u00f3n Espa\u00f1ola S\u00edndrome de Charge","description":"","potentialAction":[{"@type":"SearchAction","target":{"@type":"EntryPoint","urlTemplate":"https:\/\/sindromecharge.es\/?s={search_term_string}"},"query-input":{"@type":"PropertyValueSpecification","valueRequired":true,"valueName":"search_term_string"}}],"inLanguage":"es"},{"@type":"Person","@id":"https:\/\/sindromecharge.es\/#\/schema\/person\/39a60ebe0a2b4d5a11179701e336b039","name":"Charge","image":{"@type":"ImageObject","inLanguage":"es","@id":"https:\/\/secure.gravatar.com\/avatar\/c3b46e32a0fc3b093a0873fb767bf3293de856293065e84ef06b7ec7a8acfb98?s=96&d=identicon&r=x","url":"https:\/\/secure.gravatar.com\/avatar\/c3b46e32a0fc3b093a0873fb767bf3293de856293065e84ef06b7ec7a8acfb98?s=96&d=identicon&r=x","contentUrl":"https:\/\/secure.gravatar.com\/avatar\/c3b46e32a0fc3b093a0873fb767bf3293de856293065e84ef06b7ec7a8acfb98?s=96&d=identicon&r=x","caption":"Charge"},"url":"https:\/\/sindromecharge.es\/index.php\/author\/admin\/"}]}},"_links":{"self":[{"href":"https:\/\/sindromecharge.es\/index.php\/wp-json\/wp\/v2\/posts\/7237","targetHints":{"allow":["GET"]}}],"collection":[{"href":"https:\/\/sindromecharge.es\/index.php\/wp-json\/wp\/v2\/posts"}],"about":[{"href":"https:\/\/sindromecharge.es\/index.php\/wp-json\/wp\/v2\/types\/post"}],"author":[{"embeddable":true,"href":"https:\/\/sindromecharge.es\/index.php\/wp-json\/wp\/v2\/users\/1"}],"replies":[{"embeddable":true,"href":"https:\/\/sindromecharge.es\/index.php\/wp-json\/wp\/v2\/comments?post=7237"}],"version-history":[{"count":0,"href":"https:\/\/sindromecharge.es\/index.php\/wp-json\/wp\/v2\/posts\/7237\/revisions"}],"wp:attachment":[{"href":"https:\/\/sindromecharge.es\/index.php\/wp-json\/wp\/v2\/media?parent=7237"}],"wp:term":[{"taxonomy":"category","embeddable":true,"href":"https:\/\/sindromecharge.es\/index.php\/wp-json\/wp\/v2\/categories?post=7237"},{"taxonomy":"post_tag","embeddable":true,"href":"https:\/\/sindromecharge.es\/index.php\/wp-json\/wp\/v2\/tags?post=7237"}],"curies":[{"name":"wp","href":"https:\/\/api.w.org\/{rel}","templated":true}]}}