{"id":7235,"date":"2021-06-01T12:07:02","date_gmt":"2021-06-01T12:07:02","guid":{"rendered":"https:\/\/sindromecharge.es\/index.php\/2021\/06\/01\/te-necesitamos-unete-y-cuenta-tus-razones-por-las-que-obtener-un-futuro-mejor-para-el-colectivo\/"},"modified":"2021-06-01T12:07:02","modified_gmt":"2021-06-01T12:07:02","slug":"te-necesitamos-unete-y-cuenta-tus-razones-por-las-que-obtener-un-futuro-mejor-para-el-colectivo","status":"publish","type":"post","link":"https:\/\/sindromecharge.es\/index.php\/2021\/06\/01\/te-necesitamos-unete-y-cuenta-tus-razones-por-las-que-obtener-un-futuro-mejor-para-el-colectivo\/","title":{"rendered":"\u00a1Te necesitamos! \u00danete y cuenta tus razones por las que obtener un futuro mejor para el colectivo"},"content":{"rendered":"<p>Leemos en FEDER la siguiente noticia que os reproducimos de forma \u00edntegra: <\/p>\n<p>&nbsp;<\/p>\n<p>La Organizaci\u00f3n Europea de Enfermedades Raras (EURORDIS), las 39 alianzas nacionales y sus 962 miembros lanzan una campa\u00f1a &#8217;30 millones de razones&#8217; para realizar un llamamiento para realizar un plan de acci\u00f3n europeo coordinado para mejorar la vida de las personas que conviven con una enfermedad poco frecuente en 2030.<\/p>\n<p>Si bien se ha conseguido grandes logros gracias a los avances cient\u00edficos y los esfuerzos a nivel nacional y de la UE, la mayoria de las personas que viven con una enfermedad rara se enfrentan a necesidades no cubiertas y a desigualdades en el acceso a un diagn\u00f3stico, tratamientos y atenci\u00f3n.<\/p>\n<p>Actualmente no existe una acci\u00f3n global para las enfermedades raras y las pol\u00edticas no han seguido el ritmo de los avances en nuevas tecnolog\u00edas, de ah\u00ed la importancia de esta iniciaitiva y de un Plan de Acci\u00f3n de la UE.<\/p>\n<p><span style=\"font-size: 14pt\">\u00bfQuieres tres razones m\u00e1s para unirte a esta campa\u00f1a?<\/span><\/p>\n<p>1. Las personas que viven con una enfermedad rara tienen un alto nivel de necesidades no cubiertas.<\/p>\n<p>2. Las estrategias actuales sobre enfermedades raras est\u00e1n desactualizadas.<\/p>\n<p>3. Las enfermedades raras no cuentan con un acci\u00f3n global.<\/p>\n<p><span style=\"font-size: 14pt\">\u00bfC\u00f3mo puedes unirte?<\/span><\/p>\n<p>1. <a href=\"https:\/\/action.eurordis.org\/es\/rare2030action\" target=\"_blank\" rel=\"noopener\">Dir\u00edgete a Ursula Von Der Leyen<\/a>, la Presidenta de la Comisi\u00f3n Europea, tu raz\u00f3n por la que Europa necesita actuar para obtener un futuro mejor para las personas con enfermedades raras de aqu\u00ed a 2030.<\/p>\n<p>2. Comparte el hashtag #30millionreasons en redes sociales<\/p>\n<p>3. Solicita a los Eurodiputados que se unan a la Red Parlamentaria de las Enfermedades Raras<\/p>\n<p style=\"text-align: center\"><span style=\"font-size: 14pt\">\u00a1FORMA PARTE DE ESTA ACCI\u00d3N!<\/span><\/p>\n<p>\u00daltima actualizaci\u00f3n 01\/06\/2021<\/p>\n<p>&nbsp;<\/p>\n<p>Fuente: FEDER <a href=\"https:\/\/enfermedades-raras.org\/index.php\/actualidad\/noticias-eventos\/2-feder\/15453-%C2%A1te-necesitamos-%C3%BAnete-y-cuenta-tus-razones-por-las-que-obtener-un-futuro-mejor-para-el-colectivo\" target=\"_blank\" rel=\"noopener\">\u00a1Te necesitamos! \u00danete y cuenta tus razones por las que obtener un futuro mejor para el colectivo<\/a><\/p>\n","protected":false},"excerpt":{"rendered":"<p>Leemos en FEDER la siguiente noticia que os reproducimos de forma \u00edntegra: &nbsp; La Organizaci\u00f3n Europea de Enfermedades Raras (EURORDIS), las 39 alianzas nacionales y sus 962 miembros lanzan una campa\u00f1a &#8217;30 millones de razones&#8217; para realizar un llamamiento para realizar un plan de acci\u00f3n europeo coordinado para mejorar la vida de las personas que [&hellip;]<\/p>\n","protected":false},"author":1,"featured_media":0,"comment_status":"open","ping_status":"closed","sticky":false,"template":"","format":"standard","meta":{"footnotes":""},"categories":[8],"tags":[36],"class_list":["post-7235","post","type-post","status-publish","format-standard","hentry","category-noticias","tag-enfermedades-raras"],"yoast_head":"<!-- This site is optimized with the Yoast SEO plugin v27.4 - https:\/\/yoast.com\/product\/yoast-seo-wordpress\/ -->\n<title>\u00a1Te necesitamos! \u00danete y cuenta tus razones por las que obtener un futuro mejor para el colectivo - Asociaci\u00f3n Espa\u00f1ola S\u00edndrome de Charge<\/title>\n<meta name=\"robots\" content=\"index, follow, max-snippet:-1, max-image-preview:large, max-video-preview:-1\" \/>\n<link rel=\"canonical\" href=\"https:\/\/sindromecharge.es\/index.php\/2021\/06\/01\/te-necesitamos-unete-y-cuenta-tus-razones-por-las-que-obtener-un-futuro-mejor-para-el-colectivo\/\" \/>\n<meta property=\"og:locale\" content=\"es_ES\" \/>\n<meta property=\"og:type\" content=\"article\" \/>\n<meta property=\"og:title\" content=\"\u00a1Te necesitamos! \u00danete y cuenta tus razones por las que obtener un futuro mejor para el colectivo - Asociaci\u00f3n Espa\u00f1ola S\u00edndrome de Charge\" \/>\n<meta property=\"og:description\" content=\"Leemos en FEDER la siguiente noticia que os reproducimos de forma \u00edntegra: &nbsp; La Organizaci\u00f3n Europea de Enfermedades Raras (EURORDIS), las 39 alianzas nacionales y sus 962 miembros lanzan una campa\u00f1a &#8217;30 millones de razones&#8217; para realizar un llamamiento para realizar un plan de acci\u00f3n europeo coordinado para mejorar la vida de las personas que [&hellip;]\" \/>\n<meta property=\"og:url\" content=\"https:\/\/sindromecharge.es\/index.php\/2021\/06\/01\/te-necesitamos-unete-y-cuenta-tus-razones-por-las-que-obtener-un-futuro-mejor-para-el-colectivo\/\" \/>\n<meta property=\"og:site_name\" content=\"Asociaci\u00f3n Espa\u00f1ola S\u00edndrome de Charge\" \/>\n<meta property=\"article:publisher\" content=\"https:\/\/www.facebook.com\/asociacionsindromecharge\" \/>\n<meta property=\"article:published_time\" content=\"2021-06-01T12:07:02+00:00\" \/>\n<meta property=\"og:image\" content=\"https:\/\/sindromecharge.es\/wp-content\/uploads\/2013\/09\/logodecharge300x98.png\" \/>\n\t<meta property=\"og:image:width\" content=\"300\" \/>\n\t<meta property=\"og:image:height\" content=\"98\" \/>\n\t<meta property=\"og:image:type\" content=\"image\/png\" \/>\n<meta name=\"author\" content=\"Charge\" \/>\n<meta name=\"twitter:card\" content=\"summary_large_image\" \/>\n<meta name=\"twitter:creator\" content=\"@sindromecharge\" \/>\n<meta name=\"twitter:site\" content=\"@sindromecharge\" \/>\n<meta name=\"twitter:label1\" content=\"Escrito por\" \/>\n\t<meta name=\"twitter:data1\" content=\"Charge\" \/>\n\t<meta name=\"twitter:label2\" content=\"Tiempo de lectura\" \/>\n\t<meta name=\"twitter:data2\" content=\"1 minuto\" \/>\n<script type=\"application\/ld+json\" class=\"yoast-schema-graph\">{\"@context\":\"https:\\\/\\\/schema.org\",\"@graph\":[{\"@type\":\"Article\",\"@id\":\"https:\\\/\\\/sindromecharge.es\\\/index.php\\\/2021\\\/06\\\/01\\\/te-necesitamos-unete-y-cuenta-tus-razones-por-las-que-obtener-un-futuro-mejor-para-el-colectivo\\\/#article\",\"isPartOf\":{\"@id\":\"https:\\\/\\\/sindromecharge.es\\\/index.php\\\/2021\\\/06\\\/01\\\/te-necesitamos-unete-y-cuenta-tus-razones-por-las-que-obtener-un-futuro-mejor-para-el-colectivo\\\/\"},\"author\":{\"name\":\"Charge\",\"@id\":\"https:\\\/\\\/sindromecharge.es\\\/#\\\/schema\\\/person\\\/39a60ebe0a2b4d5a11179701e336b039\"},\"headline\":\"\u00a1Te necesitamos! \u00danete y cuenta tus razones por las que obtener un futuro mejor para el colectivo\",\"datePublished\":\"2021-06-01T12:07:02+00:00\",\"mainEntityOfPage\":{\"@id\":\"https:\\\/\\\/sindromecharge.es\\\/index.php\\\/2021\\\/06\\\/01\\\/te-necesitamos-unete-y-cuenta-tus-razones-por-las-que-obtener-un-futuro-mejor-para-el-colectivo\\\/\"},\"wordCount\":316,\"commentCount\":0,\"keywords\":[\"enfermedades raras\"],\"articleSection\":[\"noticias\"],\"inLanguage\":\"es\",\"potentialAction\":[{\"@type\":\"CommentAction\",\"name\":\"Comment\",\"target\":[\"https:\\\/\\\/sindromecharge.es\\\/index.php\\\/2021\\\/06\\\/01\\\/te-necesitamos-unete-y-cuenta-tus-razones-por-las-que-obtener-un-futuro-mejor-para-el-colectivo\\\/#respond\"]}]},{\"@type\":\"WebPage\",\"@id\":\"https:\\\/\\\/sindromecharge.es\\\/index.php\\\/2021\\\/06\\\/01\\\/te-necesitamos-unete-y-cuenta-tus-razones-por-las-que-obtener-un-futuro-mejor-para-el-colectivo\\\/\",\"url\":\"https:\\\/\\\/sindromecharge.es\\\/index.php\\\/2021\\\/06\\\/01\\\/te-necesitamos-unete-y-cuenta-tus-razones-por-las-que-obtener-un-futuro-mejor-para-el-colectivo\\\/\",\"name\":\"\u00a1Te necesitamos! \u00danete y cuenta tus razones por las que obtener un futuro mejor para el colectivo - Asociaci\u00f3n Espa\u00f1ola S\u00edndrome de Charge\",\"isPartOf\":{\"@id\":\"https:\\\/\\\/sindromecharge.es\\\/#website\"},\"datePublished\":\"2021-06-01T12:07:02+00:00\",\"author\":{\"@id\":\"https:\\\/\\\/sindromecharge.es\\\/#\\\/schema\\\/person\\\/39a60ebe0a2b4d5a11179701e336b039\"},\"breadcrumb\":{\"@id\":\"https:\\\/\\\/sindromecharge.es\\\/index.php\\\/2021\\\/06\\\/01\\\/te-necesitamos-unete-y-cuenta-tus-razones-por-las-que-obtener-un-futuro-mejor-para-el-colectivo\\\/#breadcrumb\"},\"inLanguage\":\"es\",\"potentialAction\":[{\"@type\":\"ReadAction\",\"target\":[\"https:\\\/\\\/sindromecharge.es\\\/index.php\\\/2021\\\/06\\\/01\\\/te-necesitamos-unete-y-cuenta-tus-razones-por-las-que-obtener-un-futuro-mejor-para-el-colectivo\\\/\"]}]},{\"@type\":\"BreadcrumbList\",\"@id\":\"https:\\\/\\\/sindromecharge.es\\\/index.php\\\/2021\\\/06\\\/01\\\/te-necesitamos-unete-y-cuenta-tus-razones-por-las-que-obtener-un-futuro-mejor-para-el-colectivo\\\/#breadcrumb\",\"itemListElement\":[{\"@type\":\"ListItem\",\"position\":1,\"name\":\"Portada\",\"item\":\"https:\\\/\\\/sindromecharge.es\\\/\"},{\"@type\":\"ListItem\",\"position\":2,\"name\":\"\u00a1Te necesitamos! \u00danete y cuenta tus razones por las que obtener un futuro mejor para el colectivo\"}]},{\"@type\":\"WebSite\",\"@id\":\"https:\\\/\\\/sindromecharge.es\\\/#website\",\"url\":\"https:\\\/\\\/sindromecharge.es\\\/\",\"name\":\"Asociaci\u00f3n Espa\u00f1ola S\u00edndrome de Charge\",\"description\":\"\",\"potentialAction\":[{\"@type\":\"SearchAction\",\"target\":{\"@type\":\"EntryPoint\",\"urlTemplate\":\"https:\\\/\\\/sindromecharge.es\\\/?s={search_term_string}\"},\"query-input\":{\"@type\":\"PropertyValueSpecification\",\"valueRequired\":true,\"valueName\":\"search_term_string\"}}],\"inLanguage\":\"es\"},{\"@type\":\"Person\",\"@id\":\"https:\\\/\\\/sindromecharge.es\\\/#\\\/schema\\\/person\\\/39a60ebe0a2b4d5a11179701e336b039\",\"name\":\"Charge\",\"image\":{\"@type\":\"ImageObject\",\"inLanguage\":\"es\",\"@id\":\"https:\\\/\\\/secure.gravatar.com\\\/avatar\\\/c3b46e32a0fc3b093a0873fb767bf3293de856293065e84ef06b7ec7a8acfb98?s=96&d=identicon&r=x\",\"url\":\"https:\\\/\\\/secure.gravatar.com\\\/avatar\\\/c3b46e32a0fc3b093a0873fb767bf3293de856293065e84ef06b7ec7a8acfb98?s=96&d=identicon&r=x\",\"contentUrl\":\"https:\\\/\\\/secure.gravatar.com\\\/avatar\\\/c3b46e32a0fc3b093a0873fb767bf3293de856293065e84ef06b7ec7a8acfb98?s=96&d=identicon&r=x\",\"caption\":\"Charge\"},\"url\":\"https:\\\/\\\/sindromecharge.es\\\/index.php\\\/author\\\/admin\\\/\"}]}<\/script>\n<!-- \/ Yoast SEO plugin. -->","yoast_head_json":{"title":"\u00a1Te necesitamos! \u00danete y cuenta tus razones por las que obtener un futuro mejor para el colectivo - Asociaci\u00f3n Espa\u00f1ola S\u00edndrome de Charge","robots":{"index":"index","follow":"follow","max-snippet":"max-snippet:-1","max-image-preview":"max-image-preview:large","max-video-preview":"max-video-preview:-1"},"canonical":"https:\/\/sindromecharge.es\/index.php\/2021\/06\/01\/te-necesitamos-unete-y-cuenta-tus-razones-por-las-que-obtener-un-futuro-mejor-para-el-colectivo\/","og_locale":"es_ES","og_type":"article","og_title":"\u00a1Te necesitamos! \u00danete y cuenta tus razones por las que obtener un futuro mejor para el colectivo - Asociaci\u00f3n Espa\u00f1ola S\u00edndrome de Charge","og_description":"Leemos en FEDER la siguiente noticia que os reproducimos de forma \u00edntegra: &nbsp; La Organizaci\u00f3n Europea de Enfermedades Raras (EURORDIS), las 39 alianzas nacionales y sus 962 miembros lanzan una campa\u00f1a &#8217;30 millones de razones&#8217; para realizar un llamamiento para realizar un plan de acci\u00f3n europeo coordinado para mejorar la vida de las personas que [&hellip;]","og_url":"https:\/\/sindromecharge.es\/index.php\/2021\/06\/01\/te-necesitamos-unete-y-cuenta-tus-razones-por-las-que-obtener-un-futuro-mejor-para-el-colectivo\/","og_site_name":"Asociaci\u00f3n Espa\u00f1ola S\u00edndrome de Charge","article_publisher":"https:\/\/www.facebook.com\/asociacionsindromecharge","article_published_time":"2021-06-01T12:07:02+00:00","og_image":[{"width":300,"height":98,"url":"https:\/\/sindromecharge.es\/wp-content\/uploads\/2013\/09\/logodecharge300x98.png","type":"image\/png"}],"author":"Charge","twitter_card":"summary_large_image","twitter_creator":"@sindromecharge","twitter_site":"@sindromecharge","twitter_misc":{"Escrito por":"Charge","Tiempo de lectura":"1 minuto"},"schema":{"@context":"https:\/\/schema.org","@graph":[{"@type":"Article","@id":"https:\/\/sindromecharge.es\/index.php\/2021\/06\/01\/te-necesitamos-unete-y-cuenta-tus-razones-por-las-que-obtener-un-futuro-mejor-para-el-colectivo\/#article","isPartOf":{"@id":"https:\/\/sindromecharge.es\/index.php\/2021\/06\/01\/te-necesitamos-unete-y-cuenta-tus-razones-por-las-que-obtener-un-futuro-mejor-para-el-colectivo\/"},"author":{"name":"Charge","@id":"https:\/\/sindromecharge.es\/#\/schema\/person\/39a60ebe0a2b4d5a11179701e336b039"},"headline":"\u00a1Te necesitamos! \u00danete y cuenta tus razones por las que obtener un futuro mejor para el colectivo","datePublished":"2021-06-01T12:07:02+00:00","mainEntityOfPage":{"@id":"https:\/\/sindromecharge.es\/index.php\/2021\/06\/01\/te-necesitamos-unete-y-cuenta-tus-razones-por-las-que-obtener-un-futuro-mejor-para-el-colectivo\/"},"wordCount":316,"commentCount":0,"keywords":["enfermedades raras"],"articleSection":["noticias"],"inLanguage":"es","potentialAction":[{"@type":"CommentAction","name":"Comment","target":["https:\/\/sindromecharge.es\/index.php\/2021\/06\/01\/te-necesitamos-unete-y-cuenta-tus-razones-por-las-que-obtener-un-futuro-mejor-para-el-colectivo\/#respond"]}]},{"@type":"WebPage","@id":"https:\/\/sindromecharge.es\/index.php\/2021\/06\/01\/te-necesitamos-unete-y-cuenta-tus-razones-por-las-que-obtener-un-futuro-mejor-para-el-colectivo\/","url":"https:\/\/sindromecharge.es\/index.php\/2021\/06\/01\/te-necesitamos-unete-y-cuenta-tus-razones-por-las-que-obtener-un-futuro-mejor-para-el-colectivo\/","name":"\u00a1Te necesitamos! \u00danete y cuenta tus razones por las que obtener un futuro mejor para el colectivo - Asociaci\u00f3n Espa\u00f1ola S\u00edndrome de Charge","isPartOf":{"@id":"https:\/\/sindromecharge.es\/#website"},"datePublished":"2021-06-01T12:07:02+00:00","author":{"@id":"https:\/\/sindromecharge.es\/#\/schema\/person\/39a60ebe0a2b4d5a11179701e336b039"},"breadcrumb":{"@id":"https:\/\/sindromecharge.es\/index.php\/2021\/06\/01\/te-necesitamos-unete-y-cuenta-tus-razones-por-las-que-obtener-un-futuro-mejor-para-el-colectivo\/#breadcrumb"},"inLanguage":"es","potentialAction":[{"@type":"ReadAction","target":["https:\/\/sindromecharge.es\/index.php\/2021\/06\/01\/te-necesitamos-unete-y-cuenta-tus-razones-por-las-que-obtener-un-futuro-mejor-para-el-colectivo\/"]}]},{"@type":"BreadcrumbList","@id":"https:\/\/sindromecharge.es\/index.php\/2021\/06\/01\/te-necesitamos-unete-y-cuenta-tus-razones-por-las-que-obtener-un-futuro-mejor-para-el-colectivo\/#breadcrumb","itemListElement":[{"@type":"ListItem","position":1,"name":"Portada","item":"https:\/\/sindromecharge.es\/"},{"@type":"ListItem","position":2,"name":"\u00a1Te necesitamos! \u00danete y cuenta tus razones por las que obtener un futuro mejor para el colectivo"}]},{"@type":"WebSite","@id":"https:\/\/sindromecharge.es\/#website","url":"https:\/\/sindromecharge.es\/","name":"Asociaci\u00f3n Espa\u00f1ola S\u00edndrome de Charge","description":"","potentialAction":[{"@type":"SearchAction","target":{"@type":"EntryPoint","urlTemplate":"https:\/\/sindromecharge.es\/?s={search_term_string}"},"query-input":{"@type":"PropertyValueSpecification","valueRequired":true,"valueName":"search_term_string"}}],"inLanguage":"es"},{"@type":"Person","@id":"https:\/\/sindromecharge.es\/#\/schema\/person\/39a60ebe0a2b4d5a11179701e336b039","name":"Charge","image":{"@type":"ImageObject","inLanguage":"es","@id":"https:\/\/secure.gravatar.com\/avatar\/c3b46e32a0fc3b093a0873fb767bf3293de856293065e84ef06b7ec7a8acfb98?s=96&d=identicon&r=x","url":"https:\/\/secure.gravatar.com\/avatar\/c3b46e32a0fc3b093a0873fb767bf3293de856293065e84ef06b7ec7a8acfb98?s=96&d=identicon&r=x","contentUrl":"https:\/\/secure.gravatar.com\/avatar\/c3b46e32a0fc3b093a0873fb767bf3293de856293065e84ef06b7ec7a8acfb98?s=96&d=identicon&r=x","caption":"Charge"},"url":"https:\/\/sindromecharge.es\/index.php\/author\/admin\/"}]}},"_links":{"self":[{"href":"https:\/\/sindromecharge.es\/index.php\/wp-json\/wp\/v2\/posts\/7235","targetHints":{"allow":["GET"]}}],"collection":[{"href":"https:\/\/sindromecharge.es\/index.php\/wp-json\/wp\/v2\/posts"}],"about":[{"href":"https:\/\/sindromecharge.es\/index.php\/wp-json\/wp\/v2\/types\/post"}],"author":[{"embeddable":true,"href":"https:\/\/sindromecharge.es\/index.php\/wp-json\/wp\/v2\/users\/1"}],"replies":[{"embeddable":true,"href":"https:\/\/sindromecharge.es\/index.php\/wp-json\/wp\/v2\/comments?post=7235"}],"version-history":[{"count":0,"href":"https:\/\/sindromecharge.es\/index.php\/wp-json\/wp\/v2\/posts\/7235\/revisions"}],"wp:attachment":[{"href":"https:\/\/sindromecharge.es\/index.php\/wp-json\/wp\/v2\/media?parent=7235"}],"wp:term":[{"taxonomy":"category","embeddable":true,"href":"https:\/\/sindromecharge.es\/index.php\/wp-json\/wp\/v2\/categories?post=7235"},{"taxonomy":"post_tag","embeddable":true,"href":"https:\/\/sindromecharge.es\/index.php\/wp-json\/wp\/v2\/tags?post=7235"}],"curies":[{"name":"wp","href":"https:\/\/api.w.org\/{rel}","templated":true}]}}