{"id":7234,"date":"2021-06-01T09:52:26","date_gmt":"2021-06-01T09:52:26","guid":{"rendered":"https:\/\/sindromecharge.es\/index.php\/2021\/06\/01\/visitamos-el-centro-de-atencion-diurna-sense-barreres-de-petrer-y-conocemos-mas-sobre-su-labor\/"},"modified":"2021-06-01T09:52:26","modified_gmt":"2021-06-01T09:52:26","slug":"visitamos-el-centro-de-atencion-diurna-sense-barreres-de-petrer-y-conocemos-mas-sobre-su-labor","status":"publish","type":"post","link":"https:\/\/sindromecharge.es\/index.php\/2021\/06\/01\/visitamos-el-centro-de-atencion-diurna-sense-barreres-de-petrer-y-conocemos-mas-sobre-su-labor\/","title":{"rendered":"Visitamos el Centro de Atenci\u00f3n Diurna Sense Barreres de Petrer y conocemos m\u00e1s sobre su labor"},"content":{"rendered":"<p>Leemos en FEDER la siguiente noticia que os reproducimos de forma \u00edntegra: <\/p>\n<p><p>La Asociaci\u00f3n de Enfermedades Raras y Discapacidad Petrer y Comarca celebra su 25 aniversario y nuestra Federaci\u00f3n ha querido acompa\u00f1arles en este momento tan importante para la entidad. Por ello, Juan Carri\u00f3n, presidente de FEDER y su Fundaci\u00f3n y Alba Ancochea, directora de la Federaci\u00f3n, visitaron el Centro de Atenci\u00f3n Diurna Sense Barreres de Petrer, para las personas con enfermedades poco frecuentes, sin diagn\u00f3stico y discapacidad.<\/p>\n<p>Esta visita nos ha permitido conocer en profundidad el trabajo que realiza este Centro de Atenci\u00f3n Integral, el cual, enfoca su trabajo en la mejora de la calidad de vida de las personas que conviven con alguna enfermedad poco frecuente y el de sus familias, ofreciendo servicios como fisioterapia, terapia ocupacional, Atenci\u00f3n Psicol\u00f3gica y Jur\u00eddica y ofreciendo Informaci\u00f3n y Orientaci\u00f3n.<\/p>\n<p>Adem\u00e1s, esta visita ha permitido poner una vez m\u00e1s en relieve la labor diaria del tejido asociativo, el cual, hist\u00f3ricamente se ha posicionado como un referente a la hora de prestar servicios que buscan ayudar a las familias para afrontar una realidad en la que solo el 5% de las enfermedades poco frecuentes cuenta con tratamiento.<\/p>\n<p>Inscrito en la red de centros de acci\u00f3n Social de la Comunidad Valencia, este es, adem\u00e1s, uno de los centros de atenci\u00f3n integral con los que contamos en nuestro pa\u00eds trabajando para las Personas con Enfermedades Raras, sin Diagnostico y Discapacidad, formando parte de la red centros gestionados por entidades pertenecientes a FEDER.<\/p>\n<p>Desde FEDER recordamos la importancia vital de empoderar a las entidades para fomentar el desarrollo de esos servicios, ya que, permiten acceder al colectivo a acceder a un abordaje terap\u00e9utico.<\/p>\n<p>Hoy en d\u00eda, encontramos 11 entidades federadas que cuentan con este recurso y que forman parte de la red de centros de atenci\u00f3n directa en la que est\u00e1 trabajando FEDER, con el objetivo de potenciar el trabajo coordinado de cada uno de estos centros de atenci\u00f3n directa para mejorar la labor conjunta y la comunicaci\u00f3n, multiplicando las posibilidades de atenci\u00f3n a las familias.<\/p>\n<p>A trav\u00e9s de esta red buscamos promover la provisi\u00f3n de servicios profesionalizados de calidad, inculcar la cultura de calidad y certificaci\u00f3n de los servicios, favorecer la sostenibilidad a trav\u00e9s de la financiaci\u00f3n p\u00fablico-privada y desarrollar proyectos conjuntos para el acondicionamiento de centros mediante la adquisici\u00f3n de mobiliario y dotaci\u00f3n de recursos espec\u00edficos.<\/p>\n<p>\u00daltima actualizaci\u00f3n 01\/06\/2021<\/p>\n<\/p>\n<p>Fuente: FEDER <a href=\"https:\/\/enfermedades-raras.org\/index.php\/actualidad\/noticias-eventos\/2-feder\/15451-visitamos-el-centro-de-atenci%C3%B3n-diurna-sense-barreres-de-petrer-y-conocemos-m%C3%A1s-sobre-su-labor\" target=\"_blank\" rel=\"noopener\">Visitamos el Centro de Atenci\u00f3n Diurna Sense Barreres de Petrer y conocemos m\u00e1s sobre su labor<\/a><\/p>\n","protected":false},"excerpt":{"rendered":"<p>Leemos en FEDER la siguiente noticia que os reproducimos de forma \u00edntegra: La Asociaci\u00f3n de Enfermedades Raras y Discapacidad Petrer y Comarca celebra su 25 aniversario y nuestra Federaci\u00f3n ha querido acompa\u00f1arles en este momento tan importante para la entidad. Por ello, Juan Carri\u00f3n, presidente de FEDER y su Fundaci\u00f3n y Alba Ancochea, directora de [&hellip;]<\/p>\n","protected":false},"author":1,"featured_media":0,"comment_status":"open","ping_status":"closed","sticky":false,"template":"","format":"standard","meta":{"footnotes":""},"categories":[8],"tags":[36],"class_list":["post-7234","post","type-post","status-publish","format-standard","hentry","category-noticias","tag-enfermedades-raras"],"yoast_head":"<!-- This site is optimized with the Yoast SEO plugin v27.4 - https:\/\/yoast.com\/product\/yoast-seo-wordpress\/ -->\n<title>Visitamos el Centro de Atenci\u00f3n Diurna Sense Barreres de Petrer y conocemos m\u00e1s sobre su labor - Asociaci\u00f3n Espa\u00f1ola S\u00edndrome de Charge<\/title>\n<meta name=\"robots\" content=\"index, follow, max-snippet:-1, max-image-preview:large, max-video-preview:-1\" \/>\n<link rel=\"canonical\" href=\"https:\/\/sindromecharge.es\/index.php\/2021\/06\/01\/visitamos-el-centro-de-atencion-diurna-sense-barreres-de-petrer-y-conocemos-mas-sobre-su-labor\/\" \/>\n<meta property=\"og:locale\" content=\"es_ES\" \/>\n<meta property=\"og:type\" content=\"article\" \/>\n<meta property=\"og:title\" content=\"Visitamos el Centro de Atenci\u00f3n Diurna Sense Barreres de Petrer y conocemos m\u00e1s sobre su labor - Asociaci\u00f3n Espa\u00f1ola S\u00edndrome de Charge\" \/>\n<meta property=\"og:description\" content=\"Leemos en FEDER la siguiente noticia que os reproducimos de forma \u00edntegra: La Asociaci\u00f3n de Enfermedades Raras y Discapacidad Petrer y Comarca celebra su 25 aniversario y nuestra Federaci\u00f3n ha querido acompa\u00f1arles en este momento tan importante para la entidad. Por ello, Juan Carri\u00f3n, presidente de FEDER y su Fundaci\u00f3n y Alba Ancochea, directora de [&hellip;]\" \/>\n<meta property=\"og:url\" content=\"https:\/\/sindromecharge.es\/index.php\/2021\/06\/01\/visitamos-el-centro-de-atencion-diurna-sense-barreres-de-petrer-y-conocemos-mas-sobre-su-labor\/\" \/>\n<meta property=\"og:site_name\" content=\"Asociaci\u00f3n Espa\u00f1ola S\u00edndrome de Charge\" \/>\n<meta property=\"article:publisher\" content=\"https:\/\/www.facebook.com\/asociacionsindromecharge\" \/>\n<meta property=\"article:published_time\" content=\"2021-06-01T09:52:26+00:00\" \/>\n<meta property=\"og:image\" content=\"https:\/\/sindromecharge.es\/wp-content\/uploads\/2013\/09\/logodecharge300x98.png\" \/>\n\t<meta property=\"og:image:width\" content=\"300\" \/>\n\t<meta property=\"og:image:height\" content=\"98\" \/>\n\t<meta property=\"og:image:type\" content=\"image\/png\" \/>\n<meta name=\"author\" content=\"Charge\" \/>\n<meta name=\"twitter:card\" content=\"summary_large_image\" \/>\n<meta name=\"twitter:creator\" content=\"@sindromecharge\" \/>\n<meta name=\"twitter:site\" content=\"@sindromecharge\" \/>\n<meta name=\"twitter:label1\" content=\"Escrito por\" \/>\n\t<meta name=\"twitter:data1\" content=\"Charge\" \/>\n\t<meta name=\"twitter:label2\" content=\"Tiempo de lectura\" \/>\n\t<meta name=\"twitter:data2\" content=\"2 minutos\" \/>\n<script type=\"application\/ld+json\" class=\"yoast-schema-graph\">{\"@context\":\"https:\\\/\\\/schema.org\",\"@graph\":[{\"@type\":\"Article\",\"@id\":\"https:\\\/\\\/sindromecharge.es\\\/index.php\\\/2021\\\/06\\\/01\\\/visitamos-el-centro-de-atencion-diurna-sense-barreres-de-petrer-y-conocemos-mas-sobre-su-labor\\\/#article\",\"isPartOf\":{\"@id\":\"https:\\\/\\\/sindromecharge.es\\\/index.php\\\/2021\\\/06\\\/01\\\/visitamos-el-centro-de-atencion-diurna-sense-barreres-de-petrer-y-conocemos-mas-sobre-su-labor\\\/\"},\"author\":{\"name\":\"Charge\",\"@id\":\"https:\\\/\\\/sindromecharge.es\\\/#\\\/schema\\\/person\\\/39a60ebe0a2b4d5a11179701e336b039\"},\"headline\":\"Visitamos el Centro de Atenci\u00f3n Diurna Sense Barreres de Petrer y conocemos m\u00e1s sobre su labor\",\"datePublished\":\"2021-06-01T09:52:26+00:00\",\"mainEntityOfPage\":{\"@id\":\"https:\\\/\\\/sindromecharge.es\\\/index.php\\\/2021\\\/06\\\/01\\\/visitamos-el-centro-de-atencion-diurna-sense-barreres-de-petrer-y-conocemos-mas-sobre-su-labor\\\/\"},\"wordCount\":466,\"commentCount\":0,\"keywords\":[\"enfermedades raras\"],\"articleSection\":[\"noticias\"],\"inLanguage\":\"es\",\"potentialAction\":[{\"@type\":\"CommentAction\",\"name\":\"Comment\",\"target\":[\"https:\\\/\\\/sindromecharge.es\\\/index.php\\\/2021\\\/06\\\/01\\\/visitamos-el-centro-de-atencion-diurna-sense-barreres-de-petrer-y-conocemos-mas-sobre-su-labor\\\/#respond\"]}]},{\"@type\":\"WebPage\",\"@id\":\"https:\\\/\\\/sindromecharge.es\\\/index.php\\\/2021\\\/06\\\/01\\\/visitamos-el-centro-de-atencion-diurna-sense-barreres-de-petrer-y-conocemos-mas-sobre-su-labor\\\/\",\"url\":\"https:\\\/\\\/sindromecharge.es\\\/index.php\\\/2021\\\/06\\\/01\\\/visitamos-el-centro-de-atencion-diurna-sense-barreres-de-petrer-y-conocemos-mas-sobre-su-labor\\\/\",\"name\":\"Visitamos el Centro de Atenci\u00f3n Diurna Sense Barreres de Petrer y conocemos m\u00e1s sobre su labor - Asociaci\u00f3n Espa\u00f1ola S\u00edndrome de Charge\",\"isPartOf\":{\"@id\":\"https:\\\/\\\/sindromecharge.es\\\/#website\"},\"datePublished\":\"2021-06-01T09:52:26+00:00\",\"author\":{\"@id\":\"https:\\\/\\\/sindromecharge.es\\\/#\\\/schema\\\/person\\\/39a60ebe0a2b4d5a11179701e336b039\"},\"breadcrumb\":{\"@id\":\"https:\\\/\\\/sindromecharge.es\\\/index.php\\\/2021\\\/06\\\/01\\\/visitamos-el-centro-de-atencion-diurna-sense-barreres-de-petrer-y-conocemos-mas-sobre-su-labor\\\/#breadcrumb\"},\"inLanguage\":\"es\",\"potentialAction\":[{\"@type\":\"ReadAction\",\"target\":[\"https:\\\/\\\/sindromecharge.es\\\/index.php\\\/2021\\\/06\\\/01\\\/visitamos-el-centro-de-atencion-diurna-sense-barreres-de-petrer-y-conocemos-mas-sobre-su-labor\\\/\"]}]},{\"@type\":\"BreadcrumbList\",\"@id\":\"https:\\\/\\\/sindromecharge.es\\\/index.php\\\/2021\\\/06\\\/01\\\/visitamos-el-centro-de-atencion-diurna-sense-barreres-de-petrer-y-conocemos-mas-sobre-su-labor\\\/#breadcrumb\",\"itemListElement\":[{\"@type\":\"ListItem\",\"position\":1,\"name\":\"Portada\",\"item\":\"https:\\\/\\\/sindromecharge.es\\\/\"},{\"@type\":\"ListItem\",\"position\":2,\"name\":\"Visitamos el Centro de Atenci\u00f3n Diurna Sense Barreres de Petrer y conocemos m\u00e1s sobre su labor\"}]},{\"@type\":\"WebSite\",\"@id\":\"https:\\\/\\\/sindromecharge.es\\\/#website\",\"url\":\"https:\\\/\\\/sindromecharge.es\\\/\",\"name\":\"Asociaci\u00f3n Espa\u00f1ola S\u00edndrome de Charge\",\"description\":\"\",\"potentialAction\":[{\"@type\":\"SearchAction\",\"target\":{\"@type\":\"EntryPoint\",\"urlTemplate\":\"https:\\\/\\\/sindromecharge.es\\\/?s={search_term_string}\"},\"query-input\":{\"@type\":\"PropertyValueSpecification\",\"valueRequired\":true,\"valueName\":\"search_term_string\"}}],\"inLanguage\":\"es\"},{\"@type\":\"Person\",\"@id\":\"https:\\\/\\\/sindromecharge.es\\\/#\\\/schema\\\/person\\\/39a60ebe0a2b4d5a11179701e336b039\",\"name\":\"Charge\",\"image\":{\"@type\":\"ImageObject\",\"inLanguage\":\"es\",\"@id\":\"https:\\\/\\\/secure.gravatar.com\\\/avatar\\\/c3b46e32a0fc3b093a0873fb767bf3293de856293065e84ef06b7ec7a8acfb98?s=96&d=identicon&r=x\",\"url\":\"https:\\\/\\\/secure.gravatar.com\\\/avatar\\\/c3b46e32a0fc3b093a0873fb767bf3293de856293065e84ef06b7ec7a8acfb98?s=96&d=identicon&r=x\",\"contentUrl\":\"https:\\\/\\\/secure.gravatar.com\\\/avatar\\\/c3b46e32a0fc3b093a0873fb767bf3293de856293065e84ef06b7ec7a8acfb98?s=96&d=identicon&r=x\",\"caption\":\"Charge\"},\"url\":\"https:\\\/\\\/sindromecharge.es\\\/index.php\\\/author\\\/admin\\\/\"}]}<\/script>\n<!-- \/ Yoast SEO plugin. -->","yoast_head_json":{"title":"Visitamos el Centro de Atenci\u00f3n Diurna Sense Barreres de Petrer y conocemos m\u00e1s sobre su labor - Asociaci\u00f3n Espa\u00f1ola S\u00edndrome de Charge","robots":{"index":"index","follow":"follow","max-snippet":"max-snippet:-1","max-image-preview":"max-image-preview:large","max-video-preview":"max-video-preview:-1"},"canonical":"https:\/\/sindromecharge.es\/index.php\/2021\/06\/01\/visitamos-el-centro-de-atencion-diurna-sense-barreres-de-petrer-y-conocemos-mas-sobre-su-labor\/","og_locale":"es_ES","og_type":"article","og_title":"Visitamos el Centro de Atenci\u00f3n Diurna Sense Barreres de Petrer y conocemos m\u00e1s sobre su labor - Asociaci\u00f3n Espa\u00f1ola S\u00edndrome de Charge","og_description":"Leemos en FEDER la siguiente noticia que os reproducimos de forma \u00edntegra: La Asociaci\u00f3n de Enfermedades Raras y Discapacidad Petrer y Comarca celebra su 25 aniversario y nuestra Federaci\u00f3n ha querido acompa\u00f1arles en este momento tan importante para la entidad. Por ello, Juan Carri\u00f3n, presidente de FEDER y su Fundaci\u00f3n y Alba Ancochea, directora de [&hellip;]","og_url":"https:\/\/sindromecharge.es\/index.php\/2021\/06\/01\/visitamos-el-centro-de-atencion-diurna-sense-barreres-de-petrer-y-conocemos-mas-sobre-su-labor\/","og_site_name":"Asociaci\u00f3n Espa\u00f1ola S\u00edndrome de Charge","article_publisher":"https:\/\/www.facebook.com\/asociacionsindromecharge","article_published_time":"2021-06-01T09:52:26+00:00","og_image":[{"width":300,"height":98,"url":"https:\/\/sindromecharge.es\/wp-content\/uploads\/2013\/09\/logodecharge300x98.png","type":"image\/png"}],"author":"Charge","twitter_card":"summary_large_image","twitter_creator":"@sindromecharge","twitter_site":"@sindromecharge","twitter_misc":{"Escrito por":"Charge","Tiempo de lectura":"2 minutos"},"schema":{"@context":"https:\/\/schema.org","@graph":[{"@type":"Article","@id":"https:\/\/sindromecharge.es\/index.php\/2021\/06\/01\/visitamos-el-centro-de-atencion-diurna-sense-barreres-de-petrer-y-conocemos-mas-sobre-su-labor\/#article","isPartOf":{"@id":"https:\/\/sindromecharge.es\/index.php\/2021\/06\/01\/visitamos-el-centro-de-atencion-diurna-sense-barreres-de-petrer-y-conocemos-mas-sobre-su-labor\/"},"author":{"name":"Charge","@id":"https:\/\/sindromecharge.es\/#\/schema\/person\/39a60ebe0a2b4d5a11179701e336b039"},"headline":"Visitamos el Centro de Atenci\u00f3n Diurna Sense Barreres de Petrer y conocemos m\u00e1s sobre su labor","datePublished":"2021-06-01T09:52:26+00:00","mainEntityOfPage":{"@id":"https:\/\/sindromecharge.es\/index.php\/2021\/06\/01\/visitamos-el-centro-de-atencion-diurna-sense-barreres-de-petrer-y-conocemos-mas-sobre-su-labor\/"},"wordCount":466,"commentCount":0,"keywords":["enfermedades raras"],"articleSection":["noticias"],"inLanguage":"es","potentialAction":[{"@type":"CommentAction","name":"Comment","target":["https:\/\/sindromecharge.es\/index.php\/2021\/06\/01\/visitamos-el-centro-de-atencion-diurna-sense-barreres-de-petrer-y-conocemos-mas-sobre-su-labor\/#respond"]}]},{"@type":"WebPage","@id":"https:\/\/sindromecharge.es\/index.php\/2021\/06\/01\/visitamos-el-centro-de-atencion-diurna-sense-barreres-de-petrer-y-conocemos-mas-sobre-su-labor\/","url":"https:\/\/sindromecharge.es\/index.php\/2021\/06\/01\/visitamos-el-centro-de-atencion-diurna-sense-barreres-de-petrer-y-conocemos-mas-sobre-su-labor\/","name":"Visitamos el Centro de Atenci\u00f3n Diurna Sense Barreres de Petrer y conocemos m\u00e1s sobre su labor - Asociaci\u00f3n Espa\u00f1ola S\u00edndrome de Charge","isPartOf":{"@id":"https:\/\/sindromecharge.es\/#website"},"datePublished":"2021-06-01T09:52:26+00:00","author":{"@id":"https:\/\/sindromecharge.es\/#\/schema\/person\/39a60ebe0a2b4d5a11179701e336b039"},"breadcrumb":{"@id":"https:\/\/sindromecharge.es\/index.php\/2021\/06\/01\/visitamos-el-centro-de-atencion-diurna-sense-barreres-de-petrer-y-conocemos-mas-sobre-su-labor\/#breadcrumb"},"inLanguage":"es","potentialAction":[{"@type":"ReadAction","target":["https:\/\/sindromecharge.es\/index.php\/2021\/06\/01\/visitamos-el-centro-de-atencion-diurna-sense-barreres-de-petrer-y-conocemos-mas-sobre-su-labor\/"]}]},{"@type":"BreadcrumbList","@id":"https:\/\/sindromecharge.es\/index.php\/2021\/06\/01\/visitamos-el-centro-de-atencion-diurna-sense-barreres-de-petrer-y-conocemos-mas-sobre-su-labor\/#breadcrumb","itemListElement":[{"@type":"ListItem","position":1,"name":"Portada","item":"https:\/\/sindromecharge.es\/"},{"@type":"ListItem","position":2,"name":"Visitamos el Centro de Atenci\u00f3n Diurna Sense Barreres de Petrer y conocemos m\u00e1s sobre su labor"}]},{"@type":"WebSite","@id":"https:\/\/sindromecharge.es\/#website","url":"https:\/\/sindromecharge.es\/","name":"Asociaci\u00f3n Espa\u00f1ola S\u00edndrome de Charge","description":"","potentialAction":[{"@type":"SearchAction","target":{"@type":"EntryPoint","urlTemplate":"https:\/\/sindromecharge.es\/?s={search_term_string}"},"query-input":{"@type":"PropertyValueSpecification","valueRequired":true,"valueName":"search_term_string"}}],"inLanguage":"es"},{"@type":"Person","@id":"https:\/\/sindromecharge.es\/#\/schema\/person\/39a60ebe0a2b4d5a11179701e336b039","name":"Charge","image":{"@type":"ImageObject","inLanguage":"es","@id":"https:\/\/secure.gravatar.com\/avatar\/c3b46e32a0fc3b093a0873fb767bf3293de856293065e84ef06b7ec7a8acfb98?s=96&d=identicon&r=x","url":"https:\/\/secure.gravatar.com\/avatar\/c3b46e32a0fc3b093a0873fb767bf3293de856293065e84ef06b7ec7a8acfb98?s=96&d=identicon&r=x","contentUrl":"https:\/\/secure.gravatar.com\/avatar\/c3b46e32a0fc3b093a0873fb767bf3293de856293065e84ef06b7ec7a8acfb98?s=96&d=identicon&r=x","caption":"Charge"},"url":"https:\/\/sindromecharge.es\/index.php\/author\/admin\/"}]}},"_links":{"self":[{"href":"https:\/\/sindromecharge.es\/index.php\/wp-json\/wp\/v2\/posts\/7234","targetHints":{"allow":["GET"]}}],"collection":[{"href":"https:\/\/sindromecharge.es\/index.php\/wp-json\/wp\/v2\/posts"}],"about":[{"href":"https:\/\/sindromecharge.es\/index.php\/wp-json\/wp\/v2\/types\/post"}],"author":[{"embeddable":true,"href":"https:\/\/sindromecharge.es\/index.php\/wp-json\/wp\/v2\/users\/1"}],"replies":[{"embeddable":true,"href":"https:\/\/sindromecharge.es\/index.php\/wp-json\/wp\/v2\/comments?post=7234"}],"version-history":[{"count":0,"href":"https:\/\/sindromecharge.es\/index.php\/wp-json\/wp\/v2\/posts\/7234\/revisions"}],"wp:attachment":[{"href":"https:\/\/sindromecharge.es\/index.php\/wp-json\/wp\/v2\/media?parent=7234"}],"wp:term":[{"taxonomy":"category","embeddable":true,"href":"https:\/\/sindromecharge.es\/index.php\/wp-json\/wp\/v2\/categories?post=7234"},{"taxonomy":"post_tag","embeddable":true,"href":"https:\/\/sindromecharge.es\/index.php\/wp-json\/wp\/v2\/tags?post=7234"}],"curies":[{"name":"wp","href":"https:\/\/api.w.org\/{rel}","templated":true}]}}