{"id":7232,"date":"2021-05-31T13:47:18","date_gmt":"2021-05-31T13:47:18","guid":{"rendered":"https:\/\/sindromecharge.es\/index.php\/2021\/05\/31\/un-documental-recoge-las-vivencias-de-familiares-profesionales-y-personas-con-discapacidad-intelectual-en-la-pandemia\/"},"modified":"2021-05-31T13:47:18","modified_gmt":"2021-05-31T13:47:18","slug":"un-documental-recoge-las-vivencias-de-familiares-profesionales-y-personas-con-discapacidad-intelectual-en-la-pandemia","status":"publish","type":"post","link":"https:\/\/sindromecharge.es\/index.php\/2021\/05\/31\/un-documental-recoge-las-vivencias-de-familiares-profesionales-y-personas-con-discapacidad-intelectual-en-la-pandemia\/","title":{"rendered":"Un documental recoge las vivencias de familiares, profesionales y personas con discapacidad intelectual en la pandemia"},"content":{"rendered":"<p>Leemos en 20minutos la siguiente noticia que os reproducimos de forma \u00edntegra: <\/p>\n<p>Este documental nace \u00abde la necesidad de documentar c\u00f3mo se vivi\u00f3 el confinamiento\u00bb, de registrar qu\u00e9 estaba pasando, c\u00f3mo hab\u00edan cambiado los centros, c\u00f3mo se organizaban y, sobretodo, c\u00f3mo lo viv\u00edan las personas.<\/p>\n<p>\u00abEl video transmite much\u00edsimo porque est\u00e1 contado por ellos, por qui\u00e9n lo estaba viviendo\u00bb ha aseguradoel responsable de comunicaci\u00f3n de Producciones del Barrio, Santiago Gonz\u00e1lez, qui\u00e9n ha sido el padrino de la jornada y ha animado a la Federaci\u00f3n y a todos los asistentes a \u00abmostrar este trabajo y tantos otros para que la sociedad conozca de verdad esta realidad que, qui\u00e9n no est\u00e1 cerca del sector, no conoce\u00bb.<\/p>\n<p>El documental relata a trav\u00e9s de 10 personas, con diferentes perfiles, como transcurrieron esos meses y, a pesar de las dificultades y la incertidumbre, todo el mundo saco lo mejor de s\u00ed para afrontarlo.<\/p>\n<p>Carlos, Carolina, Angy, Juan Angel, Patricia, Marisa, Pilar, Henar y los Ra\u00fales (Ra\u00fal Juarez y Ra\u00fal Seco) son los protagonistas de un documental que tiene \u00abmucho de verdad\u00bb como se ha dicho en la presentaci\u00f3n y que no deja indiferente a nadie.<\/p>\n<p>Es un viaje a un tiempo muy cercano que hay deseos de dejar atr\u00e1s, pero que se vivi\u00f3 de forma muy intensa y con una respuesta ejemplar por parte de las entidades de Plena inclusi\u00f3n.<\/p>\n<p>Fuente: 20minutos <a href=\"https:\/\/www.20minutos.es\/noticia\/4713927\/0\/un-documental-recoge-las-vivencias-de-familiares-profesionales-y-personas-con-discapacidad-intelectual-en-la-pandemia\/\" target=\"_blank\" rel=\"noopener\">Un documental recoge las vivencias de familiares, profesionales y personas con discapacidad intelectual en la pandemia<\/a><\/p>\n","protected":false},"excerpt":{"rendered":"<p>Leemos en 20minutos la siguiente noticia que os reproducimos de forma \u00edntegra: Este documental nace \u00abde la necesidad de documentar c\u00f3mo se vivi\u00f3 el confinamiento\u00bb, de registrar qu\u00e9 estaba pasando, c\u00f3mo hab\u00edan cambiado los centros, c\u00f3mo se organizaban y, sobretodo, c\u00f3mo lo viv\u00edan las personas. \u00abEl video transmite much\u00edsimo porque est\u00e1 contado por ellos, por [&hellip;]<\/p>\n","protected":false},"author":1,"featured_media":0,"comment_status":"open","ping_status":"closed","sticky":false,"template":"","format":"standard","meta":{"footnotes":""},"categories":[8],"tags":[31],"class_list":["post-7232","post","type-post","status-publish","format-standard","hentry","category-noticias","tag-discapacidad"],"yoast_head":"<!-- This site is optimized with the Yoast SEO plugin v27.4 - https:\/\/yoast.com\/product\/yoast-seo-wordpress\/ -->\n<title>Un documental recoge las vivencias de familiares, profesionales y personas con discapacidad intelectual en la pandemia - Asociaci\u00f3n Espa\u00f1ola S\u00edndrome de Charge<\/title>\n<meta name=\"robots\" content=\"index, follow, max-snippet:-1, max-image-preview:large, max-video-preview:-1\" \/>\n<link rel=\"canonical\" href=\"https:\/\/sindromecharge.es\/index.php\/2021\/05\/31\/un-documental-recoge-las-vivencias-de-familiares-profesionales-y-personas-con-discapacidad-intelectual-en-la-pandemia\/\" \/>\n<meta property=\"og:locale\" content=\"es_ES\" \/>\n<meta property=\"og:type\" content=\"article\" \/>\n<meta property=\"og:title\" content=\"Un documental recoge las vivencias de familiares, profesionales y personas con discapacidad intelectual en la pandemia - Asociaci\u00f3n Espa\u00f1ola S\u00edndrome de Charge\" \/>\n<meta property=\"og:description\" content=\"Leemos en 20minutos la siguiente noticia que os reproducimos de forma \u00edntegra: Este documental nace \u00abde la necesidad de documentar c\u00f3mo se vivi\u00f3 el confinamiento\u00bb, de registrar qu\u00e9 estaba pasando, c\u00f3mo hab\u00edan cambiado los centros, c\u00f3mo se organizaban y, sobretodo, c\u00f3mo lo viv\u00edan las personas. \u00abEl video transmite much\u00edsimo porque est\u00e1 contado por ellos, por [&hellip;]\" \/>\n<meta property=\"og:url\" content=\"https:\/\/sindromecharge.es\/index.php\/2021\/05\/31\/un-documental-recoge-las-vivencias-de-familiares-profesionales-y-personas-con-discapacidad-intelectual-en-la-pandemia\/\" \/>\n<meta property=\"og:site_name\" content=\"Asociaci\u00f3n Espa\u00f1ola S\u00edndrome de Charge\" \/>\n<meta property=\"article:publisher\" content=\"https:\/\/www.facebook.com\/asociacionsindromecharge\" \/>\n<meta property=\"article:published_time\" content=\"2021-05-31T13:47:18+00:00\" \/>\n<meta property=\"og:image\" content=\"https:\/\/sindromecharge.es\/wp-content\/uploads\/2013\/09\/logodecharge300x98.png\" \/>\n\t<meta property=\"og:image:width\" content=\"300\" \/>\n\t<meta property=\"og:image:height\" content=\"98\" \/>\n\t<meta property=\"og:image:type\" content=\"image\/png\" \/>\n<meta name=\"author\" content=\"Charge\" \/>\n<meta name=\"twitter:card\" content=\"summary_large_image\" \/>\n<meta name=\"twitter:creator\" content=\"@sindromecharge\" \/>\n<meta name=\"twitter:site\" content=\"@sindromecharge\" \/>\n<meta name=\"twitter:label1\" content=\"Escrito por\" \/>\n\t<meta name=\"twitter:data1\" content=\"Charge\" \/>\n\t<meta name=\"twitter:label2\" content=\"Tiempo de lectura\" \/>\n\t<meta name=\"twitter:data2\" content=\"1 minuto\" \/>\n<script type=\"application\/ld+json\" class=\"yoast-schema-graph\">{\"@context\":\"https:\\\/\\\/schema.org\",\"@graph\":[{\"@type\":\"Article\",\"@id\":\"https:\\\/\\\/sindromecharge.es\\\/index.php\\\/2021\\\/05\\\/31\\\/un-documental-recoge-las-vivencias-de-familiares-profesionales-y-personas-con-discapacidad-intelectual-en-la-pandemia\\\/#article\",\"isPartOf\":{\"@id\":\"https:\\\/\\\/sindromecharge.es\\\/index.php\\\/2021\\\/05\\\/31\\\/un-documental-recoge-las-vivencias-de-familiares-profesionales-y-personas-con-discapacidad-intelectual-en-la-pandemia\\\/\"},\"author\":{\"name\":\"Charge\",\"@id\":\"https:\\\/\\\/sindromecharge.es\\\/#\\\/schema\\\/person\\\/39a60ebe0a2b4d5a11179701e336b039\"},\"headline\":\"Un documental recoge las vivencias de familiares, profesionales y personas con discapacidad intelectual en la pandemia\",\"datePublished\":\"2021-05-31T13:47:18+00:00\",\"mainEntityOfPage\":{\"@id\":\"https:\\\/\\\/sindromecharge.es\\\/index.php\\\/2021\\\/05\\\/31\\\/un-documental-recoge-las-vivencias-de-familiares-profesionales-y-personas-con-discapacidad-intelectual-en-la-pandemia\\\/\"},\"wordCount\":278,\"commentCount\":0,\"keywords\":[\"discapacidad\"],\"articleSection\":[\"noticias\"],\"inLanguage\":\"es\",\"potentialAction\":[{\"@type\":\"CommentAction\",\"name\":\"Comment\",\"target\":[\"https:\\\/\\\/sindromecharge.es\\\/index.php\\\/2021\\\/05\\\/31\\\/un-documental-recoge-las-vivencias-de-familiares-profesionales-y-personas-con-discapacidad-intelectual-en-la-pandemia\\\/#respond\"]}]},{\"@type\":\"WebPage\",\"@id\":\"https:\\\/\\\/sindromecharge.es\\\/index.php\\\/2021\\\/05\\\/31\\\/un-documental-recoge-las-vivencias-de-familiares-profesionales-y-personas-con-discapacidad-intelectual-en-la-pandemia\\\/\",\"url\":\"https:\\\/\\\/sindromecharge.es\\\/index.php\\\/2021\\\/05\\\/31\\\/un-documental-recoge-las-vivencias-de-familiares-profesionales-y-personas-con-discapacidad-intelectual-en-la-pandemia\\\/\",\"name\":\"Un documental recoge las vivencias de familiares, profesionales y personas con discapacidad intelectual en la pandemia - Asociaci\u00f3n Espa\u00f1ola S\u00edndrome de Charge\",\"isPartOf\":{\"@id\":\"https:\\\/\\\/sindromecharge.es\\\/#website\"},\"datePublished\":\"2021-05-31T13:47:18+00:00\",\"author\":{\"@id\":\"https:\\\/\\\/sindromecharge.es\\\/#\\\/schema\\\/person\\\/39a60ebe0a2b4d5a11179701e336b039\"},\"breadcrumb\":{\"@id\":\"https:\\\/\\\/sindromecharge.es\\\/index.php\\\/2021\\\/05\\\/31\\\/un-documental-recoge-las-vivencias-de-familiares-profesionales-y-personas-con-discapacidad-intelectual-en-la-pandemia\\\/#breadcrumb\"},\"inLanguage\":\"es\",\"potentialAction\":[{\"@type\":\"ReadAction\",\"target\":[\"https:\\\/\\\/sindromecharge.es\\\/index.php\\\/2021\\\/05\\\/31\\\/un-documental-recoge-las-vivencias-de-familiares-profesionales-y-personas-con-discapacidad-intelectual-en-la-pandemia\\\/\"]}]},{\"@type\":\"BreadcrumbList\",\"@id\":\"https:\\\/\\\/sindromecharge.es\\\/index.php\\\/2021\\\/05\\\/31\\\/un-documental-recoge-las-vivencias-de-familiares-profesionales-y-personas-con-discapacidad-intelectual-en-la-pandemia\\\/#breadcrumb\",\"itemListElement\":[{\"@type\":\"ListItem\",\"position\":1,\"name\":\"Portada\",\"item\":\"https:\\\/\\\/sindromecharge.es\\\/\"},{\"@type\":\"ListItem\",\"position\":2,\"name\":\"Un documental recoge las vivencias de familiares, profesionales y personas con discapacidad intelectual en la pandemia\"}]},{\"@type\":\"WebSite\",\"@id\":\"https:\\\/\\\/sindromecharge.es\\\/#website\",\"url\":\"https:\\\/\\\/sindromecharge.es\\\/\",\"name\":\"Asociaci\u00f3n Espa\u00f1ola S\u00edndrome de Charge\",\"description\":\"\",\"potentialAction\":[{\"@type\":\"SearchAction\",\"target\":{\"@type\":\"EntryPoint\",\"urlTemplate\":\"https:\\\/\\\/sindromecharge.es\\\/?s={search_term_string}\"},\"query-input\":{\"@type\":\"PropertyValueSpecification\",\"valueRequired\":true,\"valueName\":\"search_term_string\"}}],\"inLanguage\":\"es\"},{\"@type\":\"Person\",\"@id\":\"https:\\\/\\\/sindromecharge.es\\\/#\\\/schema\\\/person\\\/39a60ebe0a2b4d5a11179701e336b039\",\"name\":\"Charge\",\"image\":{\"@type\":\"ImageObject\",\"inLanguage\":\"es\",\"@id\":\"https:\\\/\\\/secure.gravatar.com\\\/avatar\\\/c3b46e32a0fc3b093a0873fb767bf3293de856293065e84ef06b7ec7a8acfb98?s=96&d=identicon&r=x\",\"url\":\"https:\\\/\\\/secure.gravatar.com\\\/avatar\\\/c3b46e32a0fc3b093a0873fb767bf3293de856293065e84ef06b7ec7a8acfb98?s=96&d=identicon&r=x\",\"contentUrl\":\"https:\\\/\\\/secure.gravatar.com\\\/avatar\\\/c3b46e32a0fc3b093a0873fb767bf3293de856293065e84ef06b7ec7a8acfb98?s=96&d=identicon&r=x\",\"caption\":\"Charge\"},\"url\":\"https:\\\/\\\/sindromecharge.es\\\/index.php\\\/author\\\/admin\\\/\"}]}<\/script>\n<!-- \/ Yoast SEO plugin. -->","yoast_head_json":{"title":"Un documental recoge las vivencias de familiares, profesionales y personas con discapacidad intelectual en la pandemia - Asociaci\u00f3n Espa\u00f1ola S\u00edndrome de Charge","robots":{"index":"index","follow":"follow","max-snippet":"max-snippet:-1","max-image-preview":"max-image-preview:large","max-video-preview":"max-video-preview:-1"},"canonical":"https:\/\/sindromecharge.es\/index.php\/2021\/05\/31\/un-documental-recoge-las-vivencias-de-familiares-profesionales-y-personas-con-discapacidad-intelectual-en-la-pandemia\/","og_locale":"es_ES","og_type":"article","og_title":"Un documental recoge las vivencias de familiares, profesionales y personas con discapacidad intelectual en la pandemia - Asociaci\u00f3n Espa\u00f1ola S\u00edndrome de Charge","og_description":"Leemos en 20minutos la siguiente noticia que os reproducimos de forma \u00edntegra: Este documental nace \u00abde la necesidad de documentar c\u00f3mo se vivi\u00f3 el confinamiento\u00bb, de registrar qu\u00e9 estaba pasando, c\u00f3mo hab\u00edan cambiado los centros, c\u00f3mo se organizaban y, sobretodo, c\u00f3mo lo viv\u00edan las personas. \u00abEl video transmite much\u00edsimo porque est\u00e1 contado por ellos, por [&hellip;]","og_url":"https:\/\/sindromecharge.es\/index.php\/2021\/05\/31\/un-documental-recoge-las-vivencias-de-familiares-profesionales-y-personas-con-discapacidad-intelectual-en-la-pandemia\/","og_site_name":"Asociaci\u00f3n Espa\u00f1ola S\u00edndrome de Charge","article_publisher":"https:\/\/www.facebook.com\/asociacionsindromecharge","article_published_time":"2021-05-31T13:47:18+00:00","og_image":[{"width":300,"height":98,"url":"https:\/\/sindromecharge.es\/wp-content\/uploads\/2013\/09\/logodecharge300x98.png","type":"image\/png"}],"author":"Charge","twitter_card":"summary_large_image","twitter_creator":"@sindromecharge","twitter_site":"@sindromecharge","twitter_misc":{"Escrito por":"Charge","Tiempo de lectura":"1 minuto"},"schema":{"@context":"https:\/\/schema.org","@graph":[{"@type":"Article","@id":"https:\/\/sindromecharge.es\/index.php\/2021\/05\/31\/un-documental-recoge-las-vivencias-de-familiares-profesionales-y-personas-con-discapacidad-intelectual-en-la-pandemia\/#article","isPartOf":{"@id":"https:\/\/sindromecharge.es\/index.php\/2021\/05\/31\/un-documental-recoge-las-vivencias-de-familiares-profesionales-y-personas-con-discapacidad-intelectual-en-la-pandemia\/"},"author":{"name":"Charge","@id":"https:\/\/sindromecharge.es\/#\/schema\/person\/39a60ebe0a2b4d5a11179701e336b039"},"headline":"Un documental recoge las vivencias de familiares, profesionales y personas con discapacidad intelectual en la pandemia","datePublished":"2021-05-31T13:47:18+00:00","mainEntityOfPage":{"@id":"https:\/\/sindromecharge.es\/index.php\/2021\/05\/31\/un-documental-recoge-las-vivencias-de-familiares-profesionales-y-personas-con-discapacidad-intelectual-en-la-pandemia\/"},"wordCount":278,"commentCount":0,"keywords":["discapacidad"],"articleSection":["noticias"],"inLanguage":"es","potentialAction":[{"@type":"CommentAction","name":"Comment","target":["https:\/\/sindromecharge.es\/index.php\/2021\/05\/31\/un-documental-recoge-las-vivencias-de-familiares-profesionales-y-personas-con-discapacidad-intelectual-en-la-pandemia\/#respond"]}]},{"@type":"WebPage","@id":"https:\/\/sindromecharge.es\/index.php\/2021\/05\/31\/un-documental-recoge-las-vivencias-de-familiares-profesionales-y-personas-con-discapacidad-intelectual-en-la-pandemia\/","url":"https:\/\/sindromecharge.es\/index.php\/2021\/05\/31\/un-documental-recoge-las-vivencias-de-familiares-profesionales-y-personas-con-discapacidad-intelectual-en-la-pandemia\/","name":"Un documental recoge las vivencias de familiares, profesionales y personas con discapacidad intelectual en la pandemia - Asociaci\u00f3n Espa\u00f1ola S\u00edndrome de Charge","isPartOf":{"@id":"https:\/\/sindromecharge.es\/#website"},"datePublished":"2021-05-31T13:47:18+00:00","author":{"@id":"https:\/\/sindromecharge.es\/#\/schema\/person\/39a60ebe0a2b4d5a11179701e336b039"},"breadcrumb":{"@id":"https:\/\/sindromecharge.es\/index.php\/2021\/05\/31\/un-documental-recoge-las-vivencias-de-familiares-profesionales-y-personas-con-discapacidad-intelectual-en-la-pandemia\/#breadcrumb"},"inLanguage":"es","potentialAction":[{"@type":"ReadAction","target":["https:\/\/sindromecharge.es\/index.php\/2021\/05\/31\/un-documental-recoge-las-vivencias-de-familiares-profesionales-y-personas-con-discapacidad-intelectual-en-la-pandemia\/"]}]},{"@type":"BreadcrumbList","@id":"https:\/\/sindromecharge.es\/index.php\/2021\/05\/31\/un-documental-recoge-las-vivencias-de-familiares-profesionales-y-personas-con-discapacidad-intelectual-en-la-pandemia\/#breadcrumb","itemListElement":[{"@type":"ListItem","position":1,"name":"Portada","item":"https:\/\/sindromecharge.es\/"},{"@type":"ListItem","position":2,"name":"Un documental recoge las vivencias de familiares, profesionales y personas con discapacidad intelectual en la pandemia"}]},{"@type":"WebSite","@id":"https:\/\/sindromecharge.es\/#website","url":"https:\/\/sindromecharge.es\/","name":"Asociaci\u00f3n Espa\u00f1ola S\u00edndrome de Charge","description":"","potentialAction":[{"@type":"SearchAction","target":{"@type":"EntryPoint","urlTemplate":"https:\/\/sindromecharge.es\/?s={search_term_string}"},"query-input":{"@type":"PropertyValueSpecification","valueRequired":true,"valueName":"search_term_string"}}],"inLanguage":"es"},{"@type":"Person","@id":"https:\/\/sindromecharge.es\/#\/schema\/person\/39a60ebe0a2b4d5a11179701e336b039","name":"Charge","image":{"@type":"ImageObject","inLanguage":"es","@id":"https:\/\/secure.gravatar.com\/avatar\/c3b46e32a0fc3b093a0873fb767bf3293de856293065e84ef06b7ec7a8acfb98?s=96&d=identicon&r=x","url":"https:\/\/secure.gravatar.com\/avatar\/c3b46e32a0fc3b093a0873fb767bf3293de856293065e84ef06b7ec7a8acfb98?s=96&d=identicon&r=x","contentUrl":"https:\/\/secure.gravatar.com\/avatar\/c3b46e32a0fc3b093a0873fb767bf3293de856293065e84ef06b7ec7a8acfb98?s=96&d=identicon&r=x","caption":"Charge"},"url":"https:\/\/sindromecharge.es\/index.php\/author\/admin\/"}]}},"_links":{"self":[{"href":"https:\/\/sindromecharge.es\/index.php\/wp-json\/wp\/v2\/posts\/7232","targetHints":{"allow":["GET"]}}],"collection":[{"href":"https:\/\/sindromecharge.es\/index.php\/wp-json\/wp\/v2\/posts"}],"about":[{"href":"https:\/\/sindromecharge.es\/index.php\/wp-json\/wp\/v2\/types\/post"}],"author":[{"embeddable":true,"href":"https:\/\/sindromecharge.es\/index.php\/wp-json\/wp\/v2\/users\/1"}],"replies":[{"embeddable":true,"href":"https:\/\/sindromecharge.es\/index.php\/wp-json\/wp\/v2\/comments?post=7232"}],"version-history":[{"count":0,"href":"https:\/\/sindromecharge.es\/index.php\/wp-json\/wp\/v2\/posts\/7232\/revisions"}],"wp:attachment":[{"href":"https:\/\/sindromecharge.es\/index.php\/wp-json\/wp\/v2\/media?parent=7232"}],"wp:term":[{"taxonomy":"category","embeddable":true,"href":"https:\/\/sindromecharge.es\/index.php\/wp-json\/wp\/v2\/categories?post=7232"},{"taxonomy":"post_tag","embeddable":true,"href":"https:\/\/sindromecharge.es\/index.php\/wp-json\/wp\/v2\/tags?post=7232"}],"curies":[{"name":"wp","href":"https:\/\/api.w.org\/{rel}","templated":true}]}}