{"id":7231,"date":"2021-05-31T10:35:05","date_gmt":"2021-05-31T10:35:05","guid":{"rendered":"https:\/\/sindromecharge.es\/index.php\/2021\/05\/31\/se-celebra-el-evento-final-de-share4rare-estableciendo-el-camino-para-el-intercambio-de-datos-en-er\/"},"modified":"2021-05-31T10:35:05","modified_gmt":"2021-05-31T10:35:05","slug":"se-celebra-el-evento-final-de-share4rare-estableciendo-el-camino-para-el-intercambio-de-datos-en-er","status":"publish","type":"post","link":"https:\/\/sindromecharge.es\/index.php\/2021\/05\/31\/se-celebra-el-evento-final-de-share4rare-estableciendo-el-camino-para-el-intercambio-de-datos-en-er\/","title":{"rendered":"Se celebra el evento final de Share4Rare: estableciendo el camino para el intercambio de datos en ER"},"content":{"rendered":"<p>Leemos en FEDER la siguiente noticia que os reproducimos de forma \u00edntegra: <\/p>\n<p><p>Fuente: Share4rare. Despu\u00e9s de cuatro a\u00f1os de intenso trabajo, el consorcio de Share4Rare compartir\u00e1 los hallazgos y resultados del proyecto Share4Rare, sentando las bases para la pr\u00f3xima generaci\u00f3n de intercambio de informaci\u00f3n cl\u00ednica en el \u00e1mbito de las enfermedades raras.<\/p>\n<p>Las personas que conviven con enfermedades raras y sus familias tienen derecho a formar parte de una comunidad, vengan de donde vengan. Es igualmente importante que la investigaci\u00f3n beneficie a los propios pacientes y que los datos que se recopilan sean veraces y est\u00e9n actualizados. El proyecto Share4Rare comenz\u00f3 hace cuatro a\u00f1os partiendo de esta premisa. Los socios del proyecto trabajaron en la creaci\u00f3n de una plataforma innovadora y segura e iniciaron varios proyectos de investigaci\u00f3n dentro de la misma que estudiaran lo que realmente importa a los pacientes.<\/p>\n<p>El pr\u00f3ximo martes 8 de junio, de 15:00 a 18:00 (hora peninsular espa\u00f1ola) reunir\u00e1n a personas con enfermedades raras y a sus familias, a organizaciones de pacientes, a personal investigador y m\u00e9dico y a otras partes interesadas en el evento final de este proyecto, que tendr\u00e1 lugar en formato virtual.<\/p>\n<p>Durante la jornada se podr\u00e1 asistir a diferentes presentaciones sobre el enfoque y las herramientas que se han ido creando durante el proyecto y se explicar\u00e1 la importancia de la participaci\u00f3n de los pacientes en la investigaci\u00f3n y por qu\u00e9 es primordial permitir y fomentar que las organizaciones de pacientes impulsen su propia investigaci\u00f3n. A esto le seguir\u00e1 un debate interactivo en el que el consorcio responder\u00e1 a las preguntas de la audiencia.<\/p>\n<p>\u00daltima actualizaci\u00f3n 31\/05\/2021<\/p>\n<\/p>\n<p>Fuente: FEDER <a href=\"https:\/\/enfermedades-raras.org\/index.php\/actualidad\/noticias-eventos\/2-feder\/15445-se-celebra-el-evento-final-de-share4rare-estableciendo-el-camino-para-el-intercambio-de-datos-en-er\" target=\"_blank\" rel=\"noopener\">Se celebra el evento final de Share4Rare: estableciendo el camino para el intercambio de datos en ER<\/a><\/p>\n","protected":false},"excerpt":{"rendered":"<p>Leemos en FEDER la siguiente noticia que os reproducimos de forma \u00edntegra: Fuente: Share4rare. Despu\u00e9s de cuatro a\u00f1os de intenso trabajo, el consorcio de Share4Rare compartir\u00e1 los hallazgos y resultados del proyecto Share4Rare, sentando las bases para la pr\u00f3xima generaci\u00f3n de intercambio de informaci\u00f3n cl\u00ednica en el \u00e1mbito de las enfermedades raras. Las personas que [&hellip;]<\/p>\n","protected":false},"author":1,"featured_media":0,"comment_status":"open","ping_status":"closed","sticky":false,"template":"","format":"standard","meta":{"footnotes":""},"categories":[8],"tags":[36],"class_list":["post-7231","post","type-post","status-publish","format-standard","hentry","category-noticias","tag-enfermedades-raras"],"yoast_head":"<!-- This site is optimized with the Yoast SEO plugin v27.4 - https:\/\/yoast.com\/product\/yoast-seo-wordpress\/ -->\n<title>Se celebra el evento final de Share4Rare: estableciendo el camino para el intercambio de datos en ER - Asociaci\u00f3n Espa\u00f1ola S\u00edndrome de Charge<\/title>\n<meta name=\"robots\" content=\"index, follow, max-snippet:-1, max-image-preview:large, max-video-preview:-1\" \/>\n<link rel=\"canonical\" href=\"https:\/\/sindromecharge.es\/index.php\/2021\/05\/31\/se-celebra-el-evento-final-de-share4rare-estableciendo-el-camino-para-el-intercambio-de-datos-en-er\/\" \/>\n<meta property=\"og:locale\" content=\"es_ES\" \/>\n<meta property=\"og:type\" content=\"article\" \/>\n<meta property=\"og:title\" content=\"Se celebra el evento final de Share4Rare: estableciendo el camino para el intercambio de datos en ER - Asociaci\u00f3n Espa\u00f1ola S\u00edndrome de Charge\" \/>\n<meta property=\"og:description\" content=\"Leemos en FEDER la siguiente noticia que os reproducimos de forma \u00edntegra: Fuente: Share4rare. Despu\u00e9s de cuatro a\u00f1os de intenso trabajo, el consorcio de Share4Rare compartir\u00e1 los hallazgos y resultados del proyecto Share4Rare, sentando las bases para la pr\u00f3xima generaci\u00f3n de intercambio de informaci\u00f3n cl\u00ednica en el \u00e1mbito de las enfermedades raras. Las personas que [&hellip;]\" \/>\n<meta property=\"og:url\" content=\"https:\/\/sindromecharge.es\/index.php\/2021\/05\/31\/se-celebra-el-evento-final-de-share4rare-estableciendo-el-camino-para-el-intercambio-de-datos-en-er\/\" \/>\n<meta property=\"og:site_name\" content=\"Asociaci\u00f3n Espa\u00f1ola S\u00edndrome de Charge\" \/>\n<meta property=\"article:publisher\" content=\"https:\/\/www.facebook.com\/asociacionsindromecharge\" \/>\n<meta property=\"article:published_time\" content=\"2021-05-31T10:35:05+00:00\" \/>\n<meta property=\"og:image\" content=\"https:\/\/sindromecharge.es\/wp-content\/uploads\/2013\/09\/logodecharge300x98.png\" \/>\n\t<meta property=\"og:image:width\" content=\"300\" \/>\n\t<meta property=\"og:image:height\" content=\"98\" \/>\n\t<meta property=\"og:image:type\" content=\"image\/png\" \/>\n<meta name=\"author\" content=\"Charge\" \/>\n<meta name=\"twitter:card\" content=\"summary_large_image\" \/>\n<meta name=\"twitter:creator\" content=\"@sindromecharge\" \/>\n<meta name=\"twitter:site\" content=\"@sindromecharge\" \/>\n<meta name=\"twitter:label1\" content=\"Escrito por\" \/>\n\t<meta name=\"twitter:data1\" content=\"Charge\" \/>\n\t<meta name=\"twitter:label2\" content=\"Tiempo de lectura\" \/>\n\t<meta name=\"twitter:data2\" content=\"2 minutos\" \/>\n<script type=\"application\/ld+json\" class=\"yoast-schema-graph\">{\"@context\":\"https:\\\/\\\/schema.org\",\"@graph\":[{\"@type\":\"Article\",\"@id\":\"https:\\\/\\\/sindromecharge.es\\\/index.php\\\/2021\\\/05\\\/31\\\/se-celebra-el-evento-final-de-share4rare-estableciendo-el-camino-para-el-intercambio-de-datos-en-er\\\/#article\",\"isPartOf\":{\"@id\":\"https:\\\/\\\/sindromecharge.es\\\/index.php\\\/2021\\\/05\\\/31\\\/se-celebra-el-evento-final-de-share4rare-estableciendo-el-camino-para-el-intercambio-de-datos-en-er\\\/\"},\"author\":{\"name\":\"Charge\",\"@id\":\"https:\\\/\\\/sindromecharge.es\\\/#\\\/schema\\\/person\\\/39a60ebe0a2b4d5a11179701e336b039\"},\"headline\":\"Se celebra el evento final de Share4Rare: estableciendo el camino para el intercambio de datos en ER\",\"datePublished\":\"2021-05-31T10:35:05+00:00\",\"mainEntityOfPage\":{\"@id\":\"https:\\\/\\\/sindromecharge.es\\\/index.php\\\/2021\\\/05\\\/31\\\/se-celebra-el-evento-final-de-share4rare-estableciendo-el-camino-para-el-intercambio-de-datos-en-er\\\/\"},\"wordCount\":324,\"commentCount\":0,\"keywords\":[\"enfermedades raras\"],\"articleSection\":[\"noticias\"],\"inLanguage\":\"es\",\"potentialAction\":[{\"@type\":\"CommentAction\",\"name\":\"Comment\",\"target\":[\"https:\\\/\\\/sindromecharge.es\\\/index.php\\\/2021\\\/05\\\/31\\\/se-celebra-el-evento-final-de-share4rare-estableciendo-el-camino-para-el-intercambio-de-datos-en-er\\\/#respond\"]}]},{\"@type\":\"WebPage\",\"@id\":\"https:\\\/\\\/sindromecharge.es\\\/index.php\\\/2021\\\/05\\\/31\\\/se-celebra-el-evento-final-de-share4rare-estableciendo-el-camino-para-el-intercambio-de-datos-en-er\\\/\",\"url\":\"https:\\\/\\\/sindromecharge.es\\\/index.php\\\/2021\\\/05\\\/31\\\/se-celebra-el-evento-final-de-share4rare-estableciendo-el-camino-para-el-intercambio-de-datos-en-er\\\/\",\"name\":\"Se celebra el evento final de Share4Rare: estableciendo el camino para el intercambio de datos en ER - Asociaci\u00f3n Espa\u00f1ola S\u00edndrome de Charge\",\"isPartOf\":{\"@id\":\"https:\\\/\\\/sindromecharge.es\\\/#website\"},\"datePublished\":\"2021-05-31T10:35:05+00:00\",\"author\":{\"@id\":\"https:\\\/\\\/sindromecharge.es\\\/#\\\/schema\\\/person\\\/39a60ebe0a2b4d5a11179701e336b039\"},\"breadcrumb\":{\"@id\":\"https:\\\/\\\/sindromecharge.es\\\/index.php\\\/2021\\\/05\\\/31\\\/se-celebra-el-evento-final-de-share4rare-estableciendo-el-camino-para-el-intercambio-de-datos-en-er\\\/#breadcrumb\"},\"inLanguage\":\"es\",\"potentialAction\":[{\"@type\":\"ReadAction\",\"target\":[\"https:\\\/\\\/sindromecharge.es\\\/index.php\\\/2021\\\/05\\\/31\\\/se-celebra-el-evento-final-de-share4rare-estableciendo-el-camino-para-el-intercambio-de-datos-en-er\\\/\"]}]},{\"@type\":\"BreadcrumbList\",\"@id\":\"https:\\\/\\\/sindromecharge.es\\\/index.php\\\/2021\\\/05\\\/31\\\/se-celebra-el-evento-final-de-share4rare-estableciendo-el-camino-para-el-intercambio-de-datos-en-er\\\/#breadcrumb\",\"itemListElement\":[{\"@type\":\"ListItem\",\"position\":1,\"name\":\"Portada\",\"item\":\"https:\\\/\\\/sindromecharge.es\\\/\"},{\"@type\":\"ListItem\",\"position\":2,\"name\":\"Se celebra el evento final de Share4Rare: estableciendo el camino para el intercambio de datos en ER\"}]},{\"@type\":\"WebSite\",\"@id\":\"https:\\\/\\\/sindromecharge.es\\\/#website\",\"url\":\"https:\\\/\\\/sindromecharge.es\\\/\",\"name\":\"Asociaci\u00f3n Espa\u00f1ola S\u00edndrome de Charge\",\"description\":\"\",\"potentialAction\":[{\"@type\":\"SearchAction\",\"target\":{\"@type\":\"EntryPoint\",\"urlTemplate\":\"https:\\\/\\\/sindromecharge.es\\\/?s={search_term_string}\"},\"query-input\":{\"@type\":\"PropertyValueSpecification\",\"valueRequired\":true,\"valueName\":\"search_term_string\"}}],\"inLanguage\":\"es\"},{\"@type\":\"Person\",\"@id\":\"https:\\\/\\\/sindromecharge.es\\\/#\\\/schema\\\/person\\\/39a60ebe0a2b4d5a11179701e336b039\",\"name\":\"Charge\",\"image\":{\"@type\":\"ImageObject\",\"inLanguage\":\"es\",\"@id\":\"https:\\\/\\\/secure.gravatar.com\\\/avatar\\\/c3b46e32a0fc3b093a0873fb767bf3293de856293065e84ef06b7ec7a8acfb98?s=96&d=identicon&r=x\",\"url\":\"https:\\\/\\\/secure.gravatar.com\\\/avatar\\\/c3b46e32a0fc3b093a0873fb767bf3293de856293065e84ef06b7ec7a8acfb98?s=96&d=identicon&r=x\",\"contentUrl\":\"https:\\\/\\\/secure.gravatar.com\\\/avatar\\\/c3b46e32a0fc3b093a0873fb767bf3293de856293065e84ef06b7ec7a8acfb98?s=96&d=identicon&r=x\",\"caption\":\"Charge\"},\"url\":\"https:\\\/\\\/sindromecharge.es\\\/index.php\\\/author\\\/admin\\\/\"}]}<\/script>\n<!-- \/ Yoast SEO plugin. -->","yoast_head_json":{"title":"Se celebra el evento final de Share4Rare: estableciendo el camino para el intercambio de datos en ER - Asociaci\u00f3n Espa\u00f1ola S\u00edndrome de Charge","robots":{"index":"index","follow":"follow","max-snippet":"max-snippet:-1","max-image-preview":"max-image-preview:large","max-video-preview":"max-video-preview:-1"},"canonical":"https:\/\/sindromecharge.es\/index.php\/2021\/05\/31\/se-celebra-el-evento-final-de-share4rare-estableciendo-el-camino-para-el-intercambio-de-datos-en-er\/","og_locale":"es_ES","og_type":"article","og_title":"Se celebra el evento final de Share4Rare: estableciendo el camino para el intercambio de datos en ER - Asociaci\u00f3n Espa\u00f1ola S\u00edndrome de Charge","og_description":"Leemos en FEDER la siguiente noticia que os reproducimos de forma \u00edntegra: Fuente: Share4rare. Despu\u00e9s de cuatro a\u00f1os de intenso trabajo, el consorcio de Share4Rare compartir\u00e1 los hallazgos y resultados del proyecto Share4Rare, sentando las bases para la pr\u00f3xima generaci\u00f3n de intercambio de informaci\u00f3n cl\u00ednica en el \u00e1mbito de las enfermedades raras. Las personas que [&hellip;]","og_url":"https:\/\/sindromecharge.es\/index.php\/2021\/05\/31\/se-celebra-el-evento-final-de-share4rare-estableciendo-el-camino-para-el-intercambio-de-datos-en-er\/","og_site_name":"Asociaci\u00f3n Espa\u00f1ola S\u00edndrome de Charge","article_publisher":"https:\/\/www.facebook.com\/asociacionsindromecharge","article_published_time":"2021-05-31T10:35:05+00:00","og_image":[{"width":300,"height":98,"url":"https:\/\/sindromecharge.es\/wp-content\/uploads\/2013\/09\/logodecharge300x98.png","type":"image\/png"}],"author":"Charge","twitter_card":"summary_large_image","twitter_creator":"@sindromecharge","twitter_site":"@sindromecharge","twitter_misc":{"Escrito por":"Charge","Tiempo de lectura":"2 minutos"},"schema":{"@context":"https:\/\/schema.org","@graph":[{"@type":"Article","@id":"https:\/\/sindromecharge.es\/index.php\/2021\/05\/31\/se-celebra-el-evento-final-de-share4rare-estableciendo-el-camino-para-el-intercambio-de-datos-en-er\/#article","isPartOf":{"@id":"https:\/\/sindromecharge.es\/index.php\/2021\/05\/31\/se-celebra-el-evento-final-de-share4rare-estableciendo-el-camino-para-el-intercambio-de-datos-en-er\/"},"author":{"name":"Charge","@id":"https:\/\/sindromecharge.es\/#\/schema\/person\/39a60ebe0a2b4d5a11179701e336b039"},"headline":"Se celebra el evento final de Share4Rare: estableciendo el camino para el intercambio de datos en ER","datePublished":"2021-05-31T10:35:05+00:00","mainEntityOfPage":{"@id":"https:\/\/sindromecharge.es\/index.php\/2021\/05\/31\/se-celebra-el-evento-final-de-share4rare-estableciendo-el-camino-para-el-intercambio-de-datos-en-er\/"},"wordCount":324,"commentCount":0,"keywords":["enfermedades raras"],"articleSection":["noticias"],"inLanguage":"es","potentialAction":[{"@type":"CommentAction","name":"Comment","target":["https:\/\/sindromecharge.es\/index.php\/2021\/05\/31\/se-celebra-el-evento-final-de-share4rare-estableciendo-el-camino-para-el-intercambio-de-datos-en-er\/#respond"]}]},{"@type":"WebPage","@id":"https:\/\/sindromecharge.es\/index.php\/2021\/05\/31\/se-celebra-el-evento-final-de-share4rare-estableciendo-el-camino-para-el-intercambio-de-datos-en-er\/","url":"https:\/\/sindromecharge.es\/index.php\/2021\/05\/31\/se-celebra-el-evento-final-de-share4rare-estableciendo-el-camino-para-el-intercambio-de-datos-en-er\/","name":"Se celebra el evento final de Share4Rare: estableciendo el camino para el intercambio de datos en ER - Asociaci\u00f3n Espa\u00f1ola S\u00edndrome de Charge","isPartOf":{"@id":"https:\/\/sindromecharge.es\/#website"},"datePublished":"2021-05-31T10:35:05+00:00","author":{"@id":"https:\/\/sindromecharge.es\/#\/schema\/person\/39a60ebe0a2b4d5a11179701e336b039"},"breadcrumb":{"@id":"https:\/\/sindromecharge.es\/index.php\/2021\/05\/31\/se-celebra-el-evento-final-de-share4rare-estableciendo-el-camino-para-el-intercambio-de-datos-en-er\/#breadcrumb"},"inLanguage":"es","potentialAction":[{"@type":"ReadAction","target":["https:\/\/sindromecharge.es\/index.php\/2021\/05\/31\/se-celebra-el-evento-final-de-share4rare-estableciendo-el-camino-para-el-intercambio-de-datos-en-er\/"]}]},{"@type":"BreadcrumbList","@id":"https:\/\/sindromecharge.es\/index.php\/2021\/05\/31\/se-celebra-el-evento-final-de-share4rare-estableciendo-el-camino-para-el-intercambio-de-datos-en-er\/#breadcrumb","itemListElement":[{"@type":"ListItem","position":1,"name":"Portada","item":"https:\/\/sindromecharge.es\/"},{"@type":"ListItem","position":2,"name":"Se celebra el evento final de Share4Rare: estableciendo el camino para el intercambio de datos en ER"}]},{"@type":"WebSite","@id":"https:\/\/sindromecharge.es\/#website","url":"https:\/\/sindromecharge.es\/","name":"Asociaci\u00f3n Espa\u00f1ola S\u00edndrome de Charge","description":"","potentialAction":[{"@type":"SearchAction","target":{"@type":"EntryPoint","urlTemplate":"https:\/\/sindromecharge.es\/?s={search_term_string}"},"query-input":{"@type":"PropertyValueSpecification","valueRequired":true,"valueName":"search_term_string"}}],"inLanguage":"es"},{"@type":"Person","@id":"https:\/\/sindromecharge.es\/#\/schema\/person\/39a60ebe0a2b4d5a11179701e336b039","name":"Charge","image":{"@type":"ImageObject","inLanguage":"es","@id":"https:\/\/secure.gravatar.com\/avatar\/c3b46e32a0fc3b093a0873fb767bf3293de856293065e84ef06b7ec7a8acfb98?s=96&d=identicon&r=x","url":"https:\/\/secure.gravatar.com\/avatar\/c3b46e32a0fc3b093a0873fb767bf3293de856293065e84ef06b7ec7a8acfb98?s=96&d=identicon&r=x","contentUrl":"https:\/\/secure.gravatar.com\/avatar\/c3b46e32a0fc3b093a0873fb767bf3293de856293065e84ef06b7ec7a8acfb98?s=96&d=identicon&r=x","caption":"Charge"},"url":"https:\/\/sindromecharge.es\/index.php\/author\/admin\/"}]}},"_links":{"self":[{"href":"https:\/\/sindromecharge.es\/index.php\/wp-json\/wp\/v2\/posts\/7231","targetHints":{"allow":["GET"]}}],"collection":[{"href":"https:\/\/sindromecharge.es\/index.php\/wp-json\/wp\/v2\/posts"}],"about":[{"href":"https:\/\/sindromecharge.es\/index.php\/wp-json\/wp\/v2\/types\/post"}],"author":[{"embeddable":true,"href":"https:\/\/sindromecharge.es\/index.php\/wp-json\/wp\/v2\/users\/1"}],"replies":[{"embeddable":true,"href":"https:\/\/sindromecharge.es\/index.php\/wp-json\/wp\/v2\/comments?post=7231"}],"version-history":[{"count":0,"href":"https:\/\/sindromecharge.es\/index.php\/wp-json\/wp\/v2\/posts\/7231\/revisions"}],"wp:attachment":[{"href":"https:\/\/sindromecharge.es\/index.php\/wp-json\/wp\/v2\/media?parent=7231"}],"wp:term":[{"taxonomy":"category","embeddable":true,"href":"https:\/\/sindromecharge.es\/index.php\/wp-json\/wp\/v2\/categories?post=7231"},{"taxonomy":"post_tag","embeddable":true,"href":"https:\/\/sindromecharge.es\/index.php\/wp-json\/wp\/v2\/tags?post=7231"}],"curies":[{"name":"wp","href":"https:\/\/api.w.org\/{rel}","templated":true}]}}