{"id":7229,"date":"2021-05-31T09:33:15","date_gmt":"2021-05-31T09:33:15","guid":{"rendered":"https:\/\/sindromecharge.es\/index.php\/2021\/05\/31\/diputacion-de-bizkaia-abre-una-nueva-seleccion-de-5-plazas-especificamente-para-personas-con-discapacidad-intelectual\/"},"modified":"2021-05-31T09:33:15","modified_gmt":"2021-05-31T09:33:15","slug":"diputacion-de-bizkaia-abre-una-nueva-seleccion-de-5-plazas-especificamente-para-personas-con-discapacidad-intelectual","status":"publish","type":"post","link":"https:\/\/sindromecharge.es\/index.php\/2021\/05\/31\/diputacion-de-bizkaia-abre-una-nueva-seleccion-de-5-plazas-especificamente-para-personas-con-discapacidad-intelectual\/","title":{"rendered":"Diputaci\u00f3n de Bizkaia abre una nueva selecci\u00f3n de 5 plazas espec\u00edficamente para personas con discapacidad intelectual"},"content":{"rendered":"<p>Leemos en 20minutos la siguiente noticia que os reproducimos de forma \u00edntegra: <\/p>\n<p>Para elaborar y adaptar las bases a un proceso selectivo de estas caracter\u00edsticas, la Instituci\u00f3n foral ha estado nuevamente asesorada por las organizaciones del tercer sector que trabajan con este colectivo de personas, como la Federaci\u00f3n Vasca de Asociaciones a Favor de las Personas con Discapacidad Intelectual (FEVAS donde se integran Apnabi, Lantegi Batuak, Gaude) y la Fundaci\u00f3n S\u00edndrome de Down del Pa\u00eds Vasco, entre otras.<\/p>\n<p>Asimismo, las bases de la convocatoria, los formularios y los temarios de la misma han sido adaptados para su m\u00e1xima comprensi\u00f3n al denominado sistema de Lectura F\u00e1cil, un formato de presentaci\u00f3n de la informaci\u00f3n pensado especialmente para personas con dificultades de comprensi\u00f3n lectora y personas con discapacidad, quienes necesitan acceder a materiales de lectura, audiovisuales y multimedia que puedan leer y comprender adecuadamente.<\/p>\n<p>Adem\u00e1s, la Diputaci\u00f3n Foral de Bizkaia pone a disposici\u00f3n del colectivo los temas desarrollados, que se pueden encontrar en su p\u00e1gina web.<\/p>\n<p>Para tomar parte en el proceso no se exige titulaci\u00f3n, pero es imprescindible tener discapacidad intelectual y contar con un grado de discapacidad reconocido igual o superior al 33%.<\/p>\n<p>DESARROLLO DEL PROCESO<\/p>\n<p>La fase de oposici\u00f3n constar\u00e1 de tres ejercicios, los dos primeros obligatorios y eliminatorios, y el tercero, de conocimiento de euskera, voluntario y no eliminatorio. Una vez finalizado el proceso selectivo, y de cara a que las personas con discapacidad intelectual se integren con \u00e9xito en el puesto y desempe\u00f1o de las funciones, ser\u00e1n apoyadas por un preparador o una preparadora laboral en cada caso, dentro de la metodolog\u00eda de Empleo con Apoyo.<\/p>\n<p>Las cinco plazas convocadas se enmarcan en la segunda fase de la Oferta de Empleo P\u00fablico de la Diputaci\u00f3n Foral de Bizkaia para 2020, aprobada el pasado mes de diciembre.<\/p>\n<p>Seg\u00fan ha destacado la instituci\u00f3n foral, es la segunda vez que la Diputaci\u00f3n convoca plazas dirigidas espec\u00edficamente a personas con discapacidad intelectual. Las primeras cinco se reservaron en junio de 2018 y el pasado mes de febrero las personas que lo aprobaron cumplieron dos a\u00f1os de su incorporaci\u00f3n a la estructura de la instituci\u00f3n foral.<\/p>\n<p>De esta manera, la Diputaci\u00f3n vizca\u00edna apuesta por \u00abreforzar su estructura, cumpliendo con el principio de igualdad y los est\u00e1ndares de calidad, estabilizando plantilla y garantizando empleo p\u00fablico duradero y de calidad\u00bb.<\/p>\n<p>Fuente: 20minutos <a href=\"https:\/\/www.20minutos.es\/noticia\/4713282\/0\/diputacion-de-bizkaia-abre-una-nueva-seleccion-de-5-plazas-especificamente-para-personas-con-discapacidad-intelectual\/\" target=\"_blank\" rel=\"noopener\">Diputaci\u00f3n de Bizkaia abre una nueva selecci\u00f3n de 5 plazas espec\u00edficamente para personas con discapacidad intelectual<\/a><\/p>\n","protected":false},"excerpt":{"rendered":"<p>Leemos en 20minutos la siguiente noticia que os reproducimos de forma \u00edntegra: Para elaborar y adaptar las bases a un proceso selectivo de estas caracter\u00edsticas, la Instituci\u00f3n foral ha estado nuevamente asesorada por las organizaciones del tercer sector que trabajan con este colectivo de personas, como la Federaci\u00f3n Vasca de Asociaciones a Favor de las [&hellip;]<\/p>\n","protected":false},"author":1,"featured_media":0,"comment_status":"open","ping_status":"closed","sticky":false,"template":"","format":"standard","meta":{"footnotes":""},"categories":[8],"tags":[31],"class_list":["post-7229","post","type-post","status-publish","format-standard","hentry","category-noticias","tag-discapacidad"],"yoast_head":"<!-- This site is optimized with the Yoast SEO plugin v27.4 - https:\/\/yoast.com\/product\/yoast-seo-wordpress\/ -->\n<title>Diputaci\u00f3n de Bizkaia abre una nueva selecci\u00f3n de 5 plazas espec\u00edficamente para personas con discapacidad intelectual - Asociaci\u00f3n Espa\u00f1ola S\u00edndrome de Charge<\/title>\n<meta name=\"robots\" content=\"index, follow, max-snippet:-1, max-image-preview:large, max-video-preview:-1\" \/>\n<link rel=\"canonical\" href=\"https:\/\/sindromecharge.es\/index.php\/2021\/05\/31\/diputacion-de-bizkaia-abre-una-nueva-seleccion-de-5-plazas-especificamente-para-personas-con-discapacidad-intelectual\/\" \/>\n<meta property=\"og:locale\" content=\"es_ES\" \/>\n<meta property=\"og:type\" content=\"article\" \/>\n<meta property=\"og:title\" content=\"Diputaci\u00f3n de Bizkaia abre una nueva selecci\u00f3n de 5 plazas espec\u00edficamente para personas con discapacidad intelectual - Asociaci\u00f3n Espa\u00f1ola S\u00edndrome de Charge\" \/>\n<meta property=\"og:description\" content=\"Leemos en 20minutos la siguiente noticia que os reproducimos de forma \u00edntegra: Para elaborar y adaptar las bases a un proceso selectivo de estas caracter\u00edsticas, la Instituci\u00f3n foral ha estado nuevamente asesorada por las organizaciones del tercer sector que trabajan con este colectivo de personas, como la Federaci\u00f3n Vasca de Asociaciones a Favor de las [&hellip;]\" \/>\n<meta property=\"og:url\" content=\"https:\/\/sindromecharge.es\/index.php\/2021\/05\/31\/diputacion-de-bizkaia-abre-una-nueva-seleccion-de-5-plazas-especificamente-para-personas-con-discapacidad-intelectual\/\" \/>\n<meta property=\"og:site_name\" content=\"Asociaci\u00f3n Espa\u00f1ola S\u00edndrome de Charge\" \/>\n<meta property=\"article:publisher\" content=\"https:\/\/www.facebook.com\/asociacionsindromecharge\" \/>\n<meta property=\"article:published_time\" content=\"2021-05-31T09:33:15+00:00\" \/>\n<meta property=\"og:image\" content=\"https:\/\/sindromecharge.es\/wp-content\/uploads\/2013\/09\/logodecharge300x98.png\" \/>\n\t<meta property=\"og:image:width\" content=\"300\" \/>\n\t<meta property=\"og:image:height\" content=\"98\" \/>\n\t<meta property=\"og:image:type\" content=\"image\/png\" \/>\n<meta name=\"author\" content=\"Charge\" \/>\n<meta name=\"twitter:card\" content=\"summary_large_image\" \/>\n<meta name=\"twitter:creator\" content=\"@sindromecharge\" \/>\n<meta name=\"twitter:site\" content=\"@sindromecharge\" \/>\n<meta name=\"twitter:label1\" content=\"Escrito por\" \/>\n\t<meta name=\"twitter:data1\" content=\"Charge\" \/>\n\t<meta name=\"twitter:label2\" content=\"Tiempo de lectura\" \/>\n\t<meta name=\"twitter:data2\" content=\"2 minutos\" \/>\n<script type=\"application\/ld+json\" class=\"yoast-schema-graph\">{\"@context\":\"https:\\\/\\\/schema.org\",\"@graph\":[{\"@type\":\"Article\",\"@id\":\"https:\\\/\\\/sindromecharge.es\\\/index.php\\\/2021\\\/05\\\/31\\\/diputacion-de-bizkaia-abre-una-nueva-seleccion-de-5-plazas-especificamente-para-personas-con-discapacidad-intelectual\\\/#article\",\"isPartOf\":{\"@id\":\"https:\\\/\\\/sindromecharge.es\\\/index.php\\\/2021\\\/05\\\/31\\\/diputacion-de-bizkaia-abre-una-nueva-seleccion-de-5-plazas-especificamente-para-personas-con-discapacidad-intelectual\\\/\"},\"author\":{\"name\":\"Charge\",\"@id\":\"https:\\\/\\\/sindromecharge.es\\\/#\\\/schema\\\/person\\\/39a60ebe0a2b4d5a11179701e336b039\"},\"headline\":\"Diputaci\u00f3n de Bizkaia abre una nueva selecci\u00f3n de 5 plazas espec\u00edficamente para personas con discapacidad intelectual\",\"datePublished\":\"2021-05-31T09:33:15+00:00\",\"mainEntityOfPage\":{\"@id\":\"https:\\\/\\\/sindromecharge.es\\\/index.php\\\/2021\\\/05\\\/31\\\/diputacion-de-bizkaia-abre-una-nueva-seleccion-de-5-plazas-especificamente-para-personas-con-discapacidad-intelectual\\\/\"},\"wordCount\":454,\"commentCount\":0,\"keywords\":[\"discapacidad\"],\"articleSection\":[\"noticias\"],\"inLanguage\":\"es\",\"potentialAction\":[{\"@type\":\"CommentAction\",\"name\":\"Comment\",\"target\":[\"https:\\\/\\\/sindromecharge.es\\\/index.php\\\/2021\\\/05\\\/31\\\/diputacion-de-bizkaia-abre-una-nueva-seleccion-de-5-plazas-especificamente-para-personas-con-discapacidad-intelectual\\\/#respond\"]}]},{\"@type\":\"WebPage\",\"@id\":\"https:\\\/\\\/sindromecharge.es\\\/index.php\\\/2021\\\/05\\\/31\\\/diputacion-de-bizkaia-abre-una-nueva-seleccion-de-5-plazas-especificamente-para-personas-con-discapacidad-intelectual\\\/\",\"url\":\"https:\\\/\\\/sindromecharge.es\\\/index.php\\\/2021\\\/05\\\/31\\\/diputacion-de-bizkaia-abre-una-nueva-seleccion-de-5-plazas-especificamente-para-personas-con-discapacidad-intelectual\\\/\",\"name\":\"Diputaci\u00f3n de Bizkaia abre una nueva selecci\u00f3n de 5 plazas espec\u00edficamente para personas con discapacidad intelectual - Asociaci\u00f3n Espa\u00f1ola S\u00edndrome de Charge\",\"isPartOf\":{\"@id\":\"https:\\\/\\\/sindromecharge.es\\\/#website\"},\"datePublished\":\"2021-05-31T09:33:15+00:00\",\"author\":{\"@id\":\"https:\\\/\\\/sindromecharge.es\\\/#\\\/schema\\\/person\\\/39a60ebe0a2b4d5a11179701e336b039\"},\"breadcrumb\":{\"@id\":\"https:\\\/\\\/sindromecharge.es\\\/index.php\\\/2021\\\/05\\\/31\\\/diputacion-de-bizkaia-abre-una-nueva-seleccion-de-5-plazas-especificamente-para-personas-con-discapacidad-intelectual\\\/#breadcrumb\"},\"inLanguage\":\"es\",\"potentialAction\":[{\"@type\":\"ReadAction\",\"target\":[\"https:\\\/\\\/sindromecharge.es\\\/index.php\\\/2021\\\/05\\\/31\\\/diputacion-de-bizkaia-abre-una-nueva-seleccion-de-5-plazas-especificamente-para-personas-con-discapacidad-intelectual\\\/\"]}]},{\"@type\":\"BreadcrumbList\",\"@id\":\"https:\\\/\\\/sindromecharge.es\\\/index.php\\\/2021\\\/05\\\/31\\\/diputacion-de-bizkaia-abre-una-nueva-seleccion-de-5-plazas-especificamente-para-personas-con-discapacidad-intelectual\\\/#breadcrumb\",\"itemListElement\":[{\"@type\":\"ListItem\",\"position\":1,\"name\":\"Portada\",\"item\":\"https:\\\/\\\/sindromecharge.es\\\/\"},{\"@type\":\"ListItem\",\"position\":2,\"name\":\"Diputaci\u00f3n de Bizkaia abre una nueva selecci\u00f3n de 5 plazas espec\u00edficamente para personas con discapacidad intelectual\"}]},{\"@type\":\"WebSite\",\"@id\":\"https:\\\/\\\/sindromecharge.es\\\/#website\",\"url\":\"https:\\\/\\\/sindromecharge.es\\\/\",\"name\":\"Asociaci\u00f3n Espa\u00f1ola S\u00edndrome de Charge\",\"description\":\"\",\"potentialAction\":[{\"@type\":\"SearchAction\",\"target\":{\"@type\":\"EntryPoint\",\"urlTemplate\":\"https:\\\/\\\/sindromecharge.es\\\/?s={search_term_string}\"},\"query-input\":{\"@type\":\"PropertyValueSpecification\",\"valueRequired\":true,\"valueName\":\"search_term_string\"}}],\"inLanguage\":\"es\"},{\"@type\":\"Person\",\"@id\":\"https:\\\/\\\/sindromecharge.es\\\/#\\\/schema\\\/person\\\/39a60ebe0a2b4d5a11179701e336b039\",\"name\":\"Charge\",\"image\":{\"@type\":\"ImageObject\",\"inLanguage\":\"es\",\"@id\":\"https:\\\/\\\/secure.gravatar.com\\\/avatar\\\/c3b46e32a0fc3b093a0873fb767bf3293de856293065e84ef06b7ec7a8acfb98?s=96&d=identicon&r=x\",\"url\":\"https:\\\/\\\/secure.gravatar.com\\\/avatar\\\/c3b46e32a0fc3b093a0873fb767bf3293de856293065e84ef06b7ec7a8acfb98?s=96&d=identicon&r=x\",\"contentUrl\":\"https:\\\/\\\/secure.gravatar.com\\\/avatar\\\/c3b46e32a0fc3b093a0873fb767bf3293de856293065e84ef06b7ec7a8acfb98?s=96&d=identicon&r=x\",\"caption\":\"Charge\"},\"url\":\"https:\\\/\\\/sindromecharge.es\\\/index.php\\\/author\\\/admin\\\/\"}]}<\/script>\n<!-- \/ Yoast SEO plugin. -->","yoast_head_json":{"title":"Diputaci\u00f3n de Bizkaia abre una nueva selecci\u00f3n de 5 plazas espec\u00edficamente para personas con discapacidad intelectual - Asociaci\u00f3n Espa\u00f1ola S\u00edndrome de Charge","robots":{"index":"index","follow":"follow","max-snippet":"max-snippet:-1","max-image-preview":"max-image-preview:large","max-video-preview":"max-video-preview:-1"},"canonical":"https:\/\/sindromecharge.es\/index.php\/2021\/05\/31\/diputacion-de-bizkaia-abre-una-nueva-seleccion-de-5-plazas-especificamente-para-personas-con-discapacidad-intelectual\/","og_locale":"es_ES","og_type":"article","og_title":"Diputaci\u00f3n de Bizkaia abre una nueva selecci\u00f3n de 5 plazas espec\u00edficamente para personas con discapacidad intelectual - Asociaci\u00f3n Espa\u00f1ola S\u00edndrome de Charge","og_description":"Leemos en 20minutos la siguiente noticia que os reproducimos de forma \u00edntegra: Para elaborar y adaptar las bases a un proceso selectivo de estas caracter\u00edsticas, la Instituci\u00f3n foral ha estado nuevamente asesorada por las organizaciones del tercer sector que trabajan con este colectivo de personas, como la Federaci\u00f3n Vasca de Asociaciones a Favor de las [&hellip;]","og_url":"https:\/\/sindromecharge.es\/index.php\/2021\/05\/31\/diputacion-de-bizkaia-abre-una-nueva-seleccion-de-5-plazas-especificamente-para-personas-con-discapacidad-intelectual\/","og_site_name":"Asociaci\u00f3n Espa\u00f1ola S\u00edndrome de Charge","article_publisher":"https:\/\/www.facebook.com\/asociacionsindromecharge","article_published_time":"2021-05-31T09:33:15+00:00","og_image":[{"width":300,"height":98,"url":"https:\/\/sindromecharge.es\/wp-content\/uploads\/2013\/09\/logodecharge300x98.png","type":"image\/png"}],"author":"Charge","twitter_card":"summary_large_image","twitter_creator":"@sindromecharge","twitter_site":"@sindromecharge","twitter_misc":{"Escrito por":"Charge","Tiempo de lectura":"2 minutos"},"schema":{"@context":"https:\/\/schema.org","@graph":[{"@type":"Article","@id":"https:\/\/sindromecharge.es\/index.php\/2021\/05\/31\/diputacion-de-bizkaia-abre-una-nueva-seleccion-de-5-plazas-especificamente-para-personas-con-discapacidad-intelectual\/#article","isPartOf":{"@id":"https:\/\/sindromecharge.es\/index.php\/2021\/05\/31\/diputacion-de-bizkaia-abre-una-nueva-seleccion-de-5-plazas-especificamente-para-personas-con-discapacidad-intelectual\/"},"author":{"name":"Charge","@id":"https:\/\/sindromecharge.es\/#\/schema\/person\/39a60ebe0a2b4d5a11179701e336b039"},"headline":"Diputaci\u00f3n de Bizkaia abre una nueva selecci\u00f3n de 5 plazas espec\u00edficamente para personas con discapacidad intelectual","datePublished":"2021-05-31T09:33:15+00:00","mainEntityOfPage":{"@id":"https:\/\/sindromecharge.es\/index.php\/2021\/05\/31\/diputacion-de-bizkaia-abre-una-nueva-seleccion-de-5-plazas-especificamente-para-personas-con-discapacidad-intelectual\/"},"wordCount":454,"commentCount":0,"keywords":["discapacidad"],"articleSection":["noticias"],"inLanguage":"es","potentialAction":[{"@type":"CommentAction","name":"Comment","target":["https:\/\/sindromecharge.es\/index.php\/2021\/05\/31\/diputacion-de-bizkaia-abre-una-nueva-seleccion-de-5-plazas-especificamente-para-personas-con-discapacidad-intelectual\/#respond"]}]},{"@type":"WebPage","@id":"https:\/\/sindromecharge.es\/index.php\/2021\/05\/31\/diputacion-de-bizkaia-abre-una-nueva-seleccion-de-5-plazas-especificamente-para-personas-con-discapacidad-intelectual\/","url":"https:\/\/sindromecharge.es\/index.php\/2021\/05\/31\/diputacion-de-bizkaia-abre-una-nueva-seleccion-de-5-plazas-especificamente-para-personas-con-discapacidad-intelectual\/","name":"Diputaci\u00f3n de Bizkaia abre una nueva selecci\u00f3n de 5 plazas espec\u00edficamente para personas con discapacidad intelectual - Asociaci\u00f3n Espa\u00f1ola S\u00edndrome de Charge","isPartOf":{"@id":"https:\/\/sindromecharge.es\/#website"},"datePublished":"2021-05-31T09:33:15+00:00","author":{"@id":"https:\/\/sindromecharge.es\/#\/schema\/person\/39a60ebe0a2b4d5a11179701e336b039"},"breadcrumb":{"@id":"https:\/\/sindromecharge.es\/index.php\/2021\/05\/31\/diputacion-de-bizkaia-abre-una-nueva-seleccion-de-5-plazas-especificamente-para-personas-con-discapacidad-intelectual\/#breadcrumb"},"inLanguage":"es","potentialAction":[{"@type":"ReadAction","target":["https:\/\/sindromecharge.es\/index.php\/2021\/05\/31\/diputacion-de-bizkaia-abre-una-nueva-seleccion-de-5-plazas-especificamente-para-personas-con-discapacidad-intelectual\/"]}]},{"@type":"BreadcrumbList","@id":"https:\/\/sindromecharge.es\/index.php\/2021\/05\/31\/diputacion-de-bizkaia-abre-una-nueva-seleccion-de-5-plazas-especificamente-para-personas-con-discapacidad-intelectual\/#breadcrumb","itemListElement":[{"@type":"ListItem","position":1,"name":"Portada","item":"https:\/\/sindromecharge.es\/"},{"@type":"ListItem","position":2,"name":"Diputaci\u00f3n de Bizkaia abre una nueva selecci\u00f3n de 5 plazas espec\u00edficamente para personas con discapacidad intelectual"}]},{"@type":"WebSite","@id":"https:\/\/sindromecharge.es\/#website","url":"https:\/\/sindromecharge.es\/","name":"Asociaci\u00f3n Espa\u00f1ola S\u00edndrome de Charge","description":"","potentialAction":[{"@type":"SearchAction","target":{"@type":"EntryPoint","urlTemplate":"https:\/\/sindromecharge.es\/?s={search_term_string}"},"query-input":{"@type":"PropertyValueSpecification","valueRequired":true,"valueName":"search_term_string"}}],"inLanguage":"es"},{"@type":"Person","@id":"https:\/\/sindromecharge.es\/#\/schema\/person\/39a60ebe0a2b4d5a11179701e336b039","name":"Charge","image":{"@type":"ImageObject","inLanguage":"es","@id":"https:\/\/secure.gravatar.com\/avatar\/c3b46e32a0fc3b093a0873fb767bf3293de856293065e84ef06b7ec7a8acfb98?s=96&d=identicon&r=x","url":"https:\/\/secure.gravatar.com\/avatar\/c3b46e32a0fc3b093a0873fb767bf3293de856293065e84ef06b7ec7a8acfb98?s=96&d=identicon&r=x","contentUrl":"https:\/\/secure.gravatar.com\/avatar\/c3b46e32a0fc3b093a0873fb767bf3293de856293065e84ef06b7ec7a8acfb98?s=96&d=identicon&r=x","caption":"Charge"},"url":"https:\/\/sindromecharge.es\/index.php\/author\/admin\/"}]}},"_links":{"self":[{"href":"https:\/\/sindromecharge.es\/index.php\/wp-json\/wp\/v2\/posts\/7229","targetHints":{"allow":["GET"]}}],"collection":[{"href":"https:\/\/sindromecharge.es\/index.php\/wp-json\/wp\/v2\/posts"}],"about":[{"href":"https:\/\/sindromecharge.es\/index.php\/wp-json\/wp\/v2\/types\/post"}],"author":[{"embeddable":true,"href":"https:\/\/sindromecharge.es\/index.php\/wp-json\/wp\/v2\/users\/1"}],"replies":[{"embeddable":true,"href":"https:\/\/sindromecharge.es\/index.php\/wp-json\/wp\/v2\/comments?post=7229"}],"version-history":[{"count":0,"href":"https:\/\/sindromecharge.es\/index.php\/wp-json\/wp\/v2\/posts\/7229\/revisions"}],"wp:attachment":[{"href":"https:\/\/sindromecharge.es\/index.php\/wp-json\/wp\/v2\/media?parent=7229"}],"wp:term":[{"taxonomy":"category","embeddable":true,"href":"https:\/\/sindromecharge.es\/index.php\/wp-json\/wp\/v2\/categories?post=7229"},{"taxonomy":"post_tag","embeddable":true,"href":"https:\/\/sindromecharge.es\/index.php\/wp-json\/wp\/v2\/tags?post=7229"}],"curies":[{"name":"wp","href":"https:\/\/api.w.org\/{rel}","templated":true}]}}