{"id":7227,"date":"2021-05-31T05:17:45","date_gmt":"2021-05-31T05:17:45","guid":{"rendered":"https:\/\/sindromecharge.es\/index.php\/2021\/05\/31\/el-ministerio-de-sanidad-contara-con-feder-en-el-desarrollo-de-guias-informativas-sobre-el-programa-de-cribado-neonatal\/"},"modified":"2021-05-31T05:17:45","modified_gmt":"2021-05-31T05:17:45","slug":"el-ministerio-de-sanidad-contara-con-feder-en-el-desarrollo-de-guias-informativas-sobre-el-programa-de-cribado-neonatal","status":"publish","type":"post","link":"https:\/\/sindromecharge.es\/index.php\/2021\/05\/31\/el-ministerio-de-sanidad-contara-con-feder-en-el-desarrollo-de-guias-informativas-sobre-el-programa-de-cribado-neonatal\/","title":{"rendered":"El Ministerio de Sanidad contar\u00e1 con FEDER en el desarrollo de gu\u00edas informativas sobre el programa de cribado neonatal"},"content":{"rendered":"<p>Leemos en FEDER la siguiente noticia que os reproducimos de forma \u00edntegra: <\/p>\n<p><p>El Ministerio de Sanidad, a trav\u00e9s de la Subdirecci\u00f3n General de Promoci\u00f3n de la Salud y Vigilancia en Salud P\u00fablica, quiere favorecer el conocimiento y la informaci\u00f3n a familias y profesionales sobre las patolog\u00edas incluidas en el programa de cribado neonatal. Para ello, ha invitado a la Federaci\u00f3n Espa\u00f1ola de Enfermedades Raras (FEDER) a participar en el desarrollo de gu\u00edas informativas a fin de incorporar la voz de los pacientes en las mismas.<\/p>\n<p>La noticia se produce en el marco de la reuni\u00f3n mantenida entre Pilar Campos, Subdirectora General, M.\u00aa Vicenta Labrador Ca\u00f1adas, Jefa de \u00c1rea de la Unidad de Programas de Cribado, y Marta Navarro, T\u00e9cnico, de la Unidad de Programas de Cribado. Representando a la familia FEDER, tomaron parte Alba Ancochea, directora, y Patricia Arias, del \u00c1rea de Investigaci\u00f3n y Conocimiento.<\/p>\n<p>Esta noticia, que permitir\u00e1 mejorar la comunicaci\u00f3n entre todos los agentes implicados, se completa con el compromiso de incorporar un total de 3 enfermedades endocrinometab\u00f3licas al Programa de Cribado Neonatal del Sistema Nacional de Salud, elevando la detecci\u00f3n precoz al nacer a un total de 10 enfermedades.<\/p>\n<p>Un compromiso que el Ministerio ya hab\u00eda anunciado en el marco del D\u00eda Mundial de las Enfermedades Raras, con el que inicia el desarrollo de la nueva norma que propone incorporar el d\u00e9ficit de biotinidasa, la homocistinuria y la enfermedad de la orina con olor a jarabe de arce.<\/p>\n<p>En esta misma l\u00ednea, la cita sirvi\u00f3 para trasladar la importancia de homogeneizar las pruebas de cribado neonatal en todas las Comunidades Aut\u00f3nomas, ya que el colectivo de pacientes constata diferencias de entre 7 hasta 40 patolog\u00edas cribadas seg\u00fan el c\u00f3digo postal. Para poner nombre a la enfermedad, pero tambi\u00e9n como puerta de entrada al primer tratamiento.<\/p>\n<p>Es decir, el potencial del programa de cribado reside en \u00abpoder mejorar el pron\u00f3stico de la enfermedad, abordar de manera precoz enfermedades con tratamiento, reducir el agravamiento de la patolog\u00eda y la discapacidad y planificar mejor desde la perspectiva familiar, el abordaje de la patolog\u00eda\u00bb clarific\u00f3 Alba Ancochea, directora de FEDER y su Fundaci\u00f3n.<\/p>\n<p>Ejemplo de ello son los casos de la Asociaci\u00f3n Espa\u00f1ola de D\u00e9ficits Inmunitarios Primarios (AEDIP) y la Asociaci\u00f3n Espa\u00f1ola de Hiperplasia Suprarrenal Cong\u00e9nita que representan patolog\u00edas que est\u00e1n en proceso de estudio y an\u00e1lisis para su incorporaci\u00f3n al programa de cribado neonatal. A ellos se une el de la Fundaci\u00f3n de la Atrofia Muscular Espinal (FundAME), que se incorporar\u00e1 a estudio en la pr\u00f3xima fase.<\/p>\n<p>Y es que este programa tiene un gran impacto en patolog\u00edas como estas en las que un diagn\u00f3stico temprano marca la diferencia en el proceso de la enfermedad y la calidad de vida de las personas que las padecen; por lo que se\u00f1alan desde el Ministerio en la importancia de seguir trabajando en la calidad de este para garantizar diagn\u00f3sticos \u00e1giles y precisos.<\/p>\n<p>\u00abAhora mismo tenemos una oportunidad al hilo del llamamiento que EURORDIS, la Alianza Europea de Enfermedades Raras, acaba de lanzar sobre cribado neonatal. Porque esta misma disparidad que observamos en Espa\u00f1a se refleja tambi\u00e9n en los diferentes pa\u00edses de Europa. Frente a ello, EURORDIS ha establecido 11 principios clave basados en estas desigualdades, pero tambi\u00e9n en los avances cient\u00edfico-tecnol\u00f3gicos\u00bb contextualiz\u00f3 la directora de FEDER.<\/p>\n<p>\u00daltima actualizaci\u00f3n 31\/05\/2021<\/p>\n<\/p>\n<p>Fuente: FEDER <a href=\"https:\/\/enfermedades-raras.org\/index.php\/actualidad\/noticias-eventos\/2-feder\/15439-el-ministerio-de-sanidad-contar%C3%A1-con-feder-en-el-desarrollo-de-gu%C3%ADas-informativas-sobre-el-programa-de-cribado-neonatal\" target=\"_blank\" rel=\"noopener\">El Ministerio de Sanidad contar\u00e1 con FEDER en el desarrollo de gu\u00edas informativas sobre el programa de cribado neonatal<\/a><\/p>\n","protected":false},"excerpt":{"rendered":"<p>Leemos en FEDER la siguiente noticia que os reproducimos de forma \u00edntegra: El Ministerio de Sanidad, a trav\u00e9s de la Subdirecci\u00f3n General de Promoci\u00f3n de la Salud y Vigilancia en Salud P\u00fablica, quiere favorecer el conocimiento y la informaci\u00f3n a familias y profesionales sobre las patolog\u00edas incluidas en el programa de cribado neonatal. Para ello, [&hellip;]<\/p>\n","protected":false},"author":1,"featured_media":0,"comment_status":"open","ping_status":"closed","sticky":false,"template":"","format":"standard","meta":{"footnotes":""},"categories":[8],"tags":[36],"class_list":["post-7227","post","type-post","status-publish","format-standard","hentry","category-noticias","tag-enfermedades-raras"],"yoast_head":"<!-- This site is optimized with the Yoast SEO plugin v27.4 - https:\/\/yoast.com\/product\/yoast-seo-wordpress\/ -->\n<title>El Ministerio de Sanidad contar\u00e1 con FEDER en el desarrollo de gu\u00edas informativas sobre el programa de cribado neonatal - Asociaci\u00f3n Espa\u00f1ola S\u00edndrome de Charge<\/title>\n<meta name=\"robots\" content=\"index, follow, max-snippet:-1, max-image-preview:large, max-video-preview:-1\" \/>\n<link rel=\"canonical\" href=\"https:\/\/sindromecharge.es\/index.php\/2021\/05\/31\/el-ministerio-de-sanidad-contara-con-feder-en-el-desarrollo-de-guias-informativas-sobre-el-programa-de-cribado-neonatal\/\" \/>\n<meta property=\"og:locale\" content=\"es_ES\" \/>\n<meta property=\"og:type\" content=\"article\" \/>\n<meta property=\"og:title\" content=\"El Ministerio de Sanidad contar\u00e1 con FEDER en el desarrollo de gu\u00edas informativas sobre el programa de cribado neonatal - Asociaci\u00f3n Espa\u00f1ola S\u00edndrome de Charge\" \/>\n<meta property=\"og:description\" content=\"Leemos en FEDER la siguiente noticia que os reproducimos de forma \u00edntegra: El Ministerio de Sanidad, a trav\u00e9s de la Subdirecci\u00f3n General de Promoci\u00f3n de la Salud y Vigilancia en Salud P\u00fablica, quiere favorecer el conocimiento y la informaci\u00f3n a familias y profesionales sobre las patolog\u00edas incluidas en el programa de cribado neonatal. Para ello, [&hellip;]\" \/>\n<meta property=\"og:url\" content=\"https:\/\/sindromecharge.es\/index.php\/2021\/05\/31\/el-ministerio-de-sanidad-contara-con-feder-en-el-desarrollo-de-guias-informativas-sobre-el-programa-de-cribado-neonatal\/\" \/>\n<meta property=\"og:site_name\" content=\"Asociaci\u00f3n Espa\u00f1ola S\u00edndrome de Charge\" \/>\n<meta property=\"article:publisher\" content=\"https:\/\/www.facebook.com\/asociacionsindromecharge\" \/>\n<meta property=\"article:published_time\" content=\"2021-05-31T05:17:45+00:00\" \/>\n<meta property=\"og:image\" content=\"https:\/\/sindromecharge.es\/wp-content\/uploads\/2013\/09\/logodecharge300x98.png\" \/>\n\t<meta property=\"og:image:width\" content=\"300\" \/>\n\t<meta property=\"og:image:height\" content=\"98\" \/>\n\t<meta property=\"og:image:type\" content=\"image\/png\" \/>\n<meta name=\"author\" content=\"Charge\" \/>\n<meta name=\"twitter:card\" content=\"summary_large_image\" \/>\n<meta name=\"twitter:creator\" content=\"@sindromecharge\" \/>\n<meta name=\"twitter:site\" content=\"@sindromecharge\" \/>\n<meta name=\"twitter:label1\" content=\"Escrito por\" \/>\n\t<meta name=\"twitter:data1\" content=\"Charge\" \/>\n\t<meta name=\"twitter:label2\" content=\"Tiempo de lectura\" \/>\n\t<meta name=\"twitter:data2\" content=\"3 minutos\" \/>\n<script type=\"application\/ld+json\" class=\"yoast-schema-graph\">{\"@context\":\"https:\\\/\\\/schema.org\",\"@graph\":[{\"@type\":\"Article\",\"@id\":\"https:\\\/\\\/sindromecharge.es\\\/index.php\\\/2021\\\/05\\\/31\\\/el-ministerio-de-sanidad-contara-con-feder-en-el-desarrollo-de-guias-informativas-sobre-el-programa-de-cribado-neonatal\\\/#article\",\"isPartOf\":{\"@id\":\"https:\\\/\\\/sindromecharge.es\\\/index.php\\\/2021\\\/05\\\/31\\\/el-ministerio-de-sanidad-contara-con-feder-en-el-desarrollo-de-guias-informativas-sobre-el-programa-de-cribado-neonatal\\\/\"},\"author\":{\"name\":\"Charge\",\"@id\":\"https:\\\/\\\/sindromecharge.es\\\/#\\\/schema\\\/person\\\/39a60ebe0a2b4d5a11179701e336b039\"},\"headline\":\"El Ministerio de Sanidad contar\u00e1 con FEDER en el desarrollo de gu\u00edas informativas sobre el programa de cribado neonatal\",\"datePublished\":\"2021-05-31T05:17:45+00:00\",\"mainEntityOfPage\":{\"@id\":\"https:\\\/\\\/sindromecharge.es\\\/index.php\\\/2021\\\/05\\\/31\\\/el-ministerio-de-sanidad-contara-con-feder-en-el-desarrollo-de-guias-informativas-sobre-el-programa-de-cribado-neonatal\\\/\"},\"wordCount\":635,\"commentCount\":0,\"keywords\":[\"enfermedades raras\"],\"articleSection\":[\"noticias\"],\"inLanguage\":\"es\",\"potentialAction\":[{\"@type\":\"CommentAction\",\"name\":\"Comment\",\"target\":[\"https:\\\/\\\/sindromecharge.es\\\/index.php\\\/2021\\\/05\\\/31\\\/el-ministerio-de-sanidad-contara-con-feder-en-el-desarrollo-de-guias-informativas-sobre-el-programa-de-cribado-neonatal\\\/#respond\"]}]},{\"@type\":\"WebPage\",\"@id\":\"https:\\\/\\\/sindromecharge.es\\\/index.php\\\/2021\\\/05\\\/31\\\/el-ministerio-de-sanidad-contara-con-feder-en-el-desarrollo-de-guias-informativas-sobre-el-programa-de-cribado-neonatal\\\/\",\"url\":\"https:\\\/\\\/sindromecharge.es\\\/index.php\\\/2021\\\/05\\\/31\\\/el-ministerio-de-sanidad-contara-con-feder-en-el-desarrollo-de-guias-informativas-sobre-el-programa-de-cribado-neonatal\\\/\",\"name\":\"El Ministerio de Sanidad contar\u00e1 con FEDER en el desarrollo de gu\u00edas informativas sobre el programa de cribado neonatal - Asociaci\u00f3n Espa\u00f1ola S\u00edndrome de Charge\",\"isPartOf\":{\"@id\":\"https:\\\/\\\/sindromecharge.es\\\/#website\"},\"datePublished\":\"2021-05-31T05:17:45+00:00\",\"author\":{\"@id\":\"https:\\\/\\\/sindromecharge.es\\\/#\\\/schema\\\/person\\\/39a60ebe0a2b4d5a11179701e336b039\"},\"breadcrumb\":{\"@id\":\"https:\\\/\\\/sindromecharge.es\\\/index.php\\\/2021\\\/05\\\/31\\\/el-ministerio-de-sanidad-contara-con-feder-en-el-desarrollo-de-guias-informativas-sobre-el-programa-de-cribado-neonatal\\\/#breadcrumb\"},\"inLanguage\":\"es\",\"potentialAction\":[{\"@type\":\"ReadAction\",\"target\":[\"https:\\\/\\\/sindromecharge.es\\\/index.php\\\/2021\\\/05\\\/31\\\/el-ministerio-de-sanidad-contara-con-feder-en-el-desarrollo-de-guias-informativas-sobre-el-programa-de-cribado-neonatal\\\/\"]}]},{\"@type\":\"BreadcrumbList\",\"@id\":\"https:\\\/\\\/sindromecharge.es\\\/index.php\\\/2021\\\/05\\\/31\\\/el-ministerio-de-sanidad-contara-con-feder-en-el-desarrollo-de-guias-informativas-sobre-el-programa-de-cribado-neonatal\\\/#breadcrumb\",\"itemListElement\":[{\"@type\":\"ListItem\",\"position\":1,\"name\":\"Portada\",\"item\":\"https:\\\/\\\/sindromecharge.es\\\/\"},{\"@type\":\"ListItem\",\"position\":2,\"name\":\"El Ministerio de Sanidad contar\u00e1 con FEDER en el desarrollo de gu\u00edas informativas sobre el programa de cribado neonatal\"}]},{\"@type\":\"WebSite\",\"@id\":\"https:\\\/\\\/sindromecharge.es\\\/#website\",\"url\":\"https:\\\/\\\/sindromecharge.es\\\/\",\"name\":\"Asociaci\u00f3n Espa\u00f1ola S\u00edndrome de Charge\",\"description\":\"\",\"potentialAction\":[{\"@type\":\"SearchAction\",\"target\":{\"@type\":\"EntryPoint\",\"urlTemplate\":\"https:\\\/\\\/sindromecharge.es\\\/?s={search_term_string}\"},\"query-input\":{\"@type\":\"PropertyValueSpecification\",\"valueRequired\":true,\"valueName\":\"search_term_string\"}}],\"inLanguage\":\"es\"},{\"@type\":\"Person\",\"@id\":\"https:\\\/\\\/sindromecharge.es\\\/#\\\/schema\\\/person\\\/39a60ebe0a2b4d5a11179701e336b039\",\"name\":\"Charge\",\"image\":{\"@type\":\"ImageObject\",\"inLanguage\":\"es\",\"@id\":\"https:\\\/\\\/secure.gravatar.com\\\/avatar\\\/c3b46e32a0fc3b093a0873fb767bf3293de856293065e84ef06b7ec7a8acfb98?s=96&d=identicon&r=x\",\"url\":\"https:\\\/\\\/secure.gravatar.com\\\/avatar\\\/c3b46e32a0fc3b093a0873fb767bf3293de856293065e84ef06b7ec7a8acfb98?s=96&d=identicon&r=x\",\"contentUrl\":\"https:\\\/\\\/secure.gravatar.com\\\/avatar\\\/c3b46e32a0fc3b093a0873fb767bf3293de856293065e84ef06b7ec7a8acfb98?s=96&d=identicon&r=x\",\"caption\":\"Charge\"},\"url\":\"https:\\\/\\\/sindromecharge.es\\\/index.php\\\/author\\\/admin\\\/\"}]}<\/script>\n<!-- \/ Yoast SEO plugin. -->","yoast_head_json":{"title":"El Ministerio de Sanidad contar\u00e1 con FEDER en el desarrollo de gu\u00edas informativas sobre el programa de cribado neonatal - Asociaci\u00f3n Espa\u00f1ola S\u00edndrome de Charge","robots":{"index":"index","follow":"follow","max-snippet":"max-snippet:-1","max-image-preview":"max-image-preview:large","max-video-preview":"max-video-preview:-1"},"canonical":"https:\/\/sindromecharge.es\/index.php\/2021\/05\/31\/el-ministerio-de-sanidad-contara-con-feder-en-el-desarrollo-de-guias-informativas-sobre-el-programa-de-cribado-neonatal\/","og_locale":"es_ES","og_type":"article","og_title":"El Ministerio de Sanidad contar\u00e1 con FEDER en el desarrollo de gu\u00edas informativas sobre el programa de cribado neonatal - Asociaci\u00f3n Espa\u00f1ola S\u00edndrome de Charge","og_description":"Leemos en FEDER la siguiente noticia que os reproducimos de forma \u00edntegra: El Ministerio de Sanidad, a trav\u00e9s de la Subdirecci\u00f3n General de Promoci\u00f3n de la Salud y Vigilancia en Salud P\u00fablica, quiere favorecer el conocimiento y la informaci\u00f3n a familias y profesionales sobre las patolog\u00edas incluidas en el programa de cribado neonatal. Para ello, [&hellip;]","og_url":"https:\/\/sindromecharge.es\/index.php\/2021\/05\/31\/el-ministerio-de-sanidad-contara-con-feder-en-el-desarrollo-de-guias-informativas-sobre-el-programa-de-cribado-neonatal\/","og_site_name":"Asociaci\u00f3n Espa\u00f1ola S\u00edndrome de Charge","article_publisher":"https:\/\/www.facebook.com\/asociacionsindromecharge","article_published_time":"2021-05-31T05:17:45+00:00","og_image":[{"width":300,"height":98,"url":"https:\/\/sindromecharge.es\/wp-content\/uploads\/2013\/09\/logodecharge300x98.png","type":"image\/png"}],"author":"Charge","twitter_card":"summary_large_image","twitter_creator":"@sindromecharge","twitter_site":"@sindromecharge","twitter_misc":{"Escrito por":"Charge","Tiempo de lectura":"3 minutos"},"schema":{"@context":"https:\/\/schema.org","@graph":[{"@type":"Article","@id":"https:\/\/sindromecharge.es\/index.php\/2021\/05\/31\/el-ministerio-de-sanidad-contara-con-feder-en-el-desarrollo-de-guias-informativas-sobre-el-programa-de-cribado-neonatal\/#article","isPartOf":{"@id":"https:\/\/sindromecharge.es\/index.php\/2021\/05\/31\/el-ministerio-de-sanidad-contara-con-feder-en-el-desarrollo-de-guias-informativas-sobre-el-programa-de-cribado-neonatal\/"},"author":{"name":"Charge","@id":"https:\/\/sindromecharge.es\/#\/schema\/person\/39a60ebe0a2b4d5a11179701e336b039"},"headline":"El Ministerio de Sanidad contar\u00e1 con FEDER en el desarrollo de gu\u00edas informativas sobre el programa de cribado neonatal","datePublished":"2021-05-31T05:17:45+00:00","mainEntityOfPage":{"@id":"https:\/\/sindromecharge.es\/index.php\/2021\/05\/31\/el-ministerio-de-sanidad-contara-con-feder-en-el-desarrollo-de-guias-informativas-sobre-el-programa-de-cribado-neonatal\/"},"wordCount":635,"commentCount":0,"keywords":["enfermedades raras"],"articleSection":["noticias"],"inLanguage":"es","potentialAction":[{"@type":"CommentAction","name":"Comment","target":["https:\/\/sindromecharge.es\/index.php\/2021\/05\/31\/el-ministerio-de-sanidad-contara-con-feder-en-el-desarrollo-de-guias-informativas-sobre-el-programa-de-cribado-neonatal\/#respond"]}]},{"@type":"WebPage","@id":"https:\/\/sindromecharge.es\/index.php\/2021\/05\/31\/el-ministerio-de-sanidad-contara-con-feder-en-el-desarrollo-de-guias-informativas-sobre-el-programa-de-cribado-neonatal\/","url":"https:\/\/sindromecharge.es\/index.php\/2021\/05\/31\/el-ministerio-de-sanidad-contara-con-feder-en-el-desarrollo-de-guias-informativas-sobre-el-programa-de-cribado-neonatal\/","name":"El Ministerio de Sanidad contar\u00e1 con FEDER en el desarrollo de gu\u00edas informativas sobre el programa de cribado neonatal - Asociaci\u00f3n Espa\u00f1ola S\u00edndrome de Charge","isPartOf":{"@id":"https:\/\/sindromecharge.es\/#website"},"datePublished":"2021-05-31T05:17:45+00:00","author":{"@id":"https:\/\/sindromecharge.es\/#\/schema\/person\/39a60ebe0a2b4d5a11179701e336b039"},"breadcrumb":{"@id":"https:\/\/sindromecharge.es\/index.php\/2021\/05\/31\/el-ministerio-de-sanidad-contara-con-feder-en-el-desarrollo-de-guias-informativas-sobre-el-programa-de-cribado-neonatal\/#breadcrumb"},"inLanguage":"es","potentialAction":[{"@type":"ReadAction","target":["https:\/\/sindromecharge.es\/index.php\/2021\/05\/31\/el-ministerio-de-sanidad-contara-con-feder-en-el-desarrollo-de-guias-informativas-sobre-el-programa-de-cribado-neonatal\/"]}]},{"@type":"BreadcrumbList","@id":"https:\/\/sindromecharge.es\/index.php\/2021\/05\/31\/el-ministerio-de-sanidad-contara-con-feder-en-el-desarrollo-de-guias-informativas-sobre-el-programa-de-cribado-neonatal\/#breadcrumb","itemListElement":[{"@type":"ListItem","position":1,"name":"Portada","item":"https:\/\/sindromecharge.es\/"},{"@type":"ListItem","position":2,"name":"El Ministerio de Sanidad contar\u00e1 con FEDER en el desarrollo de gu\u00edas informativas sobre el programa de cribado neonatal"}]},{"@type":"WebSite","@id":"https:\/\/sindromecharge.es\/#website","url":"https:\/\/sindromecharge.es\/","name":"Asociaci\u00f3n Espa\u00f1ola S\u00edndrome de Charge","description":"","potentialAction":[{"@type":"SearchAction","target":{"@type":"EntryPoint","urlTemplate":"https:\/\/sindromecharge.es\/?s={search_term_string}"},"query-input":{"@type":"PropertyValueSpecification","valueRequired":true,"valueName":"search_term_string"}}],"inLanguage":"es"},{"@type":"Person","@id":"https:\/\/sindromecharge.es\/#\/schema\/person\/39a60ebe0a2b4d5a11179701e336b039","name":"Charge","image":{"@type":"ImageObject","inLanguage":"es","@id":"https:\/\/secure.gravatar.com\/avatar\/c3b46e32a0fc3b093a0873fb767bf3293de856293065e84ef06b7ec7a8acfb98?s=96&d=identicon&r=x","url":"https:\/\/secure.gravatar.com\/avatar\/c3b46e32a0fc3b093a0873fb767bf3293de856293065e84ef06b7ec7a8acfb98?s=96&d=identicon&r=x","contentUrl":"https:\/\/secure.gravatar.com\/avatar\/c3b46e32a0fc3b093a0873fb767bf3293de856293065e84ef06b7ec7a8acfb98?s=96&d=identicon&r=x","caption":"Charge"},"url":"https:\/\/sindromecharge.es\/index.php\/author\/admin\/"}]}},"_links":{"self":[{"href":"https:\/\/sindromecharge.es\/index.php\/wp-json\/wp\/v2\/posts\/7227","targetHints":{"allow":["GET"]}}],"collection":[{"href":"https:\/\/sindromecharge.es\/index.php\/wp-json\/wp\/v2\/posts"}],"about":[{"href":"https:\/\/sindromecharge.es\/index.php\/wp-json\/wp\/v2\/types\/post"}],"author":[{"embeddable":true,"href":"https:\/\/sindromecharge.es\/index.php\/wp-json\/wp\/v2\/users\/1"}],"replies":[{"embeddable":true,"href":"https:\/\/sindromecharge.es\/index.php\/wp-json\/wp\/v2\/comments?post=7227"}],"version-history":[{"count":0,"href":"https:\/\/sindromecharge.es\/index.php\/wp-json\/wp\/v2\/posts\/7227\/revisions"}],"wp:attachment":[{"href":"https:\/\/sindromecharge.es\/index.php\/wp-json\/wp\/v2\/media?parent=7227"}],"wp:term":[{"taxonomy":"category","embeddable":true,"href":"https:\/\/sindromecharge.es\/index.php\/wp-json\/wp\/v2\/categories?post=7227"},{"taxonomy":"post_tag","embeddable":true,"href":"https:\/\/sindromecharge.es\/index.php\/wp-json\/wp\/v2\/tags?post=7227"}],"curies":[{"name":"wp","href":"https:\/\/api.w.org\/{rel}","templated":true}]}}