{"id":7226,"date":"2021-05-29T09:48:09","date_gmt":"2021-05-29T09:48:09","guid":{"rendered":"https:\/\/sindromecharge.es\/index.php\/2021\/05\/29\/las-segundas-oposiciones-de-la-historia-de-la-carm-para-personas-con-discapacidad-intelectual-ofertan-14-plazas\/"},"modified":"2021-05-29T09:48:09","modified_gmt":"2021-05-29T09:48:09","slug":"las-segundas-oposiciones-de-la-historia-de-la-carm-para-personas-con-discapacidad-intelectual-ofertan-14-plazas","status":"publish","type":"post","link":"https:\/\/sindromecharge.es\/index.php\/2021\/05\/29\/las-segundas-oposiciones-de-la-historia-de-la-carm-para-personas-con-discapacidad-intelectual-ofertan-14-plazas\/","title":{"rendered":"Las segundas oposiciones de la historia de la CARM para personas con discapacidad intelectual ofertan 14 plazas"},"content":{"rendered":"<p>Leemos en 20minutos la siguiente noticia que os reproducimos de forma \u00edntegra: <\/p>\n<p>El plazo de presentaci\u00f3n de las inscripciones se encuentra abierto hasta el 25 de junio, para personas con una discapacidad intelectual reconocida del 33 por ciento o superior. El sistema selectivo ser\u00e1 de concurso-oposici\u00f3n, con un proceso y ex\u00e1menes espec\u00edficamente adaptados y accesibles.<\/p>\n<p>La primera fase del proceso selectivo constar\u00e1 de un ejercicio te\u00f3rico tipo test de 30 preguntas, sobre nueve temas centrados en la organizaci\u00f3n y funcionamiento de la Administraci\u00f3n regional; la atenci\u00f3n de personal visitante; el manejo de paqueter\u00eda y documentaci\u00f3n, o conceptos generales de la Ley de Prevenci\u00f3n de Riesgos Laborales, entre otros campos. Posteriormente, la segunda fase de concurso valorar\u00e1 la experiencia o pr\u00e1cticas en puestos similares, as\u00ed como la formaci\u00f3n acad\u00e9mica.<\/p>\n<p>Estas convocatorias espec\u00edficas de puestos convirtieron a la Comunidad en la primera administraci\u00f3n, junto a la Central, en cumplir con la reserva de plazas espec\u00edficas para personas con discapacidad intelectual. El objetivo es contribuir a la inclusi\u00f3n laboral de estas personas, desde el reconocimiento de su derecho a trabajar en igualdad de condiciones.<\/p>\n<p>En el desarrollo de los contenidos de la oposici\u00f3n, que estar\u00e1n publicados en modo de lectura f\u00e1cil en la p\u00e1gina web de la Escuela de Formaci\u00f3n e Innovaci\u00f3n de la Administraci\u00f3n P\u00fablica Regional (Efiap), han colaborado tanto la Consejer\u00eda de Mujer, Igualdad, LGTBI, Familias y Pol\u00edtica Social como las federaciones, asociaciones y organizaciones que representan a este colectivo.<\/p>\n<p>Entre esas entidades figuran, por ejemplo, la Federaci\u00f3n de Asociaciones de Discapacidad Intelectual de Murcia (Fadis), Plena Inclusi\u00f3n Regi\u00f3n de Murcia o la Fundaci\u00f3n S\u00edndrome de Down de la Regi\u00f3n (Fundown), con quienes se mantendr\u00e1 la coordinaci\u00f3n para que puedan ayudar a sus usuarios durante el proceso de solicitud y de preparaci\u00f3n de las pruebas.<\/p>\n<p>El consejero de Econom\u00eda, Hacienda y Administraci\u00f3n Digital, Javier Celdr\u00e1n, destac\u00f3 que \u00abla pol\u00edtica de inclusi\u00f3n m\u00e1s importante en las personas con discapacidad intelectual es el empleo. Por eso, convocatorias como esta son fundamentales para el colectivo, a la vez que permiten reforzar a la Administraci\u00f3n regional con profesionales que potenciar\u00e1n la prestaci\u00f3n de servicios p\u00fablicos\u00bb.<\/p>\n<p>Fuente: 20minutos <a href=\"https:\/\/www.20minutos.es\/noticia\/4712164\/0\/las-segundas-oposiciones-de-la-historia-de-la-carm-para-personas-con-discapacidad-intelectual-ofertan-14-plazas\/\" target=\"_blank\" rel=\"noopener\">Las segundas oposiciones de la historia de la CARM para personas con discapacidad intelectual ofertan 14 plazas<\/a><\/p>\n","protected":false},"excerpt":{"rendered":"<p>Leemos en 20minutos la siguiente noticia que os reproducimos de forma \u00edntegra: El plazo de presentaci\u00f3n de las inscripciones se encuentra abierto hasta el 25 de junio, para personas con una discapacidad intelectual reconocida del 33 por ciento o superior. El sistema selectivo ser\u00e1 de concurso-oposici\u00f3n, con un proceso y ex\u00e1menes espec\u00edficamente adaptados y accesibles. [&hellip;]<\/p>\n","protected":false},"author":1,"featured_media":0,"comment_status":"open","ping_status":"closed","sticky":false,"template":"","format":"standard","meta":{"footnotes":""},"categories":[8],"tags":[31],"class_list":["post-7226","post","type-post","status-publish","format-standard","hentry","category-noticias","tag-discapacidad"],"yoast_head":"<!-- This site is optimized with the Yoast SEO plugin v27.4 - https:\/\/yoast.com\/product\/yoast-seo-wordpress\/ -->\n<title>Las segundas oposiciones de la historia de la CARM para personas con discapacidad intelectual ofertan 14 plazas - Asociaci\u00f3n Espa\u00f1ola S\u00edndrome de Charge<\/title>\n<meta name=\"robots\" content=\"index, follow, max-snippet:-1, max-image-preview:large, max-video-preview:-1\" \/>\n<link rel=\"canonical\" href=\"https:\/\/sindromecharge.es\/index.php\/2021\/05\/29\/las-segundas-oposiciones-de-la-historia-de-la-carm-para-personas-con-discapacidad-intelectual-ofertan-14-plazas\/\" \/>\n<meta property=\"og:locale\" content=\"es_ES\" \/>\n<meta property=\"og:type\" content=\"article\" \/>\n<meta property=\"og:title\" content=\"Las segundas oposiciones de la historia de la CARM para personas con discapacidad intelectual ofertan 14 plazas - Asociaci\u00f3n Espa\u00f1ola S\u00edndrome de Charge\" \/>\n<meta property=\"og:description\" content=\"Leemos en 20minutos la siguiente noticia que os reproducimos de forma \u00edntegra: El plazo de presentaci\u00f3n de las inscripciones se encuentra abierto hasta el 25 de junio, para personas con una discapacidad intelectual reconocida del 33 por ciento o superior. El sistema selectivo ser\u00e1 de concurso-oposici\u00f3n, con un proceso y ex\u00e1menes espec\u00edficamente adaptados y accesibles. [&hellip;]\" \/>\n<meta property=\"og:url\" content=\"https:\/\/sindromecharge.es\/index.php\/2021\/05\/29\/las-segundas-oposiciones-de-la-historia-de-la-carm-para-personas-con-discapacidad-intelectual-ofertan-14-plazas\/\" \/>\n<meta property=\"og:site_name\" content=\"Asociaci\u00f3n Espa\u00f1ola S\u00edndrome de Charge\" \/>\n<meta property=\"article:publisher\" content=\"https:\/\/www.facebook.com\/asociacionsindromecharge\" \/>\n<meta property=\"article:published_time\" content=\"2021-05-29T09:48:09+00:00\" \/>\n<meta property=\"og:image\" content=\"https:\/\/sindromecharge.es\/wp-content\/uploads\/2013\/09\/logodecharge300x98.png\" \/>\n\t<meta property=\"og:image:width\" content=\"300\" \/>\n\t<meta property=\"og:image:height\" content=\"98\" \/>\n\t<meta property=\"og:image:type\" content=\"image\/png\" \/>\n<meta name=\"author\" content=\"Charge\" \/>\n<meta name=\"twitter:card\" content=\"summary_large_image\" \/>\n<meta name=\"twitter:creator\" content=\"@sindromecharge\" \/>\n<meta name=\"twitter:site\" content=\"@sindromecharge\" \/>\n<meta name=\"twitter:label1\" content=\"Escrito por\" \/>\n\t<meta name=\"twitter:data1\" content=\"Charge\" \/>\n\t<meta name=\"twitter:label2\" content=\"Tiempo de lectura\" \/>\n\t<meta name=\"twitter:data2\" content=\"2 minutos\" \/>\n<script type=\"application\/ld+json\" class=\"yoast-schema-graph\">{\"@context\":\"https:\\\/\\\/schema.org\",\"@graph\":[{\"@type\":\"Article\",\"@id\":\"https:\\\/\\\/sindromecharge.es\\\/index.php\\\/2021\\\/05\\\/29\\\/las-segundas-oposiciones-de-la-historia-de-la-carm-para-personas-con-discapacidad-intelectual-ofertan-14-plazas\\\/#article\",\"isPartOf\":{\"@id\":\"https:\\\/\\\/sindromecharge.es\\\/index.php\\\/2021\\\/05\\\/29\\\/las-segundas-oposiciones-de-la-historia-de-la-carm-para-personas-con-discapacidad-intelectual-ofertan-14-plazas\\\/\"},\"author\":{\"name\":\"Charge\",\"@id\":\"https:\\\/\\\/sindromecharge.es\\\/#\\\/schema\\\/person\\\/39a60ebe0a2b4d5a11179701e336b039\"},\"headline\":\"Las segundas oposiciones de la historia de la CARM para personas con discapacidad intelectual ofertan 14 plazas\",\"datePublished\":\"2021-05-29T09:48:09+00:00\",\"mainEntityOfPage\":{\"@id\":\"https:\\\/\\\/sindromecharge.es\\\/index.php\\\/2021\\\/05\\\/29\\\/las-segundas-oposiciones-de-la-historia-de-la-carm-para-personas-con-discapacidad-intelectual-ofertan-14-plazas\\\/\"},\"wordCount\":427,\"commentCount\":0,\"keywords\":[\"discapacidad\"],\"articleSection\":[\"noticias\"],\"inLanguage\":\"es\",\"potentialAction\":[{\"@type\":\"CommentAction\",\"name\":\"Comment\",\"target\":[\"https:\\\/\\\/sindromecharge.es\\\/index.php\\\/2021\\\/05\\\/29\\\/las-segundas-oposiciones-de-la-historia-de-la-carm-para-personas-con-discapacidad-intelectual-ofertan-14-plazas\\\/#respond\"]}]},{\"@type\":\"WebPage\",\"@id\":\"https:\\\/\\\/sindromecharge.es\\\/index.php\\\/2021\\\/05\\\/29\\\/las-segundas-oposiciones-de-la-historia-de-la-carm-para-personas-con-discapacidad-intelectual-ofertan-14-plazas\\\/\",\"url\":\"https:\\\/\\\/sindromecharge.es\\\/index.php\\\/2021\\\/05\\\/29\\\/las-segundas-oposiciones-de-la-historia-de-la-carm-para-personas-con-discapacidad-intelectual-ofertan-14-plazas\\\/\",\"name\":\"Las segundas oposiciones de la historia de la CARM para personas con discapacidad intelectual ofertan 14 plazas - Asociaci\u00f3n Espa\u00f1ola S\u00edndrome de Charge\",\"isPartOf\":{\"@id\":\"https:\\\/\\\/sindromecharge.es\\\/#website\"},\"datePublished\":\"2021-05-29T09:48:09+00:00\",\"author\":{\"@id\":\"https:\\\/\\\/sindromecharge.es\\\/#\\\/schema\\\/person\\\/39a60ebe0a2b4d5a11179701e336b039\"},\"breadcrumb\":{\"@id\":\"https:\\\/\\\/sindromecharge.es\\\/index.php\\\/2021\\\/05\\\/29\\\/las-segundas-oposiciones-de-la-historia-de-la-carm-para-personas-con-discapacidad-intelectual-ofertan-14-plazas\\\/#breadcrumb\"},\"inLanguage\":\"es\",\"potentialAction\":[{\"@type\":\"ReadAction\",\"target\":[\"https:\\\/\\\/sindromecharge.es\\\/index.php\\\/2021\\\/05\\\/29\\\/las-segundas-oposiciones-de-la-historia-de-la-carm-para-personas-con-discapacidad-intelectual-ofertan-14-plazas\\\/\"]}]},{\"@type\":\"BreadcrumbList\",\"@id\":\"https:\\\/\\\/sindromecharge.es\\\/index.php\\\/2021\\\/05\\\/29\\\/las-segundas-oposiciones-de-la-historia-de-la-carm-para-personas-con-discapacidad-intelectual-ofertan-14-plazas\\\/#breadcrumb\",\"itemListElement\":[{\"@type\":\"ListItem\",\"position\":1,\"name\":\"Portada\",\"item\":\"https:\\\/\\\/sindromecharge.es\\\/\"},{\"@type\":\"ListItem\",\"position\":2,\"name\":\"Las segundas oposiciones de la historia de la CARM para personas con discapacidad intelectual ofertan 14 plazas\"}]},{\"@type\":\"WebSite\",\"@id\":\"https:\\\/\\\/sindromecharge.es\\\/#website\",\"url\":\"https:\\\/\\\/sindromecharge.es\\\/\",\"name\":\"Asociaci\u00f3n Espa\u00f1ola S\u00edndrome de Charge\",\"description\":\"\",\"potentialAction\":[{\"@type\":\"SearchAction\",\"target\":{\"@type\":\"EntryPoint\",\"urlTemplate\":\"https:\\\/\\\/sindromecharge.es\\\/?s={search_term_string}\"},\"query-input\":{\"@type\":\"PropertyValueSpecification\",\"valueRequired\":true,\"valueName\":\"search_term_string\"}}],\"inLanguage\":\"es\"},{\"@type\":\"Person\",\"@id\":\"https:\\\/\\\/sindromecharge.es\\\/#\\\/schema\\\/person\\\/39a60ebe0a2b4d5a11179701e336b039\",\"name\":\"Charge\",\"image\":{\"@type\":\"ImageObject\",\"inLanguage\":\"es\",\"@id\":\"https:\\\/\\\/secure.gravatar.com\\\/avatar\\\/c3b46e32a0fc3b093a0873fb767bf3293de856293065e84ef06b7ec7a8acfb98?s=96&d=identicon&r=x\",\"url\":\"https:\\\/\\\/secure.gravatar.com\\\/avatar\\\/c3b46e32a0fc3b093a0873fb767bf3293de856293065e84ef06b7ec7a8acfb98?s=96&d=identicon&r=x\",\"contentUrl\":\"https:\\\/\\\/secure.gravatar.com\\\/avatar\\\/c3b46e32a0fc3b093a0873fb767bf3293de856293065e84ef06b7ec7a8acfb98?s=96&d=identicon&r=x\",\"caption\":\"Charge\"},\"url\":\"https:\\\/\\\/sindromecharge.es\\\/index.php\\\/author\\\/admin\\\/\"}]}<\/script>\n<!-- \/ Yoast SEO plugin. -->","yoast_head_json":{"title":"Las segundas oposiciones de la historia de la CARM para personas con discapacidad intelectual ofertan 14 plazas - Asociaci\u00f3n Espa\u00f1ola S\u00edndrome de Charge","robots":{"index":"index","follow":"follow","max-snippet":"max-snippet:-1","max-image-preview":"max-image-preview:large","max-video-preview":"max-video-preview:-1"},"canonical":"https:\/\/sindromecharge.es\/index.php\/2021\/05\/29\/las-segundas-oposiciones-de-la-historia-de-la-carm-para-personas-con-discapacidad-intelectual-ofertan-14-plazas\/","og_locale":"es_ES","og_type":"article","og_title":"Las segundas oposiciones de la historia de la CARM para personas con discapacidad intelectual ofertan 14 plazas - Asociaci\u00f3n Espa\u00f1ola S\u00edndrome de Charge","og_description":"Leemos en 20minutos la siguiente noticia que os reproducimos de forma \u00edntegra: El plazo de presentaci\u00f3n de las inscripciones se encuentra abierto hasta el 25 de junio, para personas con una discapacidad intelectual reconocida del 33 por ciento o superior. El sistema selectivo ser\u00e1 de concurso-oposici\u00f3n, con un proceso y ex\u00e1menes espec\u00edficamente adaptados y accesibles. [&hellip;]","og_url":"https:\/\/sindromecharge.es\/index.php\/2021\/05\/29\/las-segundas-oposiciones-de-la-historia-de-la-carm-para-personas-con-discapacidad-intelectual-ofertan-14-plazas\/","og_site_name":"Asociaci\u00f3n Espa\u00f1ola S\u00edndrome de Charge","article_publisher":"https:\/\/www.facebook.com\/asociacionsindromecharge","article_published_time":"2021-05-29T09:48:09+00:00","og_image":[{"width":300,"height":98,"url":"https:\/\/sindromecharge.es\/wp-content\/uploads\/2013\/09\/logodecharge300x98.png","type":"image\/png"}],"author":"Charge","twitter_card":"summary_large_image","twitter_creator":"@sindromecharge","twitter_site":"@sindromecharge","twitter_misc":{"Escrito por":"Charge","Tiempo de lectura":"2 minutos"},"schema":{"@context":"https:\/\/schema.org","@graph":[{"@type":"Article","@id":"https:\/\/sindromecharge.es\/index.php\/2021\/05\/29\/las-segundas-oposiciones-de-la-historia-de-la-carm-para-personas-con-discapacidad-intelectual-ofertan-14-plazas\/#article","isPartOf":{"@id":"https:\/\/sindromecharge.es\/index.php\/2021\/05\/29\/las-segundas-oposiciones-de-la-historia-de-la-carm-para-personas-con-discapacidad-intelectual-ofertan-14-plazas\/"},"author":{"name":"Charge","@id":"https:\/\/sindromecharge.es\/#\/schema\/person\/39a60ebe0a2b4d5a11179701e336b039"},"headline":"Las segundas oposiciones de la historia de la CARM para personas con discapacidad intelectual ofertan 14 plazas","datePublished":"2021-05-29T09:48:09+00:00","mainEntityOfPage":{"@id":"https:\/\/sindromecharge.es\/index.php\/2021\/05\/29\/las-segundas-oposiciones-de-la-historia-de-la-carm-para-personas-con-discapacidad-intelectual-ofertan-14-plazas\/"},"wordCount":427,"commentCount":0,"keywords":["discapacidad"],"articleSection":["noticias"],"inLanguage":"es","potentialAction":[{"@type":"CommentAction","name":"Comment","target":["https:\/\/sindromecharge.es\/index.php\/2021\/05\/29\/las-segundas-oposiciones-de-la-historia-de-la-carm-para-personas-con-discapacidad-intelectual-ofertan-14-plazas\/#respond"]}]},{"@type":"WebPage","@id":"https:\/\/sindromecharge.es\/index.php\/2021\/05\/29\/las-segundas-oposiciones-de-la-historia-de-la-carm-para-personas-con-discapacidad-intelectual-ofertan-14-plazas\/","url":"https:\/\/sindromecharge.es\/index.php\/2021\/05\/29\/las-segundas-oposiciones-de-la-historia-de-la-carm-para-personas-con-discapacidad-intelectual-ofertan-14-plazas\/","name":"Las segundas oposiciones de la historia de la CARM para personas con discapacidad intelectual ofertan 14 plazas - Asociaci\u00f3n Espa\u00f1ola S\u00edndrome de Charge","isPartOf":{"@id":"https:\/\/sindromecharge.es\/#website"},"datePublished":"2021-05-29T09:48:09+00:00","author":{"@id":"https:\/\/sindromecharge.es\/#\/schema\/person\/39a60ebe0a2b4d5a11179701e336b039"},"breadcrumb":{"@id":"https:\/\/sindromecharge.es\/index.php\/2021\/05\/29\/las-segundas-oposiciones-de-la-historia-de-la-carm-para-personas-con-discapacidad-intelectual-ofertan-14-plazas\/#breadcrumb"},"inLanguage":"es","potentialAction":[{"@type":"ReadAction","target":["https:\/\/sindromecharge.es\/index.php\/2021\/05\/29\/las-segundas-oposiciones-de-la-historia-de-la-carm-para-personas-con-discapacidad-intelectual-ofertan-14-plazas\/"]}]},{"@type":"BreadcrumbList","@id":"https:\/\/sindromecharge.es\/index.php\/2021\/05\/29\/las-segundas-oposiciones-de-la-historia-de-la-carm-para-personas-con-discapacidad-intelectual-ofertan-14-plazas\/#breadcrumb","itemListElement":[{"@type":"ListItem","position":1,"name":"Portada","item":"https:\/\/sindromecharge.es\/"},{"@type":"ListItem","position":2,"name":"Las segundas oposiciones de la historia de la CARM para personas con discapacidad intelectual ofertan 14 plazas"}]},{"@type":"WebSite","@id":"https:\/\/sindromecharge.es\/#website","url":"https:\/\/sindromecharge.es\/","name":"Asociaci\u00f3n Espa\u00f1ola S\u00edndrome de Charge","description":"","potentialAction":[{"@type":"SearchAction","target":{"@type":"EntryPoint","urlTemplate":"https:\/\/sindromecharge.es\/?s={search_term_string}"},"query-input":{"@type":"PropertyValueSpecification","valueRequired":true,"valueName":"search_term_string"}}],"inLanguage":"es"},{"@type":"Person","@id":"https:\/\/sindromecharge.es\/#\/schema\/person\/39a60ebe0a2b4d5a11179701e336b039","name":"Charge","image":{"@type":"ImageObject","inLanguage":"es","@id":"https:\/\/secure.gravatar.com\/avatar\/c3b46e32a0fc3b093a0873fb767bf3293de856293065e84ef06b7ec7a8acfb98?s=96&d=identicon&r=x","url":"https:\/\/secure.gravatar.com\/avatar\/c3b46e32a0fc3b093a0873fb767bf3293de856293065e84ef06b7ec7a8acfb98?s=96&d=identicon&r=x","contentUrl":"https:\/\/secure.gravatar.com\/avatar\/c3b46e32a0fc3b093a0873fb767bf3293de856293065e84ef06b7ec7a8acfb98?s=96&d=identicon&r=x","caption":"Charge"},"url":"https:\/\/sindromecharge.es\/index.php\/author\/admin\/"}]}},"_links":{"self":[{"href":"https:\/\/sindromecharge.es\/index.php\/wp-json\/wp\/v2\/posts\/7226","targetHints":{"allow":["GET"]}}],"collection":[{"href":"https:\/\/sindromecharge.es\/index.php\/wp-json\/wp\/v2\/posts"}],"about":[{"href":"https:\/\/sindromecharge.es\/index.php\/wp-json\/wp\/v2\/types\/post"}],"author":[{"embeddable":true,"href":"https:\/\/sindromecharge.es\/index.php\/wp-json\/wp\/v2\/users\/1"}],"replies":[{"embeddable":true,"href":"https:\/\/sindromecharge.es\/index.php\/wp-json\/wp\/v2\/comments?post=7226"}],"version-history":[{"count":0,"href":"https:\/\/sindromecharge.es\/index.php\/wp-json\/wp\/v2\/posts\/7226\/revisions"}],"wp:attachment":[{"href":"https:\/\/sindromecharge.es\/index.php\/wp-json\/wp\/v2\/media?parent=7226"}],"wp:term":[{"taxonomy":"category","embeddable":true,"href":"https:\/\/sindromecharge.es\/index.php\/wp-json\/wp\/v2\/categories?post=7226"},{"taxonomy":"post_tag","embeddable":true,"href":"https:\/\/sindromecharge.es\/index.php\/wp-json\/wp\/v2\/tags?post=7226"}],"curies":[{"name":"wp","href":"https:\/\/api.w.org\/{rel}","templated":true}]}}