{"id":7225,"date":"2021-05-29T10:46:08","date_gmt":"2021-05-29T10:46:08","guid":{"rendered":"https:\/\/sindromecharge.es\/index.php\/2021\/05\/29\/amdem-pide-el-reconocimiento-automatico-del-33-y-la-puesta-en-marcha-del-nuevo-baremo-de-discapacidad\/"},"modified":"2021-05-29T10:46:08","modified_gmt":"2021-05-29T10:46:08","slug":"amdem-pide-el-reconocimiento-automatico-del-33-y-la-puesta-en-marcha-del-nuevo-baremo-de-discapacidad","status":"publish","type":"post","link":"https:\/\/sindromecharge.es\/index.php\/2021\/05\/29\/amdem-pide-el-reconocimiento-automatico-del-33-y-la-puesta-en-marcha-del-nuevo-baremo-de-discapacidad\/","title":{"rendered":"AMDEM pide el reconocimiento autom\u00e1tico del 33% y la puesta en marcha del nuevo baremo de discapacidad"},"content":{"rendered":"<p>Leemos en 20minutos la siguiente noticia que os reproducimos de forma \u00edntegra: <\/p>\n<p>El 70% de los casos se producen entre los 20 y 40 a\u00f1os, en pleno desarrollo personal y laboral. La incapacidad que provoca se caracteriza por trastornos motores, cognitivos y visuales, acompa\u00f1ada de otras alteraciones como ansiedad y depresi\u00f3n.<\/p>\n<p>La Asociaci\u00f3n Murciana de Esclerosis M\u00faltiple (AMDEM) celebra cada 30 de mayo el D\u00eda Mundial de la Esclerosis M\u00faltiple realizando diferentes actividades para concienciar y sensibilizar a la sociedad sobre la problem\u00e1tica actual de las personas con Esclerosis M\u00faltiple y su movimiento asociativo, y dar a conocer las principales reivindicaciones que pueden mejorar algunos aspectos de su vida.<\/p>\n<p>REIVINDICACIONES DE LAS PERSONAS CON ESCLEROSIS M\u00daLTIPLE<\/p>\n<p>Este a\u00f1o, AEDEM-COCEMFE y sus 46 asociaciones (entre las que se encuentra AMDEM) quieren incidir en el reconocimiento autom\u00e1tico del 33% de discapacidad con el diagn\u00f3stico de una enfermedad neurodegenerativa y, de forma especial, en la puesta en marcha definitiva del nuevo baremo de discapacidad, consensuado con el Gobierno y Comunidades Aut\u00f3nomas desde 2017, que &#8216;mida&#8217; situaciones y s\u00edntomas invisibles que se dan en la Esclerosis M\u00faltiple y que no est\u00e1n siendo reconocidos, como la fatiga, el dolor, los efectos de la carga del tratamiento, los brotes, etc.<\/p>\n<p>La utilizaci\u00f3n de los criterios obsoletos y desfasados del baremo actual, est\u00e1 impidiendo que las personas con Esclerosis M\u00faltiple obtengan la valoraci\u00f3n del grado de discapacidad que les deber\u00eda corresponder, dificultando todav\u00eda m\u00e1s su inclusi\u00f3n y participaci\u00f3n activa en la sociedad.<\/p>\n<p>Adem\u00e1s del reconocimiento autom\u00e1tico del 33% de discapacidad con el diagn\u00f3stico y la urgente aprobaci\u00f3n del nuevo baremo de discapacidad, desde AMDEM consideran necesario: medidas extraordinarias de financiaci\u00f3n por parte del Estado y las CCAA para la total recuperaci\u00f3n de la normalidad en la atenci\u00f3n sanitaria y sociosanitaria en Esclerosis M\u00faltiple.<\/p>\n<p>Asimismo, un mayor apoyo gubernamental a la investigaci\u00f3n de la Esclerosis M\u00faltiple. Solicitan as\u00ed que la investigaci\u00f3n no se deje a un lado, pues para las personas afectadas por esta enfermedad es de vital importancia.<\/p>\n<p>Por otro lado, piden acceso a un tratamiento rehabilitador integral, personalizado, gratuito y continuado, en todas las Comunidades Aut\u00f3nomas, reforzando el papel que las asociaciones de pacientes desarrollamos en este campo; y equidad en el acceso al tratamiento farmacol\u00f3gico que precise cada persona, en todas las comunidades aut\u00f3nomas y en todos los centros hospitalarios.<\/p>\n<p>Finalmente, un acceso a la informaci\u00f3n completo sobre datos relacionados con Esclerosis M\u00faltiple en adultos y menores de 18 a\u00f1os y sobre el impacto de la situaci\u00f3n generada por la COVID-19 en las personas afectadas, a nivel nacional e internacional; y mayor compromiso de los empresarios en las adaptaciones de los puestos de trabajo y el cumplimiento del 2% que exige la legislaci\u00f3n en la contrataci\u00f3n de personas con discapacidad.<\/p>\n<p>JORNADA DE PUERTAS ABIERTAS<\/p>\n<p>Desde AMDEM han querido organizar una Jornada de Puertas Abiertas ayer viernes para dar a conocer la asociaci\u00f3n a todo aquel que est\u00e9 interesado, adem\u00e1s, han organizado un t\u00fanel de experiencias para que los invitados puedan sentir de primera mano lo que siente una persona con Esclerosis M\u00faltiple.<\/p>\n<p>Acto seguido se ha realizado una demostraci\u00f3n del Exoesqueleto, dispositivo de \u00faltima generaci\u00f3n que AMDEM utiliza a diario en sus terapias de rehabilitaci\u00f3n.<\/p>\n<p>AMDEM propuso a todo el que quisiera unirse, que en sus recorridos corriendo o en bici tras la relajaci\u00f3n de las medidas de confinamiento, subieran a su Web los recorridos que hab\u00edan estado haciendo y donaran dicha cantidad a su causa para que, sumando todos los kil\u00f3metros, dieran la vuelta a Espa\u00f1a.<\/p>\n<p>Este a\u00f1o, AMDEM repite la f\u00f3rmula, pero adem\u00e1s suman la venta de dorsales y camisetas para animar a mucha m\u00e1s gente a que se una a este particular reto. La Asociaci\u00f3n Murciana de Esclerosis M\u00faltiple tiene como objetivo principal mejorar la calidad de vida de las personas con Esclerosis M\u00faltiple de la Regi\u00f3n, as\u00ed como de sus familiares.<\/p>\n<p>Fuente: 20minutos <a href=\"https:\/\/www.20minutos.es\/noticia\/4712241\/0\/amdem-pide-el-reconocimiento-automatico-del-33-y-la-puesta-en-marcha-del-nuevo-baremo-de-discapacidad\/\" target=\"_blank\" rel=\"noopener\">AMDEM pide el reconocimiento autom\u00e1tico del 33% y la puesta en marcha del nuevo baremo de discapacidad<\/a><\/p>\n","protected":false},"excerpt":{"rendered":"<p>Leemos en 20minutos la siguiente noticia que os reproducimos de forma \u00edntegra: El 70% de los casos se producen entre los 20 y 40 a\u00f1os, en pleno desarrollo personal y laboral. La incapacidad que provoca se caracteriza por trastornos motores, cognitivos y visuales, acompa\u00f1ada de otras alteraciones como ansiedad y depresi\u00f3n. La Asociaci\u00f3n Murciana de [&hellip;]<\/p>\n","protected":false},"author":1,"featured_media":0,"comment_status":"open","ping_status":"closed","sticky":false,"template":"","format":"standard","meta":{"footnotes":""},"categories":[8],"tags":[31],"class_list":["post-7225","post","type-post","status-publish","format-standard","hentry","category-noticias","tag-discapacidad"],"yoast_head":"<!-- This site is optimized with the Yoast SEO plugin v27.4 - https:\/\/yoast.com\/product\/yoast-seo-wordpress\/ -->\n<title>AMDEM pide el reconocimiento autom\u00e1tico del 33% y la puesta en marcha del nuevo baremo de discapacidad - Asociaci\u00f3n Espa\u00f1ola S\u00edndrome de Charge<\/title>\n<meta name=\"robots\" content=\"index, follow, max-snippet:-1, max-image-preview:large, max-video-preview:-1\" \/>\n<link rel=\"canonical\" href=\"https:\/\/sindromecharge.es\/index.php\/2021\/05\/29\/amdem-pide-el-reconocimiento-automatico-del-33-y-la-puesta-en-marcha-del-nuevo-baremo-de-discapacidad\/\" \/>\n<meta property=\"og:locale\" content=\"es_ES\" \/>\n<meta property=\"og:type\" content=\"article\" \/>\n<meta property=\"og:title\" content=\"AMDEM pide el reconocimiento autom\u00e1tico del 33% y la puesta en marcha del nuevo baremo de discapacidad - Asociaci\u00f3n Espa\u00f1ola S\u00edndrome de Charge\" \/>\n<meta property=\"og:description\" content=\"Leemos en 20minutos la siguiente noticia que os reproducimos de forma \u00edntegra: El 70% de los casos se producen entre los 20 y 40 a\u00f1os, en pleno desarrollo personal y laboral. La incapacidad que provoca se caracteriza por trastornos motores, cognitivos y visuales, acompa\u00f1ada de otras alteraciones como ansiedad y depresi\u00f3n. La Asociaci\u00f3n Murciana de [&hellip;]\" \/>\n<meta property=\"og:url\" content=\"https:\/\/sindromecharge.es\/index.php\/2021\/05\/29\/amdem-pide-el-reconocimiento-automatico-del-33-y-la-puesta-en-marcha-del-nuevo-baremo-de-discapacidad\/\" \/>\n<meta property=\"og:site_name\" content=\"Asociaci\u00f3n Espa\u00f1ola S\u00edndrome de Charge\" \/>\n<meta property=\"article:publisher\" content=\"https:\/\/www.facebook.com\/asociacionsindromecharge\" \/>\n<meta property=\"article:published_time\" content=\"2021-05-29T10:46:08+00:00\" \/>\n<meta property=\"og:image\" content=\"https:\/\/sindromecharge.es\/wp-content\/uploads\/2013\/09\/logodecharge300x98.png\" \/>\n\t<meta property=\"og:image:width\" content=\"300\" \/>\n\t<meta property=\"og:image:height\" content=\"98\" \/>\n\t<meta property=\"og:image:type\" content=\"image\/png\" \/>\n<meta name=\"author\" content=\"Charge\" \/>\n<meta name=\"twitter:card\" content=\"summary_large_image\" \/>\n<meta name=\"twitter:creator\" content=\"@sindromecharge\" \/>\n<meta name=\"twitter:site\" content=\"@sindromecharge\" \/>\n<meta name=\"twitter:label1\" content=\"Escrito por\" \/>\n\t<meta name=\"twitter:data1\" content=\"Charge\" \/>\n\t<meta name=\"twitter:label2\" content=\"Tiempo de lectura\" \/>\n\t<meta name=\"twitter:data2\" content=\"4 minutos\" \/>\n<script type=\"application\/ld+json\" class=\"yoast-schema-graph\">{\"@context\":\"https:\\\/\\\/schema.org\",\"@graph\":[{\"@type\":\"Article\",\"@id\":\"https:\\\/\\\/sindromecharge.es\\\/index.php\\\/2021\\\/05\\\/29\\\/amdem-pide-el-reconocimiento-automatico-del-33-y-la-puesta-en-marcha-del-nuevo-baremo-de-discapacidad\\\/#article\",\"isPartOf\":{\"@id\":\"https:\\\/\\\/sindromecharge.es\\\/index.php\\\/2021\\\/05\\\/29\\\/amdem-pide-el-reconocimiento-automatico-del-33-y-la-puesta-en-marcha-del-nuevo-baremo-de-discapacidad\\\/\"},\"author\":{\"name\":\"Charge\",\"@id\":\"https:\\\/\\\/sindromecharge.es\\\/#\\\/schema\\\/person\\\/39a60ebe0a2b4d5a11179701e336b039\"},\"headline\":\"AMDEM pide el reconocimiento autom\u00e1tico del 33% y la puesta en marcha del nuevo baremo de discapacidad\",\"datePublished\":\"2021-05-29T10:46:08+00:00\",\"mainEntityOfPage\":{\"@id\":\"https:\\\/\\\/sindromecharge.es\\\/index.php\\\/2021\\\/05\\\/29\\\/amdem-pide-el-reconocimiento-automatico-del-33-y-la-puesta-en-marcha-del-nuevo-baremo-de-discapacidad\\\/\"},\"wordCount\":730,\"commentCount\":0,\"keywords\":[\"discapacidad\"],\"articleSection\":[\"noticias\"],\"inLanguage\":\"es\",\"potentialAction\":[{\"@type\":\"CommentAction\",\"name\":\"Comment\",\"target\":[\"https:\\\/\\\/sindromecharge.es\\\/index.php\\\/2021\\\/05\\\/29\\\/amdem-pide-el-reconocimiento-automatico-del-33-y-la-puesta-en-marcha-del-nuevo-baremo-de-discapacidad\\\/#respond\"]}]},{\"@type\":\"WebPage\",\"@id\":\"https:\\\/\\\/sindromecharge.es\\\/index.php\\\/2021\\\/05\\\/29\\\/amdem-pide-el-reconocimiento-automatico-del-33-y-la-puesta-en-marcha-del-nuevo-baremo-de-discapacidad\\\/\",\"url\":\"https:\\\/\\\/sindromecharge.es\\\/index.php\\\/2021\\\/05\\\/29\\\/amdem-pide-el-reconocimiento-automatico-del-33-y-la-puesta-en-marcha-del-nuevo-baremo-de-discapacidad\\\/\",\"name\":\"AMDEM pide el reconocimiento autom\u00e1tico del 33% y la puesta en marcha del nuevo baremo de discapacidad - Asociaci\u00f3n Espa\u00f1ola S\u00edndrome de Charge\",\"isPartOf\":{\"@id\":\"https:\\\/\\\/sindromecharge.es\\\/#website\"},\"datePublished\":\"2021-05-29T10:46:08+00:00\",\"author\":{\"@id\":\"https:\\\/\\\/sindromecharge.es\\\/#\\\/schema\\\/person\\\/39a60ebe0a2b4d5a11179701e336b039\"},\"breadcrumb\":{\"@id\":\"https:\\\/\\\/sindromecharge.es\\\/index.php\\\/2021\\\/05\\\/29\\\/amdem-pide-el-reconocimiento-automatico-del-33-y-la-puesta-en-marcha-del-nuevo-baremo-de-discapacidad\\\/#breadcrumb\"},\"inLanguage\":\"es\",\"potentialAction\":[{\"@type\":\"ReadAction\",\"target\":[\"https:\\\/\\\/sindromecharge.es\\\/index.php\\\/2021\\\/05\\\/29\\\/amdem-pide-el-reconocimiento-automatico-del-33-y-la-puesta-en-marcha-del-nuevo-baremo-de-discapacidad\\\/\"]}]},{\"@type\":\"BreadcrumbList\",\"@id\":\"https:\\\/\\\/sindromecharge.es\\\/index.php\\\/2021\\\/05\\\/29\\\/amdem-pide-el-reconocimiento-automatico-del-33-y-la-puesta-en-marcha-del-nuevo-baremo-de-discapacidad\\\/#breadcrumb\",\"itemListElement\":[{\"@type\":\"ListItem\",\"position\":1,\"name\":\"Portada\",\"item\":\"https:\\\/\\\/sindromecharge.es\\\/\"},{\"@type\":\"ListItem\",\"position\":2,\"name\":\"AMDEM pide el reconocimiento autom\u00e1tico del 33% y la puesta en marcha del nuevo baremo de discapacidad\"}]},{\"@type\":\"WebSite\",\"@id\":\"https:\\\/\\\/sindromecharge.es\\\/#website\",\"url\":\"https:\\\/\\\/sindromecharge.es\\\/\",\"name\":\"Asociaci\u00f3n Espa\u00f1ola S\u00edndrome de Charge\",\"description\":\"\",\"potentialAction\":[{\"@type\":\"SearchAction\",\"target\":{\"@type\":\"EntryPoint\",\"urlTemplate\":\"https:\\\/\\\/sindromecharge.es\\\/?s={search_term_string}\"},\"query-input\":{\"@type\":\"PropertyValueSpecification\",\"valueRequired\":true,\"valueName\":\"search_term_string\"}}],\"inLanguage\":\"es\"},{\"@type\":\"Person\",\"@id\":\"https:\\\/\\\/sindromecharge.es\\\/#\\\/schema\\\/person\\\/39a60ebe0a2b4d5a11179701e336b039\",\"name\":\"Charge\",\"image\":{\"@type\":\"ImageObject\",\"inLanguage\":\"es\",\"@id\":\"https:\\\/\\\/secure.gravatar.com\\\/avatar\\\/c3b46e32a0fc3b093a0873fb767bf3293de856293065e84ef06b7ec7a8acfb98?s=96&d=identicon&r=x\",\"url\":\"https:\\\/\\\/secure.gravatar.com\\\/avatar\\\/c3b46e32a0fc3b093a0873fb767bf3293de856293065e84ef06b7ec7a8acfb98?s=96&d=identicon&r=x\",\"contentUrl\":\"https:\\\/\\\/secure.gravatar.com\\\/avatar\\\/c3b46e32a0fc3b093a0873fb767bf3293de856293065e84ef06b7ec7a8acfb98?s=96&d=identicon&r=x\",\"caption\":\"Charge\"},\"url\":\"https:\\\/\\\/sindromecharge.es\\\/index.php\\\/author\\\/admin\\\/\"}]}<\/script>\n<!-- \/ Yoast SEO plugin. -->","yoast_head_json":{"title":"AMDEM pide el reconocimiento autom\u00e1tico del 33% y la puesta en marcha del nuevo baremo de discapacidad - Asociaci\u00f3n Espa\u00f1ola S\u00edndrome de Charge","robots":{"index":"index","follow":"follow","max-snippet":"max-snippet:-1","max-image-preview":"max-image-preview:large","max-video-preview":"max-video-preview:-1"},"canonical":"https:\/\/sindromecharge.es\/index.php\/2021\/05\/29\/amdem-pide-el-reconocimiento-automatico-del-33-y-la-puesta-en-marcha-del-nuevo-baremo-de-discapacidad\/","og_locale":"es_ES","og_type":"article","og_title":"AMDEM pide el reconocimiento autom\u00e1tico del 33% y la puesta en marcha del nuevo baremo de discapacidad - Asociaci\u00f3n Espa\u00f1ola S\u00edndrome de Charge","og_description":"Leemos en 20minutos la siguiente noticia que os reproducimos de forma \u00edntegra: El 70% de los casos se producen entre los 20 y 40 a\u00f1os, en pleno desarrollo personal y laboral. La incapacidad que provoca se caracteriza por trastornos motores, cognitivos y visuales, acompa\u00f1ada de otras alteraciones como ansiedad y depresi\u00f3n. La Asociaci\u00f3n Murciana de [&hellip;]","og_url":"https:\/\/sindromecharge.es\/index.php\/2021\/05\/29\/amdem-pide-el-reconocimiento-automatico-del-33-y-la-puesta-en-marcha-del-nuevo-baremo-de-discapacidad\/","og_site_name":"Asociaci\u00f3n Espa\u00f1ola S\u00edndrome de Charge","article_publisher":"https:\/\/www.facebook.com\/asociacionsindromecharge","article_published_time":"2021-05-29T10:46:08+00:00","og_image":[{"width":300,"height":98,"url":"https:\/\/sindromecharge.es\/wp-content\/uploads\/2013\/09\/logodecharge300x98.png","type":"image\/png"}],"author":"Charge","twitter_card":"summary_large_image","twitter_creator":"@sindromecharge","twitter_site":"@sindromecharge","twitter_misc":{"Escrito por":"Charge","Tiempo de lectura":"4 minutos"},"schema":{"@context":"https:\/\/schema.org","@graph":[{"@type":"Article","@id":"https:\/\/sindromecharge.es\/index.php\/2021\/05\/29\/amdem-pide-el-reconocimiento-automatico-del-33-y-la-puesta-en-marcha-del-nuevo-baremo-de-discapacidad\/#article","isPartOf":{"@id":"https:\/\/sindromecharge.es\/index.php\/2021\/05\/29\/amdem-pide-el-reconocimiento-automatico-del-33-y-la-puesta-en-marcha-del-nuevo-baremo-de-discapacidad\/"},"author":{"name":"Charge","@id":"https:\/\/sindromecharge.es\/#\/schema\/person\/39a60ebe0a2b4d5a11179701e336b039"},"headline":"AMDEM pide el reconocimiento autom\u00e1tico del 33% y la puesta en marcha del nuevo baremo de discapacidad","datePublished":"2021-05-29T10:46:08+00:00","mainEntityOfPage":{"@id":"https:\/\/sindromecharge.es\/index.php\/2021\/05\/29\/amdem-pide-el-reconocimiento-automatico-del-33-y-la-puesta-en-marcha-del-nuevo-baremo-de-discapacidad\/"},"wordCount":730,"commentCount":0,"keywords":["discapacidad"],"articleSection":["noticias"],"inLanguage":"es","potentialAction":[{"@type":"CommentAction","name":"Comment","target":["https:\/\/sindromecharge.es\/index.php\/2021\/05\/29\/amdem-pide-el-reconocimiento-automatico-del-33-y-la-puesta-en-marcha-del-nuevo-baremo-de-discapacidad\/#respond"]}]},{"@type":"WebPage","@id":"https:\/\/sindromecharge.es\/index.php\/2021\/05\/29\/amdem-pide-el-reconocimiento-automatico-del-33-y-la-puesta-en-marcha-del-nuevo-baremo-de-discapacidad\/","url":"https:\/\/sindromecharge.es\/index.php\/2021\/05\/29\/amdem-pide-el-reconocimiento-automatico-del-33-y-la-puesta-en-marcha-del-nuevo-baremo-de-discapacidad\/","name":"AMDEM pide el reconocimiento autom\u00e1tico del 33% y la puesta en marcha del nuevo baremo de discapacidad - Asociaci\u00f3n Espa\u00f1ola S\u00edndrome de Charge","isPartOf":{"@id":"https:\/\/sindromecharge.es\/#website"},"datePublished":"2021-05-29T10:46:08+00:00","author":{"@id":"https:\/\/sindromecharge.es\/#\/schema\/person\/39a60ebe0a2b4d5a11179701e336b039"},"breadcrumb":{"@id":"https:\/\/sindromecharge.es\/index.php\/2021\/05\/29\/amdem-pide-el-reconocimiento-automatico-del-33-y-la-puesta-en-marcha-del-nuevo-baremo-de-discapacidad\/#breadcrumb"},"inLanguage":"es","potentialAction":[{"@type":"ReadAction","target":["https:\/\/sindromecharge.es\/index.php\/2021\/05\/29\/amdem-pide-el-reconocimiento-automatico-del-33-y-la-puesta-en-marcha-del-nuevo-baremo-de-discapacidad\/"]}]},{"@type":"BreadcrumbList","@id":"https:\/\/sindromecharge.es\/index.php\/2021\/05\/29\/amdem-pide-el-reconocimiento-automatico-del-33-y-la-puesta-en-marcha-del-nuevo-baremo-de-discapacidad\/#breadcrumb","itemListElement":[{"@type":"ListItem","position":1,"name":"Portada","item":"https:\/\/sindromecharge.es\/"},{"@type":"ListItem","position":2,"name":"AMDEM pide el reconocimiento autom\u00e1tico del 33% y la puesta en marcha del nuevo baremo de discapacidad"}]},{"@type":"WebSite","@id":"https:\/\/sindromecharge.es\/#website","url":"https:\/\/sindromecharge.es\/","name":"Asociaci\u00f3n Espa\u00f1ola S\u00edndrome de Charge","description":"","potentialAction":[{"@type":"SearchAction","target":{"@type":"EntryPoint","urlTemplate":"https:\/\/sindromecharge.es\/?s={search_term_string}"},"query-input":{"@type":"PropertyValueSpecification","valueRequired":true,"valueName":"search_term_string"}}],"inLanguage":"es"},{"@type":"Person","@id":"https:\/\/sindromecharge.es\/#\/schema\/person\/39a60ebe0a2b4d5a11179701e336b039","name":"Charge","image":{"@type":"ImageObject","inLanguage":"es","@id":"https:\/\/secure.gravatar.com\/avatar\/c3b46e32a0fc3b093a0873fb767bf3293de856293065e84ef06b7ec7a8acfb98?s=96&d=identicon&r=x","url":"https:\/\/secure.gravatar.com\/avatar\/c3b46e32a0fc3b093a0873fb767bf3293de856293065e84ef06b7ec7a8acfb98?s=96&d=identicon&r=x","contentUrl":"https:\/\/secure.gravatar.com\/avatar\/c3b46e32a0fc3b093a0873fb767bf3293de856293065e84ef06b7ec7a8acfb98?s=96&d=identicon&r=x","caption":"Charge"},"url":"https:\/\/sindromecharge.es\/index.php\/author\/admin\/"}]}},"_links":{"self":[{"href":"https:\/\/sindromecharge.es\/index.php\/wp-json\/wp\/v2\/posts\/7225","targetHints":{"allow":["GET"]}}],"collection":[{"href":"https:\/\/sindromecharge.es\/index.php\/wp-json\/wp\/v2\/posts"}],"about":[{"href":"https:\/\/sindromecharge.es\/index.php\/wp-json\/wp\/v2\/types\/post"}],"author":[{"embeddable":true,"href":"https:\/\/sindromecharge.es\/index.php\/wp-json\/wp\/v2\/users\/1"}],"replies":[{"embeddable":true,"href":"https:\/\/sindromecharge.es\/index.php\/wp-json\/wp\/v2\/comments?post=7225"}],"version-history":[{"count":0,"href":"https:\/\/sindromecharge.es\/index.php\/wp-json\/wp\/v2\/posts\/7225\/revisions"}],"wp:attachment":[{"href":"https:\/\/sindromecharge.es\/index.php\/wp-json\/wp\/v2\/media?parent=7225"}],"wp:term":[{"taxonomy":"category","embeddable":true,"href":"https:\/\/sindromecharge.es\/index.php\/wp-json\/wp\/v2\/categories?post=7225"},{"taxonomy":"post_tag","embeddable":true,"href":"https:\/\/sindromecharge.es\/index.php\/wp-json\/wp\/v2\/tags?post=7225"}],"curies":[{"name":"wp","href":"https:\/\/api.w.org\/{rel}","templated":true}]}}