{"id":7224,"date":"2021-05-28T11:49:12","date_gmt":"2021-05-28T11:49:12","guid":{"rendered":"https:\/\/sindromecharge.es\/index.php\/2021\/05\/28\/igualdad-creara-este-ano-125-plazas-residenciales-para-personas-dependientes-en-sevilla\/"},"modified":"2021-05-28T11:49:12","modified_gmt":"2021-05-28T11:49:12","slug":"igualdad-creara-este-ano-125-plazas-residenciales-para-personas-dependientes-en-sevilla","status":"publish","type":"post","link":"https:\/\/sindromecharge.es\/index.php\/2021\/05\/28\/igualdad-creara-este-ano-125-plazas-residenciales-para-personas-dependientes-en-sevilla\/","title":{"rendered":"Igualdad crear\u00e1 este a\u00f1o 125 plazas residenciales para personas dependientes en Sevilla"},"content":{"rendered":"<p>Leemos en 20minutos la siguiente noticia que os reproducimos de forma \u00edntegra: <\/p>\n<p>En una nota de prensa, Gonz\u00e1lez ha explicado que se van a destinar 2,3 millones de euros a concertar 550 nuevas plazas con entidades prestadoras de servicios en residencias como en centros de d\u00eda. Estas nuevas plazas se suman al incremento de 250 plazas ya contempladas para este 2021.<\/p>\n<p>As\u00ed, en total, se destinar\u00e1n 750 plazas para centros residenciales (350 para personas mayores y 400 para personas con discapacidad), y 50 para atenci\u00f3n a la discapacidad en centros de d\u00eda. En la provincia de Sevilla ser\u00e1n 125 las plazas residenciales, 34 para personas mayores y 91 para personas con discapacidad.<\/p>\n<p>\u00abCuando llegamos a la Junta hab\u00eda un d\u00e9ficit importante en el sistema de atenci\u00f3n a la dependencia, con apenas 14 centros p\u00fablicos\u00bb, ha enfatizado la delegada. \u00abEl cambio ha sentado bien a Andaluc\u00eda, porque en s\u00f3lo dos a\u00f1os de legislatura hemos concertado 1.565 plazas, frente a las 263 de los cuatro a\u00f1os anteriores\u00bb.<\/p>\n<p>El nuevo incremento de plazas ha sido posible tras la modificaci\u00f3n presupuestaria de 103 millones de euros aprobada este martes por el Consejo de Gobierno. La generaci\u00f3n de cr\u00e9ditos aprobada est\u00e1 encaminada a llevar a cabo las medidas necesarias para suscribir el convenio entre la Comunidad andaluza y el Ministerio de Derechos Sociales y Agenda 2030, tal y como establece el plan de choque estatal en materia de Dependencia, en el marco de cooperaci\u00f3n interadministrativa.<\/p>\n<p>De esa cifra, 59 millones ir\u00e1n destinados a incrementar en 17.085 en n\u00famero de beneficiarios del Sistema para la Autonom\u00eda y Atenci\u00f3n de la Dependencia (SAAD), que a 31 de diciembre se situ\u00f3 en 228.551. \u00abNuestro objetivo es alcanzar a final de a\u00f1o las 250.000 personas beneficiarias y reducir a\u00fan m\u00e1s las listas de espera y los tiempos de tramitaci\u00f3n de las solicitudes\u00bb, ha insistido Gonz\u00e1lez. En Sevilla la previsi\u00f3n es incorporar a 3.238 personas m\u00e1s en este a\u00f1o.<\/p>\n<p>Adem\u00e1s, la Consejer\u00eda quiere asegurar las condiciones laborales y profesionales de las personas que trabajan en el SAAD e introducir mejoras en los servicios y prestaciones para garantizar una atenci\u00f3n adecuada. As\u00ed, la delegada territorial ha explicado que se ha aprobado con efecto retroactivo desde el 1 de enero un incremento del 2,6 por ciento en el coste de la plazas concertadas en centros residenciales, centros de d\u00eda y de terapia ocupacional\u00bb, una medida que supondr\u00e1 una inversi\u00f3n de 15 millones de euros.<\/p>\n<p>A ella se suma otra ayuda extraordinaria de 10,4 millones de euros para minimizar el impacto y los gastos derivados de la pandemia de coronavirus en estas instalaciones.<\/p>\n<p>ALREDEDORE DE 700 CONTRATACIONES<\/p>\n<p>Gonz\u00e1lez ha explicado que se van a destinar 12 millones para personal con el objetivo de agilizar los tr\u00e1mites de la dependencia, en concreto, 5,5 millones para Servicios Sociales Comunitarios de los ayuntamientos y 5,6 millones para la Agencia de la Dependencia y las delegaciones territoriales, lo que permitir\u00e1 contratar a unas 700 personas, principalmente personal encargado de agilizar las Propuestas Individuales de Atenci\u00f3n (PIA). Sevilla contar\u00e1 con un refuerzo de 58 personas adscritas a la delegaci\u00f3n territorial.<\/p>\n<p>\u00abLa atenci\u00f3n a la dependencia es una cuesti\u00f3n de gran calado social, especialmente en una sociedad como la espa\u00f1ola y la andaluza, que est\u00e1 sufriendo un progresivo proceso de envejecimiento\u00bb, ha dicho la delegada, que ha resaltado la necesidad de un Pacto de Estado que blinde la prestaci\u00f3n del servicio y garantice la financiaci\u00f3n necesaria por parte del Gobierno central.<\/p>\n<p>Asimismo, Gonz\u00e1lez ha apostado por un cambio de modelo hacia un sistema \u00abm\u00e1s centrado en la persona y en sus necesidades, como el que tenemos en Andaluc\u00eda\u00bb. Tambi\u00e9n en materia de personal, la Consejer\u00eda se ha marcado como objetivo asegurar que las condiciones laborales y profesionales de las personas que trabajan en la dependencia sean adecuadas.<\/p>\n<p>En Andaluc\u00eda se ha incrementado en un 12,3 por ciento el coste\/hora m\u00e1ximo del Servicio de Ayuda a Domicilio (SAD), vigente desde el pasado 1 de marzo. Este incremento, que se produce despu\u00e9s de 13 a\u00f1os congelado, supone que el coste de la hora quede fijado en 14,6 euros frente a los 13 euros de la \u00faltima d\u00e9cada.<\/p>\n<p>Fuente: 20minutos <a href=\"https:\/\/www.20minutos.es\/noticia\/4711747\/0\/igualdad-creara-este-ano-125-plazas-residenciales-para-personas-dependientes-en-sevilla\/\" target=\"_blank\" rel=\"noopener\">Igualdad crear\u00e1 este a\u00f1o 125 plazas residenciales para personas dependientes en Sevilla<\/a><\/p>\n","protected":false},"excerpt":{"rendered":"<p>Leemos en 20minutos la siguiente noticia que os reproducimos de forma \u00edntegra: En una nota de prensa, Gonz\u00e1lez ha explicado que se van a destinar 2,3 millones de euros a concertar 550 nuevas plazas con entidades prestadoras de servicios en residencias como en centros de d\u00eda. Estas nuevas plazas se suman al incremento de 250 [&hellip;]<\/p>\n","protected":false},"author":1,"featured_media":0,"comment_status":"open","ping_status":"closed","sticky":false,"template":"","format":"standard","meta":{"footnotes":""},"categories":[8],"tags":[31],"class_list":["post-7224","post","type-post","status-publish","format-standard","hentry","category-noticias","tag-discapacidad"],"yoast_head":"<!-- This site is optimized with the Yoast SEO plugin v27.4 - https:\/\/yoast.com\/product\/yoast-seo-wordpress\/ -->\n<title>Igualdad crear\u00e1 este a\u00f1o 125 plazas residenciales para personas dependientes en Sevilla - Asociaci\u00f3n Espa\u00f1ola S\u00edndrome de Charge<\/title>\n<meta name=\"robots\" content=\"index, follow, max-snippet:-1, max-image-preview:large, max-video-preview:-1\" \/>\n<link rel=\"canonical\" href=\"https:\/\/sindromecharge.es\/index.php\/2021\/05\/28\/igualdad-creara-este-ano-125-plazas-residenciales-para-personas-dependientes-en-sevilla\/\" \/>\n<meta property=\"og:locale\" content=\"es_ES\" \/>\n<meta property=\"og:type\" content=\"article\" \/>\n<meta property=\"og:title\" content=\"Igualdad crear\u00e1 este a\u00f1o 125 plazas residenciales para personas dependientes en Sevilla - Asociaci\u00f3n Espa\u00f1ola S\u00edndrome de Charge\" \/>\n<meta property=\"og:description\" content=\"Leemos en 20minutos la siguiente noticia que os reproducimos de forma \u00edntegra: En una nota de prensa, Gonz\u00e1lez ha explicado que se van a destinar 2,3 millones de euros a concertar 550 nuevas plazas con entidades prestadoras de servicios en residencias como en centros de d\u00eda. Estas nuevas plazas se suman al incremento de 250 [&hellip;]\" \/>\n<meta property=\"og:url\" content=\"https:\/\/sindromecharge.es\/index.php\/2021\/05\/28\/igualdad-creara-este-ano-125-plazas-residenciales-para-personas-dependientes-en-sevilla\/\" \/>\n<meta property=\"og:site_name\" content=\"Asociaci\u00f3n Espa\u00f1ola S\u00edndrome de Charge\" \/>\n<meta property=\"article:publisher\" content=\"https:\/\/www.facebook.com\/asociacionsindromecharge\" \/>\n<meta property=\"article:published_time\" content=\"2021-05-28T11:49:12+00:00\" \/>\n<meta property=\"og:image\" content=\"https:\/\/sindromecharge.es\/wp-content\/uploads\/2013\/09\/logodecharge300x98.png\" \/>\n\t<meta property=\"og:image:width\" content=\"300\" \/>\n\t<meta property=\"og:image:height\" content=\"98\" \/>\n\t<meta property=\"og:image:type\" content=\"image\/png\" \/>\n<meta name=\"author\" content=\"Charge\" \/>\n<meta name=\"twitter:card\" content=\"summary_large_image\" \/>\n<meta name=\"twitter:creator\" content=\"@sindromecharge\" \/>\n<meta name=\"twitter:site\" content=\"@sindromecharge\" \/>\n<meta name=\"twitter:label1\" content=\"Escrito por\" \/>\n\t<meta name=\"twitter:data1\" content=\"Charge\" \/>\n\t<meta name=\"twitter:label2\" content=\"Tiempo de lectura\" \/>\n\t<meta name=\"twitter:data2\" content=\"4 minutos\" \/>\n<script type=\"application\/ld+json\" class=\"yoast-schema-graph\">{\"@context\":\"https:\\\/\\\/schema.org\",\"@graph\":[{\"@type\":\"Article\",\"@id\":\"https:\\\/\\\/sindromecharge.es\\\/index.php\\\/2021\\\/05\\\/28\\\/igualdad-creara-este-ano-125-plazas-residenciales-para-personas-dependientes-en-sevilla\\\/#article\",\"isPartOf\":{\"@id\":\"https:\\\/\\\/sindromecharge.es\\\/index.php\\\/2021\\\/05\\\/28\\\/igualdad-creara-este-ano-125-plazas-residenciales-para-personas-dependientes-en-sevilla\\\/\"},\"author\":{\"name\":\"Charge\",\"@id\":\"https:\\\/\\\/sindromecharge.es\\\/#\\\/schema\\\/person\\\/39a60ebe0a2b4d5a11179701e336b039\"},\"headline\":\"Igualdad crear\u00e1 este a\u00f1o 125 plazas residenciales para personas dependientes en Sevilla\",\"datePublished\":\"2021-05-28T11:49:12+00:00\",\"mainEntityOfPage\":{\"@id\":\"https:\\\/\\\/sindromecharge.es\\\/index.php\\\/2021\\\/05\\\/28\\\/igualdad-creara-este-ano-125-plazas-residenciales-para-personas-dependientes-en-sevilla\\\/\"},\"wordCount\":730,\"commentCount\":0,\"keywords\":[\"discapacidad\"],\"articleSection\":[\"noticias\"],\"inLanguage\":\"es\",\"potentialAction\":[{\"@type\":\"CommentAction\",\"name\":\"Comment\",\"target\":[\"https:\\\/\\\/sindromecharge.es\\\/index.php\\\/2021\\\/05\\\/28\\\/igualdad-creara-este-ano-125-plazas-residenciales-para-personas-dependientes-en-sevilla\\\/#respond\"]}]},{\"@type\":\"WebPage\",\"@id\":\"https:\\\/\\\/sindromecharge.es\\\/index.php\\\/2021\\\/05\\\/28\\\/igualdad-creara-este-ano-125-plazas-residenciales-para-personas-dependientes-en-sevilla\\\/\",\"url\":\"https:\\\/\\\/sindromecharge.es\\\/index.php\\\/2021\\\/05\\\/28\\\/igualdad-creara-este-ano-125-plazas-residenciales-para-personas-dependientes-en-sevilla\\\/\",\"name\":\"Igualdad crear\u00e1 este a\u00f1o 125 plazas residenciales para personas dependientes en Sevilla - Asociaci\u00f3n Espa\u00f1ola S\u00edndrome de Charge\",\"isPartOf\":{\"@id\":\"https:\\\/\\\/sindromecharge.es\\\/#website\"},\"datePublished\":\"2021-05-28T11:49:12+00:00\",\"author\":{\"@id\":\"https:\\\/\\\/sindromecharge.es\\\/#\\\/schema\\\/person\\\/39a60ebe0a2b4d5a11179701e336b039\"},\"breadcrumb\":{\"@id\":\"https:\\\/\\\/sindromecharge.es\\\/index.php\\\/2021\\\/05\\\/28\\\/igualdad-creara-este-ano-125-plazas-residenciales-para-personas-dependientes-en-sevilla\\\/#breadcrumb\"},\"inLanguage\":\"es\",\"potentialAction\":[{\"@type\":\"ReadAction\",\"target\":[\"https:\\\/\\\/sindromecharge.es\\\/index.php\\\/2021\\\/05\\\/28\\\/igualdad-creara-este-ano-125-plazas-residenciales-para-personas-dependientes-en-sevilla\\\/\"]}]},{\"@type\":\"BreadcrumbList\",\"@id\":\"https:\\\/\\\/sindromecharge.es\\\/index.php\\\/2021\\\/05\\\/28\\\/igualdad-creara-este-ano-125-plazas-residenciales-para-personas-dependientes-en-sevilla\\\/#breadcrumb\",\"itemListElement\":[{\"@type\":\"ListItem\",\"position\":1,\"name\":\"Portada\",\"item\":\"https:\\\/\\\/sindromecharge.es\\\/\"},{\"@type\":\"ListItem\",\"position\":2,\"name\":\"Igualdad crear\u00e1 este a\u00f1o 125 plazas residenciales para personas dependientes en Sevilla\"}]},{\"@type\":\"WebSite\",\"@id\":\"https:\\\/\\\/sindromecharge.es\\\/#website\",\"url\":\"https:\\\/\\\/sindromecharge.es\\\/\",\"name\":\"Asociaci\u00f3n Espa\u00f1ola S\u00edndrome de Charge\",\"description\":\"\",\"potentialAction\":[{\"@type\":\"SearchAction\",\"target\":{\"@type\":\"EntryPoint\",\"urlTemplate\":\"https:\\\/\\\/sindromecharge.es\\\/?s={search_term_string}\"},\"query-input\":{\"@type\":\"PropertyValueSpecification\",\"valueRequired\":true,\"valueName\":\"search_term_string\"}}],\"inLanguage\":\"es\"},{\"@type\":\"Person\",\"@id\":\"https:\\\/\\\/sindromecharge.es\\\/#\\\/schema\\\/person\\\/39a60ebe0a2b4d5a11179701e336b039\",\"name\":\"Charge\",\"image\":{\"@type\":\"ImageObject\",\"inLanguage\":\"es\",\"@id\":\"https:\\\/\\\/secure.gravatar.com\\\/avatar\\\/c3b46e32a0fc3b093a0873fb767bf3293de856293065e84ef06b7ec7a8acfb98?s=96&d=identicon&r=x\",\"url\":\"https:\\\/\\\/secure.gravatar.com\\\/avatar\\\/c3b46e32a0fc3b093a0873fb767bf3293de856293065e84ef06b7ec7a8acfb98?s=96&d=identicon&r=x\",\"contentUrl\":\"https:\\\/\\\/secure.gravatar.com\\\/avatar\\\/c3b46e32a0fc3b093a0873fb767bf3293de856293065e84ef06b7ec7a8acfb98?s=96&d=identicon&r=x\",\"caption\":\"Charge\"},\"url\":\"https:\\\/\\\/sindromecharge.es\\\/index.php\\\/author\\\/admin\\\/\"}]}<\/script>\n<!-- \/ Yoast SEO plugin. -->","yoast_head_json":{"title":"Igualdad crear\u00e1 este a\u00f1o 125 plazas residenciales para personas dependientes en Sevilla - Asociaci\u00f3n Espa\u00f1ola S\u00edndrome de Charge","robots":{"index":"index","follow":"follow","max-snippet":"max-snippet:-1","max-image-preview":"max-image-preview:large","max-video-preview":"max-video-preview:-1"},"canonical":"https:\/\/sindromecharge.es\/index.php\/2021\/05\/28\/igualdad-creara-este-ano-125-plazas-residenciales-para-personas-dependientes-en-sevilla\/","og_locale":"es_ES","og_type":"article","og_title":"Igualdad crear\u00e1 este a\u00f1o 125 plazas residenciales para personas dependientes en Sevilla - Asociaci\u00f3n Espa\u00f1ola S\u00edndrome de Charge","og_description":"Leemos en 20minutos la siguiente noticia que os reproducimos de forma \u00edntegra: En una nota de prensa, Gonz\u00e1lez ha explicado que se van a destinar 2,3 millones de euros a concertar 550 nuevas plazas con entidades prestadoras de servicios en residencias como en centros de d\u00eda. Estas nuevas plazas se suman al incremento de 250 [&hellip;]","og_url":"https:\/\/sindromecharge.es\/index.php\/2021\/05\/28\/igualdad-creara-este-ano-125-plazas-residenciales-para-personas-dependientes-en-sevilla\/","og_site_name":"Asociaci\u00f3n Espa\u00f1ola S\u00edndrome de Charge","article_publisher":"https:\/\/www.facebook.com\/asociacionsindromecharge","article_published_time":"2021-05-28T11:49:12+00:00","og_image":[{"width":300,"height":98,"url":"https:\/\/sindromecharge.es\/wp-content\/uploads\/2013\/09\/logodecharge300x98.png","type":"image\/png"}],"author":"Charge","twitter_card":"summary_large_image","twitter_creator":"@sindromecharge","twitter_site":"@sindromecharge","twitter_misc":{"Escrito por":"Charge","Tiempo de lectura":"4 minutos"},"schema":{"@context":"https:\/\/schema.org","@graph":[{"@type":"Article","@id":"https:\/\/sindromecharge.es\/index.php\/2021\/05\/28\/igualdad-creara-este-ano-125-plazas-residenciales-para-personas-dependientes-en-sevilla\/#article","isPartOf":{"@id":"https:\/\/sindromecharge.es\/index.php\/2021\/05\/28\/igualdad-creara-este-ano-125-plazas-residenciales-para-personas-dependientes-en-sevilla\/"},"author":{"name":"Charge","@id":"https:\/\/sindromecharge.es\/#\/schema\/person\/39a60ebe0a2b4d5a11179701e336b039"},"headline":"Igualdad crear\u00e1 este a\u00f1o 125 plazas residenciales para personas dependientes en Sevilla","datePublished":"2021-05-28T11:49:12+00:00","mainEntityOfPage":{"@id":"https:\/\/sindromecharge.es\/index.php\/2021\/05\/28\/igualdad-creara-este-ano-125-plazas-residenciales-para-personas-dependientes-en-sevilla\/"},"wordCount":730,"commentCount":0,"keywords":["discapacidad"],"articleSection":["noticias"],"inLanguage":"es","potentialAction":[{"@type":"CommentAction","name":"Comment","target":["https:\/\/sindromecharge.es\/index.php\/2021\/05\/28\/igualdad-creara-este-ano-125-plazas-residenciales-para-personas-dependientes-en-sevilla\/#respond"]}]},{"@type":"WebPage","@id":"https:\/\/sindromecharge.es\/index.php\/2021\/05\/28\/igualdad-creara-este-ano-125-plazas-residenciales-para-personas-dependientes-en-sevilla\/","url":"https:\/\/sindromecharge.es\/index.php\/2021\/05\/28\/igualdad-creara-este-ano-125-plazas-residenciales-para-personas-dependientes-en-sevilla\/","name":"Igualdad crear\u00e1 este a\u00f1o 125 plazas residenciales para personas dependientes en Sevilla - Asociaci\u00f3n Espa\u00f1ola S\u00edndrome de Charge","isPartOf":{"@id":"https:\/\/sindromecharge.es\/#website"},"datePublished":"2021-05-28T11:49:12+00:00","author":{"@id":"https:\/\/sindromecharge.es\/#\/schema\/person\/39a60ebe0a2b4d5a11179701e336b039"},"breadcrumb":{"@id":"https:\/\/sindromecharge.es\/index.php\/2021\/05\/28\/igualdad-creara-este-ano-125-plazas-residenciales-para-personas-dependientes-en-sevilla\/#breadcrumb"},"inLanguage":"es","potentialAction":[{"@type":"ReadAction","target":["https:\/\/sindromecharge.es\/index.php\/2021\/05\/28\/igualdad-creara-este-ano-125-plazas-residenciales-para-personas-dependientes-en-sevilla\/"]}]},{"@type":"BreadcrumbList","@id":"https:\/\/sindromecharge.es\/index.php\/2021\/05\/28\/igualdad-creara-este-ano-125-plazas-residenciales-para-personas-dependientes-en-sevilla\/#breadcrumb","itemListElement":[{"@type":"ListItem","position":1,"name":"Portada","item":"https:\/\/sindromecharge.es\/"},{"@type":"ListItem","position":2,"name":"Igualdad crear\u00e1 este a\u00f1o 125 plazas residenciales para personas dependientes en Sevilla"}]},{"@type":"WebSite","@id":"https:\/\/sindromecharge.es\/#website","url":"https:\/\/sindromecharge.es\/","name":"Asociaci\u00f3n Espa\u00f1ola S\u00edndrome de Charge","description":"","potentialAction":[{"@type":"SearchAction","target":{"@type":"EntryPoint","urlTemplate":"https:\/\/sindromecharge.es\/?s={search_term_string}"},"query-input":{"@type":"PropertyValueSpecification","valueRequired":true,"valueName":"search_term_string"}}],"inLanguage":"es"},{"@type":"Person","@id":"https:\/\/sindromecharge.es\/#\/schema\/person\/39a60ebe0a2b4d5a11179701e336b039","name":"Charge","image":{"@type":"ImageObject","inLanguage":"es","@id":"https:\/\/secure.gravatar.com\/avatar\/c3b46e32a0fc3b093a0873fb767bf3293de856293065e84ef06b7ec7a8acfb98?s=96&d=identicon&r=x","url":"https:\/\/secure.gravatar.com\/avatar\/c3b46e32a0fc3b093a0873fb767bf3293de856293065e84ef06b7ec7a8acfb98?s=96&d=identicon&r=x","contentUrl":"https:\/\/secure.gravatar.com\/avatar\/c3b46e32a0fc3b093a0873fb767bf3293de856293065e84ef06b7ec7a8acfb98?s=96&d=identicon&r=x","caption":"Charge"},"url":"https:\/\/sindromecharge.es\/index.php\/author\/admin\/"}]}},"_links":{"self":[{"href":"https:\/\/sindromecharge.es\/index.php\/wp-json\/wp\/v2\/posts\/7224","targetHints":{"allow":["GET"]}}],"collection":[{"href":"https:\/\/sindromecharge.es\/index.php\/wp-json\/wp\/v2\/posts"}],"about":[{"href":"https:\/\/sindromecharge.es\/index.php\/wp-json\/wp\/v2\/types\/post"}],"author":[{"embeddable":true,"href":"https:\/\/sindromecharge.es\/index.php\/wp-json\/wp\/v2\/users\/1"}],"replies":[{"embeddable":true,"href":"https:\/\/sindromecharge.es\/index.php\/wp-json\/wp\/v2\/comments?post=7224"}],"version-history":[{"count":0,"href":"https:\/\/sindromecharge.es\/index.php\/wp-json\/wp\/v2\/posts\/7224\/revisions"}],"wp:attachment":[{"href":"https:\/\/sindromecharge.es\/index.php\/wp-json\/wp\/v2\/media?parent=7224"}],"wp:term":[{"taxonomy":"category","embeddable":true,"href":"https:\/\/sindromecharge.es\/index.php\/wp-json\/wp\/v2\/categories?post=7224"},{"taxonomy":"post_tag","embeddable":true,"href":"https:\/\/sindromecharge.es\/index.php\/wp-json\/wp\/v2\/tags?post=7224"}],"curies":[{"name":"wp","href":"https:\/\/api.w.org\/{rel}","templated":true}]}}