{"id":7223,"date":"2021-05-28T08:43:25","date_gmt":"2021-05-28T08:43:25","guid":{"rendered":"https:\/\/sindromecharge.es\/index.php\/2021\/05\/28\/nos-unimos-a-los-dias-internacionales-del-sindrome-de-treacher-collins-y-de-prader-willi\/"},"modified":"2021-05-28T08:43:25","modified_gmt":"2021-05-28T08:43:25","slug":"nos-unimos-a-los-dias-internacionales-del-sindrome-de-treacher-collins-y-de-prader-willi","status":"publish","type":"post","link":"https:\/\/sindromecharge.es\/index.php\/2021\/05\/28\/nos-unimos-a-los-dias-internacionales-del-sindrome-de-treacher-collins-y-de-prader-willi\/","title":{"rendered":"Nos unimos a los d\u00edas internacionales del S\u00edndrome de Treacher Collins y de Prader-Willi"},"content":{"rendered":"<p>Leemos en FEDER la siguiente noticia que os reproducimos de forma \u00edntegra: <\/p>\n<p><p>La Federaci\u00f3n Espa\u00f1ola de Enfermedades Raras (FEDER) se une&nbsp;a los d\u00edas internacionales de los S\u00edndromes de Treacher Collins y de Prader-Willi para impulsar la concienciaci\u00f3n sobre estas enfermedades poco frecuentes, reflejando la realidad del colectivo y potenciar la transformaci\u00f3n social.&nbsp;<\/p>\n<p>\u201cToda la familia FEDER se quiere unir a cada uno de estos d\u00edas para visibilizar la realidad del colectivo de pacientes y familiares, adem\u00e1s, enmarcado en estas jornadas queremos aplaudir la labor del tejido asociativo, que trabaja diaramente para mejorar la calidad de vida de las personas con estas enfermedads poco frecuentes.\u201d afirma Juan Carri\u00f3n, presidente de FEDER y su Fundaci\u00f3n.<\/p>\n<p><span style=\"font-size: 12pt\">D\u00eda Mundial del S\u00edndrome Treacher-Collins&nbsp;<\/span><\/p>\n<p>Hoy&nbsp;se celebra el D\u00eda Mundial del S\u00edndrome de Treacher Collins, una malformaci\u00f3n craneofacial cong\u00e9nita rara, discapacitante e incurable que afecta a dos de cada 100.000 nacimientos.&nbsp;Su causa es una mutaci\u00f3n gen\u00e9tica del cromosoma 5 (Treacle), que es el que influye en el desarrollo facial.<\/p>\n<p>Entidades como la Asociaci\u00f3n Nacional S\u00edndrome de Treacher Collins&nbsp;trabajan para garantizar la calidad de vida del colectivo. Adem\u00e1s, enmarcado en esta jornada, la entidad&nbsp;lanza una campa\u00f1a en redes sociales en la que animan a la poblaci\u00f3n a dibujar o bordar una sonrisa en la mascarilla, hacerse una foto y subirla con los hashtags #TodosConSonrisa #TreacherCollinsS\u00edndrome #DiaTCS<\/p>\n<p><span style=\"font-size: 12pt\">D\u00eda Internacional del S\u00edndrome de Prader-Willi<\/span><\/p>\n<p>Esta jornada se celebra el 30 de mayo y tiene como objetivo visibilizar la realidad de esta enfermedad poco frecuente que tiene una incidencia de 1 por cada 15.000 reci\u00e9n nacidos. Por otro lado, esta patolog\u00eda&nbsp;presenta unas manifestaciones caracter\u00edsticas, como hiperfagia o d\u00e9ficit&nbsp;de hormona de crecimiento, entre otros, pero existe mucha variabilidad de presentaci\u00f3n en cada persona.<\/p>\n<p>Las asociaciones de pacientes y familiares trabajan para defender los derechos de las personas que conviven con S\u00edndrome de Prader-Willi, adem\u00e1s, son un apoyo fundamental para las familias ya que, les ofrecen informaci\u00f3n y orientaci\u00f3n para hacer frente a la patolog\u00eda. Las entidades, promueven tambi\u00e9n la integraci\u00f3n social y escolar de los pacientes, as\u00ed como, la difusi\u00f3n de informaci\u00f3n a la poblaci\u00f3n para impulsar la transformaci\u00f3n social.<\/p>\n<p>Toda esta labor la realizan entidades como: la Asociaci\u00f3n Espa\u00f1ola para el S\u00edndrome de Prader Willi, la Asociaci\u00f3n del S\u00edndrome de Prader Willi de Andaluc\u00eda, la Asociaci\u00f3n Catalana para el S\u00edndrome de Prader Willi y la Asociaci\u00f3n Valenciana S\u00edndrome Prader Willi.<\/p>\n<p>Por otro lado, enmarcado en esta jornada, la Asociaci\u00f3n Espa\u00f1ola para el S\u00edndrome de Prader-Willi lanza&nbsp;una campa\u00f1a de concienciaci\u00f3n con el lema \u2018No es porque quiero\u2019 para posicionar los desaf\u00edos a los que se enfrenta el colectivo como es la falta de informaci\u00f3n, el desconocimiento y la falta de apoyo por parte de las administraciones. Adem\u00e1s, enmarcado en esta iniciativa, animan a la sociedad a unirse a ella a trav\u00e9s del hashtag #NoesPorqueQuiero<\/p>\n<p>\u00daltima actualizaci\u00f3n 28\/05\/2021<\/p>\n<\/p>\n<p>Fuente: FEDER <a href=\"https:\/\/enfermedades-raras.org\/index.php\/actualidad\/noticias-eventos\/2-feder\/15437-nos-unimos-a-los-d%C3%ADas-internacionales-del-s%C3%ADndrome-de-treacher-collins-y-de-prader-willi\" target=\"_blank\" rel=\"noopener\">Nos unimos a los d\u00edas internacionales del S\u00edndrome de Treacher Collins y de Prader-Willi<\/a><\/p>\n","protected":false},"excerpt":{"rendered":"<p>Leemos en FEDER la siguiente noticia que os reproducimos de forma \u00edntegra: La Federaci\u00f3n Espa\u00f1ola de Enfermedades Raras (FEDER) se une&nbsp;a los d\u00edas internacionales de los S\u00edndromes de Treacher Collins y de Prader-Willi para impulsar la concienciaci\u00f3n sobre estas enfermedades poco frecuentes, reflejando la realidad del colectivo y potenciar la transformaci\u00f3n social.&nbsp; \u201cToda la familia [&hellip;]<\/p>\n","protected":false},"author":1,"featured_media":0,"comment_status":"open","ping_status":"closed","sticky":false,"template":"","format":"standard","meta":{"footnotes":""},"categories":[8],"tags":[36],"class_list":["post-7223","post","type-post","status-publish","format-standard","hentry","category-noticias","tag-enfermedades-raras"],"yoast_head":"<!-- This site is optimized with the Yoast SEO plugin v27.4 - https:\/\/yoast.com\/product\/yoast-seo-wordpress\/ -->\n<title>Nos unimos a los d\u00edas internacionales del S\u00edndrome de Treacher Collins y de Prader-Willi - Asociaci\u00f3n Espa\u00f1ola S\u00edndrome de Charge<\/title>\n<meta name=\"robots\" content=\"index, follow, max-snippet:-1, max-image-preview:large, max-video-preview:-1\" \/>\n<link rel=\"canonical\" href=\"https:\/\/sindromecharge.es\/index.php\/2021\/05\/28\/nos-unimos-a-los-dias-internacionales-del-sindrome-de-treacher-collins-y-de-prader-willi\/\" \/>\n<meta property=\"og:locale\" content=\"es_ES\" \/>\n<meta property=\"og:type\" content=\"article\" \/>\n<meta property=\"og:title\" content=\"Nos unimos a los d\u00edas internacionales del S\u00edndrome de Treacher Collins y de Prader-Willi - Asociaci\u00f3n Espa\u00f1ola S\u00edndrome de Charge\" \/>\n<meta property=\"og:description\" content=\"Leemos en FEDER la siguiente noticia que os reproducimos de forma \u00edntegra: La Federaci\u00f3n Espa\u00f1ola de Enfermedades Raras (FEDER) se une&nbsp;a los d\u00edas internacionales de los S\u00edndromes de Treacher Collins y de Prader-Willi para impulsar la concienciaci\u00f3n sobre estas enfermedades poco frecuentes, reflejando la realidad del colectivo y potenciar la transformaci\u00f3n social.&nbsp; \u201cToda la familia [&hellip;]\" \/>\n<meta property=\"og:url\" content=\"https:\/\/sindromecharge.es\/index.php\/2021\/05\/28\/nos-unimos-a-los-dias-internacionales-del-sindrome-de-treacher-collins-y-de-prader-willi\/\" \/>\n<meta property=\"og:site_name\" content=\"Asociaci\u00f3n Espa\u00f1ola S\u00edndrome de Charge\" \/>\n<meta property=\"article:publisher\" content=\"https:\/\/www.facebook.com\/asociacionsindromecharge\" \/>\n<meta property=\"article:published_time\" content=\"2021-05-28T08:43:25+00:00\" \/>\n<meta property=\"og:image\" content=\"https:\/\/sindromecharge.es\/wp-content\/uploads\/2013\/09\/logodecharge300x98.png\" \/>\n\t<meta property=\"og:image:width\" content=\"300\" \/>\n\t<meta property=\"og:image:height\" content=\"98\" \/>\n\t<meta property=\"og:image:type\" content=\"image\/png\" \/>\n<meta name=\"author\" content=\"Charge\" \/>\n<meta name=\"twitter:card\" content=\"summary_large_image\" \/>\n<meta name=\"twitter:creator\" content=\"@sindromecharge\" \/>\n<meta name=\"twitter:site\" content=\"@sindromecharge\" \/>\n<meta name=\"twitter:label1\" content=\"Escrito por\" \/>\n\t<meta name=\"twitter:data1\" content=\"Charge\" \/>\n\t<meta name=\"twitter:label2\" content=\"Tiempo de lectura\" \/>\n\t<meta name=\"twitter:data2\" content=\"3 minutos\" \/>\n<script type=\"application\/ld+json\" class=\"yoast-schema-graph\">{\"@context\":\"https:\\\/\\\/schema.org\",\"@graph\":[{\"@type\":\"Article\",\"@id\":\"https:\\\/\\\/sindromecharge.es\\\/index.php\\\/2021\\\/05\\\/28\\\/nos-unimos-a-los-dias-internacionales-del-sindrome-de-treacher-collins-y-de-prader-willi\\\/#article\",\"isPartOf\":{\"@id\":\"https:\\\/\\\/sindromecharge.es\\\/index.php\\\/2021\\\/05\\\/28\\\/nos-unimos-a-los-dias-internacionales-del-sindrome-de-treacher-collins-y-de-prader-willi\\\/\"},\"author\":{\"name\":\"Charge\",\"@id\":\"https:\\\/\\\/sindromecharge.es\\\/#\\\/schema\\\/person\\\/39a60ebe0a2b4d5a11179701e336b039\"},\"headline\":\"Nos unimos a los d\u00edas internacionales del S\u00edndrome de Treacher Collins y de Prader-Willi\",\"datePublished\":\"2021-05-28T08:43:25+00:00\",\"mainEntityOfPage\":{\"@id\":\"https:\\\/\\\/sindromecharge.es\\\/index.php\\\/2021\\\/05\\\/28\\\/nos-unimos-a-los-dias-internacionales-del-sindrome-de-treacher-collins-y-de-prader-willi\\\/\"},\"wordCount\":573,\"commentCount\":0,\"keywords\":[\"enfermedades raras\"],\"articleSection\":[\"noticias\"],\"inLanguage\":\"es\",\"potentialAction\":[{\"@type\":\"CommentAction\",\"name\":\"Comment\",\"target\":[\"https:\\\/\\\/sindromecharge.es\\\/index.php\\\/2021\\\/05\\\/28\\\/nos-unimos-a-los-dias-internacionales-del-sindrome-de-treacher-collins-y-de-prader-willi\\\/#respond\"]}]},{\"@type\":\"WebPage\",\"@id\":\"https:\\\/\\\/sindromecharge.es\\\/index.php\\\/2021\\\/05\\\/28\\\/nos-unimos-a-los-dias-internacionales-del-sindrome-de-treacher-collins-y-de-prader-willi\\\/\",\"url\":\"https:\\\/\\\/sindromecharge.es\\\/index.php\\\/2021\\\/05\\\/28\\\/nos-unimos-a-los-dias-internacionales-del-sindrome-de-treacher-collins-y-de-prader-willi\\\/\",\"name\":\"Nos unimos a los d\u00edas internacionales del S\u00edndrome de Treacher Collins y de Prader-Willi - Asociaci\u00f3n Espa\u00f1ola S\u00edndrome de Charge\",\"isPartOf\":{\"@id\":\"https:\\\/\\\/sindromecharge.es\\\/#website\"},\"datePublished\":\"2021-05-28T08:43:25+00:00\",\"author\":{\"@id\":\"https:\\\/\\\/sindromecharge.es\\\/#\\\/schema\\\/person\\\/39a60ebe0a2b4d5a11179701e336b039\"},\"breadcrumb\":{\"@id\":\"https:\\\/\\\/sindromecharge.es\\\/index.php\\\/2021\\\/05\\\/28\\\/nos-unimos-a-los-dias-internacionales-del-sindrome-de-treacher-collins-y-de-prader-willi\\\/#breadcrumb\"},\"inLanguage\":\"es\",\"potentialAction\":[{\"@type\":\"ReadAction\",\"target\":[\"https:\\\/\\\/sindromecharge.es\\\/index.php\\\/2021\\\/05\\\/28\\\/nos-unimos-a-los-dias-internacionales-del-sindrome-de-treacher-collins-y-de-prader-willi\\\/\"]}]},{\"@type\":\"BreadcrumbList\",\"@id\":\"https:\\\/\\\/sindromecharge.es\\\/index.php\\\/2021\\\/05\\\/28\\\/nos-unimos-a-los-dias-internacionales-del-sindrome-de-treacher-collins-y-de-prader-willi\\\/#breadcrumb\",\"itemListElement\":[{\"@type\":\"ListItem\",\"position\":1,\"name\":\"Portada\",\"item\":\"https:\\\/\\\/sindromecharge.es\\\/\"},{\"@type\":\"ListItem\",\"position\":2,\"name\":\"Nos unimos a los d\u00edas internacionales del S\u00edndrome de Treacher Collins y de Prader-Willi\"}]},{\"@type\":\"WebSite\",\"@id\":\"https:\\\/\\\/sindromecharge.es\\\/#website\",\"url\":\"https:\\\/\\\/sindromecharge.es\\\/\",\"name\":\"Asociaci\u00f3n Espa\u00f1ola S\u00edndrome de Charge\",\"description\":\"\",\"potentialAction\":[{\"@type\":\"SearchAction\",\"target\":{\"@type\":\"EntryPoint\",\"urlTemplate\":\"https:\\\/\\\/sindromecharge.es\\\/?s={search_term_string}\"},\"query-input\":{\"@type\":\"PropertyValueSpecification\",\"valueRequired\":true,\"valueName\":\"search_term_string\"}}],\"inLanguage\":\"es\"},{\"@type\":\"Person\",\"@id\":\"https:\\\/\\\/sindromecharge.es\\\/#\\\/schema\\\/person\\\/39a60ebe0a2b4d5a11179701e336b039\",\"name\":\"Charge\",\"image\":{\"@type\":\"ImageObject\",\"inLanguage\":\"es\",\"@id\":\"https:\\\/\\\/secure.gravatar.com\\\/avatar\\\/c3b46e32a0fc3b093a0873fb767bf3293de856293065e84ef06b7ec7a8acfb98?s=96&d=identicon&r=x\",\"url\":\"https:\\\/\\\/secure.gravatar.com\\\/avatar\\\/c3b46e32a0fc3b093a0873fb767bf3293de856293065e84ef06b7ec7a8acfb98?s=96&d=identicon&r=x\",\"contentUrl\":\"https:\\\/\\\/secure.gravatar.com\\\/avatar\\\/c3b46e32a0fc3b093a0873fb767bf3293de856293065e84ef06b7ec7a8acfb98?s=96&d=identicon&r=x\",\"caption\":\"Charge\"},\"url\":\"https:\\\/\\\/sindromecharge.es\\\/index.php\\\/author\\\/admin\\\/\"}]}<\/script>\n<!-- \/ Yoast SEO plugin. -->","yoast_head_json":{"title":"Nos unimos a los d\u00edas internacionales del S\u00edndrome de Treacher Collins y de Prader-Willi - Asociaci\u00f3n Espa\u00f1ola S\u00edndrome de Charge","robots":{"index":"index","follow":"follow","max-snippet":"max-snippet:-1","max-image-preview":"max-image-preview:large","max-video-preview":"max-video-preview:-1"},"canonical":"https:\/\/sindromecharge.es\/index.php\/2021\/05\/28\/nos-unimos-a-los-dias-internacionales-del-sindrome-de-treacher-collins-y-de-prader-willi\/","og_locale":"es_ES","og_type":"article","og_title":"Nos unimos a los d\u00edas internacionales del S\u00edndrome de Treacher Collins y de Prader-Willi - Asociaci\u00f3n Espa\u00f1ola S\u00edndrome de Charge","og_description":"Leemos en FEDER la siguiente noticia que os reproducimos de forma \u00edntegra: La Federaci\u00f3n Espa\u00f1ola de Enfermedades Raras (FEDER) se une&nbsp;a los d\u00edas internacionales de los S\u00edndromes de Treacher Collins y de Prader-Willi para impulsar la concienciaci\u00f3n sobre estas enfermedades poco frecuentes, reflejando la realidad del colectivo y potenciar la transformaci\u00f3n social.&nbsp; \u201cToda la familia [&hellip;]","og_url":"https:\/\/sindromecharge.es\/index.php\/2021\/05\/28\/nos-unimos-a-los-dias-internacionales-del-sindrome-de-treacher-collins-y-de-prader-willi\/","og_site_name":"Asociaci\u00f3n Espa\u00f1ola S\u00edndrome de Charge","article_publisher":"https:\/\/www.facebook.com\/asociacionsindromecharge","article_published_time":"2021-05-28T08:43:25+00:00","og_image":[{"width":300,"height":98,"url":"https:\/\/sindromecharge.es\/wp-content\/uploads\/2013\/09\/logodecharge300x98.png","type":"image\/png"}],"author":"Charge","twitter_card":"summary_large_image","twitter_creator":"@sindromecharge","twitter_site":"@sindromecharge","twitter_misc":{"Escrito por":"Charge","Tiempo de lectura":"3 minutos"},"schema":{"@context":"https:\/\/schema.org","@graph":[{"@type":"Article","@id":"https:\/\/sindromecharge.es\/index.php\/2021\/05\/28\/nos-unimos-a-los-dias-internacionales-del-sindrome-de-treacher-collins-y-de-prader-willi\/#article","isPartOf":{"@id":"https:\/\/sindromecharge.es\/index.php\/2021\/05\/28\/nos-unimos-a-los-dias-internacionales-del-sindrome-de-treacher-collins-y-de-prader-willi\/"},"author":{"name":"Charge","@id":"https:\/\/sindromecharge.es\/#\/schema\/person\/39a60ebe0a2b4d5a11179701e336b039"},"headline":"Nos unimos a los d\u00edas internacionales del S\u00edndrome de Treacher Collins y de Prader-Willi","datePublished":"2021-05-28T08:43:25+00:00","mainEntityOfPage":{"@id":"https:\/\/sindromecharge.es\/index.php\/2021\/05\/28\/nos-unimos-a-los-dias-internacionales-del-sindrome-de-treacher-collins-y-de-prader-willi\/"},"wordCount":573,"commentCount":0,"keywords":["enfermedades raras"],"articleSection":["noticias"],"inLanguage":"es","potentialAction":[{"@type":"CommentAction","name":"Comment","target":["https:\/\/sindromecharge.es\/index.php\/2021\/05\/28\/nos-unimos-a-los-dias-internacionales-del-sindrome-de-treacher-collins-y-de-prader-willi\/#respond"]}]},{"@type":"WebPage","@id":"https:\/\/sindromecharge.es\/index.php\/2021\/05\/28\/nos-unimos-a-los-dias-internacionales-del-sindrome-de-treacher-collins-y-de-prader-willi\/","url":"https:\/\/sindromecharge.es\/index.php\/2021\/05\/28\/nos-unimos-a-los-dias-internacionales-del-sindrome-de-treacher-collins-y-de-prader-willi\/","name":"Nos unimos a los d\u00edas internacionales del S\u00edndrome de Treacher Collins y de Prader-Willi - Asociaci\u00f3n Espa\u00f1ola S\u00edndrome de Charge","isPartOf":{"@id":"https:\/\/sindromecharge.es\/#website"},"datePublished":"2021-05-28T08:43:25+00:00","author":{"@id":"https:\/\/sindromecharge.es\/#\/schema\/person\/39a60ebe0a2b4d5a11179701e336b039"},"breadcrumb":{"@id":"https:\/\/sindromecharge.es\/index.php\/2021\/05\/28\/nos-unimos-a-los-dias-internacionales-del-sindrome-de-treacher-collins-y-de-prader-willi\/#breadcrumb"},"inLanguage":"es","potentialAction":[{"@type":"ReadAction","target":["https:\/\/sindromecharge.es\/index.php\/2021\/05\/28\/nos-unimos-a-los-dias-internacionales-del-sindrome-de-treacher-collins-y-de-prader-willi\/"]}]},{"@type":"BreadcrumbList","@id":"https:\/\/sindromecharge.es\/index.php\/2021\/05\/28\/nos-unimos-a-los-dias-internacionales-del-sindrome-de-treacher-collins-y-de-prader-willi\/#breadcrumb","itemListElement":[{"@type":"ListItem","position":1,"name":"Portada","item":"https:\/\/sindromecharge.es\/"},{"@type":"ListItem","position":2,"name":"Nos unimos a los d\u00edas internacionales del S\u00edndrome de Treacher Collins y de Prader-Willi"}]},{"@type":"WebSite","@id":"https:\/\/sindromecharge.es\/#website","url":"https:\/\/sindromecharge.es\/","name":"Asociaci\u00f3n Espa\u00f1ola S\u00edndrome de Charge","description":"","potentialAction":[{"@type":"SearchAction","target":{"@type":"EntryPoint","urlTemplate":"https:\/\/sindromecharge.es\/?s={search_term_string}"},"query-input":{"@type":"PropertyValueSpecification","valueRequired":true,"valueName":"search_term_string"}}],"inLanguage":"es"},{"@type":"Person","@id":"https:\/\/sindromecharge.es\/#\/schema\/person\/39a60ebe0a2b4d5a11179701e336b039","name":"Charge","image":{"@type":"ImageObject","inLanguage":"es","@id":"https:\/\/secure.gravatar.com\/avatar\/c3b46e32a0fc3b093a0873fb767bf3293de856293065e84ef06b7ec7a8acfb98?s=96&d=identicon&r=x","url":"https:\/\/secure.gravatar.com\/avatar\/c3b46e32a0fc3b093a0873fb767bf3293de856293065e84ef06b7ec7a8acfb98?s=96&d=identicon&r=x","contentUrl":"https:\/\/secure.gravatar.com\/avatar\/c3b46e32a0fc3b093a0873fb767bf3293de856293065e84ef06b7ec7a8acfb98?s=96&d=identicon&r=x","caption":"Charge"},"url":"https:\/\/sindromecharge.es\/index.php\/author\/admin\/"}]}},"_links":{"self":[{"href":"https:\/\/sindromecharge.es\/index.php\/wp-json\/wp\/v2\/posts\/7223","targetHints":{"allow":["GET"]}}],"collection":[{"href":"https:\/\/sindromecharge.es\/index.php\/wp-json\/wp\/v2\/posts"}],"about":[{"href":"https:\/\/sindromecharge.es\/index.php\/wp-json\/wp\/v2\/types\/post"}],"author":[{"embeddable":true,"href":"https:\/\/sindromecharge.es\/index.php\/wp-json\/wp\/v2\/users\/1"}],"replies":[{"embeddable":true,"href":"https:\/\/sindromecharge.es\/index.php\/wp-json\/wp\/v2\/comments?post=7223"}],"version-history":[{"count":0,"href":"https:\/\/sindromecharge.es\/index.php\/wp-json\/wp\/v2\/posts\/7223\/revisions"}],"wp:attachment":[{"href":"https:\/\/sindromecharge.es\/index.php\/wp-json\/wp\/v2\/media?parent=7223"}],"wp:term":[{"taxonomy":"category","embeddable":true,"href":"https:\/\/sindromecharge.es\/index.php\/wp-json\/wp\/v2\/categories?post=7223"},{"taxonomy":"post_tag","embeddable":true,"href":"https:\/\/sindromecharge.es\/index.php\/wp-json\/wp\/v2\/tags?post=7223"}],"curies":[{"name":"wp","href":"https:\/\/api.w.org\/{rel}","templated":true}]}}