{"id":7222,"date":"2021-05-28T06:52:45","date_gmt":"2021-05-28T06:52:45","guid":{"rendered":"https:\/\/sindromecharge.es\/index.php\/2021\/05\/28\/el-hospital-sant-joan-de-deu-organiza-una-charla-sobre-tratamiento-avanzados-en-enfermedades-del-cerebro-en-desarrollo\/"},"modified":"2021-05-28T06:52:45","modified_gmt":"2021-05-28T06:52:45","slug":"el-hospital-sant-joan-de-deu-organiza-una-charla-sobre-tratamiento-avanzados-en-enfermedades-del-cerebro-en-desarrollo","status":"publish","type":"post","link":"https:\/\/sindromecharge.es\/index.php\/2021\/05\/28\/el-hospital-sant-joan-de-deu-organiza-una-charla-sobre-tratamiento-avanzados-en-enfermedades-del-cerebro-en-desarrollo\/","title":{"rendered":"El Hospital Sant Joan de D\u00e9u organiza una charla sobre tratamiento avanzados en enfermedades del cerebro en desarrollo"},"content":{"rendered":"<p>Leemos en FEDER la siguiente noticia que os reproducimos de forma \u00edntegra: <\/p>\n<p><p>El Hospital Sant Joan de D\u00e9u organiza una formaci\u00f3n online gratuita sobre tratamientos avanzados en enfermedades del cerebro en desarrollo. Esta actividad se realizar\u00e1 el 18 de junio y comenzar\u00e1 el 09:00 horas.<\/p>\n<p>Esta jornada ofrece conocer los grupos de terapias avanzadas que est\u00e1n desarroll\u00e1ndose en la actualidad para abordar patolog\u00edas neurol\u00f3gicas complejas que hasta ahora no tienen ning\u00fan tipo de opci\u00f3n terap\u00e9utica, entre ellas, est\u00e1n las terapias farmacol\u00f3gicas y metab\u00f3licas avanzadas, la neuromodulaci\u00f3n y la terapia celular y g\u00e9nica.<\/p>\n<p>La formaci\u00f3n, dirigida a neur\u00f3logos, psiquiatras, investigadores y asociaciones de pacientes, tiene como objetivos ofrecer una visi\u00f3n global e integrativa de las terapias emergentes en patolog\u00edas neurol\u00f3gicas y psiquiatras en la edad pedi\u00e1trica, conocer las bases fundamentales de las terapias avanzadas f\u00e1rmaco-metab\u00f3licas, de neuromodulaci\u00f3n cerebral, celulares y gen\u00e9ticas y transmitir a las asociaciones de pacientes, la existencia de estas terapias emergentes y las posibilidades de futuro a corto y medio plazo.<\/p>\n<p>Para asistir, es necesario inscribirse de manera previa, por ello, te facilitamos el link en la parte superior de la noticia para poder apuntarte.<\/p>\n<p>\u00daltima actualizaci\u00f3n 28\/05\/2021<\/p>\n<\/p>\n<p>Fuente: FEDER <a href=\"https:\/\/enfermedades-raras.org\/index.php\/actualidad\/noticias-eventos\/2-feder\/15435-el-hospital-sant-joan-de-d%C3%A9u-organiza-una-charla-sobre-tratamiento-avanzados-en-enfermedades-del-cerebro-en-desarrollo\" target=\"_blank\" rel=\"noopener\">El Hospital Sant Joan de D\u00e9u organiza una charla sobre tratamiento avanzados en enfermedades del cerebro en desarrollo<\/a><\/p>\n","protected":false},"excerpt":{"rendered":"<p>Leemos en FEDER la siguiente noticia que os reproducimos de forma \u00edntegra: El Hospital Sant Joan de D\u00e9u organiza una formaci\u00f3n online gratuita sobre tratamientos avanzados en enfermedades del cerebro en desarrollo. Esta actividad se realizar\u00e1 el 18 de junio y comenzar\u00e1 el 09:00 horas. Esta jornada ofrece conocer los grupos de terapias avanzadas que [&hellip;]<\/p>\n","protected":false},"author":1,"featured_media":0,"comment_status":"open","ping_status":"closed","sticky":false,"template":"","format":"standard","meta":{"footnotes":""},"categories":[8],"tags":[36],"class_list":["post-7222","post","type-post","status-publish","format-standard","hentry","category-noticias","tag-enfermedades-raras"],"yoast_head":"<!-- This site is optimized with the Yoast SEO plugin v27.4 - https:\/\/yoast.com\/product\/yoast-seo-wordpress\/ -->\n<title>El Hospital Sant Joan de D\u00e9u organiza una charla sobre tratamiento avanzados en enfermedades del cerebro en desarrollo - Asociaci\u00f3n Espa\u00f1ola S\u00edndrome de Charge<\/title>\n<meta name=\"robots\" content=\"index, follow, max-snippet:-1, max-image-preview:large, max-video-preview:-1\" \/>\n<link rel=\"canonical\" href=\"https:\/\/sindromecharge.es\/index.php\/2021\/05\/28\/el-hospital-sant-joan-de-deu-organiza-una-charla-sobre-tratamiento-avanzados-en-enfermedades-del-cerebro-en-desarrollo\/\" \/>\n<meta property=\"og:locale\" content=\"es_ES\" \/>\n<meta property=\"og:type\" content=\"article\" \/>\n<meta property=\"og:title\" content=\"El Hospital Sant Joan de D\u00e9u organiza una charla sobre tratamiento avanzados en enfermedades del cerebro en desarrollo - Asociaci\u00f3n Espa\u00f1ola S\u00edndrome de Charge\" \/>\n<meta property=\"og:description\" content=\"Leemos en FEDER la siguiente noticia que os reproducimos de forma \u00edntegra: El Hospital Sant Joan de D\u00e9u organiza una formaci\u00f3n online gratuita sobre tratamientos avanzados en enfermedades del cerebro en desarrollo. Esta actividad se realizar\u00e1 el 18 de junio y comenzar\u00e1 el 09:00 horas. Esta jornada ofrece conocer los grupos de terapias avanzadas que [&hellip;]\" \/>\n<meta property=\"og:url\" content=\"https:\/\/sindromecharge.es\/index.php\/2021\/05\/28\/el-hospital-sant-joan-de-deu-organiza-una-charla-sobre-tratamiento-avanzados-en-enfermedades-del-cerebro-en-desarrollo\/\" \/>\n<meta property=\"og:site_name\" content=\"Asociaci\u00f3n Espa\u00f1ola S\u00edndrome de Charge\" \/>\n<meta property=\"article:publisher\" content=\"https:\/\/www.facebook.com\/asociacionsindromecharge\" \/>\n<meta property=\"article:published_time\" content=\"2021-05-28T06:52:45+00:00\" \/>\n<meta property=\"og:image\" content=\"https:\/\/sindromecharge.es\/wp-content\/uploads\/2013\/09\/logodecharge300x98.png\" \/>\n\t<meta property=\"og:image:width\" content=\"300\" \/>\n\t<meta property=\"og:image:height\" content=\"98\" \/>\n\t<meta property=\"og:image:type\" content=\"image\/png\" \/>\n<meta name=\"author\" content=\"Charge\" \/>\n<meta name=\"twitter:card\" content=\"summary_large_image\" \/>\n<meta name=\"twitter:creator\" content=\"@sindromecharge\" \/>\n<meta name=\"twitter:site\" content=\"@sindromecharge\" \/>\n<meta name=\"twitter:label1\" content=\"Escrito por\" \/>\n\t<meta name=\"twitter:data1\" content=\"Charge\" \/>\n\t<meta name=\"twitter:label2\" content=\"Tiempo de lectura\" \/>\n\t<meta name=\"twitter:data2\" content=\"1 minuto\" \/>\n<script type=\"application\/ld+json\" class=\"yoast-schema-graph\">{\"@context\":\"https:\\\/\\\/schema.org\",\"@graph\":[{\"@type\":\"Article\",\"@id\":\"https:\\\/\\\/sindromecharge.es\\\/index.php\\\/2021\\\/05\\\/28\\\/el-hospital-sant-joan-de-deu-organiza-una-charla-sobre-tratamiento-avanzados-en-enfermedades-del-cerebro-en-desarrollo\\\/#article\",\"isPartOf\":{\"@id\":\"https:\\\/\\\/sindromecharge.es\\\/index.php\\\/2021\\\/05\\\/28\\\/el-hospital-sant-joan-de-deu-organiza-una-charla-sobre-tratamiento-avanzados-en-enfermedades-del-cerebro-en-desarrollo\\\/\"},\"author\":{\"name\":\"Charge\",\"@id\":\"https:\\\/\\\/sindromecharge.es\\\/#\\\/schema\\\/person\\\/39a60ebe0a2b4d5a11179701e336b039\"},\"headline\":\"El Hospital Sant Joan de D\u00e9u organiza una charla sobre tratamiento avanzados en enfermedades del cerebro en desarrollo\",\"datePublished\":\"2021-05-28T06:52:45+00:00\",\"mainEntityOfPage\":{\"@id\":\"https:\\\/\\\/sindromecharge.es\\\/index.php\\\/2021\\\/05\\\/28\\\/el-hospital-sant-joan-de-deu-organiza-una-charla-sobre-tratamiento-avanzados-en-enfermedades-del-cerebro-en-desarrollo\\\/\"},\"wordCount\":252,\"commentCount\":0,\"keywords\":[\"enfermedades raras\"],\"articleSection\":[\"noticias\"],\"inLanguage\":\"es\",\"potentialAction\":[{\"@type\":\"CommentAction\",\"name\":\"Comment\",\"target\":[\"https:\\\/\\\/sindromecharge.es\\\/index.php\\\/2021\\\/05\\\/28\\\/el-hospital-sant-joan-de-deu-organiza-una-charla-sobre-tratamiento-avanzados-en-enfermedades-del-cerebro-en-desarrollo\\\/#respond\"]}]},{\"@type\":\"WebPage\",\"@id\":\"https:\\\/\\\/sindromecharge.es\\\/index.php\\\/2021\\\/05\\\/28\\\/el-hospital-sant-joan-de-deu-organiza-una-charla-sobre-tratamiento-avanzados-en-enfermedades-del-cerebro-en-desarrollo\\\/\",\"url\":\"https:\\\/\\\/sindromecharge.es\\\/index.php\\\/2021\\\/05\\\/28\\\/el-hospital-sant-joan-de-deu-organiza-una-charla-sobre-tratamiento-avanzados-en-enfermedades-del-cerebro-en-desarrollo\\\/\",\"name\":\"El Hospital Sant Joan de D\u00e9u organiza una charla sobre tratamiento avanzados en enfermedades del cerebro en desarrollo - Asociaci\u00f3n Espa\u00f1ola S\u00edndrome de Charge\",\"isPartOf\":{\"@id\":\"https:\\\/\\\/sindromecharge.es\\\/#website\"},\"datePublished\":\"2021-05-28T06:52:45+00:00\",\"author\":{\"@id\":\"https:\\\/\\\/sindromecharge.es\\\/#\\\/schema\\\/person\\\/39a60ebe0a2b4d5a11179701e336b039\"},\"breadcrumb\":{\"@id\":\"https:\\\/\\\/sindromecharge.es\\\/index.php\\\/2021\\\/05\\\/28\\\/el-hospital-sant-joan-de-deu-organiza-una-charla-sobre-tratamiento-avanzados-en-enfermedades-del-cerebro-en-desarrollo\\\/#breadcrumb\"},\"inLanguage\":\"es\",\"potentialAction\":[{\"@type\":\"ReadAction\",\"target\":[\"https:\\\/\\\/sindromecharge.es\\\/index.php\\\/2021\\\/05\\\/28\\\/el-hospital-sant-joan-de-deu-organiza-una-charla-sobre-tratamiento-avanzados-en-enfermedades-del-cerebro-en-desarrollo\\\/\"]}]},{\"@type\":\"BreadcrumbList\",\"@id\":\"https:\\\/\\\/sindromecharge.es\\\/index.php\\\/2021\\\/05\\\/28\\\/el-hospital-sant-joan-de-deu-organiza-una-charla-sobre-tratamiento-avanzados-en-enfermedades-del-cerebro-en-desarrollo\\\/#breadcrumb\",\"itemListElement\":[{\"@type\":\"ListItem\",\"position\":1,\"name\":\"Portada\",\"item\":\"https:\\\/\\\/sindromecharge.es\\\/\"},{\"@type\":\"ListItem\",\"position\":2,\"name\":\"El Hospital Sant Joan de D\u00e9u organiza una charla sobre tratamiento avanzados en enfermedades del cerebro en desarrollo\"}]},{\"@type\":\"WebSite\",\"@id\":\"https:\\\/\\\/sindromecharge.es\\\/#website\",\"url\":\"https:\\\/\\\/sindromecharge.es\\\/\",\"name\":\"Asociaci\u00f3n Espa\u00f1ola S\u00edndrome de Charge\",\"description\":\"\",\"potentialAction\":[{\"@type\":\"SearchAction\",\"target\":{\"@type\":\"EntryPoint\",\"urlTemplate\":\"https:\\\/\\\/sindromecharge.es\\\/?s={search_term_string}\"},\"query-input\":{\"@type\":\"PropertyValueSpecification\",\"valueRequired\":true,\"valueName\":\"search_term_string\"}}],\"inLanguage\":\"es\"},{\"@type\":\"Person\",\"@id\":\"https:\\\/\\\/sindromecharge.es\\\/#\\\/schema\\\/person\\\/39a60ebe0a2b4d5a11179701e336b039\",\"name\":\"Charge\",\"image\":{\"@type\":\"ImageObject\",\"inLanguage\":\"es\",\"@id\":\"https:\\\/\\\/secure.gravatar.com\\\/avatar\\\/c3b46e32a0fc3b093a0873fb767bf3293de856293065e84ef06b7ec7a8acfb98?s=96&d=identicon&r=x\",\"url\":\"https:\\\/\\\/secure.gravatar.com\\\/avatar\\\/c3b46e32a0fc3b093a0873fb767bf3293de856293065e84ef06b7ec7a8acfb98?s=96&d=identicon&r=x\",\"contentUrl\":\"https:\\\/\\\/secure.gravatar.com\\\/avatar\\\/c3b46e32a0fc3b093a0873fb767bf3293de856293065e84ef06b7ec7a8acfb98?s=96&d=identicon&r=x\",\"caption\":\"Charge\"},\"url\":\"https:\\\/\\\/sindromecharge.es\\\/index.php\\\/author\\\/admin\\\/\"}]}<\/script>\n<!-- \/ Yoast SEO plugin. -->","yoast_head_json":{"title":"El Hospital Sant Joan de D\u00e9u organiza una charla sobre tratamiento avanzados en enfermedades del cerebro en desarrollo - Asociaci\u00f3n Espa\u00f1ola S\u00edndrome de Charge","robots":{"index":"index","follow":"follow","max-snippet":"max-snippet:-1","max-image-preview":"max-image-preview:large","max-video-preview":"max-video-preview:-1"},"canonical":"https:\/\/sindromecharge.es\/index.php\/2021\/05\/28\/el-hospital-sant-joan-de-deu-organiza-una-charla-sobre-tratamiento-avanzados-en-enfermedades-del-cerebro-en-desarrollo\/","og_locale":"es_ES","og_type":"article","og_title":"El Hospital Sant Joan de D\u00e9u organiza una charla sobre tratamiento avanzados en enfermedades del cerebro en desarrollo - Asociaci\u00f3n Espa\u00f1ola S\u00edndrome de Charge","og_description":"Leemos en FEDER la siguiente noticia que os reproducimos de forma \u00edntegra: El Hospital Sant Joan de D\u00e9u organiza una formaci\u00f3n online gratuita sobre tratamientos avanzados en enfermedades del cerebro en desarrollo. Esta actividad se realizar\u00e1 el 18 de junio y comenzar\u00e1 el 09:00 horas. Esta jornada ofrece conocer los grupos de terapias avanzadas que [&hellip;]","og_url":"https:\/\/sindromecharge.es\/index.php\/2021\/05\/28\/el-hospital-sant-joan-de-deu-organiza-una-charla-sobre-tratamiento-avanzados-en-enfermedades-del-cerebro-en-desarrollo\/","og_site_name":"Asociaci\u00f3n Espa\u00f1ola S\u00edndrome de Charge","article_publisher":"https:\/\/www.facebook.com\/asociacionsindromecharge","article_published_time":"2021-05-28T06:52:45+00:00","og_image":[{"width":300,"height":98,"url":"https:\/\/sindromecharge.es\/wp-content\/uploads\/2013\/09\/logodecharge300x98.png","type":"image\/png"}],"author":"Charge","twitter_card":"summary_large_image","twitter_creator":"@sindromecharge","twitter_site":"@sindromecharge","twitter_misc":{"Escrito por":"Charge","Tiempo de lectura":"1 minuto"},"schema":{"@context":"https:\/\/schema.org","@graph":[{"@type":"Article","@id":"https:\/\/sindromecharge.es\/index.php\/2021\/05\/28\/el-hospital-sant-joan-de-deu-organiza-una-charla-sobre-tratamiento-avanzados-en-enfermedades-del-cerebro-en-desarrollo\/#article","isPartOf":{"@id":"https:\/\/sindromecharge.es\/index.php\/2021\/05\/28\/el-hospital-sant-joan-de-deu-organiza-una-charla-sobre-tratamiento-avanzados-en-enfermedades-del-cerebro-en-desarrollo\/"},"author":{"name":"Charge","@id":"https:\/\/sindromecharge.es\/#\/schema\/person\/39a60ebe0a2b4d5a11179701e336b039"},"headline":"El Hospital Sant Joan de D\u00e9u organiza una charla sobre tratamiento avanzados en enfermedades del cerebro en desarrollo","datePublished":"2021-05-28T06:52:45+00:00","mainEntityOfPage":{"@id":"https:\/\/sindromecharge.es\/index.php\/2021\/05\/28\/el-hospital-sant-joan-de-deu-organiza-una-charla-sobre-tratamiento-avanzados-en-enfermedades-del-cerebro-en-desarrollo\/"},"wordCount":252,"commentCount":0,"keywords":["enfermedades raras"],"articleSection":["noticias"],"inLanguage":"es","potentialAction":[{"@type":"CommentAction","name":"Comment","target":["https:\/\/sindromecharge.es\/index.php\/2021\/05\/28\/el-hospital-sant-joan-de-deu-organiza-una-charla-sobre-tratamiento-avanzados-en-enfermedades-del-cerebro-en-desarrollo\/#respond"]}]},{"@type":"WebPage","@id":"https:\/\/sindromecharge.es\/index.php\/2021\/05\/28\/el-hospital-sant-joan-de-deu-organiza-una-charla-sobre-tratamiento-avanzados-en-enfermedades-del-cerebro-en-desarrollo\/","url":"https:\/\/sindromecharge.es\/index.php\/2021\/05\/28\/el-hospital-sant-joan-de-deu-organiza-una-charla-sobre-tratamiento-avanzados-en-enfermedades-del-cerebro-en-desarrollo\/","name":"El Hospital Sant Joan de D\u00e9u organiza una charla sobre tratamiento avanzados en enfermedades del cerebro en desarrollo - Asociaci\u00f3n Espa\u00f1ola S\u00edndrome de Charge","isPartOf":{"@id":"https:\/\/sindromecharge.es\/#website"},"datePublished":"2021-05-28T06:52:45+00:00","author":{"@id":"https:\/\/sindromecharge.es\/#\/schema\/person\/39a60ebe0a2b4d5a11179701e336b039"},"breadcrumb":{"@id":"https:\/\/sindromecharge.es\/index.php\/2021\/05\/28\/el-hospital-sant-joan-de-deu-organiza-una-charla-sobre-tratamiento-avanzados-en-enfermedades-del-cerebro-en-desarrollo\/#breadcrumb"},"inLanguage":"es","potentialAction":[{"@type":"ReadAction","target":["https:\/\/sindromecharge.es\/index.php\/2021\/05\/28\/el-hospital-sant-joan-de-deu-organiza-una-charla-sobre-tratamiento-avanzados-en-enfermedades-del-cerebro-en-desarrollo\/"]}]},{"@type":"BreadcrumbList","@id":"https:\/\/sindromecharge.es\/index.php\/2021\/05\/28\/el-hospital-sant-joan-de-deu-organiza-una-charla-sobre-tratamiento-avanzados-en-enfermedades-del-cerebro-en-desarrollo\/#breadcrumb","itemListElement":[{"@type":"ListItem","position":1,"name":"Portada","item":"https:\/\/sindromecharge.es\/"},{"@type":"ListItem","position":2,"name":"El Hospital Sant Joan de D\u00e9u organiza una charla sobre tratamiento avanzados en enfermedades del cerebro en desarrollo"}]},{"@type":"WebSite","@id":"https:\/\/sindromecharge.es\/#website","url":"https:\/\/sindromecharge.es\/","name":"Asociaci\u00f3n Espa\u00f1ola S\u00edndrome de Charge","description":"","potentialAction":[{"@type":"SearchAction","target":{"@type":"EntryPoint","urlTemplate":"https:\/\/sindromecharge.es\/?s={search_term_string}"},"query-input":{"@type":"PropertyValueSpecification","valueRequired":true,"valueName":"search_term_string"}}],"inLanguage":"es"},{"@type":"Person","@id":"https:\/\/sindromecharge.es\/#\/schema\/person\/39a60ebe0a2b4d5a11179701e336b039","name":"Charge","image":{"@type":"ImageObject","inLanguage":"es","@id":"https:\/\/secure.gravatar.com\/avatar\/c3b46e32a0fc3b093a0873fb767bf3293de856293065e84ef06b7ec7a8acfb98?s=96&d=identicon&r=x","url":"https:\/\/secure.gravatar.com\/avatar\/c3b46e32a0fc3b093a0873fb767bf3293de856293065e84ef06b7ec7a8acfb98?s=96&d=identicon&r=x","contentUrl":"https:\/\/secure.gravatar.com\/avatar\/c3b46e32a0fc3b093a0873fb767bf3293de856293065e84ef06b7ec7a8acfb98?s=96&d=identicon&r=x","caption":"Charge"},"url":"https:\/\/sindromecharge.es\/index.php\/author\/admin\/"}]}},"_links":{"self":[{"href":"https:\/\/sindromecharge.es\/index.php\/wp-json\/wp\/v2\/posts\/7222","targetHints":{"allow":["GET"]}}],"collection":[{"href":"https:\/\/sindromecharge.es\/index.php\/wp-json\/wp\/v2\/posts"}],"about":[{"href":"https:\/\/sindromecharge.es\/index.php\/wp-json\/wp\/v2\/types\/post"}],"author":[{"embeddable":true,"href":"https:\/\/sindromecharge.es\/index.php\/wp-json\/wp\/v2\/users\/1"}],"replies":[{"embeddable":true,"href":"https:\/\/sindromecharge.es\/index.php\/wp-json\/wp\/v2\/comments?post=7222"}],"version-history":[{"count":0,"href":"https:\/\/sindromecharge.es\/index.php\/wp-json\/wp\/v2\/posts\/7222\/revisions"}],"wp:attachment":[{"href":"https:\/\/sindromecharge.es\/index.php\/wp-json\/wp\/v2\/media?parent=7222"}],"wp:term":[{"taxonomy":"category","embeddable":true,"href":"https:\/\/sindromecharge.es\/index.php\/wp-json\/wp\/v2\/categories?post=7222"},{"taxonomy":"post_tag","embeddable":true,"href":"https:\/\/sindromecharge.es\/index.php\/wp-json\/wp\/v2\/tags?post=7222"}],"curies":[{"name":"wp","href":"https:\/\/api.w.org\/{rel}","templated":true}]}}