{"id":7221,"date":"2021-05-28T05:07:07","date_gmt":"2021-05-28T05:07:07","guid":{"rendered":"https:\/\/sindromecharge.es\/index.php\/2021\/05\/28\/nos-sumamos-al-dia-internacional-del-sindrome-de-treacher-collins\/"},"modified":"2021-05-28T05:07:07","modified_gmt":"2021-05-28T05:07:07","slug":"nos-sumamos-al-dia-internacional-del-sindrome-de-treacher-collins","status":"publish","type":"post","link":"https:\/\/sindromecharge.es\/index.php\/2021\/05\/28\/nos-sumamos-al-dia-internacional-del-sindrome-de-treacher-collins\/","title":{"rendered":"Nos sumamos al D\u00eda Internacional del S\u00edndrome de Treacher Collins"},"content":{"rendered":"<p>Leemos en FEDER la siguiente noticia que os reproducimos de forma \u00edntegra: <\/p>\n<p><p>Hoy se celebra el D\u00eda Internacional del S\u00edndrome de Treacher Collins con el objetivo de visibilizar e informar sobre esta enfermedad poco frecuente que actualmente no tiene una cura. Por ello, desde FEDER se suman a esta jornada para solidarizarse con las personas que conviven con esta enfermedad poco frecuente y sus familias.<\/p>\n<p>El S\u00edndrome de Treacher Collins es una malformaci\u00f3n craneofacial cong\u00e9nita rara, discapacitante e incurable que afecta a dos de cada 100.000 nacimientos. Su causa es una mutaci\u00f3n gen\u00e9tica del cromosoma 5 (Treacle), que es el que influye en el desarrollo facial.<\/p>\n<p>Las personas con esta enfermedad poco frecuente nacen sin p\u00f3mulos, con microtia, es decir, sin una o ambas orejas, la mand\u00edbula no les crece, tienen la faringe muy estrecha y en ocasiones tambi\u00e9n nacen con el paladar abierto, lo que les ocasiona diversos problemas oculares, como sequedad y \u00falceras en la c\u00f3rnea, auditivos, digestivos y respiratorios, entre otros.<\/p>\n<p>\u201cDesde la Federaci\u00f3n Espa\u00f1ola de Enfermedades Raras queremos mostrar todo nuestro apoyo a las personas de S\u00edndrome de Treacher Collins y a sus familias. Adem\u00e1s, queremos reconocer la labor diaria de las entidades del movimiento asociativo, pues, trabajan para mejorar la calidad de vida de los pacientes\u201d afirma Juan Carri\u00f3n, Presidente de FEDER y su Fundaci\u00f3n.<\/p>\n<p>Las entidades del movimiento asociativo como la Asociaci\u00f3n Nacional S\u00edndrome de Treacher Collins (ANSTC) son fundamentales para las personas que conviven con esta enfermedad poco frecuente, ya que, focalizan sus esfuerzos en garantizar el bienestar de pacientes a trav\u00e9s de la sensibilizaci\u00f3n social, de la difusi\u00f3n de informaci\u00f3n sobre la patolog\u00eda a la poblaci\u00f3n y a los profesionales de la salud o a trav\u00e9s de la orientaci\u00f3n a familiares.<\/p>\n<p><span style=\"font-size: 14pt\">Campa\u00f1a de sensibilizaci\u00f3n por el D\u00eda Mundial 2021<\/span><\/p>\n<p>Con motivo de esta jornada, la Asociaci\u00f3n Nacional del S\u00edndrome de Treacher Collins lanza una campa\u00f1a en redes sociales en la que animan a la poblaci\u00f3n a dibujar o bordar una sonrisa en la mascarilla, hacerse una foto y subirla con los hashtags #TodosConSonrisa #TreacherCollinsS\u00edndrome #DiaTCS<\/p>\n<p>\u00daltima actualizaci\u00f3n 28\/05\/2021<\/p>\n<\/p>\n<p>Fuente: FEDER <a href=\"https:\/\/enfermedades-raras.org\/index.php\/actualidad\/noticias-eventos\/2-feder\/15432-nos-sumamos-al-d%C3%ADa-internacional-del-s%C3%ADndrome-de-treacher-collins\" target=\"_blank\" rel=\"noopener\">Nos sumamos al D\u00eda Internacional del S\u00edndrome de Treacher Collins<\/a><\/p>\n","protected":false},"excerpt":{"rendered":"<p>Leemos en FEDER la siguiente noticia que os reproducimos de forma \u00edntegra: Hoy se celebra el D\u00eda Internacional del S\u00edndrome de Treacher Collins con el objetivo de visibilizar e informar sobre esta enfermedad poco frecuente que actualmente no tiene una cura. Por ello, desde FEDER se suman a esta jornada para solidarizarse con las personas [&hellip;]<\/p>\n","protected":false},"author":1,"featured_media":0,"comment_status":"open","ping_status":"closed","sticky":false,"template":"","format":"standard","meta":{"footnotes":""},"categories":[8],"tags":[36],"class_list":["post-7221","post","type-post","status-publish","format-standard","hentry","category-noticias","tag-enfermedades-raras"],"yoast_head":"<!-- This site is optimized with the Yoast SEO plugin v27.4 - https:\/\/yoast.com\/product\/yoast-seo-wordpress\/ -->\n<title>Nos sumamos al D\u00eda Internacional del S\u00edndrome de Treacher Collins - Asociaci\u00f3n Espa\u00f1ola S\u00edndrome de Charge<\/title>\n<meta name=\"robots\" content=\"index, follow, max-snippet:-1, max-image-preview:large, max-video-preview:-1\" \/>\n<link rel=\"canonical\" href=\"https:\/\/sindromecharge.es\/index.php\/2021\/05\/28\/nos-sumamos-al-dia-internacional-del-sindrome-de-treacher-collins\/\" \/>\n<meta property=\"og:locale\" content=\"es_ES\" \/>\n<meta property=\"og:type\" content=\"article\" \/>\n<meta property=\"og:title\" content=\"Nos sumamos al D\u00eda Internacional del S\u00edndrome de Treacher Collins - Asociaci\u00f3n Espa\u00f1ola S\u00edndrome de Charge\" \/>\n<meta property=\"og:description\" content=\"Leemos en FEDER la siguiente noticia que os reproducimos de forma \u00edntegra: Hoy se celebra el D\u00eda Internacional del S\u00edndrome de Treacher Collins con el objetivo de visibilizar e informar sobre esta enfermedad poco frecuente que actualmente no tiene una cura. Por ello, desde FEDER se suman a esta jornada para solidarizarse con las personas [&hellip;]\" \/>\n<meta property=\"og:url\" content=\"https:\/\/sindromecharge.es\/index.php\/2021\/05\/28\/nos-sumamos-al-dia-internacional-del-sindrome-de-treacher-collins\/\" \/>\n<meta property=\"og:site_name\" content=\"Asociaci\u00f3n Espa\u00f1ola S\u00edndrome de Charge\" \/>\n<meta property=\"article:publisher\" content=\"https:\/\/www.facebook.com\/asociacionsindromecharge\" \/>\n<meta property=\"article:published_time\" content=\"2021-05-28T05:07:07+00:00\" \/>\n<meta property=\"og:image\" content=\"https:\/\/sindromecharge.es\/wp-content\/uploads\/2013\/09\/logodecharge300x98.png\" \/>\n\t<meta property=\"og:image:width\" content=\"300\" \/>\n\t<meta property=\"og:image:height\" content=\"98\" \/>\n\t<meta property=\"og:image:type\" content=\"image\/png\" \/>\n<meta name=\"author\" content=\"Charge\" \/>\n<meta name=\"twitter:card\" content=\"summary_large_image\" \/>\n<meta name=\"twitter:creator\" content=\"@sindromecharge\" \/>\n<meta name=\"twitter:site\" content=\"@sindromecharge\" \/>\n<meta name=\"twitter:label1\" content=\"Escrito por\" \/>\n\t<meta name=\"twitter:data1\" content=\"Charge\" \/>\n\t<meta name=\"twitter:label2\" content=\"Tiempo de lectura\" \/>\n\t<meta name=\"twitter:data2\" content=\"2 minutos\" \/>\n<script type=\"application\/ld+json\" class=\"yoast-schema-graph\">{\"@context\":\"https:\\\/\\\/schema.org\",\"@graph\":[{\"@type\":\"Article\",\"@id\":\"https:\\\/\\\/sindromecharge.es\\\/index.php\\\/2021\\\/05\\\/28\\\/nos-sumamos-al-dia-internacional-del-sindrome-de-treacher-collins\\\/#article\",\"isPartOf\":{\"@id\":\"https:\\\/\\\/sindromecharge.es\\\/index.php\\\/2021\\\/05\\\/28\\\/nos-sumamos-al-dia-internacional-del-sindrome-de-treacher-collins\\\/\"},\"author\":{\"name\":\"Charge\",\"@id\":\"https:\\\/\\\/sindromecharge.es\\\/#\\\/schema\\\/person\\\/39a60ebe0a2b4d5a11179701e336b039\"},\"headline\":\"Nos sumamos al D\u00eda Internacional del S\u00edndrome de Treacher Collins\",\"datePublished\":\"2021-05-28T05:07:07+00:00\",\"mainEntityOfPage\":{\"@id\":\"https:\\\/\\\/sindromecharge.es\\\/index.php\\\/2021\\\/05\\\/28\\\/nos-sumamos-al-dia-internacional-del-sindrome-de-treacher-collins\\\/\"},\"wordCount\":404,\"commentCount\":0,\"keywords\":[\"enfermedades raras\"],\"articleSection\":[\"noticias\"],\"inLanguage\":\"es\",\"potentialAction\":[{\"@type\":\"CommentAction\",\"name\":\"Comment\",\"target\":[\"https:\\\/\\\/sindromecharge.es\\\/index.php\\\/2021\\\/05\\\/28\\\/nos-sumamos-al-dia-internacional-del-sindrome-de-treacher-collins\\\/#respond\"]}]},{\"@type\":\"WebPage\",\"@id\":\"https:\\\/\\\/sindromecharge.es\\\/index.php\\\/2021\\\/05\\\/28\\\/nos-sumamos-al-dia-internacional-del-sindrome-de-treacher-collins\\\/\",\"url\":\"https:\\\/\\\/sindromecharge.es\\\/index.php\\\/2021\\\/05\\\/28\\\/nos-sumamos-al-dia-internacional-del-sindrome-de-treacher-collins\\\/\",\"name\":\"Nos sumamos al D\u00eda Internacional del S\u00edndrome de Treacher Collins - Asociaci\u00f3n Espa\u00f1ola S\u00edndrome de Charge\",\"isPartOf\":{\"@id\":\"https:\\\/\\\/sindromecharge.es\\\/#website\"},\"datePublished\":\"2021-05-28T05:07:07+00:00\",\"author\":{\"@id\":\"https:\\\/\\\/sindromecharge.es\\\/#\\\/schema\\\/person\\\/39a60ebe0a2b4d5a11179701e336b039\"},\"breadcrumb\":{\"@id\":\"https:\\\/\\\/sindromecharge.es\\\/index.php\\\/2021\\\/05\\\/28\\\/nos-sumamos-al-dia-internacional-del-sindrome-de-treacher-collins\\\/#breadcrumb\"},\"inLanguage\":\"es\",\"potentialAction\":[{\"@type\":\"ReadAction\",\"target\":[\"https:\\\/\\\/sindromecharge.es\\\/index.php\\\/2021\\\/05\\\/28\\\/nos-sumamos-al-dia-internacional-del-sindrome-de-treacher-collins\\\/\"]}]},{\"@type\":\"BreadcrumbList\",\"@id\":\"https:\\\/\\\/sindromecharge.es\\\/index.php\\\/2021\\\/05\\\/28\\\/nos-sumamos-al-dia-internacional-del-sindrome-de-treacher-collins\\\/#breadcrumb\",\"itemListElement\":[{\"@type\":\"ListItem\",\"position\":1,\"name\":\"Portada\",\"item\":\"https:\\\/\\\/sindromecharge.es\\\/\"},{\"@type\":\"ListItem\",\"position\":2,\"name\":\"Nos sumamos al D\u00eda Internacional del S\u00edndrome de Treacher Collins\"}]},{\"@type\":\"WebSite\",\"@id\":\"https:\\\/\\\/sindromecharge.es\\\/#website\",\"url\":\"https:\\\/\\\/sindromecharge.es\\\/\",\"name\":\"Asociaci\u00f3n Espa\u00f1ola S\u00edndrome de Charge\",\"description\":\"\",\"potentialAction\":[{\"@type\":\"SearchAction\",\"target\":{\"@type\":\"EntryPoint\",\"urlTemplate\":\"https:\\\/\\\/sindromecharge.es\\\/?s={search_term_string}\"},\"query-input\":{\"@type\":\"PropertyValueSpecification\",\"valueRequired\":true,\"valueName\":\"search_term_string\"}}],\"inLanguage\":\"es\"},{\"@type\":\"Person\",\"@id\":\"https:\\\/\\\/sindromecharge.es\\\/#\\\/schema\\\/person\\\/39a60ebe0a2b4d5a11179701e336b039\",\"name\":\"Charge\",\"image\":{\"@type\":\"ImageObject\",\"inLanguage\":\"es\",\"@id\":\"https:\\\/\\\/secure.gravatar.com\\\/avatar\\\/c3b46e32a0fc3b093a0873fb767bf3293de856293065e84ef06b7ec7a8acfb98?s=96&d=identicon&r=x\",\"url\":\"https:\\\/\\\/secure.gravatar.com\\\/avatar\\\/c3b46e32a0fc3b093a0873fb767bf3293de856293065e84ef06b7ec7a8acfb98?s=96&d=identicon&r=x\",\"contentUrl\":\"https:\\\/\\\/secure.gravatar.com\\\/avatar\\\/c3b46e32a0fc3b093a0873fb767bf3293de856293065e84ef06b7ec7a8acfb98?s=96&d=identicon&r=x\",\"caption\":\"Charge\"},\"url\":\"https:\\\/\\\/sindromecharge.es\\\/index.php\\\/author\\\/admin\\\/\"}]}<\/script>\n<!-- \/ Yoast SEO plugin. -->","yoast_head_json":{"title":"Nos sumamos al D\u00eda Internacional del S\u00edndrome de Treacher Collins - Asociaci\u00f3n Espa\u00f1ola S\u00edndrome de Charge","robots":{"index":"index","follow":"follow","max-snippet":"max-snippet:-1","max-image-preview":"max-image-preview:large","max-video-preview":"max-video-preview:-1"},"canonical":"https:\/\/sindromecharge.es\/index.php\/2021\/05\/28\/nos-sumamos-al-dia-internacional-del-sindrome-de-treacher-collins\/","og_locale":"es_ES","og_type":"article","og_title":"Nos sumamos al D\u00eda Internacional del S\u00edndrome de Treacher Collins - Asociaci\u00f3n Espa\u00f1ola S\u00edndrome de Charge","og_description":"Leemos en FEDER la siguiente noticia que os reproducimos de forma \u00edntegra: Hoy se celebra el D\u00eda Internacional del S\u00edndrome de Treacher Collins con el objetivo de visibilizar e informar sobre esta enfermedad poco frecuente que actualmente no tiene una cura. Por ello, desde FEDER se suman a esta jornada para solidarizarse con las personas [&hellip;]","og_url":"https:\/\/sindromecharge.es\/index.php\/2021\/05\/28\/nos-sumamos-al-dia-internacional-del-sindrome-de-treacher-collins\/","og_site_name":"Asociaci\u00f3n Espa\u00f1ola S\u00edndrome de Charge","article_publisher":"https:\/\/www.facebook.com\/asociacionsindromecharge","article_published_time":"2021-05-28T05:07:07+00:00","og_image":[{"width":300,"height":98,"url":"https:\/\/sindromecharge.es\/wp-content\/uploads\/2013\/09\/logodecharge300x98.png","type":"image\/png"}],"author":"Charge","twitter_card":"summary_large_image","twitter_creator":"@sindromecharge","twitter_site":"@sindromecharge","twitter_misc":{"Escrito por":"Charge","Tiempo de lectura":"2 minutos"},"schema":{"@context":"https:\/\/schema.org","@graph":[{"@type":"Article","@id":"https:\/\/sindromecharge.es\/index.php\/2021\/05\/28\/nos-sumamos-al-dia-internacional-del-sindrome-de-treacher-collins\/#article","isPartOf":{"@id":"https:\/\/sindromecharge.es\/index.php\/2021\/05\/28\/nos-sumamos-al-dia-internacional-del-sindrome-de-treacher-collins\/"},"author":{"name":"Charge","@id":"https:\/\/sindromecharge.es\/#\/schema\/person\/39a60ebe0a2b4d5a11179701e336b039"},"headline":"Nos sumamos al D\u00eda Internacional del S\u00edndrome de Treacher Collins","datePublished":"2021-05-28T05:07:07+00:00","mainEntityOfPage":{"@id":"https:\/\/sindromecharge.es\/index.php\/2021\/05\/28\/nos-sumamos-al-dia-internacional-del-sindrome-de-treacher-collins\/"},"wordCount":404,"commentCount":0,"keywords":["enfermedades raras"],"articleSection":["noticias"],"inLanguage":"es","potentialAction":[{"@type":"CommentAction","name":"Comment","target":["https:\/\/sindromecharge.es\/index.php\/2021\/05\/28\/nos-sumamos-al-dia-internacional-del-sindrome-de-treacher-collins\/#respond"]}]},{"@type":"WebPage","@id":"https:\/\/sindromecharge.es\/index.php\/2021\/05\/28\/nos-sumamos-al-dia-internacional-del-sindrome-de-treacher-collins\/","url":"https:\/\/sindromecharge.es\/index.php\/2021\/05\/28\/nos-sumamos-al-dia-internacional-del-sindrome-de-treacher-collins\/","name":"Nos sumamos al D\u00eda Internacional del S\u00edndrome de Treacher Collins - Asociaci\u00f3n Espa\u00f1ola S\u00edndrome de Charge","isPartOf":{"@id":"https:\/\/sindromecharge.es\/#website"},"datePublished":"2021-05-28T05:07:07+00:00","author":{"@id":"https:\/\/sindromecharge.es\/#\/schema\/person\/39a60ebe0a2b4d5a11179701e336b039"},"breadcrumb":{"@id":"https:\/\/sindromecharge.es\/index.php\/2021\/05\/28\/nos-sumamos-al-dia-internacional-del-sindrome-de-treacher-collins\/#breadcrumb"},"inLanguage":"es","potentialAction":[{"@type":"ReadAction","target":["https:\/\/sindromecharge.es\/index.php\/2021\/05\/28\/nos-sumamos-al-dia-internacional-del-sindrome-de-treacher-collins\/"]}]},{"@type":"BreadcrumbList","@id":"https:\/\/sindromecharge.es\/index.php\/2021\/05\/28\/nos-sumamos-al-dia-internacional-del-sindrome-de-treacher-collins\/#breadcrumb","itemListElement":[{"@type":"ListItem","position":1,"name":"Portada","item":"https:\/\/sindromecharge.es\/"},{"@type":"ListItem","position":2,"name":"Nos sumamos al D\u00eda Internacional del S\u00edndrome de Treacher Collins"}]},{"@type":"WebSite","@id":"https:\/\/sindromecharge.es\/#website","url":"https:\/\/sindromecharge.es\/","name":"Asociaci\u00f3n Espa\u00f1ola S\u00edndrome de Charge","description":"","potentialAction":[{"@type":"SearchAction","target":{"@type":"EntryPoint","urlTemplate":"https:\/\/sindromecharge.es\/?s={search_term_string}"},"query-input":{"@type":"PropertyValueSpecification","valueRequired":true,"valueName":"search_term_string"}}],"inLanguage":"es"},{"@type":"Person","@id":"https:\/\/sindromecharge.es\/#\/schema\/person\/39a60ebe0a2b4d5a11179701e336b039","name":"Charge","image":{"@type":"ImageObject","inLanguage":"es","@id":"https:\/\/secure.gravatar.com\/avatar\/c3b46e32a0fc3b093a0873fb767bf3293de856293065e84ef06b7ec7a8acfb98?s=96&d=identicon&r=x","url":"https:\/\/secure.gravatar.com\/avatar\/c3b46e32a0fc3b093a0873fb767bf3293de856293065e84ef06b7ec7a8acfb98?s=96&d=identicon&r=x","contentUrl":"https:\/\/secure.gravatar.com\/avatar\/c3b46e32a0fc3b093a0873fb767bf3293de856293065e84ef06b7ec7a8acfb98?s=96&d=identicon&r=x","caption":"Charge"},"url":"https:\/\/sindromecharge.es\/index.php\/author\/admin\/"}]}},"_links":{"self":[{"href":"https:\/\/sindromecharge.es\/index.php\/wp-json\/wp\/v2\/posts\/7221","targetHints":{"allow":["GET"]}}],"collection":[{"href":"https:\/\/sindromecharge.es\/index.php\/wp-json\/wp\/v2\/posts"}],"about":[{"href":"https:\/\/sindromecharge.es\/index.php\/wp-json\/wp\/v2\/types\/post"}],"author":[{"embeddable":true,"href":"https:\/\/sindromecharge.es\/index.php\/wp-json\/wp\/v2\/users\/1"}],"replies":[{"embeddable":true,"href":"https:\/\/sindromecharge.es\/index.php\/wp-json\/wp\/v2\/comments?post=7221"}],"version-history":[{"count":0,"href":"https:\/\/sindromecharge.es\/index.php\/wp-json\/wp\/v2\/posts\/7221\/revisions"}],"wp:attachment":[{"href":"https:\/\/sindromecharge.es\/index.php\/wp-json\/wp\/v2\/media?parent=7221"}],"wp:term":[{"taxonomy":"category","embeddable":true,"href":"https:\/\/sindromecharge.es\/index.php\/wp-json\/wp\/v2\/categories?post=7221"},{"taxonomy":"post_tag","embeddable":true,"href":"https:\/\/sindromecharge.es\/index.php\/wp-json\/wp\/v2\/tags?post=7221"}],"curies":[{"name":"wp","href":"https:\/\/api.w.org\/{rel}","templated":true}]}}