{"id":7220,"date":"2021-05-28T04:18:36","date_gmt":"2021-05-28T04:18:36","guid":{"rendered":"https:\/\/sindromecharge.es\/index.php\/2021\/05\/28\/acudimos-a-la-proyeccion-del-documental-el-gen-de-hugo\/"},"modified":"2021-05-28T04:18:36","modified_gmt":"2021-05-28T04:18:36","slug":"acudimos-a-la-proyeccion-del-documental-el-gen-de-hugo","status":"publish","type":"post","link":"https:\/\/sindromecharge.es\/index.php\/2021\/05\/28\/acudimos-a-la-proyeccion-del-documental-el-gen-de-hugo\/","title":{"rendered":"Acudimos a la proyecci\u00f3n del documental &#039;El gen de Hugo&#039;"},"content":{"rendered":"<p>Leemos en FEDER la siguiente noticia que os reproducimos de forma \u00edntegra: <\/p>\n<p><p>El 28 de mayo acudimos, a trav\u00e9s de la representaci\u00f3n de Enrique L\u00f3pez, miembro de la Junta Directiva de FEDER a la proyecci\u00f3n del documental de &#8216;El Gen de Hugo&#8217;, un proyecto impulsado por la Asociaci\u00f3n Phelan-Mcdermid.<\/p>\n<p>El s\u00edndrome de Phelan-McDermid es una enfermedad rara, imprevisible y con dif\u00edcil diagn\u00f3stico. El Gen de Hugo aborda las dificultades, emociones y obst\u00e1culos a los que se enfrentan las familias a trav\u00e9s del seguimiento, principalmente, del caso de Hugo.<\/p>\n<p>El documental cuenta tambi\u00e9n con los testimonios de otras tres familias cuyas hijas, Utxue, Lorena y Esther, padecen el mismo s\u00edndrome y que sirven para mostrar lo distintos que pueden ser los s\u00edntomas, el camino hacia el diagn\u00f3stico y las diferentes formas de afrontarlo. As\u00ed como el terremoto personal que supone enfrentarse a una enfermedad como esta y el impacto que se ocasiona en todo el entorno familiar.<\/p>\n<p>Los franqueza, emoci\u00f3n y espontaneidad de las historias personales hacen que el mensaje llegue de forma contundente, sin ning\u00fan tipo de filtro, logrando que no se enmarque exclusivamente para este s\u00edndrome, si no que las dudas, incertidumbres y frustraciones pueden extrapolarse a cualquier otra enfermedad rara y ofreciendo de paso una generosa lecci\u00f3n de madurez, adaptaci\u00f3n y vida. Tan necesaria para cualquiera de nosotros y de manera especial frente a los momentos hist\u00f3ricos que nos est\u00e1 tocando vivir.<\/p>\n<p>\u00daltima actualizaci\u00f3n 28\/05\/2021<\/p>\n<\/p>\n<p>Fuente: FEDER <a href=\"https:\/\/enfermedades-raras.org\/index.php\/actualidad\/noticias-eventos\/2-feder\/15430-acudimos-a-la-proyecci%C3%B3n-del-documental-el-gen-de-hugo\" target=\"_blank\" rel=\"noopener\">Acudimos a la proyecci\u00f3n del documental &#039;El gen de Hugo&#039;<\/a><\/p>\n","protected":false},"excerpt":{"rendered":"<p>Leemos en FEDER la siguiente noticia que os reproducimos de forma \u00edntegra: El 28 de mayo acudimos, a trav\u00e9s de la representaci\u00f3n de Enrique L\u00f3pez, miembro de la Junta Directiva de FEDER a la proyecci\u00f3n del documental de &#8216;El Gen de Hugo&#8217;, un proyecto impulsado por la Asociaci\u00f3n Phelan-Mcdermid. El s\u00edndrome de Phelan-McDermid es una [&hellip;]<\/p>\n","protected":false},"author":1,"featured_media":0,"comment_status":"open","ping_status":"closed","sticky":false,"template":"","format":"standard","meta":{"footnotes":""},"categories":[8],"tags":[36],"class_list":["post-7220","post","type-post","status-publish","format-standard","hentry","category-noticias","tag-enfermedades-raras"],"yoast_head":"<!-- This site is optimized with the Yoast SEO plugin v27.4 - https:\/\/yoast.com\/product\/yoast-seo-wordpress\/ -->\n<title>Acudimos a la proyecci\u00f3n del documental &#039;El gen de Hugo&#039; - Asociaci\u00f3n Espa\u00f1ola S\u00edndrome de Charge<\/title>\n<meta name=\"robots\" content=\"index, follow, max-snippet:-1, max-image-preview:large, max-video-preview:-1\" \/>\n<link rel=\"canonical\" href=\"https:\/\/sindromecharge.es\/index.php\/2021\/05\/28\/acudimos-a-la-proyeccion-del-documental-el-gen-de-hugo\/\" \/>\n<meta property=\"og:locale\" content=\"es_ES\" \/>\n<meta property=\"og:type\" content=\"article\" \/>\n<meta property=\"og:title\" content=\"Acudimos a la proyecci\u00f3n del documental &#039;El gen de Hugo&#039; - Asociaci\u00f3n Espa\u00f1ola S\u00edndrome de Charge\" \/>\n<meta property=\"og:description\" content=\"Leemos en FEDER la siguiente noticia que os reproducimos de forma \u00edntegra: El 28 de mayo acudimos, a trav\u00e9s de la representaci\u00f3n de Enrique L\u00f3pez, miembro de la Junta Directiva de FEDER a la proyecci\u00f3n del documental de &#8216;El Gen de Hugo&#8217;, un proyecto impulsado por la Asociaci\u00f3n Phelan-Mcdermid. El s\u00edndrome de Phelan-McDermid es una [&hellip;]\" \/>\n<meta property=\"og:url\" content=\"https:\/\/sindromecharge.es\/index.php\/2021\/05\/28\/acudimos-a-la-proyeccion-del-documental-el-gen-de-hugo\/\" \/>\n<meta property=\"og:site_name\" content=\"Asociaci\u00f3n Espa\u00f1ola S\u00edndrome de Charge\" \/>\n<meta property=\"article:publisher\" content=\"https:\/\/www.facebook.com\/asociacionsindromecharge\" \/>\n<meta property=\"article:published_time\" content=\"2021-05-28T04:18:36+00:00\" \/>\n<meta property=\"og:image\" content=\"https:\/\/sindromecharge.es\/wp-content\/uploads\/2013\/09\/logodecharge300x98.png\" \/>\n\t<meta property=\"og:image:width\" content=\"300\" \/>\n\t<meta property=\"og:image:height\" content=\"98\" \/>\n\t<meta property=\"og:image:type\" content=\"image\/png\" \/>\n<meta name=\"author\" content=\"Charge\" \/>\n<meta name=\"twitter:card\" content=\"summary_large_image\" \/>\n<meta name=\"twitter:creator\" content=\"@sindromecharge\" \/>\n<meta name=\"twitter:site\" content=\"@sindromecharge\" \/>\n<meta name=\"twitter:label1\" content=\"Escrito por\" \/>\n\t<meta name=\"twitter:data1\" content=\"Charge\" \/>\n\t<meta name=\"twitter:label2\" content=\"Tiempo de lectura\" \/>\n\t<meta name=\"twitter:data2\" content=\"1 minuto\" \/>\n<script type=\"application\/ld+json\" class=\"yoast-schema-graph\">{\"@context\":\"https:\\\/\\\/schema.org\",\"@graph\":[{\"@type\":\"Article\",\"@id\":\"https:\\\/\\\/sindromecharge.es\\\/index.php\\\/2021\\\/05\\\/28\\\/acudimos-a-la-proyeccion-del-documental-el-gen-de-hugo\\\/#article\",\"isPartOf\":{\"@id\":\"https:\\\/\\\/sindromecharge.es\\\/index.php\\\/2021\\\/05\\\/28\\\/acudimos-a-la-proyeccion-del-documental-el-gen-de-hugo\\\/\"},\"author\":{\"name\":\"Charge\",\"@id\":\"https:\\\/\\\/sindromecharge.es\\\/#\\\/schema\\\/person\\\/39a60ebe0a2b4d5a11179701e336b039\"},\"headline\":\"Acudimos a la proyecci\u00f3n del documental &#039;El gen de Hugo&#039;\",\"datePublished\":\"2021-05-28T04:18:36+00:00\",\"mainEntityOfPage\":{\"@id\":\"https:\\\/\\\/sindromecharge.es\\\/index.php\\\/2021\\\/05\\\/28\\\/acudimos-a-la-proyeccion-del-documental-el-gen-de-hugo\\\/\"},\"wordCount\":280,\"commentCount\":0,\"keywords\":[\"enfermedades raras\"],\"articleSection\":[\"noticias\"],\"inLanguage\":\"es\",\"potentialAction\":[{\"@type\":\"CommentAction\",\"name\":\"Comment\",\"target\":[\"https:\\\/\\\/sindromecharge.es\\\/index.php\\\/2021\\\/05\\\/28\\\/acudimos-a-la-proyeccion-del-documental-el-gen-de-hugo\\\/#respond\"]}]},{\"@type\":\"WebPage\",\"@id\":\"https:\\\/\\\/sindromecharge.es\\\/index.php\\\/2021\\\/05\\\/28\\\/acudimos-a-la-proyeccion-del-documental-el-gen-de-hugo\\\/\",\"url\":\"https:\\\/\\\/sindromecharge.es\\\/index.php\\\/2021\\\/05\\\/28\\\/acudimos-a-la-proyeccion-del-documental-el-gen-de-hugo\\\/\",\"name\":\"Acudimos a la proyecci\u00f3n del documental &#039;El gen de Hugo&#039; - Asociaci\u00f3n Espa\u00f1ola S\u00edndrome de Charge\",\"isPartOf\":{\"@id\":\"https:\\\/\\\/sindromecharge.es\\\/#website\"},\"datePublished\":\"2021-05-28T04:18:36+00:00\",\"author\":{\"@id\":\"https:\\\/\\\/sindromecharge.es\\\/#\\\/schema\\\/person\\\/39a60ebe0a2b4d5a11179701e336b039\"},\"breadcrumb\":{\"@id\":\"https:\\\/\\\/sindromecharge.es\\\/index.php\\\/2021\\\/05\\\/28\\\/acudimos-a-la-proyeccion-del-documental-el-gen-de-hugo\\\/#breadcrumb\"},\"inLanguage\":\"es\",\"potentialAction\":[{\"@type\":\"ReadAction\",\"target\":[\"https:\\\/\\\/sindromecharge.es\\\/index.php\\\/2021\\\/05\\\/28\\\/acudimos-a-la-proyeccion-del-documental-el-gen-de-hugo\\\/\"]}]},{\"@type\":\"BreadcrumbList\",\"@id\":\"https:\\\/\\\/sindromecharge.es\\\/index.php\\\/2021\\\/05\\\/28\\\/acudimos-a-la-proyeccion-del-documental-el-gen-de-hugo\\\/#breadcrumb\",\"itemListElement\":[{\"@type\":\"ListItem\",\"position\":1,\"name\":\"Portada\",\"item\":\"https:\\\/\\\/sindromecharge.es\\\/\"},{\"@type\":\"ListItem\",\"position\":2,\"name\":\"Acudimos a la proyecci\u00f3n del documental &#039;El gen de Hugo&#039;\"}]},{\"@type\":\"WebSite\",\"@id\":\"https:\\\/\\\/sindromecharge.es\\\/#website\",\"url\":\"https:\\\/\\\/sindromecharge.es\\\/\",\"name\":\"Asociaci\u00f3n Espa\u00f1ola S\u00edndrome de Charge\",\"description\":\"\",\"potentialAction\":[{\"@type\":\"SearchAction\",\"target\":{\"@type\":\"EntryPoint\",\"urlTemplate\":\"https:\\\/\\\/sindromecharge.es\\\/?s={search_term_string}\"},\"query-input\":{\"@type\":\"PropertyValueSpecification\",\"valueRequired\":true,\"valueName\":\"search_term_string\"}}],\"inLanguage\":\"es\"},{\"@type\":\"Person\",\"@id\":\"https:\\\/\\\/sindromecharge.es\\\/#\\\/schema\\\/person\\\/39a60ebe0a2b4d5a11179701e336b039\",\"name\":\"Charge\",\"image\":{\"@type\":\"ImageObject\",\"inLanguage\":\"es\",\"@id\":\"https:\\\/\\\/secure.gravatar.com\\\/avatar\\\/c3b46e32a0fc3b093a0873fb767bf3293de856293065e84ef06b7ec7a8acfb98?s=96&d=identicon&r=x\",\"url\":\"https:\\\/\\\/secure.gravatar.com\\\/avatar\\\/c3b46e32a0fc3b093a0873fb767bf3293de856293065e84ef06b7ec7a8acfb98?s=96&d=identicon&r=x\",\"contentUrl\":\"https:\\\/\\\/secure.gravatar.com\\\/avatar\\\/c3b46e32a0fc3b093a0873fb767bf3293de856293065e84ef06b7ec7a8acfb98?s=96&d=identicon&r=x\",\"caption\":\"Charge\"},\"url\":\"https:\\\/\\\/sindromecharge.es\\\/index.php\\\/author\\\/admin\\\/\"}]}<\/script>\n<!-- \/ Yoast SEO plugin. -->","yoast_head_json":{"title":"Acudimos a la proyecci\u00f3n del documental &#039;El gen de Hugo&#039; - Asociaci\u00f3n Espa\u00f1ola S\u00edndrome de Charge","robots":{"index":"index","follow":"follow","max-snippet":"max-snippet:-1","max-image-preview":"max-image-preview:large","max-video-preview":"max-video-preview:-1"},"canonical":"https:\/\/sindromecharge.es\/index.php\/2021\/05\/28\/acudimos-a-la-proyeccion-del-documental-el-gen-de-hugo\/","og_locale":"es_ES","og_type":"article","og_title":"Acudimos a la proyecci\u00f3n del documental &#039;El gen de Hugo&#039; - Asociaci\u00f3n Espa\u00f1ola S\u00edndrome de Charge","og_description":"Leemos en FEDER la siguiente noticia que os reproducimos de forma \u00edntegra: El 28 de mayo acudimos, a trav\u00e9s de la representaci\u00f3n de Enrique L\u00f3pez, miembro de la Junta Directiva de FEDER a la proyecci\u00f3n del documental de &#8216;El Gen de Hugo&#8217;, un proyecto impulsado por la Asociaci\u00f3n Phelan-Mcdermid. El s\u00edndrome de Phelan-McDermid es una [&hellip;]","og_url":"https:\/\/sindromecharge.es\/index.php\/2021\/05\/28\/acudimos-a-la-proyeccion-del-documental-el-gen-de-hugo\/","og_site_name":"Asociaci\u00f3n Espa\u00f1ola S\u00edndrome de Charge","article_publisher":"https:\/\/www.facebook.com\/asociacionsindromecharge","article_published_time":"2021-05-28T04:18:36+00:00","og_image":[{"width":300,"height":98,"url":"https:\/\/sindromecharge.es\/wp-content\/uploads\/2013\/09\/logodecharge300x98.png","type":"image\/png"}],"author":"Charge","twitter_card":"summary_large_image","twitter_creator":"@sindromecharge","twitter_site":"@sindromecharge","twitter_misc":{"Escrito por":"Charge","Tiempo de lectura":"1 minuto"},"schema":{"@context":"https:\/\/schema.org","@graph":[{"@type":"Article","@id":"https:\/\/sindromecharge.es\/index.php\/2021\/05\/28\/acudimos-a-la-proyeccion-del-documental-el-gen-de-hugo\/#article","isPartOf":{"@id":"https:\/\/sindromecharge.es\/index.php\/2021\/05\/28\/acudimos-a-la-proyeccion-del-documental-el-gen-de-hugo\/"},"author":{"name":"Charge","@id":"https:\/\/sindromecharge.es\/#\/schema\/person\/39a60ebe0a2b4d5a11179701e336b039"},"headline":"Acudimos a la proyecci\u00f3n del documental &#039;El gen de Hugo&#039;","datePublished":"2021-05-28T04:18:36+00:00","mainEntityOfPage":{"@id":"https:\/\/sindromecharge.es\/index.php\/2021\/05\/28\/acudimos-a-la-proyeccion-del-documental-el-gen-de-hugo\/"},"wordCount":280,"commentCount":0,"keywords":["enfermedades raras"],"articleSection":["noticias"],"inLanguage":"es","potentialAction":[{"@type":"CommentAction","name":"Comment","target":["https:\/\/sindromecharge.es\/index.php\/2021\/05\/28\/acudimos-a-la-proyeccion-del-documental-el-gen-de-hugo\/#respond"]}]},{"@type":"WebPage","@id":"https:\/\/sindromecharge.es\/index.php\/2021\/05\/28\/acudimos-a-la-proyeccion-del-documental-el-gen-de-hugo\/","url":"https:\/\/sindromecharge.es\/index.php\/2021\/05\/28\/acudimos-a-la-proyeccion-del-documental-el-gen-de-hugo\/","name":"Acudimos a la proyecci\u00f3n del documental &#039;El gen de Hugo&#039; - Asociaci\u00f3n Espa\u00f1ola S\u00edndrome de Charge","isPartOf":{"@id":"https:\/\/sindromecharge.es\/#website"},"datePublished":"2021-05-28T04:18:36+00:00","author":{"@id":"https:\/\/sindromecharge.es\/#\/schema\/person\/39a60ebe0a2b4d5a11179701e336b039"},"breadcrumb":{"@id":"https:\/\/sindromecharge.es\/index.php\/2021\/05\/28\/acudimos-a-la-proyeccion-del-documental-el-gen-de-hugo\/#breadcrumb"},"inLanguage":"es","potentialAction":[{"@type":"ReadAction","target":["https:\/\/sindromecharge.es\/index.php\/2021\/05\/28\/acudimos-a-la-proyeccion-del-documental-el-gen-de-hugo\/"]}]},{"@type":"BreadcrumbList","@id":"https:\/\/sindromecharge.es\/index.php\/2021\/05\/28\/acudimos-a-la-proyeccion-del-documental-el-gen-de-hugo\/#breadcrumb","itemListElement":[{"@type":"ListItem","position":1,"name":"Portada","item":"https:\/\/sindromecharge.es\/"},{"@type":"ListItem","position":2,"name":"Acudimos a la proyecci\u00f3n del documental &#039;El gen de Hugo&#039;"}]},{"@type":"WebSite","@id":"https:\/\/sindromecharge.es\/#website","url":"https:\/\/sindromecharge.es\/","name":"Asociaci\u00f3n Espa\u00f1ola S\u00edndrome de Charge","description":"","potentialAction":[{"@type":"SearchAction","target":{"@type":"EntryPoint","urlTemplate":"https:\/\/sindromecharge.es\/?s={search_term_string}"},"query-input":{"@type":"PropertyValueSpecification","valueRequired":true,"valueName":"search_term_string"}}],"inLanguage":"es"},{"@type":"Person","@id":"https:\/\/sindromecharge.es\/#\/schema\/person\/39a60ebe0a2b4d5a11179701e336b039","name":"Charge","image":{"@type":"ImageObject","inLanguage":"es","@id":"https:\/\/secure.gravatar.com\/avatar\/c3b46e32a0fc3b093a0873fb767bf3293de856293065e84ef06b7ec7a8acfb98?s=96&d=identicon&r=x","url":"https:\/\/secure.gravatar.com\/avatar\/c3b46e32a0fc3b093a0873fb767bf3293de856293065e84ef06b7ec7a8acfb98?s=96&d=identicon&r=x","contentUrl":"https:\/\/secure.gravatar.com\/avatar\/c3b46e32a0fc3b093a0873fb767bf3293de856293065e84ef06b7ec7a8acfb98?s=96&d=identicon&r=x","caption":"Charge"},"url":"https:\/\/sindromecharge.es\/index.php\/author\/admin\/"}]}},"_links":{"self":[{"href":"https:\/\/sindromecharge.es\/index.php\/wp-json\/wp\/v2\/posts\/7220","targetHints":{"allow":["GET"]}}],"collection":[{"href":"https:\/\/sindromecharge.es\/index.php\/wp-json\/wp\/v2\/posts"}],"about":[{"href":"https:\/\/sindromecharge.es\/index.php\/wp-json\/wp\/v2\/types\/post"}],"author":[{"embeddable":true,"href":"https:\/\/sindromecharge.es\/index.php\/wp-json\/wp\/v2\/users\/1"}],"replies":[{"embeddable":true,"href":"https:\/\/sindromecharge.es\/index.php\/wp-json\/wp\/v2\/comments?post=7220"}],"version-history":[{"count":0,"href":"https:\/\/sindromecharge.es\/index.php\/wp-json\/wp\/v2\/posts\/7220\/revisions"}],"wp:attachment":[{"href":"https:\/\/sindromecharge.es\/index.php\/wp-json\/wp\/v2\/media?parent=7220"}],"wp:term":[{"taxonomy":"category","embeddable":true,"href":"https:\/\/sindromecharge.es\/index.php\/wp-json\/wp\/v2\/categories?post=7220"},{"taxonomy":"post_tag","embeddable":true,"href":"https:\/\/sindromecharge.es\/index.php\/wp-json\/wp\/v2\/tags?post=7220"}],"curies":[{"name":"wp","href":"https:\/\/api.w.org\/{rel}","templated":true}]}}