{"id":7218,"date":"2021-05-27T08:49:49","date_gmt":"2021-05-27T08:49:49","guid":{"rendered":"https:\/\/sindromecharge.es\/index.php\/2021\/05\/27\/arranca-la-consulta-publica-del-decreto-que-desarrolla-la-ley-de-personas-con-discapacidad-acompanadas-de-perros\/"},"modified":"2021-05-27T08:49:49","modified_gmt":"2021-05-27T08:49:49","slug":"arranca-la-consulta-publica-del-decreto-que-desarrolla-la-ley-de-personas-con-discapacidad-acompanadas-de-perros","status":"publish","type":"post","link":"https:\/\/sindromecharge.es\/index.php\/2021\/05\/27\/arranca-la-consulta-publica-del-decreto-que-desarrolla-la-ley-de-personas-con-discapacidad-acompanadas-de-perros\/","title":{"rendered":"Arranca la consulta p\u00fablica del decreto que desarrolla la ley de personas con discapacidad acompa\u00f1adas de perros"},"content":{"rendered":"<p>Leemos en 20minutos la siguiente noticia que os reproducimos de forma \u00edntegra: <\/p>\n<p>La aprobaci\u00f3n de este decreto es necesaria, ya que con el mismo se va a regular en Castilla-La Mancha el procedimiento para el reconocimiento de la condici\u00f3n de perro de asistencia y de la unidad de vinculaci\u00f3n, formada entre la persona usuaria y su perro, que se acreditar\u00e1 por la Consejer\u00eda de Bienestar Social.<\/p>\n<p>En nota de prensa, el Gobierno regional ha indicado que con este proyecto de decreto se pretende aprobar el desarrollo reglamentario del procedimiento de reconocimiento, suspensi\u00f3n y p\u00e9rdida de la condici\u00f3n de perro de asistencia, el dise\u00f1o del carn\u00e9 de identificaci\u00f3n de la unidad de vinculaci\u00f3n y del distintivo de identificaci\u00f3n oficial del perro de asistencia, el registro de Unidades de Vinculaci\u00f3n, la cuant\u00eda m\u00ednima de la p\u00f3liza de responsabilidad civil que cubra los eventuales da\u00f1os a terceros ocasionados por el perro de asistencia, as\u00ed como las condiciones que deben cumplir las entidades de adiestramiento para su reconocimiento oficial.<\/p>\n<p>El objeto de esta futura norma es el desarrollo de la Ley 5\/2018, de 21 de diciembre, garantizando plenamente el derecho de acceso al entorno no solo de las personas con discapacidad acompa\u00f1adas de un perro de asistencia, sino tambi\u00e9n de aquellas otras que sin tener reconocida oficialmente discapacidad padecen crisis recurrentes con desconexi\u00f3n sensorial derivadas de una enfermedad como la diabetes o la epilepsia y van acompa\u00f1adas de perros de asistencia.<\/p>\n<p>Tambi\u00e9n se garantiza el derecho de acceso al transporte p\u00fablico de aquellas personas con discapacidad que han sido usuarias de un perro de asistencia y que, una vez han perdido la condici\u00f3n de perro de asistencia, deciden quedarse con el animal hasta el final de su vida y, por lo tanto, tienen que seguir prest\u00e1ndole cuidados higi\u00e9nico-sanitarios que el perro necesita.<\/p>\n<p>Fuente: 20minutos <a href=\"https:\/\/www.20minutos.es\/noticia\/4710252\/0\/arranca-la-consulta-publica-del-decreto-que-desarrolla-la-ley-de-personas-con-discapacidad-acompanadas-de-perros\/\" target=\"_blank\" rel=\"noopener\">Arranca la consulta p\u00fablica del decreto que desarrolla la ley de personas con discapacidad acompa\u00f1adas de perros<\/a><\/p>\n","protected":false},"excerpt":{"rendered":"<p>Leemos en 20minutos la siguiente noticia que os reproducimos de forma \u00edntegra: La aprobaci\u00f3n de este decreto es necesaria, ya que con el mismo se va a regular en Castilla-La Mancha el procedimiento para el reconocimiento de la condici\u00f3n de perro de asistencia y de la unidad de vinculaci\u00f3n, formada entre la persona usuaria y [&hellip;]<\/p>\n","protected":false},"author":1,"featured_media":0,"comment_status":"open","ping_status":"closed","sticky":false,"template":"","format":"standard","meta":{"footnotes":""},"categories":[8],"tags":[31],"class_list":["post-7218","post","type-post","status-publish","format-standard","hentry","category-noticias","tag-discapacidad"],"yoast_head":"<!-- This site is optimized with the Yoast SEO plugin v27.4 - https:\/\/yoast.com\/product\/yoast-seo-wordpress\/ -->\n<title>Arranca la consulta p\u00fablica del decreto que desarrolla la ley de personas con discapacidad acompa\u00f1adas de perros - Asociaci\u00f3n Espa\u00f1ola S\u00edndrome de Charge<\/title>\n<meta name=\"robots\" content=\"index, follow, max-snippet:-1, max-image-preview:large, max-video-preview:-1\" \/>\n<link rel=\"canonical\" href=\"https:\/\/sindromecharge.es\/index.php\/2021\/05\/27\/arranca-la-consulta-publica-del-decreto-que-desarrolla-la-ley-de-personas-con-discapacidad-acompanadas-de-perros\/\" \/>\n<meta property=\"og:locale\" content=\"es_ES\" \/>\n<meta property=\"og:type\" content=\"article\" \/>\n<meta property=\"og:title\" content=\"Arranca la consulta p\u00fablica del decreto que desarrolla la ley de personas con discapacidad acompa\u00f1adas de perros - Asociaci\u00f3n Espa\u00f1ola S\u00edndrome de Charge\" \/>\n<meta property=\"og:description\" content=\"Leemos en 20minutos la siguiente noticia que os reproducimos de forma \u00edntegra: La aprobaci\u00f3n de este decreto es necesaria, ya que con el mismo se va a regular en Castilla-La Mancha el procedimiento para el reconocimiento de la condici\u00f3n de perro de asistencia y de la unidad de vinculaci\u00f3n, formada entre la persona usuaria y [&hellip;]\" \/>\n<meta property=\"og:url\" content=\"https:\/\/sindromecharge.es\/index.php\/2021\/05\/27\/arranca-la-consulta-publica-del-decreto-que-desarrolla-la-ley-de-personas-con-discapacidad-acompanadas-de-perros\/\" \/>\n<meta property=\"og:site_name\" content=\"Asociaci\u00f3n Espa\u00f1ola S\u00edndrome de Charge\" \/>\n<meta property=\"article:publisher\" content=\"https:\/\/www.facebook.com\/asociacionsindromecharge\" \/>\n<meta property=\"article:published_time\" content=\"2021-05-27T08:49:49+00:00\" \/>\n<meta property=\"og:image\" content=\"https:\/\/sindromecharge.es\/wp-content\/uploads\/2013\/09\/logodecharge300x98.png\" \/>\n\t<meta property=\"og:image:width\" content=\"300\" \/>\n\t<meta property=\"og:image:height\" content=\"98\" \/>\n\t<meta property=\"og:image:type\" content=\"image\/png\" \/>\n<meta name=\"author\" content=\"Charge\" \/>\n<meta name=\"twitter:card\" content=\"summary_large_image\" \/>\n<meta name=\"twitter:creator\" content=\"@sindromecharge\" \/>\n<meta name=\"twitter:site\" content=\"@sindromecharge\" \/>\n<meta name=\"twitter:label1\" content=\"Escrito por\" \/>\n\t<meta name=\"twitter:data1\" content=\"Charge\" \/>\n\t<meta name=\"twitter:label2\" content=\"Tiempo de lectura\" \/>\n\t<meta name=\"twitter:data2\" content=\"2 minutos\" \/>\n<script type=\"application\/ld+json\" class=\"yoast-schema-graph\">{\"@context\":\"https:\\\/\\\/schema.org\",\"@graph\":[{\"@type\":\"Article\",\"@id\":\"https:\\\/\\\/sindromecharge.es\\\/index.php\\\/2021\\\/05\\\/27\\\/arranca-la-consulta-publica-del-decreto-que-desarrolla-la-ley-de-personas-con-discapacidad-acompanadas-de-perros\\\/#article\",\"isPartOf\":{\"@id\":\"https:\\\/\\\/sindromecharge.es\\\/index.php\\\/2021\\\/05\\\/27\\\/arranca-la-consulta-publica-del-decreto-que-desarrolla-la-ley-de-personas-con-discapacidad-acompanadas-de-perros\\\/\"},\"author\":{\"name\":\"Charge\",\"@id\":\"https:\\\/\\\/sindromecharge.es\\\/#\\\/schema\\\/person\\\/39a60ebe0a2b4d5a11179701e336b039\"},\"headline\":\"Arranca la consulta p\u00fablica del decreto que desarrolla la ley de personas con discapacidad acompa\u00f1adas de perros\",\"datePublished\":\"2021-05-27T08:49:49+00:00\",\"mainEntityOfPage\":{\"@id\":\"https:\\\/\\\/sindromecharge.es\\\/index.php\\\/2021\\\/05\\\/27\\\/arranca-la-consulta-publica-del-decreto-que-desarrolla-la-ley-de-personas-con-discapacidad-acompanadas-de-perros\\\/\"},\"wordCount\":361,\"commentCount\":0,\"keywords\":[\"discapacidad\"],\"articleSection\":[\"noticias\"],\"inLanguage\":\"es\",\"potentialAction\":[{\"@type\":\"CommentAction\",\"name\":\"Comment\",\"target\":[\"https:\\\/\\\/sindromecharge.es\\\/index.php\\\/2021\\\/05\\\/27\\\/arranca-la-consulta-publica-del-decreto-que-desarrolla-la-ley-de-personas-con-discapacidad-acompanadas-de-perros\\\/#respond\"]}]},{\"@type\":\"WebPage\",\"@id\":\"https:\\\/\\\/sindromecharge.es\\\/index.php\\\/2021\\\/05\\\/27\\\/arranca-la-consulta-publica-del-decreto-que-desarrolla-la-ley-de-personas-con-discapacidad-acompanadas-de-perros\\\/\",\"url\":\"https:\\\/\\\/sindromecharge.es\\\/index.php\\\/2021\\\/05\\\/27\\\/arranca-la-consulta-publica-del-decreto-que-desarrolla-la-ley-de-personas-con-discapacidad-acompanadas-de-perros\\\/\",\"name\":\"Arranca la consulta p\u00fablica del decreto que desarrolla la ley de personas con discapacidad acompa\u00f1adas de perros - Asociaci\u00f3n Espa\u00f1ola S\u00edndrome de Charge\",\"isPartOf\":{\"@id\":\"https:\\\/\\\/sindromecharge.es\\\/#website\"},\"datePublished\":\"2021-05-27T08:49:49+00:00\",\"author\":{\"@id\":\"https:\\\/\\\/sindromecharge.es\\\/#\\\/schema\\\/person\\\/39a60ebe0a2b4d5a11179701e336b039\"},\"breadcrumb\":{\"@id\":\"https:\\\/\\\/sindromecharge.es\\\/index.php\\\/2021\\\/05\\\/27\\\/arranca-la-consulta-publica-del-decreto-que-desarrolla-la-ley-de-personas-con-discapacidad-acompanadas-de-perros\\\/#breadcrumb\"},\"inLanguage\":\"es\",\"potentialAction\":[{\"@type\":\"ReadAction\",\"target\":[\"https:\\\/\\\/sindromecharge.es\\\/index.php\\\/2021\\\/05\\\/27\\\/arranca-la-consulta-publica-del-decreto-que-desarrolla-la-ley-de-personas-con-discapacidad-acompanadas-de-perros\\\/\"]}]},{\"@type\":\"BreadcrumbList\",\"@id\":\"https:\\\/\\\/sindromecharge.es\\\/index.php\\\/2021\\\/05\\\/27\\\/arranca-la-consulta-publica-del-decreto-que-desarrolla-la-ley-de-personas-con-discapacidad-acompanadas-de-perros\\\/#breadcrumb\",\"itemListElement\":[{\"@type\":\"ListItem\",\"position\":1,\"name\":\"Portada\",\"item\":\"https:\\\/\\\/sindromecharge.es\\\/\"},{\"@type\":\"ListItem\",\"position\":2,\"name\":\"Arranca la consulta p\u00fablica del decreto que desarrolla la ley de personas con discapacidad acompa\u00f1adas de perros\"}]},{\"@type\":\"WebSite\",\"@id\":\"https:\\\/\\\/sindromecharge.es\\\/#website\",\"url\":\"https:\\\/\\\/sindromecharge.es\\\/\",\"name\":\"Asociaci\u00f3n Espa\u00f1ola S\u00edndrome de Charge\",\"description\":\"\",\"potentialAction\":[{\"@type\":\"SearchAction\",\"target\":{\"@type\":\"EntryPoint\",\"urlTemplate\":\"https:\\\/\\\/sindromecharge.es\\\/?s={search_term_string}\"},\"query-input\":{\"@type\":\"PropertyValueSpecification\",\"valueRequired\":true,\"valueName\":\"search_term_string\"}}],\"inLanguage\":\"es\"},{\"@type\":\"Person\",\"@id\":\"https:\\\/\\\/sindromecharge.es\\\/#\\\/schema\\\/person\\\/39a60ebe0a2b4d5a11179701e336b039\",\"name\":\"Charge\",\"image\":{\"@type\":\"ImageObject\",\"inLanguage\":\"es\",\"@id\":\"https:\\\/\\\/secure.gravatar.com\\\/avatar\\\/c3b46e32a0fc3b093a0873fb767bf3293de856293065e84ef06b7ec7a8acfb98?s=96&d=identicon&r=x\",\"url\":\"https:\\\/\\\/secure.gravatar.com\\\/avatar\\\/c3b46e32a0fc3b093a0873fb767bf3293de856293065e84ef06b7ec7a8acfb98?s=96&d=identicon&r=x\",\"contentUrl\":\"https:\\\/\\\/secure.gravatar.com\\\/avatar\\\/c3b46e32a0fc3b093a0873fb767bf3293de856293065e84ef06b7ec7a8acfb98?s=96&d=identicon&r=x\",\"caption\":\"Charge\"},\"url\":\"https:\\\/\\\/sindromecharge.es\\\/index.php\\\/author\\\/admin\\\/\"}]}<\/script>\n<!-- \/ Yoast SEO plugin. -->","yoast_head_json":{"title":"Arranca la consulta p\u00fablica del decreto que desarrolla la ley de personas con discapacidad acompa\u00f1adas de perros - Asociaci\u00f3n Espa\u00f1ola S\u00edndrome de Charge","robots":{"index":"index","follow":"follow","max-snippet":"max-snippet:-1","max-image-preview":"max-image-preview:large","max-video-preview":"max-video-preview:-1"},"canonical":"https:\/\/sindromecharge.es\/index.php\/2021\/05\/27\/arranca-la-consulta-publica-del-decreto-que-desarrolla-la-ley-de-personas-con-discapacidad-acompanadas-de-perros\/","og_locale":"es_ES","og_type":"article","og_title":"Arranca la consulta p\u00fablica del decreto que desarrolla la ley de personas con discapacidad acompa\u00f1adas de perros - Asociaci\u00f3n Espa\u00f1ola S\u00edndrome de Charge","og_description":"Leemos en 20minutos la siguiente noticia que os reproducimos de forma \u00edntegra: La aprobaci\u00f3n de este decreto es necesaria, ya que con el mismo se va a regular en Castilla-La Mancha el procedimiento para el reconocimiento de la condici\u00f3n de perro de asistencia y de la unidad de vinculaci\u00f3n, formada entre la persona usuaria y [&hellip;]","og_url":"https:\/\/sindromecharge.es\/index.php\/2021\/05\/27\/arranca-la-consulta-publica-del-decreto-que-desarrolla-la-ley-de-personas-con-discapacidad-acompanadas-de-perros\/","og_site_name":"Asociaci\u00f3n Espa\u00f1ola S\u00edndrome de Charge","article_publisher":"https:\/\/www.facebook.com\/asociacionsindromecharge","article_published_time":"2021-05-27T08:49:49+00:00","og_image":[{"width":300,"height":98,"url":"https:\/\/sindromecharge.es\/wp-content\/uploads\/2013\/09\/logodecharge300x98.png","type":"image\/png"}],"author":"Charge","twitter_card":"summary_large_image","twitter_creator":"@sindromecharge","twitter_site":"@sindromecharge","twitter_misc":{"Escrito por":"Charge","Tiempo de lectura":"2 minutos"},"schema":{"@context":"https:\/\/schema.org","@graph":[{"@type":"Article","@id":"https:\/\/sindromecharge.es\/index.php\/2021\/05\/27\/arranca-la-consulta-publica-del-decreto-que-desarrolla-la-ley-de-personas-con-discapacidad-acompanadas-de-perros\/#article","isPartOf":{"@id":"https:\/\/sindromecharge.es\/index.php\/2021\/05\/27\/arranca-la-consulta-publica-del-decreto-que-desarrolla-la-ley-de-personas-con-discapacidad-acompanadas-de-perros\/"},"author":{"name":"Charge","@id":"https:\/\/sindromecharge.es\/#\/schema\/person\/39a60ebe0a2b4d5a11179701e336b039"},"headline":"Arranca la consulta p\u00fablica del decreto que desarrolla la ley de personas con discapacidad acompa\u00f1adas de perros","datePublished":"2021-05-27T08:49:49+00:00","mainEntityOfPage":{"@id":"https:\/\/sindromecharge.es\/index.php\/2021\/05\/27\/arranca-la-consulta-publica-del-decreto-que-desarrolla-la-ley-de-personas-con-discapacidad-acompanadas-de-perros\/"},"wordCount":361,"commentCount":0,"keywords":["discapacidad"],"articleSection":["noticias"],"inLanguage":"es","potentialAction":[{"@type":"CommentAction","name":"Comment","target":["https:\/\/sindromecharge.es\/index.php\/2021\/05\/27\/arranca-la-consulta-publica-del-decreto-que-desarrolla-la-ley-de-personas-con-discapacidad-acompanadas-de-perros\/#respond"]}]},{"@type":"WebPage","@id":"https:\/\/sindromecharge.es\/index.php\/2021\/05\/27\/arranca-la-consulta-publica-del-decreto-que-desarrolla-la-ley-de-personas-con-discapacidad-acompanadas-de-perros\/","url":"https:\/\/sindromecharge.es\/index.php\/2021\/05\/27\/arranca-la-consulta-publica-del-decreto-que-desarrolla-la-ley-de-personas-con-discapacidad-acompanadas-de-perros\/","name":"Arranca la consulta p\u00fablica del decreto que desarrolla la ley de personas con discapacidad acompa\u00f1adas de perros - Asociaci\u00f3n Espa\u00f1ola S\u00edndrome de Charge","isPartOf":{"@id":"https:\/\/sindromecharge.es\/#website"},"datePublished":"2021-05-27T08:49:49+00:00","author":{"@id":"https:\/\/sindromecharge.es\/#\/schema\/person\/39a60ebe0a2b4d5a11179701e336b039"},"breadcrumb":{"@id":"https:\/\/sindromecharge.es\/index.php\/2021\/05\/27\/arranca-la-consulta-publica-del-decreto-que-desarrolla-la-ley-de-personas-con-discapacidad-acompanadas-de-perros\/#breadcrumb"},"inLanguage":"es","potentialAction":[{"@type":"ReadAction","target":["https:\/\/sindromecharge.es\/index.php\/2021\/05\/27\/arranca-la-consulta-publica-del-decreto-que-desarrolla-la-ley-de-personas-con-discapacidad-acompanadas-de-perros\/"]}]},{"@type":"BreadcrumbList","@id":"https:\/\/sindromecharge.es\/index.php\/2021\/05\/27\/arranca-la-consulta-publica-del-decreto-que-desarrolla-la-ley-de-personas-con-discapacidad-acompanadas-de-perros\/#breadcrumb","itemListElement":[{"@type":"ListItem","position":1,"name":"Portada","item":"https:\/\/sindromecharge.es\/"},{"@type":"ListItem","position":2,"name":"Arranca la consulta p\u00fablica del decreto que desarrolla la ley de personas con discapacidad acompa\u00f1adas de perros"}]},{"@type":"WebSite","@id":"https:\/\/sindromecharge.es\/#website","url":"https:\/\/sindromecharge.es\/","name":"Asociaci\u00f3n Espa\u00f1ola S\u00edndrome de Charge","description":"","potentialAction":[{"@type":"SearchAction","target":{"@type":"EntryPoint","urlTemplate":"https:\/\/sindromecharge.es\/?s={search_term_string}"},"query-input":{"@type":"PropertyValueSpecification","valueRequired":true,"valueName":"search_term_string"}}],"inLanguage":"es"},{"@type":"Person","@id":"https:\/\/sindromecharge.es\/#\/schema\/person\/39a60ebe0a2b4d5a11179701e336b039","name":"Charge","image":{"@type":"ImageObject","inLanguage":"es","@id":"https:\/\/secure.gravatar.com\/avatar\/c3b46e32a0fc3b093a0873fb767bf3293de856293065e84ef06b7ec7a8acfb98?s=96&d=identicon&r=x","url":"https:\/\/secure.gravatar.com\/avatar\/c3b46e32a0fc3b093a0873fb767bf3293de856293065e84ef06b7ec7a8acfb98?s=96&d=identicon&r=x","contentUrl":"https:\/\/secure.gravatar.com\/avatar\/c3b46e32a0fc3b093a0873fb767bf3293de856293065e84ef06b7ec7a8acfb98?s=96&d=identicon&r=x","caption":"Charge"},"url":"https:\/\/sindromecharge.es\/index.php\/author\/admin\/"}]}},"_links":{"self":[{"href":"https:\/\/sindromecharge.es\/index.php\/wp-json\/wp\/v2\/posts\/7218","targetHints":{"allow":["GET"]}}],"collection":[{"href":"https:\/\/sindromecharge.es\/index.php\/wp-json\/wp\/v2\/posts"}],"about":[{"href":"https:\/\/sindromecharge.es\/index.php\/wp-json\/wp\/v2\/types\/post"}],"author":[{"embeddable":true,"href":"https:\/\/sindromecharge.es\/index.php\/wp-json\/wp\/v2\/users\/1"}],"replies":[{"embeddable":true,"href":"https:\/\/sindromecharge.es\/index.php\/wp-json\/wp\/v2\/comments?post=7218"}],"version-history":[{"count":0,"href":"https:\/\/sindromecharge.es\/index.php\/wp-json\/wp\/v2\/posts\/7218\/revisions"}],"wp:attachment":[{"href":"https:\/\/sindromecharge.es\/index.php\/wp-json\/wp\/v2\/media?parent=7218"}],"wp:term":[{"taxonomy":"category","embeddable":true,"href":"https:\/\/sindromecharge.es\/index.php\/wp-json\/wp\/v2\/categories?post=7218"},{"taxonomy":"post_tag","embeddable":true,"href":"https:\/\/sindromecharge.es\/index.php\/wp-json\/wp\/v2\/tags?post=7218"}],"curies":[{"name":"wp","href":"https:\/\/api.w.org\/{rel}","templated":true}]}}