{"id":7217,"date":"2021-05-27T06:52:31","date_gmt":"2021-05-27T06:52:31","guid":{"rendered":"https:\/\/sindromecharge.es\/index.php\/2021\/05\/27\/conoce-mas-sobre-los-sindromes-de-sensibilizacion-central-a-traves-de-este-curso\/"},"modified":"2021-05-27T06:52:31","modified_gmt":"2021-05-27T06:52:31","slug":"conoce-mas-sobre-los-sindromes-de-sensibilizacion-central-a-traves-de-este-curso","status":"publish","type":"post","link":"https:\/\/sindromecharge.es\/index.php\/2021\/05\/27\/conoce-mas-sobre-los-sindromes-de-sensibilizacion-central-a-traves-de-este-curso\/","title":{"rendered":"Conoce m\u00e1s sobre los S\u00edndromes de Sensibilizaci\u00f3n Central a trav\u00e9s de este curso"},"content":{"rendered":"<p>Leemos en FEDER la siguiente noticia que os reproducimos de forma \u00edntegra: <\/p>\n<p>&nbsp;<\/p>\n<p>La Universidad de Teruel organiza durante el mes de junio, los d\u00edas 18 y 25, una formaci\u00f3n online sobre el impacto de los s\u00edndromes de sensibilizaci\u00f3n central en el 2021 y su relaci\u00f3n con los cambios de medio ambiente y la inclusi\u00f3n del 5G en las redes de comunicaci\u00f3n.<\/p>\n<p>Profesionales sociosanitarios e investigadores ser\u00e1n los encargados de ofrecer esta formaci\u00f3n que tiene como objetivo ofrecer avances en el diagn\u00f3stico y tratamiento de los S\u00edndromes de Sensibilizaci\u00f3n Central, estudios de valoraci\u00f3n de la severidad de la fatiga, a trav\u00e9s de la intolerancia al ejercicio f\u00edsico, disfunci\u00f3n cognitiva y neurovegetativa, el impacto de la investigaci\u00f3n cl\u00ednica en el s\u00edndrome del intestino, el electromagnetismo y su impacto en estos s\u00edndromes, el modelo del s\u00edndrome de fatiga postCOVID-19, investigaci\u00f3n cl\u00ednica y b\u00e1sica, los avances en la investigaci\u00f3n b\u00e1sica en los SSC y la b\u00fasqueda de dianas terap\u00e9uticas.<\/p>\n<p>Los s\u00edndromes de sensibilizaci\u00f3n central constituyen un grupo de entidades complejas, en las que las alteraciones en la sensibilizaci\u00f3n central, ser\u00eda un mecanismo implicado en la patogenia de las mismas y por otro lado, que muchas de ellas, se entremezclan y est\u00e1n incluidas como fen\u00f3menos com\u00f3rbidos o asociados y condicionan una importante limitaci\u00f3n funcional tanto en las actividades de predominio f\u00edsico como intelectual.<\/p>\n<p>Son un grupo de enfermedades complejas que incluyen m\u00e1s de 57 entidades, dentro de las cuales, tienen un especial protagonismo, la fibromialgia, s\u00edndrome de fatiga cr\u00f3nica, s\u00edndrome del intestino irritable, la hipersensibilidad qu\u00edmica m\u00faltiple y el electromagnetismo, como m\u00e1s relevantes.<\/p>\n<p>Si quieres conocer m\u00e1s sobre esta formaci\u00f3n, puedes descargarte el folleto informativo en la parte superior de la noticia.<\/p>\n<p>\u00daltima actualizaci\u00f3n 27\/05\/2021<\/p>\n<p>&nbsp;<\/p>\n<p>Fuente: FEDER <a href=\"https:\/\/enfermedades-raras.org\/index.php\/actualidad\/noticias-eventos\/2-feder\/15423-conoce-m%C3%A1s-sobre-los-s%C3%ADndromes-de-sensibilizaci%C3%B3n-central-a-trav%C3%A9s-de-este-curso\" target=\"_blank\" rel=\"noopener\">Conoce m\u00e1s sobre los S\u00edndromes de Sensibilizaci\u00f3n Central a trav\u00e9s de este curso<\/a><\/p>\n","protected":false},"excerpt":{"rendered":"<p>Leemos en FEDER la siguiente noticia que os reproducimos de forma \u00edntegra: &nbsp; La Universidad de Teruel organiza durante el mes de junio, los d\u00edas 18 y 25, una formaci\u00f3n online sobre el impacto de los s\u00edndromes de sensibilizaci\u00f3n central en el 2021 y su relaci\u00f3n con los cambios de medio ambiente y la inclusi\u00f3n [&hellip;]<\/p>\n","protected":false},"author":1,"featured_media":0,"comment_status":"open","ping_status":"closed","sticky":false,"template":"","format":"standard","meta":{"footnotes":""},"categories":[8],"tags":[36],"class_list":["post-7217","post","type-post","status-publish","format-standard","hentry","category-noticias","tag-enfermedades-raras"],"yoast_head":"<!-- This site is optimized with the Yoast SEO plugin v27.4 - https:\/\/yoast.com\/product\/yoast-seo-wordpress\/ -->\n<title>Conoce m\u00e1s sobre los S\u00edndromes de Sensibilizaci\u00f3n Central a trav\u00e9s de este curso - Asociaci\u00f3n Espa\u00f1ola S\u00edndrome de Charge<\/title>\n<meta name=\"robots\" content=\"index, follow, max-snippet:-1, max-image-preview:large, max-video-preview:-1\" \/>\n<link rel=\"canonical\" href=\"https:\/\/sindromecharge.es\/index.php\/2021\/05\/27\/conoce-mas-sobre-los-sindromes-de-sensibilizacion-central-a-traves-de-este-curso\/\" \/>\n<meta property=\"og:locale\" content=\"es_ES\" \/>\n<meta property=\"og:type\" content=\"article\" \/>\n<meta property=\"og:title\" content=\"Conoce m\u00e1s sobre los S\u00edndromes de Sensibilizaci\u00f3n Central a trav\u00e9s de este curso - Asociaci\u00f3n Espa\u00f1ola S\u00edndrome de Charge\" \/>\n<meta property=\"og:description\" content=\"Leemos en FEDER la siguiente noticia que os reproducimos de forma \u00edntegra: &nbsp; La Universidad de Teruel organiza durante el mes de junio, los d\u00edas 18 y 25, una formaci\u00f3n online sobre el impacto de los s\u00edndromes de sensibilizaci\u00f3n central en el 2021 y su relaci\u00f3n con los cambios de medio ambiente y la inclusi\u00f3n [&hellip;]\" \/>\n<meta property=\"og:url\" content=\"https:\/\/sindromecharge.es\/index.php\/2021\/05\/27\/conoce-mas-sobre-los-sindromes-de-sensibilizacion-central-a-traves-de-este-curso\/\" \/>\n<meta property=\"og:site_name\" content=\"Asociaci\u00f3n Espa\u00f1ola S\u00edndrome de Charge\" \/>\n<meta property=\"article:publisher\" content=\"https:\/\/www.facebook.com\/asociacionsindromecharge\" \/>\n<meta property=\"article:published_time\" content=\"2021-05-27T06:52:31+00:00\" \/>\n<meta property=\"og:image\" content=\"https:\/\/sindromecharge.es\/wp-content\/uploads\/2013\/09\/logodecharge300x98.png\" \/>\n\t<meta property=\"og:image:width\" content=\"300\" \/>\n\t<meta property=\"og:image:height\" content=\"98\" \/>\n\t<meta property=\"og:image:type\" content=\"image\/png\" \/>\n<meta name=\"author\" content=\"Charge\" \/>\n<meta name=\"twitter:card\" content=\"summary_large_image\" \/>\n<meta name=\"twitter:creator\" content=\"@sindromecharge\" \/>\n<meta name=\"twitter:site\" content=\"@sindromecharge\" \/>\n<meta name=\"twitter:label1\" content=\"Escrito por\" \/>\n\t<meta name=\"twitter:data1\" content=\"Charge\" \/>\n\t<meta name=\"twitter:label2\" content=\"Tiempo de lectura\" \/>\n\t<meta name=\"twitter:data2\" content=\"2 minutos\" \/>\n<script type=\"application\/ld+json\" class=\"yoast-schema-graph\">{\"@context\":\"https:\\\/\\\/schema.org\",\"@graph\":[{\"@type\":\"Article\",\"@id\":\"https:\\\/\\\/sindromecharge.es\\\/index.php\\\/2021\\\/05\\\/27\\\/conoce-mas-sobre-los-sindromes-de-sensibilizacion-central-a-traves-de-este-curso\\\/#article\",\"isPartOf\":{\"@id\":\"https:\\\/\\\/sindromecharge.es\\\/index.php\\\/2021\\\/05\\\/27\\\/conoce-mas-sobre-los-sindromes-de-sensibilizacion-central-a-traves-de-este-curso\\\/\"},\"author\":{\"name\":\"Charge\",\"@id\":\"https:\\\/\\\/sindromecharge.es\\\/#\\\/schema\\\/person\\\/39a60ebe0a2b4d5a11179701e336b039\"},\"headline\":\"Conoce m\u00e1s sobre los S\u00edndromes de Sensibilizaci\u00f3n Central a trav\u00e9s de este curso\",\"datePublished\":\"2021-05-27T06:52:31+00:00\",\"mainEntityOfPage\":{\"@id\":\"https:\\\/\\\/sindromecharge.es\\\/index.php\\\/2021\\\/05\\\/27\\\/conoce-mas-sobre-los-sindromes-de-sensibilizacion-central-a-traves-de-este-curso\\\/\"},\"wordCount\":360,\"commentCount\":0,\"keywords\":[\"enfermedades raras\"],\"articleSection\":[\"noticias\"],\"inLanguage\":\"es\",\"potentialAction\":[{\"@type\":\"CommentAction\",\"name\":\"Comment\",\"target\":[\"https:\\\/\\\/sindromecharge.es\\\/index.php\\\/2021\\\/05\\\/27\\\/conoce-mas-sobre-los-sindromes-de-sensibilizacion-central-a-traves-de-este-curso\\\/#respond\"]}]},{\"@type\":\"WebPage\",\"@id\":\"https:\\\/\\\/sindromecharge.es\\\/index.php\\\/2021\\\/05\\\/27\\\/conoce-mas-sobre-los-sindromes-de-sensibilizacion-central-a-traves-de-este-curso\\\/\",\"url\":\"https:\\\/\\\/sindromecharge.es\\\/index.php\\\/2021\\\/05\\\/27\\\/conoce-mas-sobre-los-sindromes-de-sensibilizacion-central-a-traves-de-este-curso\\\/\",\"name\":\"Conoce m\u00e1s sobre los S\u00edndromes de Sensibilizaci\u00f3n Central a trav\u00e9s de este curso - Asociaci\u00f3n Espa\u00f1ola S\u00edndrome de Charge\",\"isPartOf\":{\"@id\":\"https:\\\/\\\/sindromecharge.es\\\/#website\"},\"datePublished\":\"2021-05-27T06:52:31+00:00\",\"author\":{\"@id\":\"https:\\\/\\\/sindromecharge.es\\\/#\\\/schema\\\/person\\\/39a60ebe0a2b4d5a11179701e336b039\"},\"breadcrumb\":{\"@id\":\"https:\\\/\\\/sindromecharge.es\\\/index.php\\\/2021\\\/05\\\/27\\\/conoce-mas-sobre-los-sindromes-de-sensibilizacion-central-a-traves-de-este-curso\\\/#breadcrumb\"},\"inLanguage\":\"es\",\"potentialAction\":[{\"@type\":\"ReadAction\",\"target\":[\"https:\\\/\\\/sindromecharge.es\\\/index.php\\\/2021\\\/05\\\/27\\\/conoce-mas-sobre-los-sindromes-de-sensibilizacion-central-a-traves-de-este-curso\\\/\"]}]},{\"@type\":\"BreadcrumbList\",\"@id\":\"https:\\\/\\\/sindromecharge.es\\\/index.php\\\/2021\\\/05\\\/27\\\/conoce-mas-sobre-los-sindromes-de-sensibilizacion-central-a-traves-de-este-curso\\\/#breadcrumb\",\"itemListElement\":[{\"@type\":\"ListItem\",\"position\":1,\"name\":\"Portada\",\"item\":\"https:\\\/\\\/sindromecharge.es\\\/\"},{\"@type\":\"ListItem\",\"position\":2,\"name\":\"Conoce m\u00e1s sobre los S\u00edndromes de Sensibilizaci\u00f3n Central a trav\u00e9s de este curso\"}]},{\"@type\":\"WebSite\",\"@id\":\"https:\\\/\\\/sindromecharge.es\\\/#website\",\"url\":\"https:\\\/\\\/sindromecharge.es\\\/\",\"name\":\"Asociaci\u00f3n Espa\u00f1ola S\u00edndrome de Charge\",\"description\":\"\",\"potentialAction\":[{\"@type\":\"SearchAction\",\"target\":{\"@type\":\"EntryPoint\",\"urlTemplate\":\"https:\\\/\\\/sindromecharge.es\\\/?s={search_term_string}\"},\"query-input\":{\"@type\":\"PropertyValueSpecification\",\"valueRequired\":true,\"valueName\":\"search_term_string\"}}],\"inLanguage\":\"es\"},{\"@type\":\"Person\",\"@id\":\"https:\\\/\\\/sindromecharge.es\\\/#\\\/schema\\\/person\\\/39a60ebe0a2b4d5a11179701e336b039\",\"name\":\"Charge\",\"image\":{\"@type\":\"ImageObject\",\"inLanguage\":\"es\",\"@id\":\"https:\\\/\\\/secure.gravatar.com\\\/avatar\\\/c3b46e32a0fc3b093a0873fb767bf3293de856293065e84ef06b7ec7a8acfb98?s=96&d=identicon&r=x\",\"url\":\"https:\\\/\\\/secure.gravatar.com\\\/avatar\\\/c3b46e32a0fc3b093a0873fb767bf3293de856293065e84ef06b7ec7a8acfb98?s=96&d=identicon&r=x\",\"contentUrl\":\"https:\\\/\\\/secure.gravatar.com\\\/avatar\\\/c3b46e32a0fc3b093a0873fb767bf3293de856293065e84ef06b7ec7a8acfb98?s=96&d=identicon&r=x\",\"caption\":\"Charge\"},\"url\":\"https:\\\/\\\/sindromecharge.es\\\/index.php\\\/author\\\/admin\\\/\"}]}<\/script>\n<!-- \/ Yoast SEO plugin. -->","yoast_head_json":{"title":"Conoce m\u00e1s sobre los S\u00edndromes de Sensibilizaci\u00f3n Central a trav\u00e9s de este curso - Asociaci\u00f3n Espa\u00f1ola S\u00edndrome de Charge","robots":{"index":"index","follow":"follow","max-snippet":"max-snippet:-1","max-image-preview":"max-image-preview:large","max-video-preview":"max-video-preview:-1"},"canonical":"https:\/\/sindromecharge.es\/index.php\/2021\/05\/27\/conoce-mas-sobre-los-sindromes-de-sensibilizacion-central-a-traves-de-este-curso\/","og_locale":"es_ES","og_type":"article","og_title":"Conoce m\u00e1s sobre los S\u00edndromes de Sensibilizaci\u00f3n Central a trav\u00e9s de este curso - Asociaci\u00f3n Espa\u00f1ola S\u00edndrome de Charge","og_description":"Leemos en FEDER la siguiente noticia que os reproducimos de forma \u00edntegra: &nbsp; La Universidad de Teruel organiza durante el mes de junio, los d\u00edas 18 y 25, una formaci\u00f3n online sobre el impacto de los s\u00edndromes de sensibilizaci\u00f3n central en el 2021 y su relaci\u00f3n con los cambios de medio ambiente y la inclusi\u00f3n [&hellip;]","og_url":"https:\/\/sindromecharge.es\/index.php\/2021\/05\/27\/conoce-mas-sobre-los-sindromes-de-sensibilizacion-central-a-traves-de-este-curso\/","og_site_name":"Asociaci\u00f3n Espa\u00f1ola S\u00edndrome de Charge","article_publisher":"https:\/\/www.facebook.com\/asociacionsindromecharge","article_published_time":"2021-05-27T06:52:31+00:00","og_image":[{"width":300,"height":98,"url":"https:\/\/sindromecharge.es\/wp-content\/uploads\/2013\/09\/logodecharge300x98.png","type":"image\/png"}],"author":"Charge","twitter_card":"summary_large_image","twitter_creator":"@sindromecharge","twitter_site":"@sindromecharge","twitter_misc":{"Escrito por":"Charge","Tiempo de lectura":"2 minutos"},"schema":{"@context":"https:\/\/schema.org","@graph":[{"@type":"Article","@id":"https:\/\/sindromecharge.es\/index.php\/2021\/05\/27\/conoce-mas-sobre-los-sindromes-de-sensibilizacion-central-a-traves-de-este-curso\/#article","isPartOf":{"@id":"https:\/\/sindromecharge.es\/index.php\/2021\/05\/27\/conoce-mas-sobre-los-sindromes-de-sensibilizacion-central-a-traves-de-este-curso\/"},"author":{"name":"Charge","@id":"https:\/\/sindromecharge.es\/#\/schema\/person\/39a60ebe0a2b4d5a11179701e336b039"},"headline":"Conoce m\u00e1s sobre los S\u00edndromes de Sensibilizaci\u00f3n Central a trav\u00e9s de este curso","datePublished":"2021-05-27T06:52:31+00:00","mainEntityOfPage":{"@id":"https:\/\/sindromecharge.es\/index.php\/2021\/05\/27\/conoce-mas-sobre-los-sindromes-de-sensibilizacion-central-a-traves-de-este-curso\/"},"wordCount":360,"commentCount":0,"keywords":["enfermedades raras"],"articleSection":["noticias"],"inLanguage":"es","potentialAction":[{"@type":"CommentAction","name":"Comment","target":["https:\/\/sindromecharge.es\/index.php\/2021\/05\/27\/conoce-mas-sobre-los-sindromes-de-sensibilizacion-central-a-traves-de-este-curso\/#respond"]}]},{"@type":"WebPage","@id":"https:\/\/sindromecharge.es\/index.php\/2021\/05\/27\/conoce-mas-sobre-los-sindromes-de-sensibilizacion-central-a-traves-de-este-curso\/","url":"https:\/\/sindromecharge.es\/index.php\/2021\/05\/27\/conoce-mas-sobre-los-sindromes-de-sensibilizacion-central-a-traves-de-este-curso\/","name":"Conoce m\u00e1s sobre los S\u00edndromes de Sensibilizaci\u00f3n Central a trav\u00e9s de este curso - Asociaci\u00f3n Espa\u00f1ola S\u00edndrome de Charge","isPartOf":{"@id":"https:\/\/sindromecharge.es\/#website"},"datePublished":"2021-05-27T06:52:31+00:00","author":{"@id":"https:\/\/sindromecharge.es\/#\/schema\/person\/39a60ebe0a2b4d5a11179701e336b039"},"breadcrumb":{"@id":"https:\/\/sindromecharge.es\/index.php\/2021\/05\/27\/conoce-mas-sobre-los-sindromes-de-sensibilizacion-central-a-traves-de-este-curso\/#breadcrumb"},"inLanguage":"es","potentialAction":[{"@type":"ReadAction","target":["https:\/\/sindromecharge.es\/index.php\/2021\/05\/27\/conoce-mas-sobre-los-sindromes-de-sensibilizacion-central-a-traves-de-este-curso\/"]}]},{"@type":"BreadcrumbList","@id":"https:\/\/sindromecharge.es\/index.php\/2021\/05\/27\/conoce-mas-sobre-los-sindromes-de-sensibilizacion-central-a-traves-de-este-curso\/#breadcrumb","itemListElement":[{"@type":"ListItem","position":1,"name":"Portada","item":"https:\/\/sindromecharge.es\/"},{"@type":"ListItem","position":2,"name":"Conoce m\u00e1s sobre los S\u00edndromes de Sensibilizaci\u00f3n Central a trav\u00e9s de este curso"}]},{"@type":"WebSite","@id":"https:\/\/sindromecharge.es\/#website","url":"https:\/\/sindromecharge.es\/","name":"Asociaci\u00f3n Espa\u00f1ola S\u00edndrome de Charge","description":"","potentialAction":[{"@type":"SearchAction","target":{"@type":"EntryPoint","urlTemplate":"https:\/\/sindromecharge.es\/?s={search_term_string}"},"query-input":{"@type":"PropertyValueSpecification","valueRequired":true,"valueName":"search_term_string"}}],"inLanguage":"es"},{"@type":"Person","@id":"https:\/\/sindromecharge.es\/#\/schema\/person\/39a60ebe0a2b4d5a11179701e336b039","name":"Charge","image":{"@type":"ImageObject","inLanguage":"es","@id":"https:\/\/secure.gravatar.com\/avatar\/c3b46e32a0fc3b093a0873fb767bf3293de856293065e84ef06b7ec7a8acfb98?s=96&d=identicon&r=x","url":"https:\/\/secure.gravatar.com\/avatar\/c3b46e32a0fc3b093a0873fb767bf3293de856293065e84ef06b7ec7a8acfb98?s=96&d=identicon&r=x","contentUrl":"https:\/\/secure.gravatar.com\/avatar\/c3b46e32a0fc3b093a0873fb767bf3293de856293065e84ef06b7ec7a8acfb98?s=96&d=identicon&r=x","caption":"Charge"},"url":"https:\/\/sindromecharge.es\/index.php\/author\/admin\/"}]}},"_links":{"self":[{"href":"https:\/\/sindromecharge.es\/index.php\/wp-json\/wp\/v2\/posts\/7217","targetHints":{"allow":["GET"]}}],"collection":[{"href":"https:\/\/sindromecharge.es\/index.php\/wp-json\/wp\/v2\/posts"}],"about":[{"href":"https:\/\/sindromecharge.es\/index.php\/wp-json\/wp\/v2\/types\/post"}],"author":[{"embeddable":true,"href":"https:\/\/sindromecharge.es\/index.php\/wp-json\/wp\/v2\/users\/1"}],"replies":[{"embeddable":true,"href":"https:\/\/sindromecharge.es\/index.php\/wp-json\/wp\/v2\/comments?post=7217"}],"version-history":[{"count":0,"href":"https:\/\/sindromecharge.es\/index.php\/wp-json\/wp\/v2\/posts\/7217\/revisions"}],"wp:attachment":[{"href":"https:\/\/sindromecharge.es\/index.php\/wp-json\/wp\/v2\/media?parent=7217"}],"wp:term":[{"taxonomy":"category","embeddable":true,"href":"https:\/\/sindromecharge.es\/index.php\/wp-json\/wp\/v2\/categories?post=7217"},{"taxonomy":"post_tag","embeddable":true,"href":"https:\/\/sindromecharge.es\/index.php\/wp-json\/wp\/v2\/tags?post=7217"}],"curies":[{"name":"wp","href":"https:\/\/api.w.org\/{rel}","templated":true}]}}